{"id":8,"date":"2009-07-01T08:06:22","date_gmt":"2009-07-01T08:06:22","guid":{"rendered":"https:\/\/archiviocassano.lavocedelpaese.info\/index.php\/2009\/07\/01\/sei-cassanesi-ricordati-dal-rotary-di-gioia\/"},"modified":"2009-07-01T08:06:22","modified_gmt":"2009-07-01T08:06:22","slug":"sei-cassanesi-ricordati-dal-rotary-di-gioia","status":"publish","type":"post","link":"https:\/\/archiviocassano.lavocedelpaese.info\/index.php\/2009\/07\/01\/sei-cassanesi-ricordati-dal-rotary-di-gioia\/","title":{"rendered":"SEI CASSANESI RICORDATI DAL ROTARY DI GIOIA"},"content":{"rendered":"<p><img loading=\"lazy\" decoding=\"async\" style=\"margin: 5px; float: left;\" alt=\"articolo9cassano\" src=\"images\/stories\/archiviofoto\/articolo9cassano.jpg\" width=\"320\" height=\"156\" \/> <\/p>\n<p><!--more--><\/p>\n<p>Sei personaggi cassanesi tra i pi\u00f9 noti ed illustri, le cui biografie si intrecciano con la storia e la cultura di questo paese. Vengono raccontate nell\u2019opera \u201cAlbo d\u2019Onore\u201d curata del Rotary International Club di Gioia-Acquaviva, presentata ieri sera a Gioia del Colle presso l\u2019Hotel Svevo alla presenza dello scrittore e giornalista Enzo Quarto.<\/p>\n<p>L\u2019iniziativa parte da un percorso cominciato nell\u2019anno sociale 2006-2007\u00a0 con l\u2019intento di \u201caprire la via\u201d ricordando alcuni dei tanti talenti che, nelle professioni pi\u00f9 prestigiose e nei mestieri pi\u00f9 umili, hanno lasciato traccia di s\u00e9 nella storia locale e non solo.<\/p>\n<p>Chi sono i \u201cmagnifici sei\u201d cassanesi?<\/p>\n<p>Innanzitutto Armando Perotti, poeta, scrittore, giornalista dell\u2019800 che pur avendo vissuto gran parte della sua vita a Bari, con Cassano \u2013 dove esiste ancora la sua casa natale \u2013 ha un fortissimo legame. La biografia di Perotti, fra l\u2019altro, \u00e8 stata curata da Dalila Belacicco, eclettica studiosa e giornalista gioiese che per questo \u201cAlbo d\u2019Onore\u201d si \u00e8 spesa moltissimo:\u00a0 dallo stilare alcune biografie inedite (Fratelli Capurso, Peppino Iacobellis), allo scrivere su Fortunato Matarrese e Armando Celiberti, infine Perotti e Curci. La Belacicco ha intervistato famiglie, amici e dipendenti nonch\u00e9 rivisto ed approntato per la tipografia scritti e foto, corretto le bozze, messo gi\u00f9 copertina ed invito.<\/p>\n<p>Altro fondamentale scrittore e autorevole fonte storica per quest\u2019opera \u2013 per la parte riguardante i cassanesi &#8211; \u00e8 stato il giornalista e storiografo cassanese Tonino Giorgio che ha curato le biografie di Nicola Alessandrelli (il pi\u00f9 importante storico locale, di cui Giorgio \u00e8 stato per decenni allievo, discepolo e prosecutore della sua opera); Angelo Colaninno; Lorenzo Pepe; Angelo Sante Centrullo e Don Battista Armenti.<br \/>\u201cIn una dimensione temporale sempre pi\u00f9 dilatata, in una foschia che si nutre di indifferenza, in un presente che incalza e rende tutto fugace &#8211; spiega Carlo Schiavone, Presidente del Rotary Club di Gioia presentando l\u2019opera &#8211; occorre soffermarsi un istante, fissare dei punti di riferimento, delle coordinate che consentano di ricostruire un percorso di memoria attraverso uomini che hanno lasciato un segno nelle nostre citt\u00e0, tracciato un solco culturale, professionale, politico, economico ed umano nell\u2019humus sociale del territorio, \u201caprendo la via\u201d con spirito rotariano al progresso. Solo alcuni tra i tanti che avrei voluto in questo Albo, un inizio cui spero sar\u00e0 dato seguito, per non smarrire quel patrimonio di ricordi e testimonianze di personaggi noti e meno noti, che indistintamente, con onori eclatanti, in contesti provinciali, regionali, nazionali o con umilt\u00e0 nell\u2019entourage di amici e conoscenti, hanno dato lustro alla collettivit\u00e0\u201d.<\/p>\n<p>Aspetto ribadito nella Introduzione dell\u2019opera dal Presidente della Commissione Cultura dell&#8217;Associazione, Giuseppe Romano: \u201cnell\u2019intento di diffondere tra la popolazione dei paesi del nostro club la conoscenza di alcuni personaggi e affinch\u00e9 rimanga la testimonianza scritta del loro operato e della loro arte \u2013 scrive Romano &#8211; si \u00e8 ritenuto preparare e far stampare questi scritti che rievocano la vita di alcuni protagonisti dei secoli passati. E cos\u00ec ricordiamo quei personaggi che, con la loro attivit\u00e0 professionale e\/o artigianale si sono impegnati con valore, con onest\u00e0 e con bont\u00e0 nella societ\u00e0 in cui sono vissuti, prodigandosi nobilmente per il proprio paese s\u00ec da poter essere considerate personalit\u00e0, sia pure in campo locale, degne di memoria e di essere di esempio ai giovani d\u2019oggi.\u201d<\/p>\n","protected":false},"excerpt":{"rendered":"","protected":false},"author":1,"featured_media":0,"comment_status":"open","ping_status":"closed","sticky":false,"template":"","format":"standard","meta":{"colormag_page_container_layout":"default_layout","colormag_page_sidebar_layout":"default_layout","footnotes":""},"categories":[7],"tags":[],"class_list":["post-8","post","type-post","status-publish","format-standard","hentry","category-attualita"],"yoast_head":"<!-- This site is optimized with the Yoast SEO plugin v27.5 - https:\/\/yoast.com\/product\/yoast-seo-wordpress\/ -->\n<title>SEI CASSANESI RICORDATI DAL ROTARY DI GIOIA - Archivio CassanoWeb<\/title>\n<meta name=\"robots\" content=\"index, follow, max-snippet:-1, max-image-preview:large, max-video-preview:-1\" \/>\n<link rel=\"canonical\" href=\"https:\/\/archiviocassano.lavocedelpaese.info\/index.php\/2009\/07\/01\/sei-cassanesi-ricordati-dal-rotary-di-gioia\/\" \/>\n<meta property=\"og:locale\" content=\"it_IT\" \/>\n<meta property=\"og:type\" content=\"article\" \/>\n<meta property=\"og:title\" content=\"SEI CASSANESI RICORDATI DAL ROTARY DI GIOIA - Archivio CassanoWeb\" \/>\n<meta property=\"og:url\" content=\"https:\/\/archiviocassano.lavocedelpaese.info\/index.php\/2009\/07\/01\/sei-cassanesi-ricordati-dal-rotary-di-gioia\/\" \/>\n<meta property=\"og:site_name\" content=\"Archivio CassanoWeb\" \/>\n<meta property=\"article:publisher\" content=\"https:\/\/www.facebook.com\/redazione.cassanoweb\" \/>\n<meta property=\"article:published_time\" content=\"2009-07-01T08:06:22+00:00\" \/>\n<meta name=\"author\" content=\"admin\" \/>\n<meta name=\"twitter:card\" content=\"summary_large_image\" \/>\n<meta name=\"twitter:label1\" content=\"Scritto da\" \/>\n\t<meta name=\"twitter:data1\" content=\"admin\" \/>\n\t<meta name=\"twitter:label2\" content=\"Tempo di lettura stimato\" \/>\n\t<meta name=\"twitter:data2\" content=\"3 minuti\" \/>\n<script type=\"application\/ld+json\" class=\"yoast-schema-graph\">{\"@context\":\"https:\\\/\\\/schema.org\",\"@graph\":[{\"@type\":\"Article\",\"@id\":\"https:\\\/\\\/archiviocassano.lavocedelpaese.info\\\/index.php\\\/2009\\\/07\\\/01\\\/sei-cassanesi-ricordati-dal-rotary-di-gioia\\\/#article\",\"isPartOf\":{\"@id\":\"https:\\\/\\\/archiviocassano.lavocedelpaese.info\\\/index.php\\\/2009\\\/07\\\/01\\\/sei-cassanesi-ricordati-dal-rotary-di-gioia\\\/\"},\"author\":{\"name\":\"admin\",\"@id\":\"https:\\\/\\\/archiviocassano.lavocedelpaese.info\\\/#\\\/schema\\\/person\\\/df195bc79a9b4c35127cf005f92e041b\"},\"headline\":\"SEI CASSANESI RICORDATI DAL ROTARY DI GIOIA\",\"datePublished\":\"2009-07-01T08:06:22+00:00\",\"mainEntityOfPage\":{\"@id\":\"https:\\\/\\\/archiviocassano.lavocedelpaese.info\\\/index.php\\\/2009\\\/07\\\/01\\\/sei-cassanesi-ricordati-dal-rotary-di-gioia\\\/\"},\"wordCount\":550,\"commentCount\":0,\"publisher\":{\"@id\":\"https:\\\/\\\/archiviocassano.lavocedelpaese.info\\\/#organization\"},\"articleSection\":[\"Attualit\u00e0\"],\"inLanguage\":\"it-IT\",\"potentialAction\":[{\"@type\":\"CommentAction\",\"name\":\"Comment\",\"target\":[\"https:\\\/\\\/archiviocassano.lavocedelpaese.info\\\/index.php\\\/2009\\\/07\\\/01\\\/sei-cassanesi-ricordati-dal-rotary-di-gioia\\\/#respond\"]}]},{\"@type\":\"WebPage\",\"@id\":\"https:\\\/\\\/archiviocassano.lavocedelpaese.info\\\/index.php\\\/2009\\\/07\\\/01\\\/sei-cassanesi-ricordati-dal-rotary-di-gioia\\\/\",\"url\":\"https:\\\/\\\/archiviocassano.lavocedelpaese.info\\\/index.php\\\/2009\\\/07\\\/01\\\/sei-cassanesi-ricordati-dal-rotary-di-gioia\\\/\",\"name\":\"SEI CASSANESI RICORDATI DAL ROTARY DI GIOIA - Archivio CassanoWeb\",\"isPartOf\":{\"@id\":\"https:\\\/\\\/archiviocassano.lavocedelpaese.info\\\/#website\"},\"datePublished\":\"2009-07-01T08:06:22+00:00\",\"breadcrumb\":{\"@id\":\"https:\\\/\\\/archiviocassano.lavocedelpaese.info\\\/index.php\\\/2009\\\/07\\\/01\\\/sei-cassanesi-ricordati-dal-rotary-di-gioia\\\/#breadcrumb\"},\"inLanguage\":\"it-IT\",\"potentialAction\":[{\"@type\":\"ReadAction\",\"target\":[\"https:\\\/\\\/archiviocassano.lavocedelpaese.info\\\/index.php\\\/2009\\\/07\\\/01\\\/sei-cassanesi-ricordati-dal-rotary-di-gioia\\\/\"]}]},{\"@type\":\"BreadcrumbList\",\"@id\":\"https:\\\/\\\/archiviocassano.lavocedelpaese.info\\\/index.php\\\/2009\\\/07\\\/01\\\/sei-cassanesi-ricordati-dal-rotary-di-gioia\\\/#breadcrumb\",\"itemListElement\":[{\"@type\":\"ListItem\",\"position\":1,\"name\":\"Home\",\"item\":\"https:\\\/\\\/archiviocassano.lavocedelpaese.info\\\/\"},{\"@type\":\"ListItem\",\"position\":2,\"name\":\"SEI CASSANESI RICORDATI DAL ROTARY DI GIOIA\"}]},{\"@type\":\"WebSite\",\"@id\":\"https:\\\/\\\/archiviocassano.lavocedelpaese.info\\\/#website\",\"url\":\"https:\\\/\\\/archiviocassano.lavocedelpaese.info\\\/\",\"name\":\"Archivio CassanoWeb\",\"description\":\"La Voce del Paese - un network di idee\",\"publisher\":{\"@id\":\"https:\\\/\\\/archiviocassano.lavocedelpaese.info\\\/#organization\"},\"potentialAction\":[{\"@type\":\"SearchAction\",\"target\":{\"@type\":\"EntryPoint\",\"urlTemplate\":\"https:\\\/\\\/archiviocassano.lavocedelpaese.info\\\/?s={search_term_string}\"},\"query-input\":{\"@type\":\"PropertyValueSpecification\",\"valueRequired\":true,\"valueName\":\"search_term_string\"}}],\"inLanguage\":\"it-IT\"},{\"@type\":\"Organization\",\"@id\":\"https:\\\/\\\/archiviocassano.lavocedelpaese.info\\\/#organization\",\"name\":\"Archivio CassanoWeb\",\"url\":\"https:\\\/\\\/archiviocassano.lavocedelpaese.info\\\/\",\"logo\":{\"@type\":\"ImageObject\",\"inLanguage\":\"it-IT\",\"@id\":\"https:\\\/\\\/archiviocassano.lavocedelpaese.info\\\/#\\\/schema\\\/logo\\\/image\\\/\",\"url\":\"https:\\\/\\\/archiviocassano.lavocedelpaese.info\\\/wp-content\\\/uploads\\\/2024\\\/08\\\/logo-rosso-2.png\",\"contentUrl\":\"https:\\\/\\\/archiviocassano.lavocedelpaese.info\\\/wp-content\\\/uploads\\\/2024\\\/08\\\/logo-rosso-2.png\",\"width\":491,\"height\":432,\"caption\":\"Archivio CassanoWeb\"},\"image\":{\"@id\":\"https:\\\/\\\/archiviocassano.lavocedelpaese.info\\\/#\\\/schema\\\/logo\\\/image\\\/\"},\"sameAs\":[\"https:\\\/\\\/www.facebook.com\\\/redazione.cassanoweb\"]},{\"@type\":\"Person\",\"@id\":\"https:\\\/\\\/archiviocassano.lavocedelpaese.info\\\/#\\\/schema\\\/person\\\/df195bc79a9b4c35127cf005f92e041b\",\"name\":\"admin\",\"image\":{\"@type\":\"ImageObject\",\"inLanguage\":\"it-IT\",\"@id\":\"https:\\\/\\\/secure.gravatar.com\\\/avatar\\\/eabba89a432e8eaa1b0207cc55f7e5340b22712b1ed80677efcf63e02ff5b235?s=96&d=mm&r=g\",\"url\":\"https:\\\/\\\/secure.gravatar.com\\\/avatar\\\/eabba89a432e8eaa1b0207cc55f7e5340b22712b1ed80677efcf63e02ff5b235?s=96&d=mm&r=g\",\"contentUrl\":\"https:\\\/\\\/secure.gravatar.com\\\/avatar\\\/eabba89a432e8eaa1b0207cc55f7e5340b22712b1ed80677efcf63e02ff5b235?s=96&d=mm&r=g\",\"caption\":\"admin\"},\"sameAs\":[\"https:\\\/\\\/archiviocassano.lavocedelpaese.info\"],\"url\":\"https:\\\/\\\/archiviocassano.lavocedelpaese.info\\\/index.php\\\/author\\\/admin_0qgz1xdp\\\/\"}]}<\/script>\n<!-- \/ Yoast SEO plugin. -->","yoast_head_json":{"title":"SEI CASSANESI RICORDATI DAL ROTARY DI GIOIA - Archivio CassanoWeb","robots":{"index":"index","follow":"follow","max-snippet":"max-snippet:-1","max-image-preview":"max-image-preview:large","max-video-preview":"max-video-preview:-1"},"canonical":"https:\/\/archiviocassano.lavocedelpaese.info\/index.php\/2009\/07\/01\/sei-cassanesi-ricordati-dal-rotary-di-gioia\/","og_locale":"it_IT","og_type":"article","og_title":"SEI CASSANESI RICORDATI DAL ROTARY DI GIOIA - Archivio CassanoWeb","og_url":"https:\/\/archiviocassano.lavocedelpaese.info\/index.php\/2009\/07\/01\/sei-cassanesi-ricordati-dal-rotary-di-gioia\/","og_site_name":"Archivio CassanoWeb","article_publisher":"https:\/\/www.facebook.com\/redazione.cassanoweb","article_published_time":"2009-07-01T08:06:22+00:00","author":"admin","twitter_card":"summary_large_image","twitter_misc":{"Scritto da":"admin","Tempo di lettura stimato":"3 minuti"},"schema":{"@context":"https:\/\/schema.org","@graph":[{"@type":"Article","@id":"https:\/\/archiviocassano.lavocedelpaese.info\/index.php\/2009\/07\/01\/sei-cassanesi-ricordati-dal-rotary-di-gioia\/#article","isPartOf":{"@id":"https:\/\/archiviocassano.lavocedelpaese.info\/index.php\/2009\/07\/01\/sei-cassanesi-ricordati-dal-rotary-di-gioia\/"},"author":{"name":"admin","@id":"https:\/\/archiviocassano.lavocedelpaese.info\/#\/schema\/person\/df195bc79a9b4c35127cf005f92e041b"},"headline":"SEI CASSANESI RICORDATI DAL ROTARY DI GIOIA","datePublished":"2009-07-01T08:06:22+00:00","mainEntityOfPage":{"@id":"https:\/\/archiviocassano.lavocedelpaese.info\/index.php\/2009\/07\/01\/sei-cassanesi-ricordati-dal-rotary-di-gioia\/"},"wordCount":550,"commentCount":0,"publisher":{"@id":"https:\/\/archiviocassano.lavocedelpaese.info\/#organization"},"articleSection":["Attualit\u00e0"],"inLanguage":"it-IT","potentialAction":[{"@type":"CommentAction","name":"Comment","target":["https:\/\/archiviocassano.lavocedelpaese.info\/index.php\/2009\/07\/01\/sei-cassanesi-ricordati-dal-rotary-di-gioia\/#respond"]}]},{"@type":"WebPage","@id":"https:\/\/archiviocassano.lavocedelpaese.info\/index.php\/2009\/07\/01\/sei-cassanesi-ricordati-dal-rotary-di-gioia\/","url":"https:\/\/archiviocassano.lavocedelpaese.info\/index.php\/2009\/07\/01\/sei-cassanesi-ricordati-dal-rotary-di-gioia\/","name":"SEI CASSANESI RICORDATI DAL ROTARY DI GIOIA - Archivio CassanoWeb","isPartOf":{"@id":"https:\/\/archiviocassano.lavocedelpaese.info\/#website"},"datePublished":"2009-07-01T08:06:22+00:00","breadcrumb":{"@id":"https:\/\/archiviocassano.lavocedelpaese.info\/index.php\/2009\/07\/01\/sei-cassanesi-ricordati-dal-rotary-di-gioia\/#breadcrumb"},"inLanguage":"it-IT","potentialAction":[{"@type":"ReadAction","target":["https:\/\/archiviocassano.lavocedelpaese.info\/index.php\/2009\/07\/01\/sei-cassanesi-ricordati-dal-rotary-di-gioia\/"]}]},{"@type":"BreadcrumbList","@id":"https:\/\/archiviocassano.lavocedelpaese.info\/index.php\/2009\/07\/01\/sei-cassanesi-ricordati-dal-rotary-di-gioia\/#breadcrumb","itemListElement":[{"@type":"ListItem","position":1,"name":"Home","item":"https:\/\/archiviocassano.lavocedelpaese.info\/"},{"@type":"ListItem","position":2,"name":"SEI CASSANESI RICORDATI DAL ROTARY DI GIOIA"}]},{"@type":"WebSite","@id":"https:\/\/archiviocassano.lavocedelpaese.info\/#website","url":"https:\/\/archiviocassano.lavocedelpaese.info\/","name":"Archivio CassanoWeb","description":"La Voce del Paese - un network di idee","publisher":{"@id":"https:\/\/archiviocassano.lavocedelpaese.info\/#organization"},"potentialAction":[{"@type":"SearchAction","target":{"@type":"EntryPoint","urlTemplate":"https:\/\/archiviocassano.lavocedelpaese.info\/?s={search_term_string}"},"query-input":{"@type":"PropertyValueSpecification","valueRequired":true,"valueName":"search_term_string"}}],"inLanguage":"it-IT"},{"@type":"Organization","@id":"https:\/\/archiviocassano.lavocedelpaese.info\/#organization","name":"Archivio CassanoWeb","url":"https:\/\/archiviocassano.lavocedelpaese.info\/","logo":{"@type":"ImageObject","inLanguage":"it-IT","@id":"https:\/\/archiviocassano.lavocedelpaese.info\/#\/schema\/logo\/image\/","url":"https:\/\/archiviocassano.lavocedelpaese.info\/wp-content\/uploads\/2024\/08\/logo-rosso-2.png","contentUrl":"https:\/\/archiviocassano.lavocedelpaese.info\/wp-content\/uploads\/2024\/08\/logo-rosso-2.png","width":491,"height":432,"caption":"Archivio CassanoWeb"},"image":{"@id":"https:\/\/archiviocassano.lavocedelpaese.info\/#\/schema\/logo\/image\/"},"sameAs":["https:\/\/www.facebook.com\/redazione.cassanoweb"]},{"@type":"Person","@id":"https:\/\/archiviocassano.lavocedelpaese.info\/#\/schema\/person\/df195bc79a9b4c35127cf005f92e041b","name":"admin","image":{"@type":"ImageObject","inLanguage":"it-IT","@id":"https:\/\/secure.gravatar.com\/avatar\/eabba89a432e8eaa1b0207cc55f7e5340b22712b1ed80677efcf63e02ff5b235?s=96&d=mm&r=g","url":"https:\/\/secure.gravatar.com\/avatar\/eabba89a432e8eaa1b0207cc55f7e5340b22712b1ed80677efcf63e02ff5b235?s=96&d=mm&r=g","contentUrl":"https:\/\/secure.gravatar.com\/avatar\/eabba89a432e8eaa1b0207cc55f7e5340b22712b1ed80677efcf63e02ff5b235?s=96&d=mm&r=g","caption":"admin"},"sameAs":["https:\/\/archiviocassano.lavocedelpaese.info"],"url":"https:\/\/archiviocassano.lavocedelpaese.info\/index.php\/author\/admin_0qgz1xdp\/"}]}},"_links":{"self":[{"href":"https:\/\/archiviocassano.lavocedelpaese.info\/index.php\/wp-json\/wp\/v2\/posts\/8","targetHints":{"allow":["GET"]}}],"collection":[{"href":"https:\/\/archiviocassano.lavocedelpaese.info\/index.php\/wp-json\/wp\/v2\/posts"}],"about":[{"href":"https:\/\/archiviocassano.lavocedelpaese.info\/index.php\/wp-json\/wp\/v2\/types\/post"}],"author":[{"embeddable":true,"href":"https:\/\/archiviocassano.lavocedelpaese.info\/index.php\/wp-json\/wp\/v2\/users\/1"}],"replies":[{"embeddable":true,"href":"https:\/\/archiviocassano.lavocedelpaese.info\/index.php\/wp-json\/wp\/v2\/comments?post=8"}],"version-history":[{"count":0,"href":"https:\/\/archiviocassano.lavocedelpaese.info\/index.php\/wp-json\/wp\/v2\/posts\/8\/revisions"}],"wp:attachment":[{"href":"https:\/\/archiviocassano.lavocedelpaese.info\/index.php\/wp-json\/wp\/v2\/media?parent=8"}],"wp:term":[{"taxonomy":"category","embeddable":true,"href":"https:\/\/archiviocassano.lavocedelpaese.info\/index.php\/wp-json\/wp\/v2\/categories?post=8"},{"taxonomy":"post_tag","embeddable":true,"href":"https:\/\/archiviocassano.lavocedelpaese.info\/index.php\/wp-json\/wp\/v2\/tags?post=8"}],"curies":[{"name":"wp","href":"https:\/\/api.w.org\/{rel}","templated":true}]}}