{"id":8009,"date":"2013-08-22T06:55:54","date_gmt":"2013-08-22T06:55:54","guid":{"rendered":"https:\/\/archiviocassano.lavocedelpaese.info\/index.php\/2013\/08\/22\/tony-petruzzellis-nel-blu-dipinto-di-blu-sara-il-recital-musicale-dellanno\/"},"modified":"2013-08-22T06:55:54","modified_gmt":"2013-08-22T06:55:54","slug":"tony-petruzzellis-nel-blu-dipinto-di-blu-sara-il-recital-musicale-dellanno","status":"publish","type":"post","link":"https:\/\/archiviocassano.lavocedelpaese.info\/index.php\/2013\/08\/22\/tony-petruzzellis-nel-blu-dipinto-di-blu-sara-il-recital-musicale-dellanno\/","title":{"rendered":"Tony Petruzzellis presenta \u201cNel blu dipinto di blu\u201d"},"content":{"rendered":"<p style=\"text-align: justify;\"><img loading=\"lazy\" decoding=\"async\" class=\" size-full wp-image-8008\" alt=\"manifesto nel blu dipinto di blu\" src=\"https:\/\/archiviocassano.lavocedelpaese.info\/wp-content\/uploads\/2013\/08\/manifesto_nel_blu_dipinto_di_blu.jpg\" height=\"150\" width=\"320\" \/><\/p>\n<p><!--more--><\/p>\n<p>&nbsp;<\/p>\n<p style=\"text-align: justify;\">Aspettando l\u2019evento musicale dell\u2019anno: \u201c <b><i>Nel<\/i><\/b> <b><i>blu<\/i><\/b> <b><i>dipinto<\/i><\/b> <b><i>di<\/i><\/b> <b><i>blu<\/i><\/b>\u201d, recital musicale dedicato al grande Domenico Modugno, che si terr\u00e0 il 27 agosto in Piazza Aldo Moro alle ore 20.30, abbiamo intervistato l\u2019ideatore dello show, Tony Petruzzellis.<\/p>\n<p style=\"text-align: justify;\"><b>Cosa ti ha spinto ad organizzare l\u2019evento con la collaborazione di artisti famosi<\/b> <b>come Mariella Nava , Joe Ditonno, Mario Rosini, Fabio Lepore\u2026<\/b><\/p>\n<p style=\"text-align: justify;\">Le esperienze passate mi hanno fatto capire l\u2019importanza di creare questo recital in onore del grande Domenico Modugno. Gli spettacoli: \u201c<b><i>Parigi<\/i><\/b> <b><i>nell\u2019anno<\/i><\/b> <b><i>del<\/i><\/b> <b><i>Signore<\/i><\/b>\u201d, tratto dal Gobbo di Notre Dame di Victor Hugo, \u201c<b><i>Romeo<\/i><\/b> <b><i>e<\/i><\/b> <b><i>Giulietta<\/i><\/b> \u201c di Shakespeare , \u201c <b><i>Odio<\/i><\/b> <b><i>e<\/i><\/b> <b><i>amore<\/i><\/b>\u201d, hanno ottenuto un grande successo e per tale motivo ho deciso di dedicare a Domenico Modugno questo recital. Mi sono ispirato alla storia di un qualsiasi giovane del sud che abbandona la propria terra per cercare fortuna altrove e nella fattispecie, Modugno in cerca di successo. Domenico Modugno,infatti, ha rappresentato non solo la storia della musica ma al tempo stesso, la storia del popolo meridionale e tale artista ha rappresentato un\u2019icona per tutti noi. &nbsp;<\/p>\n<p style=\"text-align: justify;\"><b>Per quanto concerne la preparazione artistica dei cantanti con quale criterio gli stessi sono stati scelti?<\/b><\/p>\n<p style=\"text-align: justify;\">I cantanti sono stati scelti in base alla loro professionalit\u00e0 ed alcuni gi\u00e0 gli conoscevo, ad esempio, Joe Di tonno \u00e8 stato fortemente voluto nel nostro cast per la sua preparazione artistica , Mariella Nava mi \u00e8 stata consigliata da Mario Rosini, che a sua volta \u00e8 nativo di Gioia del Colle e insegna canto a Taranto. ? noto per essersi classificato al 2\u00b0 posto al Festival di Sanremo del 2004 con \u201c <i>Sei<\/i> <i>la<\/i> <i>vita<\/i> <i>mia<\/i>\u201d. Gaia Gentile \u00e8 un giovane talento che fa parte del gruppo: \u201c <b><i>I<\/i><\/b> <b><i>Mezzotono<\/i><\/b>\u201d e questo la dice lunga sulla sua bravura, credo che ne sentiremo parlare per un bel po\u2019. &nbsp;Annarita Del piano fa parte del nostro cast in quanto abbiamo molta stima di lei, \u00e8 un\u2019ottima attrice ed \u00e8 molto famosa in tutta Italia, canter\u00e0 con : \u201c I <i>Battista<\/i>\u201d , un duo eccezionale; &nbsp;Joe Ditonno , ha vinto il Festival di Sanremo nel 2008 interpretando un duetto con Lola Ponce, Luciana Negroponte, invece, \u00e8 una delle voci gospel pi\u00f9 belle del panorama italiano; Fabio Lepore, insegna canto presso la scuola di musica: \u201c <i>Il<\/i> <i>Pentagramma<\/i>\u201d di Bari. Mariella Nava , una grande cantautrice pugliese di origine tarantina, coautrice di numerosi brani scritti e composti da lei per il grande Renato Zero fra cui spicca: \u201c <i>Spalle al muro\u201d .<\/i><\/p>\n<p style=\"text-align: justify;\"><b> Come verr\u00e0 organizzato lo spettacolo? <\/b><\/p>\n<p style=\"text-align: justify;\">L\u2019evento si terr\u00e0 in Piazza Moro, non mancheranno le scenografie dei maestri Angelo Cortese e Massimo Nardi, grandi artisti cassanesi per non parlare dell\u2019Orchestra della Murgia diretta dal Maestro Giuseppe Smaldino con eccellenze cassanesi fra cui ricordiamo: Francesco Manfredi, Michele Fracchiolla, Pasquale Maglione, Michele Santorsola, Francesco Tritto, Gaetano Partipilo, etc\u2026<\/p>\n<p style=\"text-align: justify;\"><b>Tony parlaci delle tue aspettative\u2026.ormai la gente si aspetta sempre qualcosa di grande da te anche per il successo ottenuto con gli spettacoli precedenti\u2026 <\/b><\/p>\n<p style=\"text-align: justify;\">Molti non mi conoscono, sono stato un calciatore professionista e vado a scuola da quasi 10 anni. La passione per il canto l\u2019ho ereditata da mio nonno materno Vito Giordano , il quale era proprietario di una scuola <i>Cantorum<\/i> sul Piazzale del Convento, era un tenore e suonava pianoforte. Anche mia madre amava cantare e mio nonno ha perfino cantato al Teatro Petruzzelli di Bari ad ha composto diversi brani che custodiamo gelosamente. ? una passione che ho ereditato nella mia famiglia tramite mia madre e mio nonno.<\/p>\n<p style=\"text-align: justify;\"><b>Cosa rappresenta per te questo evento?<\/b><\/p>\n<p style=\"text-align: justify;\">Si avvera un sogno!? Non so\u2026 \u00e8 un evento unico per Cassano, peraltro c\u2019\u00e8 da sottolineare una cosa importante, per quanto riguarda Domenico Modugno sono stati organizzati tributi, film, dossier\u2026 ma mai un recital musicale di questo tipo e Cassano ne pu\u00f2 andare fiero. Vi assicuro che sar\u00e0 bellissimo e sar\u00e0 un successo incredibile , vorrei sottolineare un piccolo particolare : purtroppo si pagher\u00e0 il biglietto, i posti davanti costeranno 12 euro, mentre tutti gli altri posti costeranno 7 euro. L\u2019avremmo fatto gratuitamente anche a causa della crisi che assale tutte le famiglie italiane, anzich\u00e9 pizza e birra almeno una volta gustiamo la cultura, la musica ed il teatro che sono in forte crisi, i biglietti sono gi\u00e0 in vendita e la prevendita sta gi\u00e0 andando a gonfie e vele.<\/p>\n<p>&nbsp;<\/p>\n","protected":false},"excerpt":{"rendered":"","protected":false},"author":1,"featured_media":8008,"comment_status":"open","ping_status":"closed","sticky":false,"template":"","format":"standard","meta":{"colormag_page_container_layout":"default_layout","colormag_page_sidebar_layout":"default_layout","footnotes":""},"categories":[6],"tags":[],"class_list":["post-8009","post","type-post","status-publish","format-standard","has-post-thumbnail","hentry","category-cultura"],"yoast_head":"<!-- This site is optimized with the Yoast SEO plugin v27.5 - https:\/\/yoast.com\/product\/yoast-seo-wordpress\/ -->\n<title>Tony Petruzzellis presenta \u201cNel blu dipinto di blu\u201d - Archivio CassanoWeb<\/title>\n<meta name=\"robots\" content=\"index, follow, max-snippet:-1, max-image-preview:large, max-video-preview:-1\" \/>\n<link rel=\"canonical\" href=\"https:\/\/archiviocassano.lavocedelpaese.info\/index.php\/2013\/08\/22\/tony-petruzzellis-nel-blu-dipinto-di-blu-sara-il-recital-musicale-dellanno\/\" \/>\n<meta property=\"og:locale\" content=\"it_IT\" \/>\n<meta property=\"og:type\" content=\"article\" \/>\n<meta property=\"og:title\" content=\"Tony Petruzzellis presenta \u201cNel blu dipinto di blu\u201d - Archivio CassanoWeb\" \/>\n<meta property=\"og:url\" content=\"https:\/\/archiviocassano.lavocedelpaese.info\/index.php\/2013\/08\/22\/tony-petruzzellis-nel-blu-dipinto-di-blu-sara-il-recital-musicale-dellanno\/\" \/>\n<meta property=\"og:site_name\" content=\"Archivio CassanoWeb\" \/>\n<meta property=\"article:publisher\" content=\"https:\/\/www.facebook.com\/redazione.cassanoweb\" \/>\n<meta property=\"article:published_time\" content=\"2013-08-22T06:55:54+00:00\" \/>\n<meta property=\"og:image\" content=\"https:\/\/archiviocassano.lavocedelpaese.info\/wp-content\/uploads\/2013\/08\/manifesto_nel_blu_dipinto_di_blu.jpg\" \/>\n\t<meta property=\"og:image:width\" content=\"500\" \/>\n\t<meta property=\"og:image:height\" content=\"357\" \/>\n\t<meta property=\"og:image:type\" content=\"image\/jpeg\" \/>\n<meta name=\"author\" content=\"admin\" \/>\n<meta name=\"twitter:card\" content=\"summary_large_image\" \/>\n<meta name=\"twitter:label1\" content=\"Scritto da\" \/>\n\t<meta name=\"twitter:data1\" content=\"admin\" \/>\n\t<meta name=\"twitter:label2\" content=\"Tempo di lettura stimato\" \/>\n\t<meta name=\"twitter:data2\" content=\"3 minuti\" \/>\n<script type=\"application\/ld+json\" class=\"yoast-schema-graph\">{\"@context\":\"https:\\\/\\\/schema.org\",\"@graph\":[{\"@type\":\"Article\",\"@id\":\"https:\\\/\\\/archiviocassano.lavocedelpaese.info\\\/index.php\\\/2013\\\/08\\\/22\\\/tony-petruzzellis-nel-blu-dipinto-di-blu-sara-il-recital-musicale-dellanno\\\/#article\",\"isPartOf\":{\"@id\":\"https:\\\/\\\/archiviocassano.lavocedelpaese.info\\\/index.php\\\/2013\\\/08\\\/22\\\/tony-petruzzellis-nel-blu-dipinto-di-blu-sara-il-recital-musicale-dellanno\\\/\"},\"author\":{\"name\":\"admin\",\"@id\":\"https:\\\/\\\/archiviocassano.lavocedelpaese.info\\\/#\\\/schema\\\/person\\\/df195bc79a9b4c35127cf005f92e041b\"},\"headline\":\"Tony Petruzzellis presenta \u201cNel blu dipinto di blu\u201d\",\"datePublished\":\"2013-08-22T06:55:54+00:00\",\"mainEntityOfPage\":{\"@id\":\"https:\\\/\\\/archiviocassano.lavocedelpaese.info\\\/index.php\\\/2013\\\/08\\\/22\\\/tony-petruzzellis-nel-blu-dipinto-di-blu-sara-il-recital-musicale-dellanno\\\/\"},\"wordCount\":706,\"commentCount\":0,\"publisher\":{\"@id\":\"https:\\\/\\\/archiviocassano.lavocedelpaese.info\\\/#organization\"},\"image\":{\"@id\":\"https:\\\/\\\/archiviocassano.lavocedelpaese.info\\\/index.php\\\/2013\\\/08\\\/22\\\/tony-petruzzellis-nel-blu-dipinto-di-blu-sara-il-recital-musicale-dellanno\\\/#primaryimage\"},\"thumbnailUrl\":\"https:\\\/\\\/archiviocassano.lavocedelpaese.info\\\/wp-content\\\/uploads\\\/2013\\\/08\\\/manifesto_nel_blu_dipinto_di_blu.jpg\",\"articleSection\":[\"Cultura\"],\"inLanguage\":\"it-IT\",\"potentialAction\":[{\"@type\":\"CommentAction\",\"name\":\"Comment\",\"target\":[\"https:\\\/\\\/archiviocassano.lavocedelpaese.info\\\/index.php\\\/2013\\\/08\\\/22\\\/tony-petruzzellis-nel-blu-dipinto-di-blu-sara-il-recital-musicale-dellanno\\\/#respond\"]}]},{\"@type\":\"WebPage\",\"@id\":\"https:\\\/\\\/archiviocassano.lavocedelpaese.info\\\/index.php\\\/2013\\\/08\\\/22\\\/tony-petruzzellis-nel-blu-dipinto-di-blu-sara-il-recital-musicale-dellanno\\\/\",\"url\":\"https:\\\/\\\/archiviocassano.lavocedelpaese.info\\\/index.php\\\/2013\\\/08\\\/22\\\/tony-petruzzellis-nel-blu-dipinto-di-blu-sara-il-recital-musicale-dellanno\\\/\",\"name\":\"Tony Petruzzellis presenta \u201cNel blu dipinto di blu\u201d - Archivio CassanoWeb\",\"isPartOf\":{\"@id\":\"https:\\\/\\\/archiviocassano.lavocedelpaese.info\\\/#website\"},\"primaryImageOfPage\":{\"@id\":\"https:\\\/\\\/archiviocassano.lavocedelpaese.info\\\/index.php\\\/2013\\\/08\\\/22\\\/tony-petruzzellis-nel-blu-dipinto-di-blu-sara-il-recital-musicale-dellanno\\\/#primaryimage\"},\"image\":{\"@id\":\"https:\\\/\\\/archiviocassano.lavocedelpaese.info\\\/index.php\\\/2013\\\/08\\\/22\\\/tony-petruzzellis-nel-blu-dipinto-di-blu-sara-il-recital-musicale-dellanno\\\/#primaryimage\"},\"thumbnailUrl\":\"https:\\\/\\\/archiviocassano.lavocedelpaese.info\\\/wp-content\\\/uploads\\\/2013\\\/08\\\/manifesto_nel_blu_dipinto_di_blu.jpg\",\"datePublished\":\"2013-08-22T06:55:54+00:00\",\"breadcrumb\":{\"@id\":\"https:\\\/\\\/archiviocassano.lavocedelpaese.info\\\/index.php\\\/2013\\\/08\\\/22\\\/tony-petruzzellis-nel-blu-dipinto-di-blu-sara-il-recital-musicale-dellanno\\\/#breadcrumb\"},\"inLanguage\":\"it-IT\",\"potentialAction\":[{\"@type\":\"ReadAction\",\"target\":[\"https:\\\/\\\/archiviocassano.lavocedelpaese.info\\\/index.php\\\/2013\\\/08\\\/22\\\/tony-petruzzellis-nel-blu-dipinto-di-blu-sara-il-recital-musicale-dellanno\\\/\"]}]},{\"@type\":\"ImageObject\",\"inLanguage\":\"it-IT\",\"@id\":\"https:\\\/\\\/archiviocassano.lavocedelpaese.info\\\/index.php\\\/2013\\\/08\\\/22\\\/tony-petruzzellis-nel-blu-dipinto-di-blu-sara-il-recital-musicale-dellanno\\\/#primaryimage\",\"url\":\"https:\\\/\\\/archiviocassano.lavocedelpaese.info\\\/wp-content\\\/uploads\\\/2013\\\/08\\\/manifesto_nel_blu_dipinto_di_blu.jpg\",\"contentUrl\":\"https:\\\/\\\/archiviocassano.lavocedelpaese.info\\\/wp-content\\\/uploads\\\/2013\\\/08\\\/manifesto_nel_blu_dipinto_di_blu.jpg\",\"width\":500,\"height\":357,\"caption\":\"manifesto nel blu dipinto di blu\"},{\"@type\":\"BreadcrumbList\",\"@id\":\"https:\\\/\\\/archiviocassano.lavocedelpaese.info\\\/index.php\\\/2013\\\/08\\\/22\\\/tony-petruzzellis-nel-blu-dipinto-di-blu-sara-il-recital-musicale-dellanno\\\/#breadcrumb\",\"itemListElement\":[{\"@type\":\"ListItem\",\"position\":1,\"name\":\"Home\",\"item\":\"https:\\\/\\\/archiviocassano.lavocedelpaese.info\\\/\"},{\"@type\":\"ListItem\",\"position\":2,\"name\":\"Tony Petruzzellis presenta \u201cNel blu dipinto di blu\u201d\"}]},{\"@type\":\"WebSite\",\"@id\":\"https:\\\/\\\/archiviocassano.lavocedelpaese.info\\\/#website\",\"url\":\"https:\\\/\\\/archiviocassano.lavocedelpaese.info\\\/\",\"name\":\"Archivio CassanoWeb\",\"description\":\"La Voce del Paese - un network di idee\",\"publisher\":{\"@id\":\"https:\\\/\\\/archiviocassano.lavocedelpaese.info\\\/#organization\"},\"potentialAction\":[{\"@type\":\"SearchAction\",\"target\":{\"@type\":\"EntryPoint\",\"urlTemplate\":\"https:\\\/\\\/archiviocassano.lavocedelpaese.info\\\/?s={search_term_string}\"},\"query-input\":{\"@type\":\"PropertyValueSpecification\",\"valueRequired\":true,\"valueName\":\"search_term_string\"}}],\"inLanguage\":\"it-IT\"},{\"@type\":\"Organization\",\"@id\":\"https:\\\/\\\/archiviocassano.lavocedelpaese.info\\\/#organization\",\"name\":\"Archivio CassanoWeb\",\"url\":\"https:\\\/\\\/archiviocassano.lavocedelpaese.info\\\/\",\"logo\":{\"@type\":\"ImageObject\",\"inLanguage\":\"it-IT\",\"@id\":\"https:\\\/\\\/archiviocassano.lavocedelpaese.info\\\/#\\\/schema\\\/logo\\\/image\\\/\",\"url\":\"https:\\\/\\\/archiviocassano.lavocedelpaese.info\\\/wp-content\\\/uploads\\\/2024\\\/08\\\/logo-rosso-2.png\",\"contentUrl\":\"https:\\\/\\\/archiviocassano.lavocedelpaese.info\\\/wp-content\\\/uploads\\\/2024\\\/08\\\/logo-rosso-2.png\",\"width\":491,\"height\":432,\"caption\":\"Archivio CassanoWeb\"},\"image\":{\"@id\":\"https:\\\/\\\/archiviocassano.lavocedelpaese.info\\\/#\\\/schema\\\/logo\\\/image\\\/\"},\"sameAs\":[\"https:\\\/\\\/www.facebook.com\\\/redazione.cassanoweb\"]},{\"@type\":\"Person\",\"@id\":\"https:\\\/\\\/archiviocassano.lavocedelpaese.info\\\/#\\\/schema\\\/person\\\/df195bc79a9b4c35127cf005f92e041b\",\"name\":\"admin\",\"image\":{\"@type\":\"ImageObject\",\"inLanguage\":\"it-IT\",\"@id\":\"https:\\\/\\\/secure.gravatar.com\\\/avatar\\\/eabba89a432e8eaa1b0207cc55f7e5340b22712b1ed80677efcf63e02ff5b235?s=96&d=mm&r=g\",\"url\":\"https:\\\/\\\/secure.gravatar.com\\\/avatar\\\/eabba89a432e8eaa1b0207cc55f7e5340b22712b1ed80677efcf63e02ff5b235?s=96&d=mm&r=g\",\"contentUrl\":\"https:\\\/\\\/secure.gravatar.com\\\/avatar\\\/eabba89a432e8eaa1b0207cc55f7e5340b22712b1ed80677efcf63e02ff5b235?s=96&d=mm&r=g\",\"caption\":\"admin\"},\"sameAs\":[\"https:\\\/\\\/archiviocassano.lavocedelpaese.info\"],\"url\":\"https:\\\/\\\/archiviocassano.lavocedelpaese.info\\\/index.php\\\/author\\\/admin_0qgz1xdp\\\/\"}]}<\/script>\n<!-- \/ Yoast SEO plugin. -->","yoast_head_json":{"title":"Tony Petruzzellis presenta \u201cNel blu dipinto di blu\u201d - Archivio CassanoWeb","robots":{"index":"index","follow":"follow","max-snippet":"max-snippet:-1","max-image-preview":"max-image-preview:large","max-video-preview":"max-video-preview:-1"},"canonical":"https:\/\/archiviocassano.lavocedelpaese.info\/index.php\/2013\/08\/22\/tony-petruzzellis-nel-blu-dipinto-di-blu-sara-il-recital-musicale-dellanno\/","og_locale":"it_IT","og_type":"article","og_title":"Tony Petruzzellis presenta \u201cNel blu dipinto di blu\u201d - Archivio CassanoWeb","og_url":"https:\/\/archiviocassano.lavocedelpaese.info\/index.php\/2013\/08\/22\/tony-petruzzellis-nel-blu-dipinto-di-blu-sara-il-recital-musicale-dellanno\/","og_site_name":"Archivio CassanoWeb","article_publisher":"https:\/\/www.facebook.com\/redazione.cassanoweb","article_published_time":"2013-08-22T06:55:54+00:00","og_image":[{"width":500,"height":357,"url":"https:\/\/archiviocassano.lavocedelpaese.info\/wp-content\/uploads\/2013\/08\/manifesto_nel_blu_dipinto_di_blu.jpg","type":"image\/jpeg"}],"author":"admin","twitter_card":"summary_large_image","twitter_misc":{"Scritto da":"admin","Tempo di lettura stimato":"3 minuti"},"schema":{"@context":"https:\/\/schema.org","@graph":[{"@type":"Article","@id":"https:\/\/archiviocassano.lavocedelpaese.info\/index.php\/2013\/08\/22\/tony-petruzzellis-nel-blu-dipinto-di-blu-sara-il-recital-musicale-dellanno\/#article","isPartOf":{"@id":"https:\/\/archiviocassano.lavocedelpaese.info\/index.php\/2013\/08\/22\/tony-petruzzellis-nel-blu-dipinto-di-blu-sara-il-recital-musicale-dellanno\/"},"author":{"name":"admin","@id":"https:\/\/archiviocassano.lavocedelpaese.info\/#\/schema\/person\/df195bc79a9b4c35127cf005f92e041b"},"headline":"Tony Petruzzellis presenta \u201cNel blu dipinto di blu\u201d","datePublished":"2013-08-22T06:55:54+00:00","mainEntityOfPage":{"@id":"https:\/\/archiviocassano.lavocedelpaese.info\/index.php\/2013\/08\/22\/tony-petruzzellis-nel-blu-dipinto-di-blu-sara-il-recital-musicale-dellanno\/"},"wordCount":706,"commentCount":0,"publisher":{"@id":"https:\/\/archiviocassano.lavocedelpaese.info\/#organization"},"image":{"@id":"https:\/\/archiviocassano.lavocedelpaese.info\/index.php\/2013\/08\/22\/tony-petruzzellis-nel-blu-dipinto-di-blu-sara-il-recital-musicale-dellanno\/#primaryimage"},"thumbnailUrl":"https:\/\/archiviocassano.lavocedelpaese.info\/wp-content\/uploads\/2013\/08\/manifesto_nel_blu_dipinto_di_blu.jpg","articleSection":["Cultura"],"inLanguage":"it-IT","potentialAction":[{"@type":"CommentAction","name":"Comment","target":["https:\/\/archiviocassano.lavocedelpaese.info\/index.php\/2013\/08\/22\/tony-petruzzellis-nel-blu-dipinto-di-blu-sara-il-recital-musicale-dellanno\/#respond"]}]},{"@type":"WebPage","@id":"https:\/\/archiviocassano.lavocedelpaese.info\/index.php\/2013\/08\/22\/tony-petruzzellis-nel-blu-dipinto-di-blu-sara-il-recital-musicale-dellanno\/","url":"https:\/\/archiviocassano.lavocedelpaese.info\/index.php\/2013\/08\/22\/tony-petruzzellis-nel-blu-dipinto-di-blu-sara-il-recital-musicale-dellanno\/","name":"Tony Petruzzellis presenta \u201cNel blu dipinto di blu\u201d - Archivio CassanoWeb","isPartOf":{"@id":"https:\/\/archiviocassano.lavocedelpaese.info\/#website"},"primaryImageOfPage":{"@id":"https:\/\/archiviocassano.lavocedelpaese.info\/index.php\/2013\/08\/22\/tony-petruzzellis-nel-blu-dipinto-di-blu-sara-il-recital-musicale-dellanno\/#primaryimage"},"image":{"@id":"https:\/\/archiviocassano.lavocedelpaese.info\/index.php\/2013\/08\/22\/tony-petruzzellis-nel-blu-dipinto-di-blu-sara-il-recital-musicale-dellanno\/#primaryimage"},"thumbnailUrl":"https:\/\/archiviocassano.lavocedelpaese.info\/wp-content\/uploads\/2013\/08\/manifesto_nel_blu_dipinto_di_blu.jpg","datePublished":"2013-08-22T06:55:54+00:00","breadcrumb":{"@id":"https:\/\/archiviocassano.lavocedelpaese.info\/index.php\/2013\/08\/22\/tony-petruzzellis-nel-blu-dipinto-di-blu-sara-il-recital-musicale-dellanno\/#breadcrumb"},"inLanguage":"it-IT","potentialAction":[{"@type":"ReadAction","target":["https:\/\/archiviocassano.lavocedelpaese.info\/index.php\/2013\/08\/22\/tony-petruzzellis-nel-blu-dipinto-di-blu-sara-il-recital-musicale-dellanno\/"]}]},{"@type":"ImageObject","inLanguage":"it-IT","@id":"https:\/\/archiviocassano.lavocedelpaese.info\/index.php\/2013\/08\/22\/tony-petruzzellis-nel-blu-dipinto-di-blu-sara-il-recital-musicale-dellanno\/#primaryimage","url":"https:\/\/archiviocassano.lavocedelpaese.info\/wp-content\/uploads\/2013\/08\/manifesto_nel_blu_dipinto_di_blu.jpg","contentUrl":"https:\/\/archiviocassano.lavocedelpaese.info\/wp-content\/uploads\/2013\/08\/manifesto_nel_blu_dipinto_di_blu.jpg","width":500,"height":357,"caption":"manifesto nel blu dipinto di blu"},{"@type":"BreadcrumbList","@id":"https:\/\/archiviocassano.lavocedelpaese.info\/index.php\/2013\/08\/22\/tony-petruzzellis-nel-blu-dipinto-di-blu-sara-il-recital-musicale-dellanno\/#breadcrumb","itemListElement":[{"@type":"ListItem","position":1,"name":"Home","item":"https:\/\/archiviocassano.lavocedelpaese.info\/"},{"@type":"ListItem","position":2,"name":"Tony Petruzzellis presenta \u201cNel blu dipinto di blu\u201d"}]},{"@type":"WebSite","@id":"https:\/\/archiviocassano.lavocedelpaese.info\/#website","url":"https:\/\/archiviocassano.lavocedelpaese.info\/","name":"Archivio CassanoWeb","description":"La Voce del Paese - un network di idee","publisher":{"@id":"https:\/\/archiviocassano.lavocedelpaese.info\/#organization"},"potentialAction":[{"@type":"SearchAction","target":{"@type":"EntryPoint","urlTemplate":"https:\/\/archiviocassano.lavocedelpaese.info\/?s={search_term_string}"},"query-input":{"@type":"PropertyValueSpecification","valueRequired":true,"valueName":"search_term_string"}}],"inLanguage":"it-IT"},{"@type":"Organization","@id":"https:\/\/archiviocassano.lavocedelpaese.info\/#organization","name":"Archivio CassanoWeb","url":"https:\/\/archiviocassano.lavocedelpaese.info\/","logo":{"@type":"ImageObject","inLanguage":"it-IT","@id":"https:\/\/archiviocassano.lavocedelpaese.info\/#\/schema\/logo\/image\/","url":"https:\/\/archiviocassano.lavocedelpaese.info\/wp-content\/uploads\/2024\/08\/logo-rosso-2.png","contentUrl":"https:\/\/archiviocassano.lavocedelpaese.info\/wp-content\/uploads\/2024\/08\/logo-rosso-2.png","width":491,"height":432,"caption":"Archivio CassanoWeb"},"image":{"@id":"https:\/\/archiviocassano.lavocedelpaese.info\/#\/schema\/logo\/image\/"},"sameAs":["https:\/\/www.facebook.com\/redazione.cassanoweb"]},{"@type":"Person","@id":"https:\/\/archiviocassano.lavocedelpaese.info\/#\/schema\/person\/df195bc79a9b4c35127cf005f92e041b","name":"admin","image":{"@type":"ImageObject","inLanguage":"it-IT","@id":"https:\/\/secure.gravatar.com\/avatar\/eabba89a432e8eaa1b0207cc55f7e5340b22712b1ed80677efcf63e02ff5b235?s=96&d=mm&r=g","url":"https:\/\/secure.gravatar.com\/avatar\/eabba89a432e8eaa1b0207cc55f7e5340b22712b1ed80677efcf63e02ff5b235?s=96&d=mm&r=g","contentUrl":"https:\/\/secure.gravatar.com\/avatar\/eabba89a432e8eaa1b0207cc55f7e5340b22712b1ed80677efcf63e02ff5b235?s=96&d=mm&r=g","caption":"admin"},"sameAs":["https:\/\/archiviocassano.lavocedelpaese.info"],"url":"https:\/\/archiviocassano.lavocedelpaese.info\/index.php\/author\/admin_0qgz1xdp\/"}]}},"_links":{"self":[{"href":"https:\/\/archiviocassano.lavocedelpaese.info\/index.php\/wp-json\/wp\/v2\/posts\/8009","targetHints":{"allow":["GET"]}}],"collection":[{"href":"https:\/\/archiviocassano.lavocedelpaese.info\/index.php\/wp-json\/wp\/v2\/posts"}],"about":[{"href":"https:\/\/archiviocassano.lavocedelpaese.info\/index.php\/wp-json\/wp\/v2\/types\/post"}],"author":[{"embeddable":true,"href":"https:\/\/archiviocassano.lavocedelpaese.info\/index.php\/wp-json\/wp\/v2\/users\/1"}],"replies":[{"embeddable":true,"href":"https:\/\/archiviocassano.lavocedelpaese.info\/index.php\/wp-json\/wp\/v2\/comments?post=8009"}],"version-history":[{"count":0,"href":"https:\/\/archiviocassano.lavocedelpaese.info\/index.php\/wp-json\/wp\/v2\/posts\/8009\/revisions"}],"wp:featuredmedia":[{"embeddable":true,"href":"https:\/\/archiviocassano.lavocedelpaese.info\/index.php\/wp-json\/wp\/v2\/media\/8008"}],"wp:attachment":[{"href":"https:\/\/archiviocassano.lavocedelpaese.info\/index.php\/wp-json\/wp\/v2\/media?parent=8009"}],"wp:term":[{"taxonomy":"category","embeddable":true,"href":"https:\/\/archiviocassano.lavocedelpaese.info\/index.php\/wp-json\/wp\/v2\/categories?post=8009"},{"taxonomy":"post_tag","embeddable":true,"href":"https:\/\/archiviocassano.lavocedelpaese.info\/index.php\/wp-json\/wp\/v2\/tags?post=8009"}],"curies":[{"name":"wp","href":"https:\/\/api.w.org\/{rel}","templated":true}]}}