{"id":8024,"date":"2013-08-25T07:52:52","date_gmt":"2013-08-25T07:52:52","guid":{"rendered":"https:\/\/archiviocassano.lavocedelpaese.info\/index.php\/2013\/08\/25\/inaugurato-qil-parco-dei-brigantiq-dove-lavventura-sposa-la-natura\/"},"modified":"2013-08-25T07:52:52","modified_gmt":"2013-08-25T07:52:52","slug":"inaugurato-qil-parco-dei-brigantiq-dove-lavventura-sposa-la-natura","status":"publish","type":"post","link":"https:\/\/archiviocassano.lavocedelpaese.info\/index.php\/2013\/08\/25\/inaugurato-qil-parco-dei-brigantiq-dove-lavventura-sposa-la-natura\/","title":{"rendered":"Inaugurato &#8220;Il Parco dei Briganti&#8221;, dove l&#8217;avventura sposa la natura"},"content":{"rendered":"<p style=\"text-align: justify;\"><img loading=\"lazy\" decoding=\"async\" class=\" size-full wp-image-8021\" alt=\"parco dei briganti grande\" src=\"https:\/\/archiviocassano.lavocedelpaese.info\/wp-content\/uploads\/2013\/08\/parco_dei_briganti_grande.jpg\" height=\"150\" width=\"320\" \/><\/p>\n<p><!--more--><\/p>\n<p style=\"text-align: justify;\">Si chiama <strong>\u201cIl Parco dei Briganti\u201d<\/strong> ed \u00e8 il primo parco-avventura di Cassano, inaugurato ieri pomeriggio presso il Bosco di Mesola, tra Cassano e Santeramo in Colle.<\/p>\n<p style=\"text-align: justify;\">Nel nome si richiama la presunta presenza in quei boschi, durante l\u2019annessione al Piemonte del Sud Italia, di \u201cbriganti\u201d che si ribellavano all\u2019esercito sabaudo nonch\u00e9 alla uccisione, poco distante, in contrada &#8220;Pantalone&#8221;, del bandito Servodio da parte dei carabinieri, ma Servodio nulla c\u2019entrava con il brigantismo essendo lo stesso solo un comune criminale.<\/p>\n<p style=\"text-align: justify;\">Alla cerimonia assieme ai due ideatori dell\u2019iniziativa, <strong>Vito Lopane e Antonio Pietroforte<\/strong>, soci della \u201cNaturende snc\u201d, anche il sindaco di Cassano, <strong>Maria Pia Di Medio<\/strong> e l\u2019assessore all\u2019agricoltura e sport del Comune di Santeramo, <strong>Gianni Sportelli<\/strong>.<\/p>\n<p style=\"text-align: justify;\">La Di Medio, in particolare ha ringraziato Vito e Antonio per la tenacia con cui hanno mantenuto fede al progetto, ricordando che la loro proposta fu la prima ad essere presentata appena insediata al Comune di Cassano, quattro anni fa e rispondeva <em>\u201cperfettamente al nostro fine: fare di Cassano una meta turistico-ambientale\u201d<\/em> sotto tutti i punti di vista.<\/p>\n<p style=\"text-align: center;\"><img loading=\"lazy\" decoding=\"async\" style=\"margin-right: 2px; margin-left: 2px;\" alt=\"il parco dei briganti 2\" src=\"images\/stories\/il_parco_dei_briganti_2.jpg\" height=\"375\" width=\"500\" \/><\/p>\n<p style=\"text-align: justify;\">I due soci hanno ringraziato autorit\u00e0, enti, ditte e tutti coloro che in questi tre anni di gestazione e progettazione hanno contribuito al non facile compito di portare sul territorio cassanese una vera e propria novit\u00e0, almeno per le dimensioni e lo spirito che il Parco sottende: non un luogo dove ci si pu\u00f2 solo divertire e stare all\u2019aria aperta ma dove si pu\u00f2 imparare, interagire con la natura, viverla in un modo del tutto diverso.<\/p>\n<p style=\"text-align: justify;\">Dopo la benedizione di rito, \u00e8 stata scoperta l\u2019insegna col nome e il totem con la mascotte (il cui nome sar\u00e0 deciso in seguito, con un Concorso che coinvolger\u00e0 le scuole del territorio) quindi \u00e8 stata la volta del percorso per ipovedenti \u2013 inserito nel pi\u00f9 ampio progetto \u201cI sentieri di Giano\u201d &#8211; il cui nastro \u00e8 stato tagliato dal nostro concittadino <strong>Giuseppe Contursi<\/strong> che visibilmente emozionato ha dato il via al percorso che permetter\u00e0 anche ai ciechi e in tutta autonomia di esplorare e vivere il Parco avventura.<\/p>\n<p style=\"text-align: justify;\">&nbsp;<\/p>\n<p><img loading=\"lazy\" decoding=\"async\" class=\" size-full wp-image-8022\" style=\"margin-right: auto; margin-left: auto; display: block;\" alt=\"parco avventura 4\" src=\"https:\/\/archiviocassano.lavocedelpaese.info\/wp-content\/uploads\/2013\/08\/parco_avventura_4.jpg\" height=\"375\" width=\"500\" srcset=\"https:\/\/archiviocassano.lavocedelpaese.info\/wp-content\/uploads\/2013\/08\/parco_avventura_4.jpg 500w, https:\/\/archiviocassano.lavocedelpaese.info\/wp-content\/uploads\/2013\/08\/parco_avventura_4-300x225.jpg 300w\" sizes=\"auto, (max-width: 500px) 100vw, 500px\" \/><\/p>\n<p style=\"text-align: justify;\">Che si compone di diversi \u201citinerari\u201d per piccoli e grandi, suddivisi per difficolt\u00e0 nonch\u00e9 di aree pic-nic, mtb, trekking e nordic-walking, softair e pi\u00f9 in l\u00e0 anche percorsi a cavallo. Ad assistere ospiti e visitatori quattro giovani esperti e formati allo scopo.<\/p>\n<p style=\"text-align: justify;\">Il Parco sar\u00e0 aperto ogni giorno, fino a fine settembre. Per informazioni \u00e8 possibile chiamare il 3206234075 oppure scrivere a <a href=\"mailto:&lt;a href=\" mailto:info=\"\" parcodeibruganti=\"\" it=\"\">info@parcodeibruganti.it<\/a> o visitare il sito <a href=\"http:\/\/www.parcodeibriganti.it\">www.parcodeibriganti.it<\/a><\/p>\n<p style=\"text-align: center;\"><img loading=\"lazy\" decoding=\"async\" class=\" size-full wp-image-8023\" style=\"margin-right: 2px; margin-left: 2px;\" alt=\"parco avventura 3\" src=\"https:\/\/archiviocassano.lavocedelpaese.info\/wp-content\/uploads\/2013\/08\/parco_avventura_3.jpg\" height=\"375\" width=\"500\" srcset=\"https:\/\/archiviocassano.lavocedelpaese.info\/wp-content\/uploads\/2013\/08\/parco_avventura_3.jpg 500w, https:\/\/archiviocassano.lavocedelpaese.info\/wp-content\/uploads\/2013\/08\/parco_avventura_3-300x225.jpg 300w\" sizes=\"auto, (max-width: 500px) 100vw, 500px\" \/><\/p>\n<p>&nbsp;<\/p>\n","protected":false},"excerpt":{"rendered":"","protected":false},"author":1,"featured_media":8021,"comment_status":"open","ping_status":"closed","sticky":false,"template":"","format":"standard","meta":{"colormag_page_container_layout":"default_layout","colormag_page_sidebar_layout":"default_layout","footnotes":""},"categories":[7],"tags":[],"class_list":["post-8024","post","type-post","status-publish","format-standard","has-post-thumbnail","hentry","category-attualita"],"yoast_head":"<!-- This site is optimized with the Yoast SEO plugin v27.5 - https:\/\/yoast.com\/product\/yoast-seo-wordpress\/ -->\n<title>Inaugurato &quot;Il Parco dei Briganti&quot;, dove l&#039;avventura sposa la natura - Archivio CassanoWeb<\/title>\n<meta name=\"robots\" content=\"index, follow, max-snippet:-1, max-image-preview:large, max-video-preview:-1\" \/>\n<link rel=\"canonical\" href=\"https:\/\/archiviocassano.lavocedelpaese.info\/index.php\/2013\/08\/25\/inaugurato-qil-parco-dei-brigantiq-dove-lavventura-sposa-la-natura\/\" \/>\n<meta property=\"og:locale\" content=\"it_IT\" \/>\n<meta property=\"og:type\" content=\"article\" \/>\n<meta property=\"og:title\" content=\"Inaugurato &quot;Il Parco dei Briganti&quot;, dove l&#039;avventura sposa la natura - Archivio CassanoWeb\" \/>\n<meta property=\"og:url\" content=\"https:\/\/archiviocassano.lavocedelpaese.info\/index.php\/2013\/08\/25\/inaugurato-qil-parco-dei-brigantiq-dove-lavventura-sposa-la-natura\/\" \/>\n<meta property=\"og:site_name\" content=\"Archivio CassanoWeb\" \/>\n<meta property=\"article:publisher\" content=\"https:\/\/www.facebook.com\/redazione.cassanoweb\" \/>\n<meta property=\"article:published_time\" content=\"2013-08-25T07:52:52+00:00\" \/>\n<meta property=\"og:image\" content=\"https:\/\/archiviocassano.lavocedelpaese.info\/wp-content\/uploads\/2013\/08\/parco_dei_briganti_grande.jpg\" \/>\n\t<meta property=\"og:image:width\" content=\"500\" \/>\n\t<meta property=\"og:image:height\" content=\"375\" \/>\n\t<meta property=\"og:image:type\" content=\"image\/jpeg\" \/>\n<meta name=\"author\" content=\"admin\" \/>\n<meta name=\"twitter:card\" content=\"summary_large_image\" \/>\n<meta name=\"twitter:label1\" content=\"Scritto da\" \/>\n\t<meta name=\"twitter:data1\" content=\"admin\" \/>\n\t<meta name=\"twitter:label2\" content=\"Tempo di lettura stimato\" \/>\n\t<meta name=\"twitter:data2\" content=\"2 minuti\" \/>\n<script type=\"application\/ld+json\" class=\"yoast-schema-graph\">{\"@context\":\"https:\\\/\\\/schema.org\",\"@graph\":[{\"@type\":\"Article\",\"@id\":\"https:\\\/\\\/archiviocassano.lavocedelpaese.info\\\/index.php\\\/2013\\\/08\\\/25\\\/inaugurato-qil-parco-dei-brigantiq-dove-lavventura-sposa-la-natura\\\/#article\",\"isPartOf\":{\"@id\":\"https:\\\/\\\/archiviocassano.lavocedelpaese.info\\\/index.php\\\/2013\\\/08\\\/25\\\/inaugurato-qil-parco-dei-brigantiq-dove-lavventura-sposa-la-natura\\\/\"},\"author\":{\"name\":\"admin\",\"@id\":\"https:\\\/\\\/archiviocassano.lavocedelpaese.info\\\/#\\\/schema\\\/person\\\/df195bc79a9b4c35127cf005f92e041b\"},\"headline\":\"Inaugurato &#8220;Il Parco dei Briganti&#8221;, dove l&#8217;avventura sposa la natura\",\"datePublished\":\"2013-08-25T07:52:52+00:00\",\"mainEntityOfPage\":{\"@id\":\"https:\\\/\\\/archiviocassano.lavocedelpaese.info\\\/index.php\\\/2013\\\/08\\\/25\\\/inaugurato-qil-parco-dei-brigantiq-dove-lavventura-sposa-la-natura\\\/\"},\"wordCount\":425,\"commentCount\":0,\"publisher\":{\"@id\":\"https:\\\/\\\/archiviocassano.lavocedelpaese.info\\\/#organization\"},\"image\":{\"@id\":\"https:\\\/\\\/archiviocassano.lavocedelpaese.info\\\/index.php\\\/2013\\\/08\\\/25\\\/inaugurato-qil-parco-dei-brigantiq-dove-lavventura-sposa-la-natura\\\/#primaryimage\"},\"thumbnailUrl\":\"https:\\\/\\\/archiviocassano.lavocedelpaese.info\\\/wp-content\\\/uploads\\\/2013\\\/08\\\/parco_dei_briganti_grande.jpg\",\"articleSection\":[\"Attualit\u00e0\"],\"inLanguage\":\"it-IT\",\"potentialAction\":[{\"@type\":\"CommentAction\",\"name\":\"Comment\",\"target\":[\"https:\\\/\\\/archiviocassano.lavocedelpaese.info\\\/index.php\\\/2013\\\/08\\\/25\\\/inaugurato-qil-parco-dei-brigantiq-dove-lavventura-sposa-la-natura\\\/#respond\"]}]},{\"@type\":\"WebPage\",\"@id\":\"https:\\\/\\\/archiviocassano.lavocedelpaese.info\\\/index.php\\\/2013\\\/08\\\/25\\\/inaugurato-qil-parco-dei-brigantiq-dove-lavventura-sposa-la-natura\\\/\",\"url\":\"https:\\\/\\\/archiviocassano.lavocedelpaese.info\\\/index.php\\\/2013\\\/08\\\/25\\\/inaugurato-qil-parco-dei-brigantiq-dove-lavventura-sposa-la-natura\\\/\",\"name\":\"Inaugurato \\\"Il Parco dei Briganti\\\", dove l'avventura sposa la natura - Archivio CassanoWeb\",\"isPartOf\":{\"@id\":\"https:\\\/\\\/archiviocassano.lavocedelpaese.info\\\/#website\"},\"primaryImageOfPage\":{\"@id\":\"https:\\\/\\\/archiviocassano.lavocedelpaese.info\\\/index.php\\\/2013\\\/08\\\/25\\\/inaugurato-qil-parco-dei-brigantiq-dove-lavventura-sposa-la-natura\\\/#primaryimage\"},\"image\":{\"@id\":\"https:\\\/\\\/archiviocassano.lavocedelpaese.info\\\/index.php\\\/2013\\\/08\\\/25\\\/inaugurato-qil-parco-dei-brigantiq-dove-lavventura-sposa-la-natura\\\/#primaryimage\"},\"thumbnailUrl\":\"https:\\\/\\\/archiviocassano.lavocedelpaese.info\\\/wp-content\\\/uploads\\\/2013\\\/08\\\/parco_dei_briganti_grande.jpg\",\"datePublished\":\"2013-08-25T07:52:52+00:00\",\"breadcrumb\":{\"@id\":\"https:\\\/\\\/archiviocassano.lavocedelpaese.info\\\/index.php\\\/2013\\\/08\\\/25\\\/inaugurato-qil-parco-dei-brigantiq-dove-lavventura-sposa-la-natura\\\/#breadcrumb\"},\"inLanguage\":\"it-IT\",\"potentialAction\":[{\"@type\":\"ReadAction\",\"target\":[\"https:\\\/\\\/archiviocassano.lavocedelpaese.info\\\/index.php\\\/2013\\\/08\\\/25\\\/inaugurato-qil-parco-dei-brigantiq-dove-lavventura-sposa-la-natura\\\/\"]}]},{\"@type\":\"ImageObject\",\"inLanguage\":\"it-IT\",\"@id\":\"https:\\\/\\\/archiviocassano.lavocedelpaese.info\\\/index.php\\\/2013\\\/08\\\/25\\\/inaugurato-qil-parco-dei-brigantiq-dove-lavventura-sposa-la-natura\\\/#primaryimage\",\"url\":\"https:\\\/\\\/archiviocassano.lavocedelpaese.info\\\/wp-content\\\/uploads\\\/2013\\\/08\\\/parco_dei_briganti_grande.jpg\",\"contentUrl\":\"https:\\\/\\\/archiviocassano.lavocedelpaese.info\\\/wp-content\\\/uploads\\\/2013\\\/08\\\/parco_dei_briganti_grande.jpg\",\"width\":500,\"height\":375,\"caption\":\"parco dei briganti grande\"},{\"@type\":\"BreadcrumbList\",\"@id\":\"https:\\\/\\\/archiviocassano.lavocedelpaese.info\\\/index.php\\\/2013\\\/08\\\/25\\\/inaugurato-qil-parco-dei-brigantiq-dove-lavventura-sposa-la-natura\\\/#breadcrumb\",\"itemListElement\":[{\"@type\":\"ListItem\",\"position\":1,\"name\":\"Home\",\"item\":\"https:\\\/\\\/archiviocassano.lavocedelpaese.info\\\/\"},{\"@type\":\"ListItem\",\"position\":2,\"name\":\"Inaugurato &#8220;Il Parco dei Briganti&#8221;, dove l&#8217;avventura sposa la natura\"}]},{\"@type\":\"WebSite\",\"@id\":\"https:\\\/\\\/archiviocassano.lavocedelpaese.info\\\/#website\",\"url\":\"https:\\\/\\\/archiviocassano.lavocedelpaese.info\\\/\",\"name\":\"Archivio CassanoWeb\",\"description\":\"La Voce del Paese - un network di idee\",\"publisher\":{\"@id\":\"https:\\\/\\\/archiviocassano.lavocedelpaese.info\\\/#organization\"},\"potentialAction\":[{\"@type\":\"SearchAction\",\"target\":{\"@type\":\"EntryPoint\",\"urlTemplate\":\"https:\\\/\\\/archiviocassano.lavocedelpaese.info\\\/?s={search_term_string}\"},\"query-input\":{\"@type\":\"PropertyValueSpecification\",\"valueRequired\":true,\"valueName\":\"search_term_string\"}}],\"inLanguage\":\"it-IT\"},{\"@type\":\"Organization\",\"@id\":\"https:\\\/\\\/archiviocassano.lavocedelpaese.info\\\/#organization\",\"name\":\"Archivio CassanoWeb\",\"url\":\"https:\\\/\\\/archiviocassano.lavocedelpaese.info\\\/\",\"logo\":{\"@type\":\"ImageObject\",\"inLanguage\":\"it-IT\",\"@id\":\"https:\\\/\\\/archiviocassano.lavocedelpaese.info\\\/#\\\/schema\\\/logo\\\/image\\\/\",\"url\":\"https:\\\/\\\/archiviocassano.lavocedelpaese.info\\\/wp-content\\\/uploads\\\/2024\\\/08\\\/logo-rosso-2.png\",\"contentUrl\":\"https:\\\/\\\/archiviocassano.lavocedelpaese.info\\\/wp-content\\\/uploads\\\/2024\\\/08\\\/logo-rosso-2.png\",\"width\":491,\"height\":432,\"caption\":\"Archivio CassanoWeb\"},\"image\":{\"@id\":\"https:\\\/\\\/archiviocassano.lavocedelpaese.info\\\/#\\\/schema\\\/logo\\\/image\\\/\"},\"sameAs\":[\"https:\\\/\\\/www.facebook.com\\\/redazione.cassanoweb\"]},{\"@type\":\"Person\",\"@id\":\"https:\\\/\\\/archiviocassano.lavocedelpaese.info\\\/#\\\/schema\\\/person\\\/df195bc79a9b4c35127cf005f92e041b\",\"name\":\"admin\",\"image\":{\"@type\":\"ImageObject\",\"inLanguage\":\"it-IT\",\"@id\":\"https:\\\/\\\/secure.gravatar.com\\\/avatar\\\/eabba89a432e8eaa1b0207cc55f7e5340b22712b1ed80677efcf63e02ff5b235?s=96&d=mm&r=g\",\"url\":\"https:\\\/\\\/secure.gravatar.com\\\/avatar\\\/eabba89a432e8eaa1b0207cc55f7e5340b22712b1ed80677efcf63e02ff5b235?s=96&d=mm&r=g\",\"contentUrl\":\"https:\\\/\\\/secure.gravatar.com\\\/avatar\\\/eabba89a432e8eaa1b0207cc55f7e5340b22712b1ed80677efcf63e02ff5b235?s=96&d=mm&r=g\",\"caption\":\"admin\"},\"sameAs\":[\"https:\\\/\\\/archiviocassano.lavocedelpaese.info\"],\"url\":\"https:\\\/\\\/archiviocassano.lavocedelpaese.info\\\/index.php\\\/author\\\/admin_0qgz1xdp\\\/\"}]}<\/script>\n<!-- \/ Yoast SEO plugin. -->","yoast_head_json":{"title":"Inaugurato \"Il Parco dei Briganti\", dove l'avventura sposa la natura - Archivio CassanoWeb","robots":{"index":"index","follow":"follow","max-snippet":"max-snippet:-1","max-image-preview":"max-image-preview:large","max-video-preview":"max-video-preview:-1"},"canonical":"https:\/\/archiviocassano.lavocedelpaese.info\/index.php\/2013\/08\/25\/inaugurato-qil-parco-dei-brigantiq-dove-lavventura-sposa-la-natura\/","og_locale":"it_IT","og_type":"article","og_title":"Inaugurato \"Il Parco dei Briganti\", dove l'avventura sposa la natura - Archivio CassanoWeb","og_url":"https:\/\/archiviocassano.lavocedelpaese.info\/index.php\/2013\/08\/25\/inaugurato-qil-parco-dei-brigantiq-dove-lavventura-sposa-la-natura\/","og_site_name":"Archivio CassanoWeb","article_publisher":"https:\/\/www.facebook.com\/redazione.cassanoweb","article_published_time":"2013-08-25T07:52:52+00:00","og_image":[{"width":500,"height":375,"url":"https:\/\/archiviocassano.lavocedelpaese.info\/wp-content\/uploads\/2013\/08\/parco_dei_briganti_grande.jpg","type":"image\/jpeg"}],"author":"admin","twitter_card":"summary_large_image","twitter_misc":{"Scritto da":"admin","Tempo di lettura stimato":"2 minuti"},"schema":{"@context":"https:\/\/schema.org","@graph":[{"@type":"Article","@id":"https:\/\/archiviocassano.lavocedelpaese.info\/index.php\/2013\/08\/25\/inaugurato-qil-parco-dei-brigantiq-dove-lavventura-sposa-la-natura\/#article","isPartOf":{"@id":"https:\/\/archiviocassano.lavocedelpaese.info\/index.php\/2013\/08\/25\/inaugurato-qil-parco-dei-brigantiq-dove-lavventura-sposa-la-natura\/"},"author":{"name":"admin","@id":"https:\/\/archiviocassano.lavocedelpaese.info\/#\/schema\/person\/df195bc79a9b4c35127cf005f92e041b"},"headline":"Inaugurato &#8220;Il Parco dei Briganti&#8221;, dove l&#8217;avventura sposa la natura","datePublished":"2013-08-25T07:52:52+00:00","mainEntityOfPage":{"@id":"https:\/\/archiviocassano.lavocedelpaese.info\/index.php\/2013\/08\/25\/inaugurato-qil-parco-dei-brigantiq-dove-lavventura-sposa-la-natura\/"},"wordCount":425,"commentCount":0,"publisher":{"@id":"https:\/\/archiviocassano.lavocedelpaese.info\/#organization"},"image":{"@id":"https:\/\/archiviocassano.lavocedelpaese.info\/index.php\/2013\/08\/25\/inaugurato-qil-parco-dei-brigantiq-dove-lavventura-sposa-la-natura\/#primaryimage"},"thumbnailUrl":"https:\/\/archiviocassano.lavocedelpaese.info\/wp-content\/uploads\/2013\/08\/parco_dei_briganti_grande.jpg","articleSection":["Attualit\u00e0"],"inLanguage":"it-IT","potentialAction":[{"@type":"CommentAction","name":"Comment","target":["https:\/\/archiviocassano.lavocedelpaese.info\/index.php\/2013\/08\/25\/inaugurato-qil-parco-dei-brigantiq-dove-lavventura-sposa-la-natura\/#respond"]}]},{"@type":"WebPage","@id":"https:\/\/archiviocassano.lavocedelpaese.info\/index.php\/2013\/08\/25\/inaugurato-qil-parco-dei-brigantiq-dove-lavventura-sposa-la-natura\/","url":"https:\/\/archiviocassano.lavocedelpaese.info\/index.php\/2013\/08\/25\/inaugurato-qil-parco-dei-brigantiq-dove-lavventura-sposa-la-natura\/","name":"Inaugurato \"Il Parco dei Briganti\", dove l'avventura sposa la natura - Archivio CassanoWeb","isPartOf":{"@id":"https:\/\/archiviocassano.lavocedelpaese.info\/#website"},"primaryImageOfPage":{"@id":"https:\/\/archiviocassano.lavocedelpaese.info\/index.php\/2013\/08\/25\/inaugurato-qil-parco-dei-brigantiq-dove-lavventura-sposa-la-natura\/#primaryimage"},"image":{"@id":"https:\/\/archiviocassano.lavocedelpaese.info\/index.php\/2013\/08\/25\/inaugurato-qil-parco-dei-brigantiq-dove-lavventura-sposa-la-natura\/#primaryimage"},"thumbnailUrl":"https:\/\/archiviocassano.lavocedelpaese.info\/wp-content\/uploads\/2013\/08\/parco_dei_briganti_grande.jpg","datePublished":"2013-08-25T07:52:52+00:00","breadcrumb":{"@id":"https:\/\/archiviocassano.lavocedelpaese.info\/index.php\/2013\/08\/25\/inaugurato-qil-parco-dei-brigantiq-dove-lavventura-sposa-la-natura\/#breadcrumb"},"inLanguage":"it-IT","potentialAction":[{"@type":"ReadAction","target":["https:\/\/archiviocassano.lavocedelpaese.info\/index.php\/2013\/08\/25\/inaugurato-qil-parco-dei-brigantiq-dove-lavventura-sposa-la-natura\/"]}]},{"@type":"ImageObject","inLanguage":"it-IT","@id":"https:\/\/archiviocassano.lavocedelpaese.info\/index.php\/2013\/08\/25\/inaugurato-qil-parco-dei-brigantiq-dove-lavventura-sposa-la-natura\/#primaryimage","url":"https:\/\/archiviocassano.lavocedelpaese.info\/wp-content\/uploads\/2013\/08\/parco_dei_briganti_grande.jpg","contentUrl":"https:\/\/archiviocassano.lavocedelpaese.info\/wp-content\/uploads\/2013\/08\/parco_dei_briganti_grande.jpg","width":500,"height":375,"caption":"parco dei briganti grande"},{"@type":"BreadcrumbList","@id":"https:\/\/archiviocassano.lavocedelpaese.info\/index.php\/2013\/08\/25\/inaugurato-qil-parco-dei-brigantiq-dove-lavventura-sposa-la-natura\/#breadcrumb","itemListElement":[{"@type":"ListItem","position":1,"name":"Home","item":"https:\/\/archiviocassano.lavocedelpaese.info\/"},{"@type":"ListItem","position":2,"name":"Inaugurato &#8220;Il Parco dei Briganti&#8221;, dove l&#8217;avventura sposa la natura"}]},{"@type":"WebSite","@id":"https:\/\/archiviocassano.lavocedelpaese.info\/#website","url":"https:\/\/archiviocassano.lavocedelpaese.info\/","name":"Archivio CassanoWeb","description":"La Voce del Paese - un network di idee","publisher":{"@id":"https:\/\/archiviocassano.lavocedelpaese.info\/#organization"},"potentialAction":[{"@type":"SearchAction","target":{"@type":"EntryPoint","urlTemplate":"https:\/\/archiviocassano.lavocedelpaese.info\/?s={search_term_string}"},"query-input":{"@type":"PropertyValueSpecification","valueRequired":true,"valueName":"search_term_string"}}],"inLanguage":"it-IT"},{"@type":"Organization","@id":"https:\/\/archiviocassano.lavocedelpaese.info\/#organization","name":"Archivio CassanoWeb","url":"https:\/\/archiviocassano.lavocedelpaese.info\/","logo":{"@type":"ImageObject","inLanguage":"it-IT","@id":"https:\/\/archiviocassano.lavocedelpaese.info\/#\/schema\/logo\/image\/","url":"https:\/\/archiviocassano.lavocedelpaese.info\/wp-content\/uploads\/2024\/08\/logo-rosso-2.png","contentUrl":"https:\/\/archiviocassano.lavocedelpaese.info\/wp-content\/uploads\/2024\/08\/logo-rosso-2.png","width":491,"height":432,"caption":"Archivio CassanoWeb"},"image":{"@id":"https:\/\/archiviocassano.lavocedelpaese.info\/#\/schema\/logo\/image\/"},"sameAs":["https:\/\/www.facebook.com\/redazione.cassanoweb"]},{"@type":"Person","@id":"https:\/\/archiviocassano.lavocedelpaese.info\/#\/schema\/person\/df195bc79a9b4c35127cf005f92e041b","name":"admin","image":{"@type":"ImageObject","inLanguage":"it-IT","@id":"https:\/\/secure.gravatar.com\/avatar\/eabba89a432e8eaa1b0207cc55f7e5340b22712b1ed80677efcf63e02ff5b235?s=96&d=mm&r=g","url":"https:\/\/secure.gravatar.com\/avatar\/eabba89a432e8eaa1b0207cc55f7e5340b22712b1ed80677efcf63e02ff5b235?s=96&d=mm&r=g","contentUrl":"https:\/\/secure.gravatar.com\/avatar\/eabba89a432e8eaa1b0207cc55f7e5340b22712b1ed80677efcf63e02ff5b235?s=96&d=mm&r=g","caption":"admin"},"sameAs":["https:\/\/archiviocassano.lavocedelpaese.info"],"url":"https:\/\/archiviocassano.lavocedelpaese.info\/index.php\/author\/admin_0qgz1xdp\/"}]}},"_links":{"self":[{"href":"https:\/\/archiviocassano.lavocedelpaese.info\/index.php\/wp-json\/wp\/v2\/posts\/8024","targetHints":{"allow":["GET"]}}],"collection":[{"href":"https:\/\/archiviocassano.lavocedelpaese.info\/index.php\/wp-json\/wp\/v2\/posts"}],"about":[{"href":"https:\/\/archiviocassano.lavocedelpaese.info\/index.php\/wp-json\/wp\/v2\/types\/post"}],"author":[{"embeddable":true,"href":"https:\/\/archiviocassano.lavocedelpaese.info\/index.php\/wp-json\/wp\/v2\/users\/1"}],"replies":[{"embeddable":true,"href":"https:\/\/archiviocassano.lavocedelpaese.info\/index.php\/wp-json\/wp\/v2\/comments?post=8024"}],"version-history":[{"count":0,"href":"https:\/\/archiviocassano.lavocedelpaese.info\/index.php\/wp-json\/wp\/v2\/posts\/8024\/revisions"}],"wp:featuredmedia":[{"embeddable":true,"href":"https:\/\/archiviocassano.lavocedelpaese.info\/index.php\/wp-json\/wp\/v2\/media\/8021"}],"wp:attachment":[{"href":"https:\/\/archiviocassano.lavocedelpaese.info\/index.php\/wp-json\/wp\/v2\/media?parent=8024"}],"wp:term":[{"taxonomy":"category","embeddable":true,"href":"https:\/\/archiviocassano.lavocedelpaese.info\/index.php\/wp-json\/wp\/v2\/categories?post=8024"},{"taxonomy":"post_tag","embeddable":true,"href":"https:\/\/archiviocassano.lavocedelpaese.info\/index.php\/wp-json\/wp\/v2\/tags?post=8024"}],"curies":[{"name":"wp","href":"https:\/\/api.w.org\/{rel}","templated":true}]}}