{"id":8025,"date":"2013-08-26T06:23:16","date_gmt":"2013-08-26T06:23:16","guid":{"rendered":"https:\/\/archiviocassano.lavocedelpaese.info\/index.php\/2013\/08\/26\/zullo-qtornano-le-qinterviste-di-rilievoq-ecco-il-programma\/"},"modified":"2013-08-26T06:23:16","modified_gmt":"2013-08-26T06:23:16","slug":"zullo-qtornano-le-qinterviste-di-rilievoq-ecco-il-programma","status":"publish","type":"post","link":"https:\/\/archiviocassano.lavocedelpaese.info\/index.php\/2013\/08\/26\/zullo-qtornano-le-qinterviste-di-rilievoq-ecco-il-programma\/","title":{"rendered":"Zullo, &#8220;Tornano le &#8220;Interviste di Rilievo&#8221;"},"content":{"rendered":"<p><img loading=\"lazy\" decoding=\"async\" class=\" size-full wp-image-6324\" style=\"margin-right: 2px; margin-left: 2px;\" alt=\"interviste di rilievo 2012 1\" src=\"https:\/\/archiviocassano.lavocedelpaese.info\/wp-content\/uploads\/2012\/08\/interviste_di_rilievo_2012_1.jpg\" height=\"150\" width=\"320\" srcset=\"https:\/\/archiviocassano.lavocedelpaese.info\/wp-content\/uploads\/2012\/08\/interviste_di_rilievo_2012_1.jpg 640w, https:\/\/archiviocassano.lavocedelpaese.info\/wp-content\/uploads\/2012\/08\/interviste_di_rilievo_2012_1-300x141.jpg 300w\" sizes=\"auto, (max-width: 320px) 100vw, 320px\" \/><\/p>\n<p><!--more--><\/p>\n<p style=\"text-align: justify;\"><span style=\"font-size: 10pt; line-height: 115%;\">Torna anche quest\u2019anno l\u2019appuntamento di fine estate con la politica in piazza grazie alle \u201cInterviste di Rilievo\u201d, organizzate dal Presidente del Consiglio Comunale di Cassano, Ignazio Zullo a cui abbiamo rivolto qualche domanda per conoscere il programma 2013.<\/span><\/p>\n<p style=\"text-align: justify;\"><span style=\"font-size: 10pt;\"><b><span style=\"line-height: 115%;\">Presidente, ritornano le \u201cInterviste di Rilievo\u201d\u2026<\/span><\/b><\/span><\/p>\n<p style=\"text-align: justify;\"><span style=\"font-size: 10pt; line-height: 115%;\">Gi\u00e0, ritornano e mi auguro che, indipendentemente da chi anche in futuro sar\u00e0 chiamato a ricoprire la carica di Presidente del Consiglio Comunale, le Interviste di Rilievo si strutturino al punto da diventare un patrimonio di Cassano in un crecendo che porti il nostro paese alla ribalta regionale e nazionale con i dibattiti estivi in piazza come avviene per altri luoghi come ad esempio Cortina.<\/span><\/p>\n<p style=\"text-align: justify;\"><span style=\"font-size: 10pt;\"><b><span style=\"line-height: 115%;\">Ma non ha il timore che il sentimento di contrariet\u00e0 verso la politica che serpeggia nei cittadini possa tradursi in un boicottaggio o in una contestazione verso gli ospiti?<\/span><\/b><\/span><\/p>\n<p style=\"text-align: justify;\"><span style=\"font-size: 10pt; line-height: 115%;\">Non nascondo che qualche preoccupazione in questo senso la nutro ma sono convinto che la maggioranza della gente non \u00e8 contro la politica ma contro un certo tipo di politica, quella politica arrogante, saccente, distante, autoreferenziale, incapace di ascoltare e di interpretare e dare soluzione ai bisogni. In piazza abbiamo voluto e vogliamo continuare a costruire un rapporto cittadini-politica fatto di vicinanza, di confronto, di umilt\u00e0, di rendicontazione, di presa di coscienza dei problemi, di stretta di mano tra cittadini e politico. Negli anni scorsi \u00e8 andata bene, perch\u00e8 non deve essere cos\u00ec anche quest\u2019anno?<\/span><\/p>\n<p style=\"text-align: justify;\"><span style=\"font-size: 10pt;\"><b><span style=\"line-height: 115%;\">E le contestazioni?<\/span><\/b><\/span><\/p>\n<p style=\"text-align: justify;\"><span style=\"font-size: 10pt; line-height: 115%;\">Le contestazioni se avanzate in modo civile fanno bene alla politica perch\u00e8le contestazioni sono il \u201ccane da guardia\u201d della correttezza dell\u2019azione politica e servono al politico a ripensare i propri comportamenti che quando escono dal seminato devono essere ricondotti nell\u2019alveo suo proprio cio\u00e8 nell\u2019alveo del servizio alla collettivit\u00e0. Anche in questo, sono certo che i cassanesi sapranno dimostrare maturit\u00e0, buon senso dell\u2019ospitalit\u00e0 e del rispetto ma anche arguzia e senso critico nel porre le questioni di interesse comune.<\/span><\/p>\n<p style=\"text-align: justify;\"><span style=\"font-size: 10pt; line-height: 115%;\"> <b>Ci pu\u00f2 anticipare qualche tema e qualche ospite?<\/b><\/span><\/p>\n<p style=\"text-align: justify;\"><span style=\"font-size: 10pt; line-height: 115%;\">Il primo incontro che si terr\u00e0<strong> il 30 agosto alle 19.30<\/strong> verter\u00e0 su come si svolge ed \u00e8 vissuta la politica in Puglia e a Roma nell\u2019esperienza di tre autorevoli e determinanti esponenti della politica in Regione ribaltati poi in Parlamento. Si tratta di uomini simbolo della politica regionale come <strong>Rocco Palese del PDL, Arcangelo Sannicandro di SEL e Antonio Decaro del PD<\/strong>. Abbiamo calendarizzato per <strong>il 5 settembre<\/strong> un incontro con Raffaele Fitto e Francesco Boccia sul governo delle larghe intese, semprech\u00e8 duri, e la crescita. Il resto si vedr\u00e0 in funzione della disponibilit\u00e0 degli ospiti ma vorrei avere l\u2019Assessore Regionale all\u2019Ambiente Lorenzo Nicastro per parlare del Piano Rifiuti e della Vicepresidente della Giunta Regionale Angela Barbanente per parlare del Piano Paesaggistico, due grandi provvedimenti che segneranno profondamente il futuro della Puglia nonch\u00e8 dell\u2019avv. Sisto unitamente ad esponenti del PD o SEL o del Movimento 5 Stelle per parlare di riforme costituzionali. Ci sono contatti, niente di definito. Vedremo!<\/span><\/p>\n<p style=\"text-align: justify;\"><span style=\"font-size: 10pt;\"><b><span style=\"line-height: 115%;\">Saliranno sul palco nelle vesti di intervistatori anche i consiglieri di opposizione?<\/span><\/b><\/span><\/p>\n<p style=\"text-align: justify;\"><span style=\"font-size: 10pt; line-height: 115%;\">La partecipazione \u00e8 libera e aperta a tutti i componenti del Consiglio Comunale senza distinzione di posizioni di maggioranza o di minoranza. Io chieder\u00f2, come negli anni scorsi con un sms la disponibilit\u00e0 a tutti ed in base a quelle disponibilit\u00e0 che mi saranno comunicate si dar\u00e0 spazio a tutti con privilegio per i consiglieri di minoranza. Mi auguro che tutti siano liberi in quelle sere e che tutti possano offrire un contributo perch\u00e8 ripeto, tutti dobbiamo contribuire acch\u00e8 le &#8220;Interviste di Rilievo&#8221; si perpetuino nella vita di Cassano e, chi lo sa, nel prossimo futuro potrebbe ritrovarsi ad essere Presidente del Consiglio un consigliere che oggi \u00e8 all\u2019opposizione. Dobbiamo convincerci che le &#8220;Interviste di Rilievo&#8221; non sono propriet\u00e0 di Zullo o della maggioranza ma appartengono a Cassano.<\/span><\/p>\n","protected":false},"excerpt":{"rendered":"","protected":false},"author":1,"featured_media":6324,"comment_status":"open","ping_status":"closed","sticky":false,"template":"","format":"standard","meta":{"colormag_page_container_layout":"default_layout","colormag_page_sidebar_layout":"default_layout","footnotes":""},"categories":[4],"tags":[],"class_list":["post-8025","post","type-post","status-publish","format-standard","has-post-thumbnail","hentry","category-politica"],"yoast_head":"<!-- This site is optimized with the Yoast SEO plugin v27.5 - https:\/\/yoast.com\/product\/yoast-seo-wordpress\/ -->\n<title>Zullo, &quot;Tornano le &quot;Interviste di Rilievo&quot; - Archivio CassanoWeb<\/title>\n<meta name=\"robots\" content=\"index, follow, max-snippet:-1, max-image-preview:large, max-video-preview:-1\" \/>\n<link rel=\"canonical\" href=\"https:\/\/archiviocassano.lavocedelpaese.info\/index.php\/2013\/08\/26\/zullo-qtornano-le-qinterviste-di-rilievoq-ecco-il-programma\/\" \/>\n<meta property=\"og:locale\" content=\"it_IT\" \/>\n<meta property=\"og:type\" content=\"article\" \/>\n<meta property=\"og:title\" content=\"Zullo, &quot;Tornano le &quot;Interviste di Rilievo&quot; - Archivio CassanoWeb\" \/>\n<meta property=\"og:url\" content=\"https:\/\/archiviocassano.lavocedelpaese.info\/index.php\/2013\/08\/26\/zullo-qtornano-le-qinterviste-di-rilievoq-ecco-il-programma\/\" \/>\n<meta property=\"og:site_name\" content=\"Archivio CassanoWeb\" \/>\n<meta property=\"article:publisher\" content=\"https:\/\/www.facebook.com\/redazione.cassanoweb\" \/>\n<meta property=\"article:published_time\" content=\"2013-08-26T06:23:16+00:00\" \/>\n<meta property=\"og:image\" content=\"https:\/\/archiviocassano.lavocedelpaese.info\/wp-content\/uploads\/2012\/08\/interviste_di_rilievo_2012_1.jpg\" \/>\n\t<meta property=\"og:image:width\" content=\"640\" \/>\n\t<meta property=\"og:image:height\" content=\"300\" \/>\n\t<meta property=\"og:image:type\" content=\"image\/jpeg\" \/>\n<meta name=\"author\" content=\"admin\" \/>\n<meta name=\"twitter:card\" content=\"summary_large_image\" \/>\n<meta name=\"twitter:label1\" content=\"Scritto da\" \/>\n\t<meta name=\"twitter:data1\" content=\"admin\" \/>\n\t<meta name=\"twitter:label2\" content=\"Tempo di lettura stimato\" \/>\n\t<meta name=\"twitter:data2\" content=\"3 minuti\" \/>\n<script type=\"application\/ld+json\" class=\"yoast-schema-graph\">{\"@context\":\"https:\\\/\\\/schema.org\",\"@graph\":[{\"@type\":\"Article\",\"@id\":\"https:\\\/\\\/archiviocassano.lavocedelpaese.info\\\/index.php\\\/2013\\\/08\\\/26\\\/zullo-qtornano-le-qinterviste-di-rilievoq-ecco-il-programma\\\/#article\",\"isPartOf\":{\"@id\":\"https:\\\/\\\/archiviocassano.lavocedelpaese.info\\\/index.php\\\/2013\\\/08\\\/26\\\/zullo-qtornano-le-qinterviste-di-rilievoq-ecco-il-programma\\\/\"},\"author\":{\"name\":\"admin\",\"@id\":\"https:\\\/\\\/archiviocassano.lavocedelpaese.info\\\/#\\\/schema\\\/person\\\/df195bc79a9b4c35127cf005f92e041b\"},\"headline\":\"Zullo, &#8220;Tornano le &#8220;Interviste di Rilievo&#8221;\",\"datePublished\":\"2013-08-26T06:23:16+00:00\",\"mainEntityOfPage\":{\"@id\":\"https:\\\/\\\/archiviocassano.lavocedelpaese.info\\\/index.php\\\/2013\\\/08\\\/26\\\/zullo-qtornano-le-qinterviste-di-rilievoq-ecco-il-programma\\\/\"},\"wordCount\":631,\"commentCount\":0,\"publisher\":{\"@id\":\"https:\\\/\\\/archiviocassano.lavocedelpaese.info\\\/#organization\"},\"image\":{\"@id\":\"https:\\\/\\\/archiviocassano.lavocedelpaese.info\\\/index.php\\\/2013\\\/08\\\/26\\\/zullo-qtornano-le-qinterviste-di-rilievoq-ecco-il-programma\\\/#primaryimage\"},\"thumbnailUrl\":\"https:\\\/\\\/archiviocassano.lavocedelpaese.info\\\/wp-content\\\/uploads\\\/2012\\\/08\\\/interviste_di_rilievo_2012_1.jpg\",\"articleSection\":[\"Politica\"],\"inLanguage\":\"it-IT\",\"potentialAction\":[{\"@type\":\"CommentAction\",\"name\":\"Comment\",\"target\":[\"https:\\\/\\\/archiviocassano.lavocedelpaese.info\\\/index.php\\\/2013\\\/08\\\/26\\\/zullo-qtornano-le-qinterviste-di-rilievoq-ecco-il-programma\\\/#respond\"]}]},{\"@type\":\"WebPage\",\"@id\":\"https:\\\/\\\/archiviocassano.lavocedelpaese.info\\\/index.php\\\/2013\\\/08\\\/26\\\/zullo-qtornano-le-qinterviste-di-rilievoq-ecco-il-programma\\\/\",\"url\":\"https:\\\/\\\/archiviocassano.lavocedelpaese.info\\\/index.php\\\/2013\\\/08\\\/26\\\/zullo-qtornano-le-qinterviste-di-rilievoq-ecco-il-programma\\\/\",\"name\":\"Zullo, \\\"Tornano le \\\"Interviste di Rilievo\\\" - Archivio CassanoWeb\",\"isPartOf\":{\"@id\":\"https:\\\/\\\/archiviocassano.lavocedelpaese.info\\\/#website\"},\"primaryImageOfPage\":{\"@id\":\"https:\\\/\\\/archiviocassano.lavocedelpaese.info\\\/index.php\\\/2013\\\/08\\\/26\\\/zullo-qtornano-le-qinterviste-di-rilievoq-ecco-il-programma\\\/#primaryimage\"},\"image\":{\"@id\":\"https:\\\/\\\/archiviocassano.lavocedelpaese.info\\\/index.php\\\/2013\\\/08\\\/26\\\/zullo-qtornano-le-qinterviste-di-rilievoq-ecco-il-programma\\\/#primaryimage\"},\"thumbnailUrl\":\"https:\\\/\\\/archiviocassano.lavocedelpaese.info\\\/wp-content\\\/uploads\\\/2012\\\/08\\\/interviste_di_rilievo_2012_1.jpg\",\"datePublished\":\"2013-08-26T06:23:16+00:00\",\"breadcrumb\":{\"@id\":\"https:\\\/\\\/archiviocassano.lavocedelpaese.info\\\/index.php\\\/2013\\\/08\\\/26\\\/zullo-qtornano-le-qinterviste-di-rilievoq-ecco-il-programma\\\/#breadcrumb\"},\"inLanguage\":\"it-IT\",\"potentialAction\":[{\"@type\":\"ReadAction\",\"target\":[\"https:\\\/\\\/archiviocassano.lavocedelpaese.info\\\/index.php\\\/2013\\\/08\\\/26\\\/zullo-qtornano-le-qinterviste-di-rilievoq-ecco-il-programma\\\/\"]}]},{\"@type\":\"ImageObject\",\"inLanguage\":\"it-IT\",\"@id\":\"https:\\\/\\\/archiviocassano.lavocedelpaese.info\\\/index.php\\\/2013\\\/08\\\/26\\\/zullo-qtornano-le-qinterviste-di-rilievoq-ecco-il-programma\\\/#primaryimage\",\"url\":\"https:\\\/\\\/archiviocassano.lavocedelpaese.info\\\/wp-content\\\/uploads\\\/2012\\\/08\\\/interviste_di_rilievo_2012_1.jpg\",\"contentUrl\":\"https:\\\/\\\/archiviocassano.lavocedelpaese.info\\\/wp-content\\\/uploads\\\/2012\\\/08\\\/interviste_di_rilievo_2012_1.jpg\",\"width\":640,\"height\":300,\"caption\":\"interviste di rilievo 2012 1\"},{\"@type\":\"BreadcrumbList\",\"@id\":\"https:\\\/\\\/archiviocassano.lavocedelpaese.info\\\/index.php\\\/2013\\\/08\\\/26\\\/zullo-qtornano-le-qinterviste-di-rilievoq-ecco-il-programma\\\/#breadcrumb\",\"itemListElement\":[{\"@type\":\"ListItem\",\"position\":1,\"name\":\"Home\",\"item\":\"https:\\\/\\\/archiviocassano.lavocedelpaese.info\\\/\"},{\"@type\":\"ListItem\",\"position\":2,\"name\":\"Zullo, &#8220;Tornano le &#8220;Interviste di Rilievo&#8221;\"}]},{\"@type\":\"WebSite\",\"@id\":\"https:\\\/\\\/archiviocassano.lavocedelpaese.info\\\/#website\",\"url\":\"https:\\\/\\\/archiviocassano.lavocedelpaese.info\\\/\",\"name\":\"Archivio CassanoWeb\",\"description\":\"La Voce del Paese - un network di idee\",\"publisher\":{\"@id\":\"https:\\\/\\\/archiviocassano.lavocedelpaese.info\\\/#organization\"},\"potentialAction\":[{\"@type\":\"SearchAction\",\"target\":{\"@type\":\"EntryPoint\",\"urlTemplate\":\"https:\\\/\\\/archiviocassano.lavocedelpaese.info\\\/?s={search_term_string}\"},\"query-input\":{\"@type\":\"PropertyValueSpecification\",\"valueRequired\":true,\"valueName\":\"search_term_string\"}}],\"inLanguage\":\"it-IT\"},{\"@type\":\"Organization\",\"@id\":\"https:\\\/\\\/archiviocassano.lavocedelpaese.info\\\/#organization\",\"name\":\"Archivio CassanoWeb\",\"url\":\"https:\\\/\\\/archiviocassano.lavocedelpaese.info\\\/\",\"logo\":{\"@type\":\"ImageObject\",\"inLanguage\":\"it-IT\",\"@id\":\"https:\\\/\\\/archiviocassano.lavocedelpaese.info\\\/#\\\/schema\\\/logo\\\/image\\\/\",\"url\":\"https:\\\/\\\/archiviocassano.lavocedelpaese.info\\\/wp-content\\\/uploads\\\/2024\\\/08\\\/logo-rosso-2.png\",\"contentUrl\":\"https:\\\/\\\/archiviocassano.lavocedelpaese.info\\\/wp-content\\\/uploads\\\/2024\\\/08\\\/logo-rosso-2.png\",\"width\":491,\"height\":432,\"caption\":\"Archivio CassanoWeb\"},\"image\":{\"@id\":\"https:\\\/\\\/archiviocassano.lavocedelpaese.info\\\/#\\\/schema\\\/logo\\\/image\\\/\"},\"sameAs\":[\"https:\\\/\\\/www.facebook.com\\\/redazione.cassanoweb\"]},{\"@type\":\"Person\",\"@id\":\"https:\\\/\\\/archiviocassano.lavocedelpaese.info\\\/#\\\/schema\\\/person\\\/df195bc79a9b4c35127cf005f92e041b\",\"name\":\"admin\",\"image\":{\"@type\":\"ImageObject\",\"inLanguage\":\"it-IT\",\"@id\":\"https:\\\/\\\/secure.gravatar.com\\\/avatar\\\/eabba89a432e8eaa1b0207cc55f7e5340b22712b1ed80677efcf63e02ff5b235?s=96&d=mm&r=g\",\"url\":\"https:\\\/\\\/secure.gravatar.com\\\/avatar\\\/eabba89a432e8eaa1b0207cc55f7e5340b22712b1ed80677efcf63e02ff5b235?s=96&d=mm&r=g\",\"contentUrl\":\"https:\\\/\\\/secure.gravatar.com\\\/avatar\\\/eabba89a432e8eaa1b0207cc55f7e5340b22712b1ed80677efcf63e02ff5b235?s=96&d=mm&r=g\",\"caption\":\"admin\"},\"sameAs\":[\"https:\\\/\\\/archiviocassano.lavocedelpaese.info\"],\"url\":\"https:\\\/\\\/archiviocassano.lavocedelpaese.info\\\/index.php\\\/author\\\/admin_0qgz1xdp\\\/\"}]}<\/script>\n<!-- \/ Yoast SEO plugin. -->","yoast_head_json":{"title":"Zullo, \"Tornano le \"Interviste di Rilievo\" - Archivio CassanoWeb","robots":{"index":"index","follow":"follow","max-snippet":"max-snippet:-1","max-image-preview":"max-image-preview:large","max-video-preview":"max-video-preview:-1"},"canonical":"https:\/\/archiviocassano.lavocedelpaese.info\/index.php\/2013\/08\/26\/zullo-qtornano-le-qinterviste-di-rilievoq-ecco-il-programma\/","og_locale":"it_IT","og_type":"article","og_title":"Zullo, \"Tornano le \"Interviste di Rilievo\" - Archivio CassanoWeb","og_url":"https:\/\/archiviocassano.lavocedelpaese.info\/index.php\/2013\/08\/26\/zullo-qtornano-le-qinterviste-di-rilievoq-ecco-il-programma\/","og_site_name":"Archivio CassanoWeb","article_publisher":"https:\/\/www.facebook.com\/redazione.cassanoweb","article_published_time":"2013-08-26T06:23:16+00:00","og_image":[{"width":640,"height":300,"url":"https:\/\/archiviocassano.lavocedelpaese.info\/wp-content\/uploads\/2012\/08\/interviste_di_rilievo_2012_1.jpg","type":"image\/jpeg"}],"author":"admin","twitter_card":"summary_large_image","twitter_misc":{"Scritto da":"admin","Tempo di lettura stimato":"3 minuti"},"schema":{"@context":"https:\/\/schema.org","@graph":[{"@type":"Article","@id":"https:\/\/archiviocassano.lavocedelpaese.info\/index.php\/2013\/08\/26\/zullo-qtornano-le-qinterviste-di-rilievoq-ecco-il-programma\/#article","isPartOf":{"@id":"https:\/\/archiviocassano.lavocedelpaese.info\/index.php\/2013\/08\/26\/zullo-qtornano-le-qinterviste-di-rilievoq-ecco-il-programma\/"},"author":{"name":"admin","@id":"https:\/\/archiviocassano.lavocedelpaese.info\/#\/schema\/person\/df195bc79a9b4c35127cf005f92e041b"},"headline":"Zullo, &#8220;Tornano le &#8220;Interviste di Rilievo&#8221;","datePublished":"2013-08-26T06:23:16+00:00","mainEntityOfPage":{"@id":"https:\/\/archiviocassano.lavocedelpaese.info\/index.php\/2013\/08\/26\/zullo-qtornano-le-qinterviste-di-rilievoq-ecco-il-programma\/"},"wordCount":631,"commentCount":0,"publisher":{"@id":"https:\/\/archiviocassano.lavocedelpaese.info\/#organization"},"image":{"@id":"https:\/\/archiviocassano.lavocedelpaese.info\/index.php\/2013\/08\/26\/zullo-qtornano-le-qinterviste-di-rilievoq-ecco-il-programma\/#primaryimage"},"thumbnailUrl":"https:\/\/archiviocassano.lavocedelpaese.info\/wp-content\/uploads\/2012\/08\/interviste_di_rilievo_2012_1.jpg","articleSection":["Politica"],"inLanguage":"it-IT","potentialAction":[{"@type":"CommentAction","name":"Comment","target":["https:\/\/archiviocassano.lavocedelpaese.info\/index.php\/2013\/08\/26\/zullo-qtornano-le-qinterviste-di-rilievoq-ecco-il-programma\/#respond"]}]},{"@type":"WebPage","@id":"https:\/\/archiviocassano.lavocedelpaese.info\/index.php\/2013\/08\/26\/zullo-qtornano-le-qinterviste-di-rilievoq-ecco-il-programma\/","url":"https:\/\/archiviocassano.lavocedelpaese.info\/index.php\/2013\/08\/26\/zullo-qtornano-le-qinterviste-di-rilievoq-ecco-il-programma\/","name":"Zullo, \"Tornano le \"Interviste di Rilievo\" - Archivio CassanoWeb","isPartOf":{"@id":"https:\/\/archiviocassano.lavocedelpaese.info\/#website"},"primaryImageOfPage":{"@id":"https:\/\/archiviocassano.lavocedelpaese.info\/index.php\/2013\/08\/26\/zullo-qtornano-le-qinterviste-di-rilievoq-ecco-il-programma\/#primaryimage"},"image":{"@id":"https:\/\/archiviocassano.lavocedelpaese.info\/index.php\/2013\/08\/26\/zullo-qtornano-le-qinterviste-di-rilievoq-ecco-il-programma\/#primaryimage"},"thumbnailUrl":"https:\/\/archiviocassano.lavocedelpaese.info\/wp-content\/uploads\/2012\/08\/interviste_di_rilievo_2012_1.jpg","datePublished":"2013-08-26T06:23:16+00:00","breadcrumb":{"@id":"https:\/\/archiviocassano.lavocedelpaese.info\/index.php\/2013\/08\/26\/zullo-qtornano-le-qinterviste-di-rilievoq-ecco-il-programma\/#breadcrumb"},"inLanguage":"it-IT","potentialAction":[{"@type":"ReadAction","target":["https:\/\/archiviocassano.lavocedelpaese.info\/index.php\/2013\/08\/26\/zullo-qtornano-le-qinterviste-di-rilievoq-ecco-il-programma\/"]}]},{"@type":"ImageObject","inLanguage":"it-IT","@id":"https:\/\/archiviocassano.lavocedelpaese.info\/index.php\/2013\/08\/26\/zullo-qtornano-le-qinterviste-di-rilievoq-ecco-il-programma\/#primaryimage","url":"https:\/\/archiviocassano.lavocedelpaese.info\/wp-content\/uploads\/2012\/08\/interviste_di_rilievo_2012_1.jpg","contentUrl":"https:\/\/archiviocassano.lavocedelpaese.info\/wp-content\/uploads\/2012\/08\/interviste_di_rilievo_2012_1.jpg","width":640,"height":300,"caption":"interviste di rilievo 2012 1"},{"@type":"BreadcrumbList","@id":"https:\/\/archiviocassano.lavocedelpaese.info\/index.php\/2013\/08\/26\/zullo-qtornano-le-qinterviste-di-rilievoq-ecco-il-programma\/#breadcrumb","itemListElement":[{"@type":"ListItem","position":1,"name":"Home","item":"https:\/\/archiviocassano.lavocedelpaese.info\/"},{"@type":"ListItem","position":2,"name":"Zullo, &#8220;Tornano le &#8220;Interviste di Rilievo&#8221;"}]},{"@type":"WebSite","@id":"https:\/\/archiviocassano.lavocedelpaese.info\/#website","url":"https:\/\/archiviocassano.lavocedelpaese.info\/","name":"Archivio CassanoWeb","description":"La Voce del Paese - un network di idee","publisher":{"@id":"https:\/\/archiviocassano.lavocedelpaese.info\/#organization"},"potentialAction":[{"@type":"SearchAction","target":{"@type":"EntryPoint","urlTemplate":"https:\/\/archiviocassano.lavocedelpaese.info\/?s={search_term_string}"},"query-input":{"@type":"PropertyValueSpecification","valueRequired":true,"valueName":"search_term_string"}}],"inLanguage":"it-IT"},{"@type":"Organization","@id":"https:\/\/archiviocassano.lavocedelpaese.info\/#organization","name":"Archivio CassanoWeb","url":"https:\/\/archiviocassano.lavocedelpaese.info\/","logo":{"@type":"ImageObject","inLanguage":"it-IT","@id":"https:\/\/archiviocassano.lavocedelpaese.info\/#\/schema\/logo\/image\/","url":"https:\/\/archiviocassano.lavocedelpaese.info\/wp-content\/uploads\/2024\/08\/logo-rosso-2.png","contentUrl":"https:\/\/archiviocassano.lavocedelpaese.info\/wp-content\/uploads\/2024\/08\/logo-rosso-2.png","width":491,"height":432,"caption":"Archivio CassanoWeb"},"image":{"@id":"https:\/\/archiviocassano.lavocedelpaese.info\/#\/schema\/logo\/image\/"},"sameAs":["https:\/\/www.facebook.com\/redazione.cassanoweb"]},{"@type":"Person","@id":"https:\/\/archiviocassano.lavocedelpaese.info\/#\/schema\/person\/df195bc79a9b4c35127cf005f92e041b","name":"admin","image":{"@type":"ImageObject","inLanguage":"it-IT","@id":"https:\/\/secure.gravatar.com\/avatar\/eabba89a432e8eaa1b0207cc55f7e5340b22712b1ed80677efcf63e02ff5b235?s=96&d=mm&r=g","url":"https:\/\/secure.gravatar.com\/avatar\/eabba89a432e8eaa1b0207cc55f7e5340b22712b1ed80677efcf63e02ff5b235?s=96&d=mm&r=g","contentUrl":"https:\/\/secure.gravatar.com\/avatar\/eabba89a432e8eaa1b0207cc55f7e5340b22712b1ed80677efcf63e02ff5b235?s=96&d=mm&r=g","caption":"admin"},"sameAs":["https:\/\/archiviocassano.lavocedelpaese.info"],"url":"https:\/\/archiviocassano.lavocedelpaese.info\/index.php\/author\/admin_0qgz1xdp\/"}]}},"_links":{"self":[{"href":"https:\/\/archiviocassano.lavocedelpaese.info\/index.php\/wp-json\/wp\/v2\/posts\/8025","targetHints":{"allow":["GET"]}}],"collection":[{"href":"https:\/\/archiviocassano.lavocedelpaese.info\/index.php\/wp-json\/wp\/v2\/posts"}],"about":[{"href":"https:\/\/archiviocassano.lavocedelpaese.info\/index.php\/wp-json\/wp\/v2\/types\/post"}],"author":[{"embeddable":true,"href":"https:\/\/archiviocassano.lavocedelpaese.info\/index.php\/wp-json\/wp\/v2\/users\/1"}],"replies":[{"embeddable":true,"href":"https:\/\/archiviocassano.lavocedelpaese.info\/index.php\/wp-json\/wp\/v2\/comments?post=8025"}],"version-history":[{"count":0,"href":"https:\/\/archiviocassano.lavocedelpaese.info\/index.php\/wp-json\/wp\/v2\/posts\/8025\/revisions"}],"wp:featuredmedia":[{"embeddable":true,"href":"https:\/\/archiviocassano.lavocedelpaese.info\/index.php\/wp-json\/wp\/v2\/media\/6324"}],"wp:attachment":[{"href":"https:\/\/archiviocassano.lavocedelpaese.info\/index.php\/wp-json\/wp\/v2\/media?parent=8025"}],"wp:term":[{"taxonomy":"category","embeddable":true,"href":"https:\/\/archiviocassano.lavocedelpaese.info\/index.php\/wp-json\/wp\/v2\/categories?post=8025"},{"taxonomy":"post_tag","embeddable":true,"href":"https:\/\/archiviocassano.lavocedelpaese.info\/index.php\/wp-json\/wp\/v2\/tags?post=8025"}],"curies":[{"name":"wp","href":"https:\/\/api.w.org\/{rel}","templated":true}]}}