{"id":8067,"date":"2013-09-02T07:08:34","date_gmt":"2013-09-02T07:08:34","guid":{"rendered":"https:\/\/archiviocassano.lavocedelpaese.info\/index.php\/2013\/09\/02\/bilanci-comunali-di-previsione-rinviati-al-30-novembre\/"},"modified":"2013-09-02T07:08:34","modified_gmt":"2013-09-02T07:08:34","slug":"bilanci-comunali-di-previsione-rinviati-al-30-novembre","status":"publish","type":"post","link":"https:\/\/archiviocassano.lavocedelpaese.info\/index.php\/2013\/09\/02\/bilanci-comunali-di-previsione-rinviati-al-30-novembre\/","title":{"rendered":"Bilanci Comunali (di previsione) rinviati al 30 novembre!"},"content":{"rendered":"<p><img loading=\"lazy\" decoding=\"async\" style=\"margin-right: 2px; margin-left: 2px;\" alt=\"municipio\" src=\"images\/stories\/archiviofoto\/municipio.jpg\" height=\"150\" width=\"320\" \/><\/p>\n<p><!--more--><\/p>\n<p>&nbsp;<\/p>\n<p style=\"text-align: justify;\"><span style=\"font-size: 11pt; font-family: 'Arial','sans-serif';\">I bilanci degli enti locali slittano ancora, questa volta al 30 novembre. La nuova proroga, dopo quella al 30 settembre disposta dal decreto \u00absblocca pagamenti\u00bb, \u00e8 contenuta nella bozza del decreto Imu approvato mercoled\u00ec dal governo.<\/span><\/p>\n<p style=\"text-align: justify;\"><span style=\"font-size: 11pt; font-family: 'Arial','sans-serif';\">Si tratta quasi di un record, dato che la dead-line viene collocata ben undici mesi dopo la scadenza naturale del 31 dicembre.<\/span><\/p>\n<p style=\"text-align: justify;\"><span style=\"font-size: 11pt; font-family: 'Arial','sans-serif';\">L&#8217;ennesimo rinvio \u00e8 motivato soprattutto dalle incertezze che riguardano i conti dei comuni: a beneficiarne, tuttavia, potranno essere anche le province, oltre agli altri enti locali, come, ad esempio, le unioni di comuni.<\/span><\/p>\n<p style=\"text-align: justify;\"><span style=\"font-size: 11pt; font-family: 'Arial','sans-serif';\">Ma, come detto, sono i sindaci ad avere le maggiori difficolt\u00e0 nel chiudere i preventivi 2013.<\/span><\/p>\n<p style=\"text-align: justify;\"><span style=\"font-size: 11pt; font-family: 'Arial','sans-serif';\">Oltre ovviamente al restyling dell&#8217;imposta municipale propria (con gli annessi dubbi relativi ai tempi ed alle modalit\u00e0 di erogazione dei rimborsi per il mancato gettito), in ballo c&#8217;\u00e8 ancora il destino della Tares (su cui il decreto introduce nuove modifiche), ma soprattutto quello del fondo di solidariet\u00e0 comunale.<\/span><\/p>\n<p style=\"text-align: justify;\"><span style=\"font-size: 11pt; font-family: 'Arial','sans-serif';\">Quest&#8217;ultimo, istituito dalla scorsa legge di stabilit\u00e0 (l 228\/2013) al posto del fondo sperimentale di riequilibrio, avrebbe dovuto essere reso operativo entro la met\u00e0 dello scorso mese di maggio, sulla base di un accordo fra le amministrazioni locali, ovvero, in mancanza, dallo Stato in via unilaterale.<\/span><\/p>\n<p style=\"text-align: justify;\"><span style=\"font-size: 11pt; font-family: 'Arial','sans-serif';\">Il prescritto dpcm, per\u00f2, non ha ancora visto la luce.<\/span><\/p>\n<p style=\"text-align: justify;\"><span style=\"font-size: 11pt; font-family: 'Arial','sans-serif';\">Nel frattempo, la legge 64\/2013 (di conversione del dl 35 sullo sblocco dei debiti della pa) ha parzialmente modificato, semplificandoli, i criteri di riparto. Ma ci\u00f2 non \u00e8 stato finora sufficiente a sciogliere l&#8217;impasse.<\/span><\/p>\n<p style=\"text-align: justify;\"><span style=\"font-size: 11pt; font-family: 'Arial','sans-serif';\">L&#8217;ostacolo principale \u00e8 rappresentato dalla mancata distribuzione dei tagli previsti dalla \u00abspending review\u00bb (dl 95\/2012), che per i comuni quest&#8217;anno valgono 2250 milioni. In base alla disciplina originaria, a guidare le sforbiciate (sempre salvo diverso accordo fra i sindaci) avrebbero dovuto essere i consumi intermedi rilevati dal Siope nel 2011.<\/span><\/p>\n<p style=\"text-align: justify;\"><span style=\"font-size: 11pt; font-family: 'Arial','sans-serif';\">Successivamente, per\u00f2, la legge 64 ha cambiato le carte in tavola, spostando il riferimento al triennio 2010-2012 e introducendo una clausola di salvaguardia articolata per fasce demografiche. Ma anche in tal caso, la modifica non \u00e8 bastata, costringendo i ragionieri a scrivere in bilancio dati stimati sulla base di formule (talora) arcane.<\/span><\/p>\n<p style=\"text-align: justify;\"><span style=\"font-size: 11pt; font-family: 'Arial','sans-serif';\">Il risultato \u00e8 che lo Stato, dopo l&#8217;acconto pagato a fine febbraio (pari al 20% del fondo 2012) non ha pi\u00f9 versato un euro ai comuni, causando diffuse difficolt\u00e0 di cassa che il rinvio (ora trasformato in abolizione definitiva) dell&#8217;acconto Imu ha ulteriormente accentuato.<\/span><\/p>\n<p style=\"text-align: justify;\"><span style=\"font-size: 11pt; font-family: 'Arial','sans-serif';\">Ora il decreto ci mette una pezza, prevedendo che, nelle more della definizione del fondo di solidariet\u00e0, il ministero dell&#8217;interno eroghi, entro il prossimo 5 settembre, un ulteriore anticipo di 2.500 milioni di euro.<\/span><\/p>\n<p style=\"text-align: justify;\"><span style=\"font-size: 11pt; font-family: 'Arial','sans-serif';\">Per chi non ha ancora approvato il bilancio, quindi, ci sono ora altri tre mesi di tempo per farlo. Chi taglier\u00e0 il traguardo dopo il 30 settembre, non dovr\u00e0 ovviamente adottare la deliberazione consiliare sulla salvaguardia degli equilibri di cui all&#8217;art. 193 del Tuel, mentre per chi licenzier\u00e0 il preventivo dopo il 1 settembre tale adempimento continua ad essere facoltativo. Per quest&#8217;anno, infine, le deliberazioni di approvazione delle aliquote e delle detrazioni, nonch\u00e9 i regolamenti dell&#8217;Imu, acquistano efficacia a decorrere dalla data di pubblicazione nel sito istituzionale di ciascun comune.<\/span><\/p>\n<p style=\"text-align: right;\">&nbsp;<\/p>\n<p>Matteo Barbero (Italia Oggi)<\/p>\n<p><\/p>\n<p style=\"text-align: justify;\">&nbsp;<\/p>\n<p>&nbsp;<\/p>\n","protected":false},"excerpt":{"rendered":"","protected":false},"author":1,"featured_media":0,"comment_status":"open","ping_status":"closed","sticky":false,"template":"","format":"standard","meta":{"colormag_page_container_layout":"default_layout","colormag_page_sidebar_layout":"default_layout","footnotes":""},"categories":[4],"tags":[],"class_list":["post-8067","post","type-post","status-publish","format-standard","hentry","category-politica"],"yoast_head":"<!-- This site is optimized with the Yoast SEO plugin v27.5 - https:\/\/yoast.com\/product\/yoast-seo-wordpress\/ -->\n<title>Bilanci Comunali (di previsione) rinviati al 30 novembre! - Archivio CassanoWeb<\/title>\n<meta name=\"robots\" content=\"index, follow, max-snippet:-1, max-image-preview:large, max-video-preview:-1\" \/>\n<link rel=\"canonical\" href=\"https:\/\/archiviocassano.lavocedelpaese.info\/index.php\/2013\/09\/02\/bilanci-comunali-di-previsione-rinviati-al-30-novembre\/\" \/>\n<meta property=\"og:locale\" content=\"it_IT\" \/>\n<meta property=\"og:type\" content=\"article\" \/>\n<meta property=\"og:title\" content=\"Bilanci Comunali (di previsione) rinviati al 30 novembre! - Archivio CassanoWeb\" \/>\n<meta property=\"og:url\" content=\"https:\/\/archiviocassano.lavocedelpaese.info\/index.php\/2013\/09\/02\/bilanci-comunali-di-previsione-rinviati-al-30-novembre\/\" \/>\n<meta property=\"og:site_name\" content=\"Archivio CassanoWeb\" \/>\n<meta property=\"article:publisher\" content=\"https:\/\/www.facebook.com\/redazione.cassanoweb\" \/>\n<meta property=\"article:published_time\" content=\"2013-09-02T07:08:34+00:00\" \/>\n<meta name=\"author\" content=\"admin\" \/>\n<meta name=\"twitter:card\" content=\"summary_large_image\" \/>\n<meta name=\"twitter:label1\" content=\"Scritto da\" \/>\n\t<meta name=\"twitter:data1\" content=\"admin\" \/>\n\t<meta name=\"twitter:label2\" content=\"Tempo di lettura stimato\" \/>\n\t<meta name=\"twitter:data2\" content=\"2 minuti\" \/>\n<script type=\"application\/ld+json\" class=\"yoast-schema-graph\">{\"@context\":\"https:\\\/\\\/schema.org\",\"@graph\":[{\"@type\":\"Article\",\"@id\":\"https:\\\/\\\/archiviocassano.lavocedelpaese.info\\\/index.php\\\/2013\\\/09\\\/02\\\/bilanci-comunali-di-previsione-rinviati-al-30-novembre\\\/#article\",\"isPartOf\":{\"@id\":\"https:\\\/\\\/archiviocassano.lavocedelpaese.info\\\/index.php\\\/2013\\\/09\\\/02\\\/bilanci-comunali-di-previsione-rinviati-al-30-novembre\\\/\"},\"author\":{\"name\":\"admin\",\"@id\":\"https:\\\/\\\/archiviocassano.lavocedelpaese.info\\\/#\\\/schema\\\/person\\\/df195bc79a9b4c35127cf005f92e041b\"},\"headline\":\"Bilanci Comunali (di previsione) rinviati al 30 novembre!\",\"datePublished\":\"2013-09-02T07:08:34+00:00\",\"mainEntityOfPage\":{\"@id\":\"https:\\\/\\\/archiviocassano.lavocedelpaese.info\\\/index.php\\\/2013\\\/09\\\/02\\\/bilanci-comunali-di-previsione-rinviati-al-30-novembre\\\/\"},\"wordCount\":518,\"commentCount\":0,\"publisher\":{\"@id\":\"https:\\\/\\\/archiviocassano.lavocedelpaese.info\\\/#organization\"},\"articleSection\":[\"Politica\"],\"inLanguage\":\"it-IT\",\"potentialAction\":[{\"@type\":\"CommentAction\",\"name\":\"Comment\",\"target\":[\"https:\\\/\\\/archiviocassano.lavocedelpaese.info\\\/index.php\\\/2013\\\/09\\\/02\\\/bilanci-comunali-di-previsione-rinviati-al-30-novembre\\\/#respond\"]}]},{\"@type\":\"WebPage\",\"@id\":\"https:\\\/\\\/archiviocassano.lavocedelpaese.info\\\/index.php\\\/2013\\\/09\\\/02\\\/bilanci-comunali-di-previsione-rinviati-al-30-novembre\\\/\",\"url\":\"https:\\\/\\\/archiviocassano.lavocedelpaese.info\\\/index.php\\\/2013\\\/09\\\/02\\\/bilanci-comunali-di-previsione-rinviati-al-30-novembre\\\/\",\"name\":\"Bilanci Comunali (di previsione) rinviati al 30 novembre! - Archivio CassanoWeb\",\"isPartOf\":{\"@id\":\"https:\\\/\\\/archiviocassano.lavocedelpaese.info\\\/#website\"},\"datePublished\":\"2013-09-02T07:08:34+00:00\",\"breadcrumb\":{\"@id\":\"https:\\\/\\\/archiviocassano.lavocedelpaese.info\\\/index.php\\\/2013\\\/09\\\/02\\\/bilanci-comunali-di-previsione-rinviati-al-30-novembre\\\/#breadcrumb\"},\"inLanguage\":\"it-IT\",\"potentialAction\":[{\"@type\":\"ReadAction\",\"target\":[\"https:\\\/\\\/archiviocassano.lavocedelpaese.info\\\/index.php\\\/2013\\\/09\\\/02\\\/bilanci-comunali-di-previsione-rinviati-al-30-novembre\\\/\"]}]},{\"@type\":\"BreadcrumbList\",\"@id\":\"https:\\\/\\\/archiviocassano.lavocedelpaese.info\\\/index.php\\\/2013\\\/09\\\/02\\\/bilanci-comunali-di-previsione-rinviati-al-30-novembre\\\/#breadcrumb\",\"itemListElement\":[{\"@type\":\"ListItem\",\"position\":1,\"name\":\"Home\",\"item\":\"https:\\\/\\\/archiviocassano.lavocedelpaese.info\\\/\"},{\"@type\":\"ListItem\",\"position\":2,\"name\":\"Bilanci Comunali (di previsione) rinviati al 30 novembre!\"}]},{\"@type\":\"WebSite\",\"@id\":\"https:\\\/\\\/archiviocassano.lavocedelpaese.info\\\/#website\",\"url\":\"https:\\\/\\\/archiviocassano.lavocedelpaese.info\\\/\",\"name\":\"Archivio CassanoWeb\",\"description\":\"La Voce del Paese - un network di idee\",\"publisher\":{\"@id\":\"https:\\\/\\\/archiviocassano.lavocedelpaese.info\\\/#organization\"},\"potentialAction\":[{\"@type\":\"SearchAction\",\"target\":{\"@type\":\"EntryPoint\",\"urlTemplate\":\"https:\\\/\\\/archiviocassano.lavocedelpaese.info\\\/?s={search_term_string}\"},\"query-input\":{\"@type\":\"PropertyValueSpecification\",\"valueRequired\":true,\"valueName\":\"search_term_string\"}}],\"inLanguage\":\"it-IT\"},{\"@type\":\"Organization\",\"@id\":\"https:\\\/\\\/archiviocassano.lavocedelpaese.info\\\/#organization\",\"name\":\"Archivio CassanoWeb\",\"url\":\"https:\\\/\\\/archiviocassano.lavocedelpaese.info\\\/\",\"logo\":{\"@type\":\"ImageObject\",\"inLanguage\":\"it-IT\",\"@id\":\"https:\\\/\\\/archiviocassano.lavocedelpaese.info\\\/#\\\/schema\\\/logo\\\/image\\\/\",\"url\":\"https:\\\/\\\/archiviocassano.lavocedelpaese.info\\\/wp-content\\\/uploads\\\/2024\\\/08\\\/logo-rosso-2.png\",\"contentUrl\":\"https:\\\/\\\/archiviocassano.lavocedelpaese.info\\\/wp-content\\\/uploads\\\/2024\\\/08\\\/logo-rosso-2.png\",\"width\":491,\"height\":432,\"caption\":\"Archivio CassanoWeb\"},\"image\":{\"@id\":\"https:\\\/\\\/archiviocassano.lavocedelpaese.info\\\/#\\\/schema\\\/logo\\\/image\\\/\"},\"sameAs\":[\"https:\\\/\\\/www.facebook.com\\\/redazione.cassanoweb\"]},{\"@type\":\"Person\",\"@id\":\"https:\\\/\\\/archiviocassano.lavocedelpaese.info\\\/#\\\/schema\\\/person\\\/df195bc79a9b4c35127cf005f92e041b\",\"name\":\"admin\",\"image\":{\"@type\":\"ImageObject\",\"inLanguage\":\"it-IT\",\"@id\":\"https:\\\/\\\/secure.gravatar.com\\\/avatar\\\/eabba89a432e8eaa1b0207cc55f7e5340b22712b1ed80677efcf63e02ff5b235?s=96&d=mm&r=g\",\"url\":\"https:\\\/\\\/secure.gravatar.com\\\/avatar\\\/eabba89a432e8eaa1b0207cc55f7e5340b22712b1ed80677efcf63e02ff5b235?s=96&d=mm&r=g\",\"contentUrl\":\"https:\\\/\\\/secure.gravatar.com\\\/avatar\\\/eabba89a432e8eaa1b0207cc55f7e5340b22712b1ed80677efcf63e02ff5b235?s=96&d=mm&r=g\",\"caption\":\"admin\"},\"sameAs\":[\"https:\\\/\\\/archiviocassano.lavocedelpaese.info\"],\"url\":\"https:\\\/\\\/archiviocassano.lavocedelpaese.info\\\/index.php\\\/author\\\/admin_0qgz1xdp\\\/\"}]}<\/script>\n<!-- \/ Yoast SEO plugin. -->","yoast_head_json":{"title":"Bilanci Comunali (di previsione) rinviati al 30 novembre! - Archivio CassanoWeb","robots":{"index":"index","follow":"follow","max-snippet":"max-snippet:-1","max-image-preview":"max-image-preview:large","max-video-preview":"max-video-preview:-1"},"canonical":"https:\/\/archiviocassano.lavocedelpaese.info\/index.php\/2013\/09\/02\/bilanci-comunali-di-previsione-rinviati-al-30-novembre\/","og_locale":"it_IT","og_type":"article","og_title":"Bilanci Comunali (di previsione) rinviati al 30 novembre! - Archivio CassanoWeb","og_url":"https:\/\/archiviocassano.lavocedelpaese.info\/index.php\/2013\/09\/02\/bilanci-comunali-di-previsione-rinviati-al-30-novembre\/","og_site_name":"Archivio CassanoWeb","article_publisher":"https:\/\/www.facebook.com\/redazione.cassanoweb","article_published_time":"2013-09-02T07:08:34+00:00","author":"admin","twitter_card":"summary_large_image","twitter_misc":{"Scritto da":"admin","Tempo di lettura stimato":"2 minuti"},"schema":{"@context":"https:\/\/schema.org","@graph":[{"@type":"Article","@id":"https:\/\/archiviocassano.lavocedelpaese.info\/index.php\/2013\/09\/02\/bilanci-comunali-di-previsione-rinviati-al-30-novembre\/#article","isPartOf":{"@id":"https:\/\/archiviocassano.lavocedelpaese.info\/index.php\/2013\/09\/02\/bilanci-comunali-di-previsione-rinviati-al-30-novembre\/"},"author":{"name":"admin","@id":"https:\/\/archiviocassano.lavocedelpaese.info\/#\/schema\/person\/df195bc79a9b4c35127cf005f92e041b"},"headline":"Bilanci Comunali (di previsione) rinviati al 30 novembre!","datePublished":"2013-09-02T07:08:34+00:00","mainEntityOfPage":{"@id":"https:\/\/archiviocassano.lavocedelpaese.info\/index.php\/2013\/09\/02\/bilanci-comunali-di-previsione-rinviati-al-30-novembre\/"},"wordCount":518,"commentCount":0,"publisher":{"@id":"https:\/\/archiviocassano.lavocedelpaese.info\/#organization"},"articleSection":["Politica"],"inLanguage":"it-IT","potentialAction":[{"@type":"CommentAction","name":"Comment","target":["https:\/\/archiviocassano.lavocedelpaese.info\/index.php\/2013\/09\/02\/bilanci-comunali-di-previsione-rinviati-al-30-novembre\/#respond"]}]},{"@type":"WebPage","@id":"https:\/\/archiviocassano.lavocedelpaese.info\/index.php\/2013\/09\/02\/bilanci-comunali-di-previsione-rinviati-al-30-novembre\/","url":"https:\/\/archiviocassano.lavocedelpaese.info\/index.php\/2013\/09\/02\/bilanci-comunali-di-previsione-rinviati-al-30-novembre\/","name":"Bilanci Comunali (di previsione) rinviati al 30 novembre! - Archivio CassanoWeb","isPartOf":{"@id":"https:\/\/archiviocassano.lavocedelpaese.info\/#website"},"datePublished":"2013-09-02T07:08:34+00:00","breadcrumb":{"@id":"https:\/\/archiviocassano.lavocedelpaese.info\/index.php\/2013\/09\/02\/bilanci-comunali-di-previsione-rinviati-al-30-novembre\/#breadcrumb"},"inLanguage":"it-IT","potentialAction":[{"@type":"ReadAction","target":["https:\/\/archiviocassano.lavocedelpaese.info\/index.php\/2013\/09\/02\/bilanci-comunali-di-previsione-rinviati-al-30-novembre\/"]}]},{"@type":"BreadcrumbList","@id":"https:\/\/archiviocassano.lavocedelpaese.info\/index.php\/2013\/09\/02\/bilanci-comunali-di-previsione-rinviati-al-30-novembre\/#breadcrumb","itemListElement":[{"@type":"ListItem","position":1,"name":"Home","item":"https:\/\/archiviocassano.lavocedelpaese.info\/"},{"@type":"ListItem","position":2,"name":"Bilanci Comunali (di previsione) rinviati al 30 novembre!"}]},{"@type":"WebSite","@id":"https:\/\/archiviocassano.lavocedelpaese.info\/#website","url":"https:\/\/archiviocassano.lavocedelpaese.info\/","name":"Archivio CassanoWeb","description":"La Voce del Paese - un network di idee","publisher":{"@id":"https:\/\/archiviocassano.lavocedelpaese.info\/#organization"},"potentialAction":[{"@type":"SearchAction","target":{"@type":"EntryPoint","urlTemplate":"https:\/\/archiviocassano.lavocedelpaese.info\/?s={search_term_string}"},"query-input":{"@type":"PropertyValueSpecification","valueRequired":true,"valueName":"search_term_string"}}],"inLanguage":"it-IT"},{"@type":"Organization","@id":"https:\/\/archiviocassano.lavocedelpaese.info\/#organization","name":"Archivio CassanoWeb","url":"https:\/\/archiviocassano.lavocedelpaese.info\/","logo":{"@type":"ImageObject","inLanguage":"it-IT","@id":"https:\/\/archiviocassano.lavocedelpaese.info\/#\/schema\/logo\/image\/","url":"https:\/\/archiviocassano.lavocedelpaese.info\/wp-content\/uploads\/2024\/08\/logo-rosso-2.png","contentUrl":"https:\/\/archiviocassano.lavocedelpaese.info\/wp-content\/uploads\/2024\/08\/logo-rosso-2.png","width":491,"height":432,"caption":"Archivio CassanoWeb"},"image":{"@id":"https:\/\/archiviocassano.lavocedelpaese.info\/#\/schema\/logo\/image\/"},"sameAs":["https:\/\/www.facebook.com\/redazione.cassanoweb"]},{"@type":"Person","@id":"https:\/\/archiviocassano.lavocedelpaese.info\/#\/schema\/person\/df195bc79a9b4c35127cf005f92e041b","name":"admin","image":{"@type":"ImageObject","inLanguage":"it-IT","@id":"https:\/\/secure.gravatar.com\/avatar\/eabba89a432e8eaa1b0207cc55f7e5340b22712b1ed80677efcf63e02ff5b235?s=96&d=mm&r=g","url":"https:\/\/secure.gravatar.com\/avatar\/eabba89a432e8eaa1b0207cc55f7e5340b22712b1ed80677efcf63e02ff5b235?s=96&d=mm&r=g","contentUrl":"https:\/\/secure.gravatar.com\/avatar\/eabba89a432e8eaa1b0207cc55f7e5340b22712b1ed80677efcf63e02ff5b235?s=96&d=mm&r=g","caption":"admin"},"sameAs":["https:\/\/archiviocassano.lavocedelpaese.info"],"url":"https:\/\/archiviocassano.lavocedelpaese.info\/index.php\/author\/admin_0qgz1xdp\/"}]}},"_links":{"self":[{"href":"https:\/\/archiviocassano.lavocedelpaese.info\/index.php\/wp-json\/wp\/v2\/posts\/8067","targetHints":{"allow":["GET"]}}],"collection":[{"href":"https:\/\/archiviocassano.lavocedelpaese.info\/index.php\/wp-json\/wp\/v2\/posts"}],"about":[{"href":"https:\/\/archiviocassano.lavocedelpaese.info\/index.php\/wp-json\/wp\/v2\/types\/post"}],"author":[{"embeddable":true,"href":"https:\/\/archiviocassano.lavocedelpaese.info\/index.php\/wp-json\/wp\/v2\/users\/1"}],"replies":[{"embeddable":true,"href":"https:\/\/archiviocassano.lavocedelpaese.info\/index.php\/wp-json\/wp\/v2\/comments?post=8067"}],"version-history":[{"count":0,"href":"https:\/\/archiviocassano.lavocedelpaese.info\/index.php\/wp-json\/wp\/v2\/posts\/8067\/revisions"}],"wp:attachment":[{"href":"https:\/\/archiviocassano.lavocedelpaese.info\/index.php\/wp-json\/wp\/v2\/media?parent=8067"}],"wp:term":[{"taxonomy":"category","embeddable":true,"href":"https:\/\/archiviocassano.lavocedelpaese.info\/index.php\/wp-json\/wp\/v2\/categories?post=8067"},{"taxonomy":"post_tag","embeddable":true,"href":"https:\/\/archiviocassano.lavocedelpaese.info\/index.php\/wp-json\/wp\/v2\/tags?post=8067"}],"curies":[{"name":"wp","href":"https:\/\/api.w.org\/{rel}","templated":true}]}}