{"id":808,"date":"2010-01-14T06:50:15","date_gmt":"2010-01-14T06:50:15","guid":{"rendered":"https:\/\/archiviocassano.lavocedelpaese.info\/index.php\/2010\/01\/14\/ventanni-fa-moriva-don-angelo-centrullo\/"},"modified":"2010-01-14T06:50:15","modified_gmt":"2010-01-14T06:50:15","slug":"ventanni-fa-moriva-don-angelo-centrullo","status":"publish","type":"post","link":"https:\/\/archiviocassano.lavocedelpaese.info\/index.php\/2010\/01\/14\/ventanni-fa-moriva-don-angelo-centrullo\/","title":{"rendered":"A VENT\u2019ANNI DALLA SCOMPARSA DI PADRE ANGELO"},"content":{"rendered":"<p><img loading=\"lazy\" decoding=\"async\" class=\" size-full wp-image-807\" height=\"156\" width=\"320\" src=\"https:\/\/archiviocassano.lavocedelpaese.info\/wp-content\/uploads\/2010\/01\/padre_angelo_centrullo.jpg\" alt=\"padre_angelo_centrullo\" srcset=\"https:\/\/archiviocassano.lavocedelpaese.info\/wp-content\/uploads\/2010\/01\/padre_angelo_centrullo.jpg 410w, https:\/\/archiviocassano.lavocedelpaese.info\/wp-content\/uploads\/2010\/01\/padre_angelo_centrullo-300x146.jpg 300w\" sizes=\"auto, (max-width: 320px) 100vw, 320px\" \/><\/p>\n<p>\u00a0<\/p>\n<p><!--more--><\/p>\n<p style=\"text-align: justify;\">Ricorre oggi il ventennale della scomparsa di Padre Angelo Centrullo, sacerdote cassanese morto il 14 gennaio 1990.<\/p>\n<p style=\"text-align: justify;\">La nostra \u00e8 purtroppo una comunit\u00e0 smemorata e tranne pochissime eccezioni, tutti paiono far finta che il mondo cominci e finisca con se stessi. Infatti nessuna celebrazione, nessun ricordo, nessuna cerimonia pubblica\u00a0sono previste per quest&#8217;oggi per ricordare don Angelo.<\/p>\n<p style=\"text-align: justify;\">Noi vogliamo, invece, ricordare la figura di questo prete e uomo impegnato\u00a0nella societ\u00e0 cassanese, ma non solo: discusso e discutibile in tante scelte e comportamenti, mai compreso fino in fondo, temuto pi\u00f9 che amato. Ancora oggi un personaggio nient\u2019affatto studiato e di cui mai si \u00e8 approfondita la reale portata del suo agire nel nostro paese: solo chi ricorda e conosce cos\u2019era Cassano prima di padre Angelo potr\u00e0 dire qual \u00e8 stato l\u2019impatto della sua personalit\u00e0 sulla societ\u00e0 e sull&#8217;economia cassanese.<\/p>\n<p style=\"text-align: justify;\">Lasciamo questo compito a qualche storico o studioso della nostra cittadina, sicuramente pi\u00f9 competente e avvezzo allo studio di chi ci ha preceduti, magari sostenuto da qualcuno, ad esempio la Banca di Credito Cooperativo di Cassano, che potrebbe mettere a disposizione risorse adeguate per una ricerca che non potr\u00e0 non abbracciare un percorso ed un\u2019operativit\u00e0 che videro Padre Angelo all\u2019opera non solo su Cassano ma in tutta la Puglia, assurgendo anche alle cronache nazionali e internazionali come \u201cprete imprenditore\u201d.<\/p>\n<div style=\"text-align: justify;\">Ci limitiamo a ricordare del gesuita, qualche cenno biografico &#8211; tratto dall&#8217;unica biografia sul suo conto, realizzata dallo storico cassanese Tonino Giorgio nell&#8217;opera &#8220;Albo d\u2019onore\u201d (Rotary International, 2009) &#8211; chiedendo ai nostri lettori di arricchire coi propri ricordi personali questa \u201ccommemorazione\u201d, questo ricordo e magari facendo venire a qualche studente cassanese volenteroso, la volont\u00e0 di approfondire l\u2019idea e l\u2019opera di chi, con tutti i limiti e i meriti di uomo, ha fatto un pezzo di storia di Cassano.<\/div>\n<p style=\"text-align: justify;\">Mandateci i vostri commenti: liberi, come sempre, di confrontarci e ascoltare le idee degli altri.<\/p>\n<p style=\"text-align: justify;\">\u00a0<\/p>\n<p style=\"text-align: justify;\"><strong>Chi era Padre Angelo Sante Centrullo<\/strong><\/p>\n<p style=\"text-align: justify;\">Nato a Cassano delle Murge il 2 agosto 1916, fu quarto di otto figli. I genitori, Vito Francesco Centrulli e Rosa Cotrufo, erano contadini.<\/p>\n<p style=\"text-align: justify;\">Sulla questione del cognome, Tonino Giorgio racconta che \u201call\u2019atto di denuncia del bambino all\u2019Ufficio di Stato Civile del Comune di Cassano, l\u2019impiegato incorre in due errori: i cognomi del neonato e della madre vengono erroneamente trascritti rispettivamente Centrullo e Cotruvo (anzich\u00e9 Centrulli e Cotrufo). Naturalmente in assenza di una legale \u201crichiesta di rettifica\u201d da parte degli interessati, detti cognomi rimasero invariati\u201d.<\/p>\n<p style=\"text-align: justify;\">Dopo la scuola elementare, nasce nel piccolo Angelo la volont\u00e0 di abbracciare il sacerdozio: nel 1929 fu iscritto al Ginnasio nel Seminario dei Gesuiti a Napoli. Entra nella Compagnia di Ges\u00f9 e il 13 maggio 1942 viene ordinato sacerdote nella chiesa di \u201cGes\u00f9 Nuovo\u201d a Napoli. Per questioni di salute, a 27 anni lascia la Compagnia e torna a Cassano da sacerdote diocesano. Collabora con l\u2019allora parroco don Lucaf\u00f2 e si rivela uno straordinario organizzatore: prendono vita le ACLI, l\u2019Azione Cattolica, alcune Confraternite; vengono riaperte chiese (come quella di San Nicola) e organizzata una vera vita pastorale, con catechesi, incontri di formazione, sociale e spirituale.<\/p>\n<p style=\"text-align: justify;\">Dopo il \u201951, pur non facendo mancare il suo appoggio al nuovo parroco, don Luigi Sacchetti, padre Angelo comincia ad interessarsi alla piccola impresa che sua sorella, Lucia aiutata da una sua amica e concittadina, Nicolatta Massaro ha cominciato ad avviare: producono fiori in stoffa. Comincer\u00e0 da l\u00ec un vero e proprio \u201cboom\u201d della maglieria \u201cmade in Cassano\u201d che culminer\u00e0 nella costituzione di una Societ\u00e0 per Azioni, la \u201cSacor\u201d che con il marchio \u201cGordon\u201d esporter\u00e0 le maglie cassanesi in tutto il mondo. La \u201cSacor\u201d, ancora oggi fiore all\u2019occhiello del settore industriale cassanese, era un gruppo a cui facevano riferimento la \u201cSamara Confezioni\u201d (produceva biancheria intima da uomo), il Maglificio \u201cKing Pull\u201d, la \u201cTip-Top Confezioni\u201d (camiceria): un gruppo che negli anni d\u2019oro fatturava 6 miliardi di lire (dell\u2019epoca) e aveva circa 300 dipendenti.<\/p>\n<p style=\"text-align: justify;\">Padre Angelo comprende che la laboriosit\u00e0 e le capacit\u00e0 della comunit\u00e0 cassanese pu\u00f2 andare oltre la confezione di maglie e affini. Comincia cos\u00ec una diversificazione di attivit\u00e0 che lo porteranno ad investire in diversi campi: dalla stampa tipografica industriale (Tipografica Meridionale, 1974) al credito alle imprese e alle famiglie (nel 1972 diventer\u00e0 presidente della Cassa Rurale e Artigiana di Cassano, ora Banca di Credito Cooperativo); una casa-albergo da duecento posti letto, l\u2019\u201dOasi Santa Maria\u201d, poi donata alla Diocesi di Bari; il \u201cCircito\u201d (1969), prima albergo-sala ricevimenti di alto livello poi divenuto (1979) sede della \u201cFondazione Clinica del Lavoro Salvatore Maugeri \u2013 Centro Medico di Cassano\u201d, oggi la pi\u00f9 grande impresa del nostro paese; fino al 1985 con la realizzazione della casa di riposo \u201cVilla dei Pini\u201d.<\/p>\n<p style=\"text-align: justify;\">Nel 1983 fonda e dirige la TRA \u2013 Tele radio Audizioni, prima televisione privata pugliese di ispirazione cattolica.<\/p>\n<p style=\"text-align: justify;\">Nel 1984 vuole fortemente la creazione della Parrocchia \u201cSanta Maria delle Grazie\u201d, nei pressi della antica cappella: una decisione che sar\u00e0 sempre motivo di sofferenza con il clero cassanese.<\/p>\n","protected":false},"excerpt":{"rendered":"<p>\u00a0<\/p>\n","protected":false},"author":1,"featured_media":807,"comment_status":"open","ping_status":"closed","sticky":false,"template":"","format":"standard","meta":{"colormag_page_container_layout":"default_layout","colormag_page_sidebar_layout":"default_layout","footnotes":""},"categories":[6],"tags":[],"class_list":["post-808","post","type-post","status-publish","format-standard","has-post-thumbnail","hentry","category-cultura"],"yoast_head":"<!-- This site is optimized with the Yoast SEO plugin v27.5 - https:\/\/yoast.com\/product\/yoast-seo-wordpress\/ -->\n<title>A VENT\u2019ANNI DALLA SCOMPARSA DI PADRE ANGELO - Archivio CassanoWeb<\/title>\n<meta name=\"robots\" content=\"index, follow, max-snippet:-1, max-image-preview:large, max-video-preview:-1\" \/>\n<link rel=\"canonical\" href=\"https:\/\/archiviocassano.lavocedelpaese.info\/index.php\/2010\/01\/14\/ventanni-fa-moriva-don-angelo-centrullo\/\" \/>\n<meta property=\"og:locale\" content=\"it_IT\" \/>\n<meta property=\"og:type\" content=\"article\" \/>\n<meta property=\"og:title\" content=\"A VENT\u2019ANNI DALLA SCOMPARSA DI PADRE ANGELO - Archivio CassanoWeb\" \/>\n<meta property=\"og:description\" content=\"\u00a0\" \/>\n<meta property=\"og:url\" content=\"https:\/\/archiviocassano.lavocedelpaese.info\/index.php\/2010\/01\/14\/ventanni-fa-moriva-don-angelo-centrullo\/\" \/>\n<meta property=\"og:site_name\" content=\"Archivio CassanoWeb\" \/>\n<meta property=\"article:publisher\" content=\"https:\/\/www.facebook.com\/redazione.cassanoweb\" \/>\n<meta property=\"article:published_time\" content=\"2010-01-14T06:50:15+00:00\" \/>\n<meta property=\"og:image\" content=\"https:\/\/archiviocassano.lavocedelpaese.info\/wp-content\/uploads\/2010\/01\/padre_angelo_centrullo.jpg\" \/>\n\t<meta property=\"og:image:width\" content=\"410\" \/>\n\t<meta property=\"og:image:height\" content=\"200\" \/>\n\t<meta property=\"og:image:type\" content=\"image\/jpeg\" \/>\n<meta name=\"author\" content=\"admin\" \/>\n<meta name=\"twitter:card\" content=\"summary_large_image\" \/>\n<meta name=\"twitter:label1\" content=\"Scritto da\" \/>\n\t<meta name=\"twitter:data1\" content=\"admin\" \/>\n\t<meta name=\"twitter:label2\" content=\"Tempo di lettura stimato\" \/>\n\t<meta name=\"twitter:data2\" content=\"4 minuti\" \/>\n<script type=\"application\/ld+json\" class=\"yoast-schema-graph\">{\"@context\":\"https:\\\/\\\/schema.org\",\"@graph\":[{\"@type\":\"Article\",\"@id\":\"https:\\\/\\\/archiviocassano.lavocedelpaese.info\\\/index.php\\\/2010\\\/01\\\/14\\\/ventanni-fa-moriva-don-angelo-centrullo\\\/#article\",\"isPartOf\":{\"@id\":\"https:\\\/\\\/archiviocassano.lavocedelpaese.info\\\/index.php\\\/2010\\\/01\\\/14\\\/ventanni-fa-moriva-don-angelo-centrullo\\\/\"},\"author\":{\"name\":\"admin\",\"@id\":\"https:\\\/\\\/archiviocassano.lavocedelpaese.info\\\/#\\\/schema\\\/person\\\/df195bc79a9b4c35127cf005f92e041b\"},\"headline\":\"A VENT\u2019ANNI DALLA SCOMPARSA DI PADRE ANGELO\",\"datePublished\":\"2010-01-14T06:50:15+00:00\",\"mainEntityOfPage\":{\"@id\":\"https:\\\/\\\/archiviocassano.lavocedelpaese.info\\\/index.php\\\/2010\\\/01\\\/14\\\/ventanni-fa-moriva-don-angelo-centrullo\\\/\"},\"wordCount\":817,\"commentCount\":0,\"publisher\":{\"@id\":\"https:\\\/\\\/archiviocassano.lavocedelpaese.info\\\/#organization\"},\"image\":{\"@id\":\"https:\\\/\\\/archiviocassano.lavocedelpaese.info\\\/index.php\\\/2010\\\/01\\\/14\\\/ventanni-fa-moriva-don-angelo-centrullo\\\/#primaryimage\"},\"thumbnailUrl\":\"https:\\\/\\\/archiviocassano.lavocedelpaese.info\\\/wp-content\\\/uploads\\\/2010\\\/01\\\/padre_angelo_centrullo.jpg\",\"articleSection\":[\"Cultura\"],\"inLanguage\":\"it-IT\",\"potentialAction\":[{\"@type\":\"CommentAction\",\"name\":\"Comment\",\"target\":[\"https:\\\/\\\/archiviocassano.lavocedelpaese.info\\\/index.php\\\/2010\\\/01\\\/14\\\/ventanni-fa-moriva-don-angelo-centrullo\\\/#respond\"]}]},{\"@type\":\"WebPage\",\"@id\":\"https:\\\/\\\/archiviocassano.lavocedelpaese.info\\\/index.php\\\/2010\\\/01\\\/14\\\/ventanni-fa-moriva-don-angelo-centrullo\\\/\",\"url\":\"https:\\\/\\\/archiviocassano.lavocedelpaese.info\\\/index.php\\\/2010\\\/01\\\/14\\\/ventanni-fa-moriva-don-angelo-centrullo\\\/\",\"name\":\"A VENT\u2019ANNI DALLA SCOMPARSA DI PADRE ANGELO - Archivio CassanoWeb\",\"isPartOf\":{\"@id\":\"https:\\\/\\\/archiviocassano.lavocedelpaese.info\\\/#website\"},\"primaryImageOfPage\":{\"@id\":\"https:\\\/\\\/archiviocassano.lavocedelpaese.info\\\/index.php\\\/2010\\\/01\\\/14\\\/ventanni-fa-moriva-don-angelo-centrullo\\\/#primaryimage\"},\"image\":{\"@id\":\"https:\\\/\\\/archiviocassano.lavocedelpaese.info\\\/index.php\\\/2010\\\/01\\\/14\\\/ventanni-fa-moriva-don-angelo-centrullo\\\/#primaryimage\"},\"thumbnailUrl\":\"https:\\\/\\\/archiviocassano.lavocedelpaese.info\\\/wp-content\\\/uploads\\\/2010\\\/01\\\/padre_angelo_centrullo.jpg\",\"datePublished\":\"2010-01-14T06:50:15+00:00\",\"breadcrumb\":{\"@id\":\"https:\\\/\\\/archiviocassano.lavocedelpaese.info\\\/index.php\\\/2010\\\/01\\\/14\\\/ventanni-fa-moriva-don-angelo-centrullo\\\/#breadcrumb\"},\"inLanguage\":\"it-IT\",\"potentialAction\":[{\"@type\":\"ReadAction\",\"target\":[\"https:\\\/\\\/archiviocassano.lavocedelpaese.info\\\/index.php\\\/2010\\\/01\\\/14\\\/ventanni-fa-moriva-don-angelo-centrullo\\\/\"]}]},{\"@type\":\"ImageObject\",\"inLanguage\":\"it-IT\",\"@id\":\"https:\\\/\\\/archiviocassano.lavocedelpaese.info\\\/index.php\\\/2010\\\/01\\\/14\\\/ventanni-fa-moriva-don-angelo-centrullo\\\/#primaryimage\",\"url\":\"https:\\\/\\\/archiviocassano.lavocedelpaese.info\\\/wp-content\\\/uploads\\\/2010\\\/01\\\/padre_angelo_centrullo.jpg\",\"contentUrl\":\"https:\\\/\\\/archiviocassano.lavocedelpaese.info\\\/wp-content\\\/uploads\\\/2010\\\/01\\\/padre_angelo_centrullo.jpg\",\"width\":410,\"height\":200,\"caption\":\"padre_angelo_centrullo\"},{\"@type\":\"BreadcrumbList\",\"@id\":\"https:\\\/\\\/archiviocassano.lavocedelpaese.info\\\/index.php\\\/2010\\\/01\\\/14\\\/ventanni-fa-moriva-don-angelo-centrullo\\\/#breadcrumb\",\"itemListElement\":[{\"@type\":\"ListItem\",\"position\":1,\"name\":\"Home\",\"item\":\"https:\\\/\\\/archiviocassano.lavocedelpaese.info\\\/\"},{\"@type\":\"ListItem\",\"position\":2,\"name\":\"A VENT\u2019ANNI DALLA SCOMPARSA DI PADRE ANGELO\"}]},{\"@type\":\"WebSite\",\"@id\":\"https:\\\/\\\/archiviocassano.lavocedelpaese.info\\\/#website\",\"url\":\"https:\\\/\\\/archiviocassano.lavocedelpaese.info\\\/\",\"name\":\"Archivio CassanoWeb\",\"description\":\"La Voce del Paese - un network di idee\",\"publisher\":{\"@id\":\"https:\\\/\\\/archiviocassano.lavocedelpaese.info\\\/#organization\"},\"potentialAction\":[{\"@type\":\"SearchAction\",\"target\":{\"@type\":\"EntryPoint\",\"urlTemplate\":\"https:\\\/\\\/archiviocassano.lavocedelpaese.info\\\/?s={search_term_string}\"},\"query-input\":{\"@type\":\"PropertyValueSpecification\",\"valueRequired\":true,\"valueName\":\"search_term_string\"}}],\"inLanguage\":\"it-IT\"},{\"@type\":\"Organization\",\"@id\":\"https:\\\/\\\/archiviocassano.lavocedelpaese.info\\\/#organization\",\"name\":\"Archivio CassanoWeb\",\"url\":\"https:\\\/\\\/archiviocassano.lavocedelpaese.info\\\/\",\"logo\":{\"@type\":\"ImageObject\",\"inLanguage\":\"it-IT\",\"@id\":\"https:\\\/\\\/archiviocassano.lavocedelpaese.info\\\/#\\\/schema\\\/logo\\\/image\\\/\",\"url\":\"https:\\\/\\\/archiviocassano.lavocedelpaese.info\\\/wp-content\\\/uploads\\\/2024\\\/08\\\/logo-rosso-2.png\",\"contentUrl\":\"https:\\\/\\\/archiviocassano.lavocedelpaese.info\\\/wp-content\\\/uploads\\\/2024\\\/08\\\/logo-rosso-2.png\",\"width\":491,\"height\":432,\"caption\":\"Archivio CassanoWeb\"},\"image\":{\"@id\":\"https:\\\/\\\/archiviocassano.lavocedelpaese.info\\\/#\\\/schema\\\/logo\\\/image\\\/\"},\"sameAs\":[\"https:\\\/\\\/www.facebook.com\\\/redazione.cassanoweb\"]},{\"@type\":\"Person\",\"@id\":\"https:\\\/\\\/archiviocassano.lavocedelpaese.info\\\/#\\\/schema\\\/person\\\/df195bc79a9b4c35127cf005f92e041b\",\"name\":\"admin\",\"image\":{\"@type\":\"ImageObject\",\"inLanguage\":\"it-IT\",\"@id\":\"https:\\\/\\\/secure.gravatar.com\\\/avatar\\\/eabba89a432e8eaa1b0207cc55f7e5340b22712b1ed80677efcf63e02ff5b235?s=96&d=mm&r=g\",\"url\":\"https:\\\/\\\/secure.gravatar.com\\\/avatar\\\/eabba89a432e8eaa1b0207cc55f7e5340b22712b1ed80677efcf63e02ff5b235?s=96&d=mm&r=g\",\"contentUrl\":\"https:\\\/\\\/secure.gravatar.com\\\/avatar\\\/eabba89a432e8eaa1b0207cc55f7e5340b22712b1ed80677efcf63e02ff5b235?s=96&d=mm&r=g\",\"caption\":\"admin\"},\"sameAs\":[\"https:\\\/\\\/archiviocassano.lavocedelpaese.info\"],\"url\":\"https:\\\/\\\/archiviocassano.lavocedelpaese.info\\\/index.php\\\/author\\\/admin_0qgz1xdp\\\/\"}]}<\/script>\n<!-- \/ Yoast SEO plugin. -->","yoast_head_json":{"title":"A VENT\u2019ANNI DALLA SCOMPARSA DI PADRE ANGELO - Archivio CassanoWeb","robots":{"index":"index","follow":"follow","max-snippet":"max-snippet:-1","max-image-preview":"max-image-preview:large","max-video-preview":"max-video-preview:-1"},"canonical":"https:\/\/archiviocassano.lavocedelpaese.info\/index.php\/2010\/01\/14\/ventanni-fa-moriva-don-angelo-centrullo\/","og_locale":"it_IT","og_type":"article","og_title":"A VENT\u2019ANNI DALLA SCOMPARSA DI PADRE ANGELO - Archivio CassanoWeb","og_description":"\u00a0","og_url":"https:\/\/archiviocassano.lavocedelpaese.info\/index.php\/2010\/01\/14\/ventanni-fa-moriva-don-angelo-centrullo\/","og_site_name":"Archivio CassanoWeb","article_publisher":"https:\/\/www.facebook.com\/redazione.cassanoweb","article_published_time":"2010-01-14T06:50:15+00:00","og_image":[{"width":410,"height":200,"url":"https:\/\/archiviocassano.lavocedelpaese.info\/wp-content\/uploads\/2010\/01\/padre_angelo_centrullo.jpg","type":"image\/jpeg"}],"author":"admin","twitter_card":"summary_large_image","twitter_misc":{"Scritto da":"admin","Tempo di lettura stimato":"4 minuti"},"schema":{"@context":"https:\/\/schema.org","@graph":[{"@type":"Article","@id":"https:\/\/archiviocassano.lavocedelpaese.info\/index.php\/2010\/01\/14\/ventanni-fa-moriva-don-angelo-centrullo\/#article","isPartOf":{"@id":"https:\/\/archiviocassano.lavocedelpaese.info\/index.php\/2010\/01\/14\/ventanni-fa-moriva-don-angelo-centrullo\/"},"author":{"name":"admin","@id":"https:\/\/archiviocassano.lavocedelpaese.info\/#\/schema\/person\/df195bc79a9b4c35127cf005f92e041b"},"headline":"A VENT\u2019ANNI DALLA SCOMPARSA DI PADRE ANGELO","datePublished":"2010-01-14T06:50:15+00:00","mainEntityOfPage":{"@id":"https:\/\/archiviocassano.lavocedelpaese.info\/index.php\/2010\/01\/14\/ventanni-fa-moriva-don-angelo-centrullo\/"},"wordCount":817,"commentCount":0,"publisher":{"@id":"https:\/\/archiviocassano.lavocedelpaese.info\/#organization"},"image":{"@id":"https:\/\/archiviocassano.lavocedelpaese.info\/index.php\/2010\/01\/14\/ventanni-fa-moriva-don-angelo-centrullo\/#primaryimage"},"thumbnailUrl":"https:\/\/archiviocassano.lavocedelpaese.info\/wp-content\/uploads\/2010\/01\/padre_angelo_centrullo.jpg","articleSection":["Cultura"],"inLanguage":"it-IT","potentialAction":[{"@type":"CommentAction","name":"Comment","target":["https:\/\/archiviocassano.lavocedelpaese.info\/index.php\/2010\/01\/14\/ventanni-fa-moriva-don-angelo-centrullo\/#respond"]}]},{"@type":"WebPage","@id":"https:\/\/archiviocassano.lavocedelpaese.info\/index.php\/2010\/01\/14\/ventanni-fa-moriva-don-angelo-centrullo\/","url":"https:\/\/archiviocassano.lavocedelpaese.info\/index.php\/2010\/01\/14\/ventanni-fa-moriva-don-angelo-centrullo\/","name":"A VENT\u2019ANNI DALLA SCOMPARSA DI PADRE ANGELO - Archivio CassanoWeb","isPartOf":{"@id":"https:\/\/archiviocassano.lavocedelpaese.info\/#website"},"primaryImageOfPage":{"@id":"https:\/\/archiviocassano.lavocedelpaese.info\/index.php\/2010\/01\/14\/ventanni-fa-moriva-don-angelo-centrullo\/#primaryimage"},"image":{"@id":"https:\/\/archiviocassano.lavocedelpaese.info\/index.php\/2010\/01\/14\/ventanni-fa-moriva-don-angelo-centrullo\/#primaryimage"},"thumbnailUrl":"https:\/\/archiviocassano.lavocedelpaese.info\/wp-content\/uploads\/2010\/01\/padre_angelo_centrullo.jpg","datePublished":"2010-01-14T06:50:15+00:00","breadcrumb":{"@id":"https:\/\/archiviocassano.lavocedelpaese.info\/index.php\/2010\/01\/14\/ventanni-fa-moriva-don-angelo-centrullo\/#breadcrumb"},"inLanguage":"it-IT","potentialAction":[{"@type":"ReadAction","target":["https:\/\/archiviocassano.lavocedelpaese.info\/index.php\/2010\/01\/14\/ventanni-fa-moriva-don-angelo-centrullo\/"]}]},{"@type":"ImageObject","inLanguage":"it-IT","@id":"https:\/\/archiviocassano.lavocedelpaese.info\/index.php\/2010\/01\/14\/ventanni-fa-moriva-don-angelo-centrullo\/#primaryimage","url":"https:\/\/archiviocassano.lavocedelpaese.info\/wp-content\/uploads\/2010\/01\/padre_angelo_centrullo.jpg","contentUrl":"https:\/\/archiviocassano.lavocedelpaese.info\/wp-content\/uploads\/2010\/01\/padre_angelo_centrullo.jpg","width":410,"height":200,"caption":"padre_angelo_centrullo"},{"@type":"BreadcrumbList","@id":"https:\/\/archiviocassano.lavocedelpaese.info\/index.php\/2010\/01\/14\/ventanni-fa-moriva-don-angelo-centrullo\/#breadcrumb","itemListElement":[{"@type":"ListItem","position":1,"name":"Home","item":"https:\/\/archiviocassano.lavocedelpaese.info\/"},{"@type":"ListItem","position":2,"name":"A VENT\u2019ANNI DALLA SCOMPARSA DI PADRE ANGELO"}]},{"@type":"WebSite","@id":"https:\/\/archiviocassano.lavocedelpaese.info\/#website","url":"https:\/\/archiviocassano.lavocedelpaese.info\/","name":"Archivio CassanoWeb","description":"La Voce del Paese - un network di idee","publisher":{"@id":"https:\/\/archiviocassano.lavocedelpaese.info\/#organization"},"potentialAction":[{"@type":"SearchAction","target":{"@type":"EntryPoint","urlTemplate":"https:\/\/archiviocassano.lavocedelpaese.info\/?s={search_term_string}"},"query-input":{"@type":"PropertyValueSpecification","valueRequired":true,"valueName":"search_term_string"}}],"inLanguage":"it-IT"},{"@type":"Organization","@id":"https:\/\/archiviocassano.lavocedelpaese.info\/#organization","name":"Archivio CassanoWeb","url":"https:\/\/archiviocassano.lavocedelpaese.info\/","logo":{"@type":"ImageObject","inLanguage":"it-IT","@id":"https:\/\/archiviocassano.lavocedelpaese.info\/#\/schema\/logo\/image\/","url":"https:\/\/archiviocassano.lavocedelpaese.info\/wp-content\/uploads\/2024\/08\/logo-rosso-2.png","contentUrl":"https:\/\/archiviocassano.lavocedelpaese.info\/wp-content\/uploads\/2024\/08\/logo-rosso-2.png","width":491,"height":432,"caption":"Archivio CassanoWeb"},"image":{"@id":"https:\/\/archiviocassano.lavocedelpaese.info\/#\/schema\/logo\/image\/"},"sameAs":["https:\/\/www.facebook.com\/redazione.cassanoweb"]},{"@type":"Person","@id":"https:\/\/archiviocassano.lavocedelpaese.info\/#\/schema\/person\/df195bc79a9b4c35127cf005f92e041b","name":"admin","image":{"@type":"ImageObject","inLanguage":"it-IT","@id":"https:\/\/secure.gravatar.com\/avatar\/eabba89a432e8eaa1b0207cc55f7e5340b22712b1ed80677efcf63e02ff5b235?s=96&d=mm&r=g","url":"https:\/\/secure.gravatar.com\/avatar\/eabba89a432e8eaa1b0207cc55f7e5340b22712b1ed80677efcf63e02ff5b235?s=96&d=mm&r=g","contentUrl":"https:\/\/secure.gravatar.com\/avatar\/eabba89a432e8eaa1b0207cc55f7e5340b22712b1ed80677efcf63e02ff5b235?s=96&d=mm&r=g","caption":"admin"},"sameAs":["https:\/\/archiviocassano.lavocedelpaese.info"],"url":"https:\/\/archiviocassano.lavocedelpaese.info\/index.php\/author\/admin_0qgz1xdp\/"}]}},"_links":{"self":[{"href":"https:\/\/archiviocassano.lavocedelpaese.info\/index.php\/wp-json\/wp\/v2\/posts\/808","targetHints":{"allow":["GET"]}}],"collection":[{"href":"https:\/\/archiviocassano.lavocedelpaese.info\/index.php\/wp-json\/wp\/v2\/posts"}],"about":[{"href":"https:\/\/archiviocassano.lavocedelpaese.info\/index.php\/wp-json\/wp\/v2\/types\/post"}],"author":[{"embeddable":true,"href":"https:\/\/archiviocassano.lavocedelpaese.info\/index.php\/wp-json\/wp\/v2\/users\/1"}],"replies":[{"embeddable":true,"href":"https:\/\/archiviocassano.lavocedelpaese.info\/index.php\/wp-json\/wp\/v2\/comments?post=808"}],"version-history":[{"count":0,"href":"https:\/\/archiviocassano.lavocedelpaese.info\/index.php\/wp-json\/wp\/v2\/posts\/808\/revisions"}],"wp:featuredmedia":[{"embeddable":true,"href":"https:\/\/archiviocassano.lavocedelpaese.info\/index.php\/wp-json\/wp\/v2\/media\/807"}],"wp:attachment":[{"href":"https:\/\/archiviocassano.lavocedelpaese.info\/index.php\/wp-json\/wp\/v2\/media?parent=808"}],"wp:term":[{"taxonomy":"category","embeddable":true,"href":"https:\/\/archiviocassano.lavocedelpaese.info\/index.php\/wp-json\/wp\/v2\/categories?post=808"},{"taxonomy":"post_tag","embeddable":true,"href":"https:\/\/archiviocassano.lavocedelpaese.info\/index.php\/wp-json\/wp\/v2\/tags?post=808"}],"curies":[{"name":"wp","href":"https:\/\/api.w.org\/{rel}","templated":true}]}}