{"id":8250,"date":"2013-10-13T07:19:22","date_gmt":"2013-10-13T07:19:22","guid":{"rendered":"https:\/\/archiviocassano.lavocedelpaese.info\/index.php\/2013\/10\/13\/un-extraterrestre-a-cassano\/"},"modified":"2013-10-13T07:19:22","modified_gmt":"2013-10-13T07:19:22","slug":"un-extraterrestre-a-cassano","status":"publish","type":"post","link":"https:\/\/archiviocassano.lavocedelpaese.info\/index.php\/2013\/10\/13\/un-extraterrestre-a-cassano\/","title":{"rendered":"Un \u201cextraterrestre\u201d a Cassano: Paolo Nespoli"},"content":{"rendered":"<p style=\"text-align: justify;\"><img loading=\"lazy\" decoding=\"async\" class=\" size-full wp-image-8246\" alt=\"nespoli 1\" src=\"https:\/\/archiviocassano.lavocedelpaese.info\/wp-content\/uploads\/2013\/10\/nespoli_1.jpg\" height=\"150\" width=\"320\" \/><\/p>\n<p><!--more--><\/p>\n<p style=\"margin-bottom: 0.0001pt; text-align: justify;\"><span style=\"font-family: 'Arial','sans-serif';\">Non capita tutti i giorni di avere di fronte a s\u00e9 un astronauta in carne ed ossa, gli astronauti sono super eroi, figure fantastiche che affollano la mente e i sogni dei pi\u00f9 piccoli, uomini che hanno sfidato l\u2019impossibile e hanno vissuto tra le stelle.<\/span><\/p>\n<p style=\"margin-bottom: 0.0001pt; text-align: justify;\"><span style=\"font-family: 'Arial','sans-serif';\">Cassano, venerd\u00ec mattina, ha ricevuto il grande privilegio di incontrarne uno: <strong>Paolo Nespoli<\/strong>, il quale ha vissuto in orbita un totale di 174 giorni, 9 ore e 40 minuti: record di permanenza nello spazio per un astronauta italiano. <\/span><\/p>\n<p style=\"margin-bottom: 0.0001pt; text-align: justify;\"><span style=\"font-family: 'Arial','sans-serif';\"><em>\u201cLa scienza, che lei rappresenta, \u00e8 l\u2019unico vero viatico verso la pace, perch\u00e9 solo chi conosce ha rispetto del prossimo e chi meglio di lei, che ha visto dall\u2019alto la nostra piccolezza, pu\u00f2 portare un messaggio di pace e verit\u00e0?<\/em>\u201d- ha esordito entusiasta <strong>il sindaco Maria Pia Di Medio<\/strong>, dando il benvenuto all\u2019astronauta presso la sala consiliare. <\/span><\/p>\n<p style=\"margin-bottom: 0.0001pt; text-align: justify;\"><span style=\"font-family: 'Arial','sans-serif';\"><em>\u201c\u00c8 sempre un piacere arrivare in Puglia, \u00e8 una regione piena di storia e tradizioni e bisogna sfruttare tutte le potenzialit\u00e0 per farla crescere\u201d<\/em>&#8211; ha affermato Nespoli \u2013 <em>\u201cil mio \u00e8 soprattutto un messaggio per i giovani, essi devono pensare a sogni fuori dal mondo e noi dobbiamo aiutarli\u201d.<\/em><\/span><\/p>\n<p style=\"margin-bottom: 0.0001pt; text-align: justify;\"><span style=\"font-family: 'Arial','sans-serif';\"><em><br \/><\/em><\/span><\/p>\n<p style=\"margin-bottom: 0.0001pt; text-align: center;\"><span style=\"font-family: 'Arial','sans-serif';\"><em><img loading=\"lazy\" decoding=\"async\" class=\" size-full wp-image-8247\" style=\"margin-right: 2px; margin-left: 2px;\" alt=\"nespoli 2\" src=\"https:\/\/archiviocassano.lavocedelpaese.info\/wp-content\/uploads\/2013\/10\/nespoli_2.jpg\" height=\"333\" width=\"500\" srcset=\"https:\/\/archiviocassano.lavocedelpaese.info\/wp-content\/uploads\/2013\/10\/nespoli_2.jpg 500w, https:\/\/archiviocassano.lavocedelpaese.info\/wp-content\/uploads\/2013\/10\/nespoli_2-300x200.jpg 300w\" sizes=\"auto, (max-width: 500px) 100vw, 500px\" \/><br \/><\/em><\/span><\/p>\n<p style=\"margin-bottom: 0.0001pt; text-align: justify;\"><span style=\"font-family: 'Arial','sans-serif';\">Dopo aver ricevuto in omaggio una scultura realizzata, in pietra murgiana e rappresentante una Venere, dal maestro <strong>Domenico Mazzilli,<\/strong> e il simbolo del CEA (centro di educazione ambientale \u2013 Solinio village) da parte del <strong>prof. Palmirotta<\/strong>, ci si \u00e8 spostati tutti all\u2019esterno poich\u00e9 il comune di Cassano ha donato, simbolicamente, all\u2019astronauta un albero di carrubo, pianta autoctona e longeva, simbolo di ricchezza.<\/span><\/p>\n<p style=\"margin-bottom: 0.0001pt; text-align: justify;\"><span style=\"font-family: 'Arial','sans-serif';\">Nespoli ha piantato l\u2019albero in Piazza Rossani e ha firmato la targa che rappresenter\u00e0 la traccia del suo passaggio nel nostro paese. Un dono e un gesto fortemente simbolici, l\u2019albero che \u00e8 vita che cresce, con le radici piantate nella terra e la chioma che punta verso il cielo.<\/span><\/p>\n<p style=\"margin-bottom: 0.0001pt; text-align: center;\"><span style=\"font-family: 'Arial','sans-serif';\"><img loading=\"lazy\" decoding=\"async\" class=\" size-full wp-image-8248\" style=\"margin-right: 2px; margin-left: 2px;\" alt=\"nespoli 3\" src=\"https:\/\/archiviocassano.lavocedelpaese.info\/wp-content\/uploads\/2013\/10\/nespoli_3.jpg\" height=\"500\" width=\"333\" srcset=\"https:\/\/archiviocassano.lavocedelpaese.info\/wp-content\/uploads\/2013\/10\/nespoli_3.jpg 333w, https:\/\/archiviocassano.lavocedelpaese.info\/wp-content\/uploads\/2013\/10\/nespoli_3-200x300.jpg 200w\" sizes=\"auto, (max-width: 333px) 100vw, 333px\" \/><br \/><\/span><\/p>\n<p style=\"margin-bottom: 0.0001pt; text-align: justify;\"><span style=\"font-family: 'Arial','sans-serif';\">&nbsp;<\/span><\/p>\n<p style=\"margin-bottom: 0.0001pt; text-align: justify;\"><span style=\"font-family: 'Arial','sans-serif';\">Paolo Nespoli ha poi raggiunto il liceo \u201cLeonardo \u2013 Platone\u201d, dove ad accoglierlo c\u2019\u00e8 stato un auditorium pieno di studenti del liceo scientifico e classico, e alcune delle classi della scuola media \u201cV. Ruffo\u201d di Cassano e \u201cSan Giovanni Bosco\u201d di Santeramo. L\u2019astronauta, autore del libro <em>\u201cDall\u2019alto i problemi sembrano pi\u00f9 piccoli\u201d<\/em>, sta portando avanti un progetto che durer\u00e0 fino al maggio prossimo e questo pomeriggio incontrer\u00e0 altri studenti nell\u2019evento \u201cBari incontra l\u2019universo\u201d, presso la Fiera del Levante.<\/span><\/p>\n<p style=\"margin-bottom: 0.0001pt; text-align: justify;\"><span style=\"font-family: 'Arial','sans-serif';\">La preside, <strong>Daniela Caponio<\/strong>, ha dato il benvenuto all\u2019astronauta, sottolineando i benefici che si possono ricevere attraverso il confronto con le esperienze di un uomo che <em>\u201cha guardato con occhi nuovi e da angolature diverse il mondo\u201d, \u201cper trasmettere agli studenti una pi\u00f9 profonda conoscenza della realt\u00e0 e poter sviluppare un pensiero critico e razionale\u201d. <\/em><\/span><\/p>\n<p style=\"margin-bottom: 0.0001pt; text-align: justify;\"><span style=\"font-family: 'Arial','sans-serif';\">Un pensiero razionale, ma anche pieno di umilt\u00e0 e coraggio, come ha ricordato l\u2019assessore alla Pubblica Istruzione, <strong>Angela Contursi,<\/strong> perch\u00e9 <em>\u201csullo spazio ci si confronta con le fragilit\u00e0 dell\u2019uomo\u201d. <\/em><\/span><\/p>\n<p style=\"margin-bottom: 0.0001pt; text-align: justify;\"><span style=\"font-family: 'Arial','sans-serif';\">Ad intervenire anche il prof. Palmirotta che ha descritto Nespoli come <em>\u201cun grande uomo e un grande padre, prima di essere un grande astronauta\u201d<\/em> e ricordando agli studenti che la visione dall\u2019alto \u00e8 una propriet\u00e0 fondamentale dell\u2019essere umano sin dai tempi di Platone.<\/span><\/p>\n<p style=\"margin-bottom: 0.0001pt; text-align: justify;\"><span style=\"font-family: 'Arial','sans-serif';\">Prima di ascoltare l\u2019affascinante esperienza dell\u2019astronauta, l<strong>a dott. Attolic<\/strong>o , dell\u2019ufficio comunicazioni dell\u2019ESA (agenzia spaziale europea) ha spiegato ai ragazzi di cosa si occupa l\u2019 ESA e la prof.ssa <strong>Irene Cavalli<\/strong> ha poi finalmente presentato il super eroe in tuta blu, ricordando ai ragazzi che \u201cquando si incontrano dei problemi, non bisogna aver paura, bisogna solo affrontarli\u201d.<\/span><\/p>\n<p style=\"margin-bottom: 0.0001pt; text-align: justify;\"><span style=\"font-family: 'Arial','sans-serif';\">Quando Nespoli ha iniziato a parlare, l\u2019auditorium si \u00e8 trasformato in una stazione spaziale. Il suo entusiasmo, la sua energia e la voglia di raccontare la sua straordinaria esperienza ha rapito l\u2019attenzione dei giovani spettatori.<\/span><\/p>\n<p style=\"margin-bottom: 0.0001pt; text-align: justify;\"><span style=\"font-family: 'Arial','sans-serif';\"><em>\u201cQuando sei nello spazio sei un extraterrestre\u201d<\/em>&#8211; ha esordito-<em> \u201cil motivo per il quale si mandano uomini nello spazio \u00e8 perch\u00e9 l\u00ec si trovano condizioni che non esistono sulla terra e quello che facciamo \u00e8 fare ricerca scientifica ma soprattutto realizzare il sogno di ogni bambino che \u00e8 quello di esplorare\u201d.<\/em><\/span><\/p>\n<p style=\"margin-bottom: 0.0001pt; text-align: center;\"><span style=\"font-family: 'Arial','sans-serif';\"><em><img loading=\"lazy\" decoding=\"async\" class=\" size-full wp-image-8249\" style=\"margin-right: 2px; margin-left: 2px;\" alt=\"nespoli 4\" src=\"https:\/\/archiviocassano.lavocedelpaese.info\/wp-content\/uploads\/2013\/10\/nespoli_4.jpg\" height=\"333\" width=\"500\" srcset=\"https:\/\/archiviocassano.lavocedelpaese.info\/wp-content\/uploads\/2013\/10\/nespoli_4.jpg 500w, https:\/\/archiviocassano.lavocedelpaese.info\/wp-content\/uploads\/2013\/10\/nespoli_4-300x200.jpg 300w\" sizes=\"auto, (max-width: 500px) 100vw, 500px\" \/><br \/><\/em><\/span><\/p>\n<p style=\"margin-bottom: 0.0001pt; text-align: justify;\"><span style=\"font-family: 'Arial','sans-serif';\">Nespoli ha poi raccontato il duro e lungo percorso che lo ha portato a volare nello spazio, <em>\u201cero uno studente un po\u2019 discolo e il mio percorso non \u00e8 stato facile, dopo il liceo scientifico, mi iscrissi all\u2019universit\u00e0 ma la lasciai per entrare nel corpo dei paracadutisti, diventando incursore dell\u2019esercito, finch\u00e9 a 26 anni decisi che dovevo riprendere il mio sogno di diventare astronauta\u201d<\/em>.<\/span><\/p>\n<p style=\"margin-bottom: 0.0001pt; text-align: justify;\"><span style=\"font-family: 'Arial','sans-serif';\">Dopo essersi laureato in America in ingegneria aerospaziale, nel \u201998 approda a Houston, allo \u201cJohnson Space Center\u201d, dove per due anni frequenta un corso come allievo astronauta. Un corso nel quale ci si prepara a tutto e dove si impara a fare di tutto, tra addestramenti e corsi di sopravvivenza. <\/span><\/p>\n<p style=\"margin-bottom: 0.0001pt; text-align: justify;\"><span style=\"font-family: 'Arial','sans-serif';\">Dopo ben dieci anni in attesa di una chiamata, viene selezionato per la sua prima missione nello spazio della durata di 15 giorni. Ma \u00e8 nella missione successiva, durata sei mesi, a bordo della Sojuz russa, che si realizza a pieno il suo sogno.<\/span><\/p>\n<p style=\"margin-bottom: 0.0001pt; text-align: justify;\"><span style=\"font-family: 'Arial','sans-serif';\">Sulla stazione spaziale, distante 400 km dalla Terra, ha potuto vedere sorgere e tramontare il sole ogni 40 minuti e fare il giro dell\u2019intero pianeta in un\u2019ora e mezza,<em> \u201csvolazzando come superman e lavorando sul soffitto\u201d<\/em>&#8211; ha raccontato l\u2019astronauta con gli occhi illuminati e pieni di ci\u00f2 che forse \u00e8 impossibile tramutare in parole, <em>\u201cin un\u2019ora di tempo puoi fotografare tutto il mondo e in tutte le stagioni\u201d. <\/em><\/span><\/p>\n<p style=\"margin-bottom: 0.0001pt; text-align: justify;\"><span style=\"font-family: 'Arial','sans-serif';\">I ragazzi hanno potuto osservare alcune delle foto dell\u2019esperienza spaziale e hanno ascoltato aneddoti e storie che Nespoli \u00e8 riuscito a raccontare con un entusiasmo e un gioia incomparabili. <\/span><\/p>\n<p style=\"margin-bottom: 0.0001pt; text-align: justify;\"><span style=\"font-family: 'Arial','sans-serif';\"><em>\u201cMai cercare di predire il futuro, sognate le cose impossibili e siate i gestori del vostro futuro\u201d<\/em>, cos\u00ec ha poi concluso e salutato l\u2019auditorium, dando ai ragazzi un appuntamento nel futuro <em>\u201cci rivediamo tra 25 anni e allora sarete voi a raccontami e a farmi vedere le foto di Marte!\u201d. <\/em><\/span><\/p>\n","protected":false},"excerpt":{"rendered":"","protected":false},"author":1,"featured_media":8246,"comment_status":"open","ping_status":"closed","sticky":false,"template":"","format":"standard","meta":{"colormag_page_container_layout":"default_layout","colormag_page_sidebar_layout":"default_layout","footnotes":""},"categories":[6],"tags":[],"class_list":["post-8250","post","type-post","status-publish","format-standard","has-post-thumbnail","hentry","category-cultura"],"yoast_head":"<!-- This site is optimized with the Yoast SEO plugin v27.5 - https:\/\/yoast.com\/product\/yoast-seo-wordpress\/ -->\n<title>Un \u201cextraterrestre\u201d a Cassano: Paolo Nespoli - Archivio CassanoWeb<\/title>\n<meta name=\"robots\" content=\"index, follow, max-snippet:-1, max-image-preview:large, max-video-preview:-1\" \/>\n<link rel=\"canonical\" href=\"https:\/\/archiviocassano.lavocedelpaese.info\/index.php\/2013\/10\/13\/un-extraterrestre-a-cassano\/\" \/>\n<meta property=\"og:locale\" content=\"it_IT\" \/>\n<meta property=\"og:type\" content=\"article\" \/>\n<meta property=\"og:title\" content=\"Un \u201cextraterrestre\u201d a Cassano: Paolo Nespoli - Archivio CassanoWeb\" \/>\n<meta property=\"og:url\" content=\"https:\/\/archiviocassano.lavocedelpaese.info\/index.php\/2013\/10\/13\/un-extraterrestre-a-cassano\/\" \/>\n<meta property=\"og:site_name\" content=\"Archivio CassanoWeb\" \/>\n<meta property=\"article:publisher\" content=\"https:\/\/www.facebook.com\/redazione.cassanoweb\" \/>\n<meta property=\"article:published_time\" content=\"2013-10-13T07:19:22+00:00\" \/>\n<meta property=\"og:image\" content=\"https:\/\/archiviocassano.lavocedelpaese.info\/wp-content\/uploads\/2013\/10\/nespoli_1.jpg\" \/>\n\t<meta property=\"og:image:width\" content=\"600\" \/>\n\t<meta property=\"og:image:height\" content=\"400\" \/>\n\t<meta property=\"og:image:type\" content=\"image\/jpeg\" \/>\n<meta name=\"author\" content=\"admin\" \/>\n<meta name=\"twitter:card\" content=\"summary_large_image\" \/>\n<meta name=\"twitter:label1\" content=\"Scritto da\" \/>\n\t<meta name=\"twitter:data1\" content=\"admin\" \/>\n\t<meta name=\"twitter:label2\" content=\"Tempo di lettura stimato\" \/>\n\t<meta name=\"twitter:data2\" content=\"5 minuti\" \/>\n<script type=\"application\/ld+json\" class=\"yoast-schema-graph\">{\"@context\":\"https:\\\/\\\/schema.org\",\"@graph\":[{\"@type\":\"Article\",\"@id\":\"https:\\\/\\\/archiviocassano.lavocedelpaese.info\\\/index.php\\\/2013\\\/10\\\/13\\\/un-extraterrestre-a-cassano\\\/#article\",\"isPartOf\":{\"@id\":\"https:\\\/\\\/archiviocassano.lavocedelpaese.info\\\/index.php\\\/2013\\\/10\\\/13\\\/un-extraterrestre-a-cassano\\\/\"},\"author\":{\"name\":\"admin\",\"@id\":\"https:\\\/\\\/archiviocassano.lavocedelpaese.info\\\/#\\\/schema\\\/person\\\/df195bc79a9b4c35127cf005f92e041b\"},\"headline\":\"Un \u201cextraterrestre\u201d a Cassano: Paolo Nespoli\",\"datePublished\":\"2013-10-13T07:19:22+00:00\",\"mainEntityOfPage\":{\"@id\":\"https:\\\/\\\/archiviocassano.lavocedelpaese.info\\\/index.php\\\/2013\\\/10\\\/13\\\/un-extraterrestre-a-cassano\\\/\"},\"wordCount\":968,\"commentCount\":0,\"publisher\":{\"@id\":\"https:\\\/\\\/archiviocassano.lavocedelpaese.info\\\/#organization\"},\"image\":{\"@id\":\"https:\\\/\\\/archiviocassano.lavocedelpaese.info\\\/index.php\\\/2013\\\/10\\\/13\\\/un-extraterrestre-a-cassano\\\/#primaryimage\"},\"thumbnailUrl\":\"https:\\\/\\\/archiviocassano.lavocedelpaese.info\\\/wp-content\\\/uploads\\\/2013\\\/10\\\/nespoli_1.jpg\",\"articleSection\":[\"Cultura\"],\"inLanguage\":\"it-IT\",\"potentialAction\":[{\"@type\":\"CommentAction\",\"name\":\"Comment\",\"target\":[\"https:\\\/\\\/archiviocassano.lavocedelpaese.info\\\/index.php\\\/2013\\\/10\\\/13\\\/un-extraterrestre-a-cassano\\\/#respond\"]}]},{\"@type\":\"WebPage\",\"@id\":\"https:\\\/\\\/archiviocassano.lavocedelpaese.info\\\/index.php\\\/2013\\\/10\\\/13\\\/un-extraterrestre-a-cassano\\\/\",\"url\":\"https:\\\/\\\/archiviocassano.lavocedelpaese.info\\\/index.php\\\/2013\\\/10\\\/13\\\/un-extraterrestre-a-cassano\\\/\",\"name\":\"Un \u201cextraterrestre\u201d a Cassano: Paolo Nespoli - Archivio CassanoWeb\",\"isPartOf\":{\"@id\":\"https:\\\/\\\/archiviocassano.lavocedelpaese.info\\\/#website\"},\"primaryImageOfPage\":{\"@id\":\"https:\\\/\\\/archiviocassano.lavocedelpaese.info\\\/index.php\\\/2013\\\/10\\\/13\\\/un-extraterrestre-a-cassano\\\/#primaryimage\"},\"image\":{\"@id\":\"https:\\\/\\\/archiviocassano.lavocedelpaese.info\\\/index.php\\\/2013\\\/10\\\/13\\\/un-extraterrestre-a-cassano\\\/#primaryimage\"},\"thumbnailUrl\":\"https:\\\/\\\/archiviocassano.lavocedelpaese.info\\\/wp-content\\\/uploads\\\/2013\\\/10\\\/nespoli_1.jpg\",\"datePublished\":\"2013-10-13T07:19:22+00:00\",\"breadcrumb\":{\"@id\":\"https:\\\/\\\/archiviocassano.lavocedelpaese.info\\\/index.php\\\/2013\\\/10\\\/13\\\/un-extraterrestre-a-cassano\\\/#breadcrumb\"},\"inLanguage\":\"it-IT\",\"potentialAction\":[{\"@type\":\"ReadAction\",\"target\":[\"https:\\\/\\\/archiviocassano.lavocedelpaese.info\\\/index.php\\\/2013\\\/10\\\/13\\\/un-extraterrestre-a-cassano\\\/\"]}]},{\"@type\":\"ImageObject\",\"inLanguage\":\"it-IT\",\"@id\":\"https:\\\/\\\/archiviocassano.lavocedelpaese.info\\\/index.php\\\/2013\\\/10\\\/13\\\/un-extraterrestre-a-cassano\\\/#primaryimage\",\"url\":\"https:\\\/\\\/archiviocassano.lavocedelpaese.info\\\/wp-content\\\/uploads\\\/2013\\\/10\\\/nespoli_1.jpg\",\"contentUrl\":\"https:\\\/\\\/archiviocassano.lavocedelpaese.info\\\/wp-content\\\/uploads\\\/2013\\\/10\\\/nespoli_1.jpg\",\"width\":600,\"height\":400,\"caption\":\"nespoli 1\"},{\"@type\":\"BreadcrumbList\",\"@id\":\"https:\\\/\\\/archiviocassano.lavocedelpaese.info\\\/index.php\\\/2013\\\/10\\\/13\\\/un-extraterrestre-a-cassano\\\/#breadcrumb\",\"itemListElement\":[{\"@type\":\"ListItem\",\"position\":1,\"name\":\"Home\",\"item\":\"https:\\\/\\\/archiviocassano.lavocedelpaese.info\\\/\"},{\"@type\":\"ListItem\",\"position\":2,\"name\":\"Un \u201cextraterrestre\u201d a Cassano: Paolo Nespoli\"}]},{\"@type\":\"WebSite\",\"@id\":\"https:\\\/\\\/archiviocassano.lavocedelpaese.info\\\/#website\",\"url\":\"https:\\\/\\\/archiviocassano.lavocedelpaese.info\\\/\",\"name\":\"Archivio CassanoWeb\",\"description\":\"La Voce del Paese - un network di idee\",\"publisher\":{\"@id\":\"https:\\\/\\\/archiviocassano.lavocedelpaese.info\\\/#organization\"},\"potentialAction\":[{\"@type\":\"SearchAction\",\"target\":{\"@type\":\"EntryPoint\",\"urlTemplate\":\"https:\\\/\\\/archiviocassano.lavocedelpaese.info\\\/?s={search_term_string}\"},\"query-input\":{\"@type\":\"PropertyValueSpecification\",\"valueRequired\":true,\"valueName\":\"search_term_string\"}}],\"inLanguage\":\"it-IT\"},{\"@type\":\"Organization\",\"@id\":\"https:\\\/\\\/archiviocassano.lavocedelpaese.info\\\/#organization\",\"name\":\"Archivio CassanoWeb\",\"url\":\"https:\\\/\\\/archiviocassano.lavocedelpaese.info\\\/\",\"logo\":{\"@type\":\"ImageObject\",\"inLanguage\":\"it-IT\",\"@id\":\"https:\\\/\\\/archiviocassano.lavocedelpaese.info\\\/#\\\/schema\\\/logo\\\/image\\\/\",\"url\":\"https:\\\/\\\/archiviocassano.lavocedelpaese.info\\\/wp-content\\\/uploads\\\/2024\\\/08\\\/logo-rosso-2.png\",\"contentUrl\":\"https:\\\/\\\/archiviocassano.lavocedelpaese.info\\\/wp-content\\\/uploads\\\/2024\\\/08\\\/logo-rosso-2.png\",\"width\":491,\"height\":432,\"caption\":\"Archivio CassanoWeb\"},\"image\":{\"@id\":\"https:\\\/\\\/archiviocassano.lavocedelpaese.info\\\/#\\\/schema\\\/logo\\\/image\\\/\"},\"sameAs\":[\"https:\\\/\\\/www.facebook.com\\\/redazione.cassanoweb\"]},{\"@type\":\"Person\",\"@id\":\"https:\\\/\\\/archiviocassano.lavocedelpaese.info\\\/#\\\/schema\\\/person\\\/df195bc79a9b4c35127cf005f92e041b\",\"name\":\"admin\",\"image\":{\"@type\":\"ImageObject\",\"inLanguage\":\"it-IT\",\"@id\":\"https:\\\/\\\/secure.gravatar.com\\\/avatar\\\/eabba89a432e8eaa1b0207cc55f7e5340b22712b1ed80677efcf63e02ff5b235?s=96&d=mm&r=g\",\"url\":\"https:\\\/\\\/secure.gravatar.com\\\/avatar\\\/eabba89a432e8eaa1b0207cc55f7e5340b22712b1ed80677efcf63e02ff5b235?s=96&d=mm&r=g\",\"contentUrl\":\"https:\\\/\\\/secure.gravatar.com\\\/avatar\\\/eabba89a432e8eaa1b0207cc55f7e5340b22712b1ed80677efcf63e02ff5b235?s=96&d=mm&r=g\",\"caption\":\"admin\"},\"sameAs\":[\"https:\\\/\\\/archiviocassano.lavocedelpaese.info\"],\"url\":\"https:\\\/\\\/archiviocassano.lavocedelpaese.info\\\/index.php\\\/author\\\/admin_0qgz1xdp\\\/\"}]}<\/script>\n<!-- \/ Yoast SEO plugin. -->","yoast_head_json":{"title":"Un \u201cextraterrestre\u201d a Cassano: Paolo Nespoli - Archivio CassanoWeb","robots":{"index":"index","follow":"follow","max-snippet":"max-snippet:-1","max-image-preview":"max-image-preview:large","max-video-preview":"max-video-preview:-1"},"canonical":"https:\/\/archiviocassano.lavocedelpaese.info\/index.php\/2013\/10\/13\/un-extraterrestre-a-cassano\/","og_locale":"it_IT","og_type":"article","og_title":"Un \u201cextraterrestre\u201d a Cassano: Paolo Nespoli - Archivio CassanoWeb","og_url":"https:\/\/archiviocassano.lavocedelpaese.info\/index.php\/2013\/10\/13\/un-extraterrestre-a-cassano\/","og_site_name":"Archivio CassanoWeb","article_publisher":"https:\/\/www.facebook.com\/redazione.cassanoweb","article_published_time":"2013-10-13T07:19:22+00:00","og_image":[{"width":600,"height":400,"url":"https:\/\/archiviocassano.lavocedelpaese.info\/wp-content\/uploads\/2013\/10\/nespoli_1.jpg","type":"image\/jpeg"}],"author":"admin","twitter_card":"summary_large_image","twitter_misc":{"Scritto da":"admin","Tempo di lettura stimato":"5 minuti"},"schema":{"@context":"https:\/\/schema.org","@graph":[{"@type":"Article","@id":"https:\/\/archiviocassano.lavocedelpaese.info\/index.php\/2013\/10\/13\/un-extraterrestre-a-cassano\/#article","isPartOf":{"@id":"https:\/\/archiviocassano.lavocedelpaese.info\/index.php\/2013\/10\/13\/un-extraterrestre-a-cassano\/"},"author":{"name":"admin","@id":"https:\/\/archiviocassano.lavocedelpaese.info\/#\/schema\/person\/df195bc79a9b4c35127cf005f92e041b"},"headline":"Un \u201cextraterrestre\u201d a Cassano: Paolo Nespoli","datePublished":"2013-10-13T07:19:22+00:00","mainEntityOfPage":{"@id":"https:\/\/archiviocassano.lavocedelpaese.info\/index.php\/2013\/10\/13\/un-extraterrestre-a-cassano\/"},"wordCount":968,"commentCount":0,"publisher":{"@id":"https:\/\/archiviocassano.lavocedelpaese.info\/#organization"},"image":{"@id":"https:\/\/archiviocassano.lavocedelpaese.info\/index.php\/2013\/10\/13\/un-extraterrestre-a-cassano\/#primaryimage"},"thumbnailUrl":"https:\/\/archiviocassano.lavocedelpaese.info\/wp-content\/uploads\/2013\/10\/nespoli_1.jpg","articleSection":["Cultura"],"inLanguage":"it-IT","potentialAction":[{"@type":"CommentAction","name":"Comment","target":["https:\/\/archiviocassano.lavocedelpaese.info\/index.php\/2013\/10\/13\/un-extraterrestre-a-cassano\/#respond"]}]},{"@type":"WebPage","@id":"https:\/\/archiviocassano.lavocedelpaese.info\/index.php\/2013\/10\/13\/un-extraterrestre-a-cassano\/","url":"https:\/\/archiviocassano.lavocedelpaese.info\/index.php\/2013\/10\/13\/un-extraterrestre-a-cassano\/","name":"Un \u201cextraterrestre\u201d a Cassano: Paolo Nespoli - Archivio CassanoWeb","isPartOf":{"@id":"https:\/\/archiviocassano.lavocedelpaese.info\/#website"},"primaryImageOfPage":{"@id":"https:\/\/archiviocassano.lavocedelpaese.info\/index.php\/2013\/10\/13\/un-extraterrestre-a-cassano\/#primaryimage"},"image":{"@id":"https:\/\/archiviocassano.lavocedelpaese.info\/index.php\/2013\/10\/13\/un-extraterrestre-a-cassano\/#primaryimage"},"thumbnailUrl":"https:\/\/archiviocassano.lavocedelpaese.info\/wp-content\/uploads\/2013\/10\/nespoli_1.jpg","datePublished":"2013-10-13T07:19:22+00:00","breadcrumb":{"@id":"https:\/\/archiviocassano.lavocedelpaese.info\/index.php\/2013\/10\/13\/un-extraterrestre-a-cassano\/#breadcrumb"},"inLanguage":"it-IT","potentialAction":[{"@type":"ReadAction","target":["https:\/\/archiviocassano.lavocedelpaese.info\/index.php\/2013\/10\/13\/un-extraterrestre-a-cassano\/"]}]},{"@type":"ImageObject","inLanguage":"it-IT","@id":"https:\/\/archiviocassano.lavocedelpaese.info\/index.php\/2013\/10\/13\/un-extraterrestre-a-cassano\/#primaryimage","url":"https:\/\/archiviocassano.lavocedelpaese.info\/wp-content\/uploads\/2013\/10\/nespoli_1.jpg","contentUrl":"https:\/\/archiviocassano.lavocedelpaese.info\/wp-content\/uploads\/2013\/10\/nespoli_1.jpg","width":600,"height":400,"caption":"nespoli 1"},{"@type":"BreadcrumbList","@id":"https:\/\/archiviocassano.lavocedelpaese.info\/index.php\/2013\/10\/13\/un-extraterrestre-a-cassano\/#breadcrumb","itemListElement":[{"@type":"ListItem","position":1,"name":"Home","item":"https:\/\/archiviocassano.lavocedelpaese.info\/"},{"@type":"ListItem","position":2,"name":"Un \u201cextraterrestre\u201d a Cassano: Paolo Nespoli"}]},{"@type":"WebSite","@id":"https:\/\/archiviocassano.lavocedelpaese.info\/#website","url":"https:\/\/archiviocassano.lavocedelpaese.info\/","name":"Archivio CassanoWeb","description":"La Voce del Paese - un network di idee","publisher":{"@id":"https:\/\/archiviocassano.lavocedelpaese.info\/#organization"},"potentialAction":[{"@type":"SearchAction","target":{"@type":"EntryPoint","urlTemplate":"https:\/\/archiviocassano.lavocedelpaese.info\/?s={search_term_string}"},"query-input":{"@type":"PropertyValueSpecification","valueRequired":true,"valueName":"search_term_string"}}],"inLanguage":"it-IT"},{"@type":"Organization","@id":"https:\/\/archiviocassano.lavocedelpaese.info\/#organization","name":"Archivio CassanoWeb","url":"https:\/\/archiviocassano.lavocedelpaese.info\/","logo":{"@type":"ImageObject","inLanguage":"it-IT","@id":"https:\/\/archiviocassano.lavocedelpaese.info\/#\/schema\/logo\/image\/","url":"https:\/\/archiviocassano.lavocedelpaese.info\/wp-content\/uploads\/2024\/08\/logo-rosso-2.png","contentUrl":"https:\/\/archiviocassano.lavocedelpaese.info\/wp-content\/uploads\/2024\/08\/logo-rosso-2.png","width":491,"height":432,"caption":"Archivio CassanoWeb"},"image":{"@id":"https:\/\/archiviocassano.lavocedelpaese.info\/#\/schema\/logo\/image\/"},"sameAs":["https:\/\/www.facebook.com\/redazione.cassanoweb"]},{"@type":"Person","@id":"https:\/\/archiviocassano.lavocedelpaese.info\/#\/schema\/person\/df195bc79a9b4c35127cf005f92e041b","name":"admin","image":{"@type":"ImageObject","inLanguage":"it-IT","@id":"https:\/\/secure.gravatar.com\/avatar\/eabba89a432e8eaa1b0207cc55f7e5340b22712b1ed80677efcf63e02ff5b235?s=96&d=mm&r=g","url":"https:\/\/secure.gravatar.com\/avatar\/eabba89a432e8eaa1b0207cc55f7e5340b22712b1ed80677efcf63e02ff5b235?s=96&d=mm&r=g","contentUrl":"https:\/\/secure.gravatar.com\/avatar\/eabba89a432e8eaa1b0207cc55f7e5340b22712b1ed80677efcf63e02ff5b235?s=96&d=mm&r=g","caption":"admin"},"sameAs":["https:\/\/archiviocassano.lavocedelpaese.info"],"url":"https:\/\/archiviocassano.lavocedelpaese.info\/index.php\/author\/admin_0qgz1xdp\/"}]}},"_links":{"self":[{"href":"https:\/\/archiviocassano.lavocedelpaese.info\/index.php\/wp-json\/wp\/v2\/posts\/8250","targetHints":{"allow":["GET"]}}],"collection":[{"href":"https:\/\/archiviocassano.lavocedelpaese.info\/index.php\/wp-json\/wp\/v2\/posts"}],"about":[{"href":"https:\/\/archiviocassano.lavocedelpaese.info\/index.php\/wp-json\/wp\/v2\/types\/post"}],"author":[{"embeddable":true,"href":"https:\/\/archiviocassano.lavocedelpaese.info\/index.php\/wp-json\/wp\/v2\/users\/1"}],"replies":[{"embeddable":true,"href":"https:\/\/archiviocassano.lavocedelpaese.info\/index.php\/wp-json\/wp\/v2\/comments?post=8250"}],"version-history":[{"count":0,"href":"https:\/\/archiviocassano.lavocedelpaese.info\/index.php\/wp-json\/wp\/v2\/posts\/8250\/revisions"}],"wp:featuredmedia":[{"embeddable":true,"href":"https:\/\/archiviocassano.lavocedelpaese.info\/index.php\/wp-json\/wp\/v2\/media\/8246"}],"wp:attachment":[{"href":"https:\/\/archiviocassano.lavocedelpaese.info\/index.php\/wp-json\/wp\/v2\/media?parent=8250"}],"wp:term":[{"taxonomy":"category","embeddable":true,"href":"https:\/\/archiviocassano.lavocedelpaese.info\/index.php\/wp-json\/wp\/v2\/categories?post=8250"},{"taxonomy":"post_tag","embeddable":true,"href":"https:\/\/archiviocassano.lavocedelpaese.info\/index.php\/wp-json\/wp\/v2\/tags?post=8250"}],"curies":[{"name":"wp","href":"https:\/\/api.w.org\/{rel}","templated":true}]}}