{"id":8276,"date":"2013-10-21T08:43:30","date_gmt":"2013-10-21T08:43:30","guid":{"rendered":"https:\/\/archiviocassano.lavocedelpaese.info\/index.php\/2013\/10\/21\/qvillaggio-del-fanciulloq-lettera-aperta-di-angelo-cortese\/"},"modified":"2013-10-21T08:43:30","modified_gmt":"2013-10-21T08:43:30","slug":"qvillaggio-del-fanciulloq-lettera-aperta-di-angelo-cortese","status":"publish","type":"post","link":"https:\/\/archiviocassano.lavocedelpaese.info\/index.php\/2013\/10\/21\/qvillaggio-del-fanciulloq-lettera-aperta-di-angelo-cortese\/","title":{"rendered":"&#8220;Villaggio del Fanciullo&#8221;: Lettera Aperta di Angelo Cortese"},"content":{"rendered":"<p><img loading=\"lazy\" decoding=\"async\" style=\"margin-right: 2px; margin-left: 2px;\" alt=\"Angelo Cortese\" src=\"images\/stories\/archiviofoto\/Angelo_Cortese.jpg\" height=\"150\" width=\"320\" \/><\/p>\n<p><!--more--><\/p>\n<p style=\"text-align: justify;\">Caro Giovanni Brunelli,<\/p>\n<p style=\"text-align: justify;\">ho letto i tuoi <a target=\"_blank\" href=\"cronaca\/23946-confiscato-il-qvillaggio-del-fanciulloq-la-fondazione-qs-maugeriq-patteggia-e-qrestituisceq-allo-stato-17-milioni-di-euro-.html\" rel=\"noopener\">tempestivi articoli sull\u2019avvenuta confisca dell\u2019ex \u201cVillaggio del Fanciullo\u201d<\/a> e la riflessione che mi ha provocato la esprimo con un ossimoro: <em>\u201ccosternazione favorevole\u201d<\/em>, ovvero, non tutti i mali vengono per nuocere.<\/p>\n<p style=\"text-align: justify;\">Quindi condivido le tue considerazioni quando sostieni che pu\u00f2 essere un\u2019opportunit\u00e0 per la comunit\u00e0 cassanese l\u2019avvenuta ed imprevista confisca del prezioso immobile alla Maugeri, perch\u00e9 non \u00e8 escluso che, di qui a breve, l\u2019edificio in questione finisca nella disponibilit\u00e0 del Comune di Cassano se la nostra civica Amministrazione si muovesse per tempo, magari coinvolgendo anche associazioni, personalit\u00e0 della cultura e della societ\u00e0 civile.<\/p>\n<p style=\"text-align: justify;\">Non \u00e8 mia intenzione, n\u00e9 ho le competenze, di introdurmi pi\u00f9 di tanto nell\u2019analisi di disposizioni normative, penali, burocratiche necessarie per un\u2019acquisizione da parte del nostro Comune del \u201cVillaggio del Fanciullo\u201d. Ma mi risulta che quando lo Stato viene in possesso di questo tipo di beni, in molti casi il bene confiscato pu\u00f2 essere trasferito al comune ove l\u2019immobile \u00e8 sito, per finalit\u00e0 istituzionali, sociali o culturali. Il comune pu\u00f2 amministrare direttamente il bene o assegnarlo in concessione a titolo gratuito a comunit\u00e0, ad enti, ad associazioni o cooperative culturali e sociali, ad organizzazioni di volontariato.<\/p>\n<p style=\"text-align: justify;\">Favorire lo sviluppo di percorsi volti all\u2019utilizzo sociale-culturale-pedagogico dell\u2019ex \u201cVillaggio del Fanciullo\u201d aiuterebbe, come bene tu scrivi, a \u201cRISCATTARE LA GRAVE OFFESA CHE SI STA FACENDO ALLA MEMORIA DI DON BATTISTA ARMIENTI\u201d.&nbsp;&nbsp; A tale scopo, come percorso sperimentale per la realizzazione di tale obiettivo non sarebbe un\u2019utopia riprendere il proposito di alcuni di noi \u201ctemerari\u201d che volevano, anni fa ed anche recentemente, realizzare un \u201cambizioso\u201d centro culturale polifunzionale \u201cd\u2019arte, spettacolo, didattico\u201d a Cassano, chiedendo l\u2019eventuale utilizzo dell\u2019immobile in oggetto ( anno 2002, progetto cooperativa culturale \u201cIl Villaggio\u201d, presidente Giovanni Brunelli. Alcuni anni dopo, progetto cooperativa culturale \u201cCosmopoli\u201d, Brunelli, Casamassima, Cuscianna, ecc.&nbsp;&nbsp; Anno 2012, bozza di progetto-provocazione presentata, con una tavola rotonda, da Angelo Cortese e amici d\u2019arte ).<\/p>\n<p style=\"text-align: justify;\">Essere cittadini significa essere partecipativi ed attivi.<\/p>\n<p style=\"text-align: justify;\">Purtroppo questo non basta, \u00e8 necessaria la determinazione della Pubblica Amministrazione e di qualche amministratore illuminato, a prescindere dal colore politico, che capisca quanto \u00e8 importante, non per qualche saccente \u201cGargamella\u201d locale, ma per la citt\u00e0 di Cassano avere un luogo dove andare tutto l\u2019anno ed essere accolti in uno spazio \u201caperto\u201d allestito con opere di artisti, opere sonore con musica e teatro, immagini visive con pittura e scultura, figurazioni in movimento con danza e performance. Poter provare nuove esperienze nei laboratori, sviluppare manualit\u00e0 e creativit\u00e0 incontrando direttamente artisti e maestranze che considerano necessario sporcarsi le mani anche per istruire giovani e bambini. E\u2019 sicuramente importante anche per un operatore culturale, per un artista confrontarsi con un pubblico di bambini che lo aiuteranno senza dubbio a crescere, come ci ricorda l\u2019opera encomiabile e generosa del compianto don Battista Armienti con il suo \u201cVillaggio del Fanciullo\u201d. E\u2019 stato infatti riscontrato anche dal punto di vista scientifico che \u00e8 terapeutico e favorisce una crescita equilibrata del bambino il rapporto con la musica, con il colore, con il fantastico; questi sono per i bambini strumenti indispensabili per cresce nel modo migliore.<\/p>\n<p style=\"text-align: justify;\">Per rispondere poi ad alcuni epigoni di chi ha detto che \u201ccon la cultura non si mangia\u201d e che spesso si manifestano nei commenti anche su CassanoWeb, mi prendo la licenza di riportare, qui di seguito, uno stralcio da una mia lettera aperta che gentilmente \u00e8 stata pubblicata dal tuo giornale.&nbsp;&nbsp;&nbsp;&nbsp;&nbsp;&nbsp;&nbsp;&nbsp;&nbsp;&nbsp;&nbsp;&nbsp;&nbsp;&nbsp;&nbsp;&nbsp;&nbsp;&nbsp;&nbsp;&nbsp;&nbsp;&nbsp;&nbsp;&nbsp; &nbsp;&nbsp;&nbsp;&nbsp;&nbsp;&nbsp;&nbsp;&nbsp;&nbsp;<\/p>\n<p style=\"text-align: justify;\"><i>\u2026E\u2019 la cultura che in un periodo di disorientamento come questo, favorisce la crescita dell\u2019autostima e delle capacit\u00e0 espressive, la scoperta dei temi universali che oltrepassano il tempo, lo spazio e le persone, la possibilit\u00e0 di emergere dalla quotidianit\u00e0, la diffusione della bellezza e delle emozioni. La cultura aiuta a creare un\u2019alternativa ai valori economici e di mercato che hanno generato la crisi di oggi, in linea con l\u2019esigenza di etica che da pi\u00f9 parti si invoca\u2026<\/i><\/p>\n<p style=\"text-align: justify;\">Ricordando, a te ed ai cassanesi di buona volont\u00e0 , che sono sempre disponibile a partecipare a una qualsivoglia iniziativa, manifestazione, petizione o altro per scongiurare alla nostra comunit\u00e0, come bene qualcuno ha detto, il grave \u201cfurto\u201d del \u201cVillaggio del Fanciullo\u201d, rinnovo cordiali saluti a te e alla redazione CassanoWeb.<\/p>\n<p>&nbsp;<\/p>\n","protected":false},"excerpt":{"rendered":"","protected":false},"author":1,"featured_media":0,"comment_status":"open","ping_status":"closed","sticky":false,"template":"","format":"standard","meta":{"colormag_page_container_layout":"default_layout","colormag_page_sidebar_layout":"default_layout","footnotes":""},"categories":[9],"tags":[],"class_list":["post-8276","post","type-post","status-publish","format-standard","hentry","category-la-voce-del-paese"],"yoast_head":"<!-- This site is optimized with the Yoast SEO plugin v27.5 - https:\/\/yoast.com\/product\/yoast-seo-wordpress\/ -->\n<title>&quot;Villaggio del Fanciullo&quot;: Lettera Aperta di Angelo Cortese - Archivio CassanoWeb<\/title>\n<meta name=\"robots\" content=\"index, follow, max-snippet:-1, max-image-preview:large, max-video-preview:-1\" \/>\n<link rel=\"canonical\" href=\"https:\/\/archiviocassano.lavocedelpaese.info\/index.php\/2013\/10\/21\/qvillaggio-del-fanciulloq-lettera-aperta-di-angelo-cortese\/\" \/>\n<meta property=\"og:locale\" content=\"it_IT\" \/>\n<meta property=\"og:type\" content=\"article\" \/>\n<meta property=\"og:title\" content=\"&quot;Villaggio del Fanciullo&quot;: Lettera Aperta di Angelo Cortese - Archivio CassanoWeb\" \/>\n<meta property=\"og:url\" content=\"https:\/\/archiviocassano.lavocedelpaese.info\/index.php\/2013\/10\/21\/qvillaggio-del-fanciulloq-lettera-aperta-di-angelo-cortese\/\" \/>\n<meta property=\"og:site_name\" content=\"Archivio CassanoWeb\" \/>\n<meta property=\"article:publisher\" content=\"https:\/\/www.facebook.com\/redazione.cassanoweb\" \/>\n<meta property=\"article:published_time\" content=\"2013-10-21T08:43:30+00:00\" \/>\n<meta name=\"author\" content=\"admin\" \/>\n<meta name=\"twitter:card\" content=\"summary_large_image\" \/>\n<meta name=\"twitter:label1\" content=\"Scritto da\" \/>\n\t<meta name=\"twitter:data1\" content=\"admin\" \/>\n\t<meta name=\"twitter:label2\" content=\"Tempo di lettura stimato\" \/>\n\t<meta name=\"twitter:data2\" content=\"4 minuti\" \/>\n<script type=\"application\/ld+json\" class=\"yoast-schema-graph\">{\"@context\":\"https:\\\/\\\/schema.org\",\"@graph\":[{\"@type\":\"Article\",\"@id\":\"https:\\\/\\\/archiviocassano.lavocedelpaese.info\\\/index.php\\\/2013\\\/10\\\/21\\\/qvillaggio-del-fanciulloq-lettera-aperta-di-angelo-cortese\\\/#article\",\"isPartOf\":{\"@id\":\"https:\\\/\\\/archiviocassano.lavocedelpaese.info\\\/index.php\\\/2013\\\/10\\\/21\\\/qvillaggio-del-fanciulloq-lettera-aperta-di-angelo-cortese\\\/\"},\"author\":{\"name\":\"admin\",\"@id\":\"https:\\\/\\\/archiviocassano.lavocedelpaese.info\\\/#\\\/schema\\\/person\\\/df195bc79a9b4c35127cf005f92e041b\"},\"headline\":\"&#8220;Villaggio del Fanciullo&#8221;: Lettera Aperta di Angelo Cortese\",\"datePublished\":\"2013-10-21T08:43:30+00:00\",\"mainEntityOfPage\":{\"@id\":\"https:\\\/\\\/archiviocassano.lavocedelpaese.info\\\/index.php\\\/2013\\\/10\\\/21\\\/qvillaggio-del-fanciulloq-lettera-aperta-di-angelo-cortese\\\/\"},\"wordCount\":741,\"commentCount\":0,\"publisher\":{\"@id\":\"https:\\\/\\\/archiviocassano.lavocedelpaese.info\\\/#organization\"},\"articleSection\":[\"La voce del paese\"],\"inLanguage\":\"it-IT\",\"potentialAction\":[{\"@type\":\"CommentAction\",\"name\":\"Comment\",\"target\":[\"https:\\\/\\\/archiviocassano.lavocedelpaese.info\\\/index.php\\\/2013\\\/10\\\/21\\\/qvillaggio-del-fanciulloq-lettera-aperta-di-angelo-cortese\\\/#respond\"]}]},{\"@type\":\"WebPage\",\"@id\":\"https:\\\/\\\/archiviocassano.lavocedelpaese.info\\\/index.php\\\/2013\\\/10\\\/21\\\/qvillaggio-del-fanciulloq-lettera-aperta-di-angelo-cortese\\\/\",\"url\":\"https:\\\/\\\/archiviocassano.lavocedelpaese.info\\\/index.php\\\/2013\\\/10\\\/21\\\/qvillaggio-del-fanciulloq-lettera-aperta-di-angelo-cortese\\\/\",\"name\":\"\\\"Villaggio del Fanciullo\\\": Lettera Aperta di Angelo Cortese - Archivio CassanoWeb\",\"isPartOf\":{\"@id\":\"https:\\\/\\\/archiviocassano.lavocedelpaese.info\\\/#website\"},\"datePublished\":\"2013-10-21T08:43:30+00:00\",\"breadcrumb\":{\"@id\":\"https:\\\/\\\/archiviocassano.lavocedelpaese.info\\\/index.php\\\/2013\\\/10\\\/21\\\/qvillaggio-del-fanciulloq-lettera-aperta-di-angelo-cortese\\\/#breadcrumb\"},\"inLanguage\":\"it-IT\",\"potentialAction\":[{\"@type\":\"ReadAction\",\"target\":[\"https:\\\/\\\/archiviocassano.lavocedelpaese.info\\\/index.php\\\/2013\\\/10\\\/21\\\/qvillaggio-del-fanciulloq-lettera-aperta-di-angelo-cortese\\\/\"]}]},{\"@type\":\"BreadcrumbList\",\"@id\":\"https:\\\/\\\/archiviocassano.lavocedelpaese.info\\\/index.php\\\/2013\\\/10\\\/21\\\/qvillaggio-del-fanciulloq-lettera-aperta-di-angelo-cortese\\\/#breadcrumb\",\"itemListElement\":[{\"@type\":\"ListItem\",\"position\":1,\"name\":\"Home\",\"item\":\"https:\\\/\\\/archiviocassano.lavocedelpaese.info\\\/\"},{\"@type\":\"ListItem\",\"position\":2,\"name\":\"&#8220;Villaggio del Fanciullo&#8221;: Lettera Aperta di Angelo Cortese\"}]},{\"@type\":\"WebSite\",\"@id\":\"https:\\\/\\\/archiviocassano.lavocedelpaese.info\\\/#website\",\"url\":\"https:\\\/\\\/archiviocassano.lavocedelpaese.info\\\/\",\"name\":\"Archivio CassanoWeb\",\"description\":\"La Voce del Paese - un network di idee\",\"publisher\":{\"@id\":\"https:\\\/\\\/archiviocassano.lavocedelpaese.info\\\/#organization\"},\"potentialAction\":[{\"@type\":\"SearchAction\",\"target\":{\"@type\":\"EntryPoint\",\"urlTemplate\":\"https:\\\/\\\/archiviocassano.lavocedelpaese.info\\\/?s={search_term_string}\"},\"query-input\":{\"@type\":\"PropertyValueSpecification\",\"valueRequired\":true,\"valueName\":\"search_term_string\"}}],\"inLanguage\":\"it-IT\"},{\"@type\":\"Organization\",\"@id\":\"https:\\\/\\\/archiviocassano.lavocedelpaese.info\\\/#organization\",\"name\":\"Archivio CassanoWeb\",\"url\":\"https:\\\/\\\/archiviocassano.lavocedelpaese.info\\\/\",\"logo\":{\"@type\":\"ImageObject\",\"inLanguage\":\"it-IT\",\"@id\":\"https:\\\/\\\/archiviocassano.lavocedelpaese.info\\\/#\\\/schema\\\/logo\\\/image\\\/\",\"url\":\"https:\\\/\\\/archiviocassano.lavocedelpaese.info\\\/wp-content\\\/uploads\\\/2024\\\/08\\\/logo-rosso-2.png\",\"contentUrl\":\"https:\\\/\\\/archiviocassano.lavocedelpaese.info\\\/wp-content\\\/uploads\\\/2024\\\/08\\\/logo-rosso-2.png\",\"width\":491,\"height\":432,\"caption\":\"Archivio CassanoWeb\"},\"image\":{\"@id\":\"https:\\\/\\\/archiviocassano.lavocedelpaese.info\\\/#\\\/schema\\\/logo\\\/image\\\/\"},\"sameAs\":[\"https:\\\/\\\/www.facebook.com\\\/redazione.cassanoweb\"]},{\"@type\":\"Person\",\"@id\":\"https:\\\/\\\/archiviocassano.lavocedelpaese.info\\\/#\\\/schema\\\/person\\\/df195bc79a9b4c35127cf005f92e041b\",\"name\":\"admin\",\"image\":{\"@type\":\"ImageObject\",\"inLanguage\":\"it-IT\",\"@id\":\"https:\\\/\\\/secure.gravatar.com\\\/avatar\\\/eabba89a432e8eaa1b0207cc55f7e5340b22712b1ed80677efcf63e02ff5b235?s=96&d=mm&r=g\",\"url\":\"https:\\\/\\\/secure.gravatar.com\\\/avatar\\\/eabba89a432e8eaa1b0207cc55f7e5340b22712b1ed80677efcf63e02ff5b235?s=96&d=mm&r=g\",\"contentUrl\":\"https:\\\/\\\/secure.gravatar.com\\\/avatar\\\/eabba89a432e8eaa1b0207cc55f7e5340b22712b1ed80677efcf63e02ff5b235?s=96&d=mm&r=g\",\"caption\":\"admin\"},\"sameAs\":[\"https:\\\/\\\/archiviocassano.lavocedelpaese.info\"],\"url\":\"https:\\\/\\\/archiviocassano.lavocedelpaese.info\\\/index.php\\\/author\\\/admin_0qgz1xdp\\\/\"}]}<\/script>\n<!-- \/ Yoast SEO plugin. -->","yoast_head_json":{"title":"\"Villaggio del Fanciullo\": Lettera Aperta di Angelo Cortese - Archivio CassanoWeb","robots":{"index":"index","follow":"follow","max-snippet":"max-snippet:-1","max-image-preview":"max-image-preview:large","max-video-preview":"max-video-preview:-1"},"canonical":"https:\/\/archiviocassano.lavocedelpaese.info\/index.php\/2013\/10\/21\/qvillaggio-del-fanciulloq-lettera-aperta-di-angelo-cortese\/","og_locale":"it_IT","og_type":"article","og_title":"\"Villaggio del Fanciullo\": Lettera Aperta di Angelo Cortese - Archivio CassanoWeb","og_url":"https:\/\/archiviocassano.lavocedelpaese.info\/index.php\/2013\/10\/21\/qvillaggio-del-fanciulloq-lettera-aperta-di-angelo-cortese\/","og_site_name":"Archivio CassanoWeb","article_publisher":"https:\/\/www.facebook.com\/redazione.cassanoweb","article_published_time":"2013-10-21T08:43:30+00:00","author":"admin","twitter_card":"summary_large_image","twitter_misc":{"Scritto da":"admin","Tempo di lettura stimato":"4 minuti"},"schema":{"@context":"https:\/\/schema.org","@graph":[{"@type":"Article","@id":"https:\/\/archiviocassano.lavocedelpaese.info\/index.php\/2013\/10\/21\/qvillaggio-del-fanciulloq-lettera-aperta-di-angelo-cortese\/#article","isPartOf":{"@id":"https:\/\/archiviocassano.lavocedelpaese.info\/index.php\/2013\/10\/21\/qvillaggio-del-fanciulloq-lettera-aperta-di-angelo-cortese\/"},"author":{"name":"admin","@id":"https:\/\/archiviocassano.lavocedelpaese.info\/#\/schema\/person\/df195bc79a9b4c35127cf005f92e041b"},"headline":"&#8220;Villaggio del Fanciullo&#8221;: Lettera Aperta di Angelo Cortese","datePublished":"2013-10-21T08:43:30+00:00","mainEntityOfPage":{"@id":"https:\/\/archiviocassano.lavocedelpaese.info\/index.php\/2013\/10\/21\/qvillaggio-del-fanciulloq-lettera-aperta-di-angelo-cortese\/"},"wordCount":741,"commentCount":0,"publisher":{"@id":"https:\/\/archiviocassano.lavocedelpaese.info\/#organization"},"articleSection":["La voce del paese"],"inLanguage":"it-IT","potentialAction":[{"@type":"CommentAction","name":"Comment","target":["https:\/\/archiviocassano.lavocedelpaese.info\/index.php\/2013\/10\/21\/qvillaggio-del-fanciulloq-lettera-aperta-di-angelo-cortese\/#respond"]}]},{"@type":"WebPage","@id":"https:\/\/archiviocassano.lavocedelpaese.info\/index.php\/2013\/10\/21\/qvillaggio-del-fanciulloq-lettera-aperta-di-angelo-cortese\/","url":"https:\/\/archiviocassano.lavocedelpaese.info\/index.php\/2013\/10\/21\/qvillaggio-del-fanciulloq-lettera-aperta-di-angelo-cortese\/","name":"\"Villaggio del Fanciullo\": Lettera Aperta di Angelo Cortese - Archivio CassanoWeb","isPartOf":{"@id":"https:\/\/archiviocassano.lavocedelpaese.info\/#website"},"datePublished":"2013-10-21T08:43:30+00:00","breadcrumb":{"@id":"https:\/\/archiviocassano.lavocedelpaese.info\/index.php\/2013\/10\/21\/qvillaggio-del-fanciulloq-lettera-aperta-di-angelo-cortese\/#breadcrumb"},"inLanguage":"it-IT","potentialAction":[{"@type":"ReadAction","target":["https:\/\/archiviocassano.lavocedelpaese.info\/index.php\/2013\/10\/21\/qvillaggio-del-fanciulloq-lettera-aperta-di-angelo-cortese\/"]}]},{"@type":"BreadcrumbList","@id":"https:\/\/archiviocassano.lavocedelpaese.info\/index.php\/2013\/10\/21\/qvillaggio-del-fanciulloq-lettera-aperta-di-angelo-cortese\/#breadcrumb","itemListElement":[{"@type":"ListItem","position":1,"name":"Home","item":"https:\/\/archiviocassano.lavocedelpaese.info\/"},{"@type":"ListItem","position":2,"name":"&#8220;Villaggio del Fanciullo&#8221;: Lettera Aperta di Angelo Cortese"}]},{"@type":"WebSite","@id":"https:\/\/archiviocassano.lavocedelpaese.info\/#website","url":"https:\/\/archiviocassano.lavocedelpaese.info\/","name":"Archivio CassanoWeb","description":"La Voce del Paese - un network di idee","publisher":{"@id":"https:\/\/archiviocassano.lavocedelpaese.info\/#organization"},"potentialAction":[{"@type":"SearchAction","target":{"@type":"EntryPoint","urlTemplate":"https:\/\/archiviocassano.lavocedelpaese.info\/?s={search_term_string}"},"query-input":{"@type":"PropertyValueSpecification","valueRequired":true,"valueName":"search_term_string"}}],"inLanguage":"it-IT"},{"@type":"Organization","@id":"https:\/\/archiviocassano.lavocedelpaese.info\/#organization","name":"Archivio CassanoWeb","url":"https:\/\/archiviocassano.lavocedelpaese.info\/","logo":{"@type":"ImageObject","inLanguage":"it-IT","@id":"https:\/\/archiviocassano.lavocedelpaese.info\/#\/schema\/logo\/image\/","url":"https:\/\/archiviocassano.lavocedelpaese.info\/wp-content\/uploads\/2024\/08\/logo-rosso-2.png","contentUrl":"https:\/\/archiviocassano.lavocedelpaese.info\/wp-content\/uploads\/2024\/08\/logo-rosso-2.png","width":491,"height":432,"caption":"Archivio CassanoWeb"},"image":{"@id":"https:\/\/archiviocassano.lavocedelpaese.info\/#\/schema\/logo\/image\/"},"sameAs":["https:\/\/www.facebook.com\/redazione.cassanoweb"]},{"@type":"Person","@id":"https:\/\/archiviocassano.lavocedelpaese.info\/#\/schema\/person\/df195bc79a9b4c35127cf005f92e041b","name":"admin","image":{"@type":"ImageObject","inLanguage":"it-IT","@id":"https:\/\/secure.gravatar.com\/avatar\/eabba89a432e8eaa1b0207cc55f7e5340b22712b1ed80677efcf63e02ff5b235?s=96&d=mm&r=g","url":"https:\/\/secure.gravatar.com\/avatar\/eabba89a432e8eaa1b0207cc55f7e5340b22712b1ed80677efcf63e02ff5b235?s=96&d=mm&r=g","contentUrl":"https:\/\/secure.gravatar.com\/avatar\/eabba89a432e8eaa1b0207cc55f7e5340b22712b1ed80677efcf63e02ff5b235?s=96&d=mm&r=g","caption":"admin"},"sameAs":["https:\/\/archiviocassano.lavocedelpaese.info"],"url":"https:\/\/archiviocassano.lavocedelpaese.info\/index.php\/author\/admin_0qgz1xdp\/"}]}},"_links":{"self":[{"href":"https:\/\/archiviocassano.lavocedelpaese.info\/index.php\/wp-json\/wp\/v2\/posts\/8276","targetHints":{"allow":["GET"]}}],"collection":[{"href":"https:\/\/archiviocassano.lavocedelpaese.info\/index.php\/wp-json\/wp\/v2\/posts"}],"about":[{"href":"https:\/\/archiviocassano.lavocedelpaese.info\/index.php\/wp-json\/wp\/v2\/types\/post"}],"author":[{"embeddable":true,"href":"https:\/\/archiviocassano.lavocedelpaese.info\/index.php\/wp-json\/wp\/v2\/users\/1"}],"replies":[{"embeddable":true,"href":"https:\/\/archiviocassano.lavocedelpaese.info\/index.php\/wp-json\/wp\/v2\/comments?post=8276"}],"version-history":[{"count":0,"href":"https:\/\/archiviocassano.lavocedelpaese.info\/index.php\/wp-json\/wp\/v2\/posts\/8276\/revisions"}],"wp:attachment":[{"href":"https:\/\/archiviocassano.lavocedelpaese.info\/index.php\/wp-json\/wp\/v2\/media?parent=8276"}],"wp:term":[{"taxonomy":"category","embeddable":true,"href":"https:\/\/archiviocassano.lavocedelpaese.info\/index.php\/wp-json\/wp\/v2\/categories?post=8276"},{"taxonomy":"post_tag","embeddable":true,"href":"https:\/\/archiviocassano.lavocedelpaese.info\/index.php\/wp-json\/wp\/v2\/tags?post=8276"}],"curies":[{"name":"wp","href":"https:\/\/api.w.org\/{rel}","templated":true}]}}