{"id":8280,"date":"2013-10-22T06:42:29","date_gmt":"2013-10-22T06:42:29","guid":{"rendered":"https:\/\/archiviocassano.lavocedelpaese.info\/index.php\/2013\/10\/22\/daniela-caponio-al-liceo-bisogna-potenziare-ed-innovare\/"},"modified":"2013-10-22T06:42:29","modified_gmt":"2013-10-22T06:42:29","slug":"daniela-caponio-al-liceo-bisogna-potenziare-ed-innovare","status":"publish","type":"post","link":"https:\/\/archiviocassano.lavocedelpaese.info\/index.php\/2013\/10\/22\/daniela-caponio-al-liceo-bisogna-potenziare-ed-innovare\/","title":{"rendered":"Daniela Caponio: \u201cAl Liceo bisogna potenziare ed innovare\u201d"},"content":{"rendered":"<p><img loading=\"lazy\" decoding=\"async\" class=\" size-full wp-image-8279\" style=\"margin-right: 2px; margin-left: 2px;\" alt=\"dirigente liceo\" src=\"https:\/\/archiviocassano.lavocedelpaese.info\/wp-content\/uploads\/2013\/10\/dirigente_liceo.jpg\" height=\"150\" width=\"320\" srcset=\"https:\/\/archiviocassano.lavocedelpaese.info\/wp-content\/uploads\/2013\/10\/dirigente_liceo.jpg 320w, https:\/\/archiviocassano.lavocedelpaese.info\/wp-content\/uploads\/2013\/10\/dirigente_liceo-300x141.jpg 300w\" sizes=\"auto, (max-width: 320px) 100vw, 320px\" \/><\/p>\n<p><!--more--><\/p>\n<p style=\"margin-bottom: 0.0001pt; text-align: justify;\"><span style=\"font-size: 10pt; line-height: 115%; font-family: arial,helvetica,sans-serif;\">A poco pi\u00f9 di un mese dall\u2019inizio dell\u2019anno scolastico, abbiamo incontrato il nuovo dirigente scolastico del liceo scientifico \u2013 classico \u201cLeonardo da Vinci \u2013 Platone\u201d, la prof.ssa Daniela Caponio, originaria di Santeramo, con alle spalle anni di insegnamento a Bari e un anno come dirigente scolastico presso il Circolo didattico \u201cTommaso Fiore\u201d di Gravina. Una preside giovane e dinamica, determinata a far crescere il liceo cassanese e i suoi studenti. <\/span><\/p>\n<p style=\"margin-bottom: 0.0001pt; text-align: justify;\"><span style=\"font-size: 10pt; line-height: 115%; font-family: arial,helvetica,sans-serif;\">&nbsp;<\/span><\/p>\n<p style=\"margin-bottom: 0.0001pt; text-align: justify;\"><span style=\"font-size: 10pt; font-family: arial,helvetica,sans-serif;\"><b><span style=\"line-height: 115%;\">Quali sono, ad un mese dal suo nuovo incarico, le sue considerazioni? <\/span><\/b><\/span><\/p>\n<p style=\"margin-bottom: 0.0001pt; text-align: justify;\"><span style=\"font-size: 10pt; line-height: 115%; font-family: arial,helvetica,sans-serif;\">Il liceo \u00e8 sicuramente un\u2019istituzione che presenta diversi punti di forza, cos\u00ec come alcune criticit\u00e0, ma possiede un elemento importante: la qualit\u00e0 dell\u2019insegnamento. Ho potuto notare la presenza di docenti preparati, docenti che hanno instaurato un rapporto positivo con gli studenti e con i genitori. <\/span><\/p>\n<p style=\"margin-bottom: 0.0001pt; text-align: justify;\"><span style=\"font-size: 10pt; line-height: 115%; font-family: arial,helvetica,sans-serif;\">Penso che per il paese, il liceo \u00e8 e deve essere un\u2019opportunit\u00e0 da sfruttare e potenziare e per un cittadino avere la possibilit\u00e0 di iscrivere il proprio figlio ad un liceo, nel paese in cui vive, \u00e8 un privilegio. <\/span><\/p>\n<p style=\"margin-bottom: 0.0001pt; text-align: justify;\"><span style=\"font-size: 10pt; line-height: 115%; font-family: arial,helvetica,sans-serif;\">&nbsp;<\/span><\/p>\n<p style=\"margin-bottom: 0.0001pt; text-align: justify;\"><span style=\"font-size: 10pt; font-family: arial,helvetica,sans-serif;\"><b><span style=\"line-height: 115%;\">Dunque, un\u2019accoglienza positiva?<\/span><\/b><\/span><\/p>\n<p style=\"margin-bottom: 0.0001pt; text-align: justify;\"><span style=\"font-size: 10pt; line-height: 115%; font-family: arial,helvetica,sans-serif;\">L\u2019accoglienza \u00e8 stata pi\u00f9 che positiva. La fascia d\u2019et\u00e0 degli studenti \u00e8 abbastanza problematica e per me nuova, ma \u00e8 tutto un campo da scoprire e per questo ci saranno i docenti ad aiutarmi. Voglio che gli studenti debbano avere come primo punto di riferimento il corpo docenti, per apprendere valori e principi e realizzarsi al meglio per il futuro. Quando sono arrivata, nel consueto giro per le classi, ho detto una sola cosa ai ragazzi: cercare di capire in quale campo vogliono specializzarsi. Certo, alla loro et\u00e0 \u00e8 difficile, ma \u00e8 giusto, nella societ\u00e0 di oggi, iniziare da subito a riflettere sul percorso da intraprendere.<\/span><\/p>\n<p style=\"margin-bottom: 0.0001pt; text-align: justify;\"><span style=\"font-size: 10pt; line-height: 115%; font-family: arial,helvetica,sans-serif;\">&nbsp;<\/span><\/p>\n<p style=\"margin-bottom: 0.0001pt; text-align: justify;\"><span style=\"font-size: 10pt; font-family: arial,helvetica,sans-serif;\"><b><span style=\"line-height: 115%;\">Come \u00e8 andato l\u2019andamento delle iscrizioni?<\/span><\/b><\/span><\/p>\n<p style=\"margin-bottom: 0.0001pt; text-align: justify;\"><span style=\"font-size: 10pt; line-height: 115%; font-family: arial,helvetica,sans-serif;\">\u00c8 andato abbastanza bene, direi, poi vedremo come andr\u00e0 dal prossimo gennaio. E vorrei, anche attraverso il giornale, rilanciare il mio invito alla Provincia di farsi carico di un programma di ristrutturazione e ampliamento degli spazi. Mi sono trovata nella condizione di inserire una classe in auditorium per fare lezione, dunque, spero in un intervento in modo tale da ampliare gli spazi adeguati ai bisogni degli studenti.<\/span><\/p>\n<p style=\"margin-bottom: 0.0001pt; text-align: justify;\"><span style=\"font-size: 10pt; line-height: 115%; font-family: arial,helvetica,sans-serif;\">&nbsp;<\/span><\/p>\n<p style=\"margin-bottom: 0.0001pt; text-align: justify;\"><span style=\"font-size: 10pt; font-family: arial,helvetica,sans-serif;\"><b><span style=\"line-height: 115%;\">Quali saranno i suoi punti di forza? <\/span><\/b><\/span><\/p>\n<p style=\"margin-bottom: 0.0001pt; text-align: justify;\"><span style=\"font-size: 10pt; line-height: 115%; font-family: arial,helvetica,sans-serif;\">Le mie intenzioni sono innovare e svecchiare l\u2019insegnamento, introducendo novit\u00e0, attraverso la tecnologia, in campo didattico, sfruttare questa dimensione per intervenire tempestivamente sui problemi e sui bisogni dei ragazzi. Dunque, potenziare gli apprendimenti, aiutarli a seguire il proprio percorso professionale e rafforzare il senso di comunit\u00e0 della scuola. <\/span><\/p>\n<p style=\"margin-bottom: 0.0001pt; text-align: justify;\"><span style=\"font-size: 10pt; line-height: 115%; font-family: arial,helvetica,sans-serif;\">&nbsp;<\/span><\/p>\n<p style=\"margin-bottom: 0.0001pt; text-align: justify;\"><span style=\"font-size: 10pt; font-family: arial,helvetica,sans-serif;\"><b><span style=\"line-height: 115%;\">Proseguiranno i progetti gi\u00e0 avviati negli scorsi anni? E quali saranno le novit\u00e0?<\/span><\/b><\/span><\/p>\n<p style=\"margin-bottom: 0.0001pt; text-align: justify;\"><span style=\"font-size: 10pt; line-height: 115%; font-family: arial,helvetica,sans-serif;\">I progetti avviati continueranno ad essere portati avanti, come per esempio la rassegna teatrale \u201cDr@ma\u201d e anzi, cercher\u00f2 di espanderla e di coinvolgere maggiormente la partecipazione dei paesi limitrofi. In realt\u00e0, stiamo realizzando progetti ex novo, voglio puntare al rapporto scuola-lavoro in collaborazione con l\u2019Universit\u00e0, i ragazzi potranno svolgere esperienze di stage nelle imprese stesse; inoltre, tra i Pon ottenuti quest\u2019anno, ci sar\u00e0 un importante corso che preveder\u00e0 l\u2019insegnamento di alcune discipline interamente in lingua inglese. <\/span><\/p>\n<p style=\"margin-bottom: 0.0001pt; text-align: justify;\"><span style=\"font-size: 10pt; line-height: 115%; font-family: arial,helvetica,sans-serif;\">&nbsp;<\/span><\/p>\n<p style=\"margin-bottom: 0.0001pt; text-align: justify;\"><span style=\"font-size: 10pt; font-family: arial,helvetica,sans-serif;\"><b><span style=\"line-height: 115%;\">L\u2019ex dirigente, Tina Gesmundo, ha dato anche molta importanza al rapporto con il territorio. Intende proseguire su questa scia? <\/span><\/b><\/span><\/p>\n<p><span style=\"font-size: 10pt; line-height: 115%; font-family: arial,helvetica,sans-serif;\">Non solo intendo seguirla, voglio rafforzare questo rapporto, coinvolgendo gli enti locali e le imprese. &nbsp;<\/span><\/p>\n","protected":false},"excerpt":{"rendered":"","protected":false},"author":1,"featured_media":8279,"comment_status":"open","ping_status":"closed","sticky":false,"template":"","format":"standard","meta":{"colormag_page_container_layout":"default_layout","colormag_page_sidebar_layout":"default_layout","footnotes":""},"categories":[7],"tags":[],"class_list":["post-8280","post","type-post","status-publish","format-standard","has-post-thumbnail","hentry","category-attualita"],"yoast_head":"<!-- This site is optimized with the Yoast SEO plugin v27.5 - https:\/\/yoast.com\/product\/yoast-seo-wordpress\/ -->\n<title>Daniela Caponio: \u201cAl Liceo bisogna potenziare ed innovare\u201d - Archivio CassanoWeb<\/title>\n<meta name=\"robots\" content=\"index, follow, max-snippet:-1, max-image-preview:large, max-video-preview:-1\" \/>\n<link rel=\"canonical\" href=\"https:\/\/archiviocassano.lavocedelpaese.info\/index.php\/2013\/10\/22\/daniela-caponio-al-liceo-bisogna-potenziare-ed-innovare\/\" \/>\n<meta property=\"og:locale\" content=\"it_IT\" \/>\n<meta property=\"og:type\" content=\"article\" \/>\n<meta property=\"og:title\" content=\"Daniela Caponio: \u201cAl Liceo bisogna potenziare ed innovare\u201d - Archivio CassanoWeb\" \/>\n<meta property=\"og:url\" content=\"https:\/\/archiviocassano.lavocedelpaese.info\/index.php\/2013\/10\/22\/daniela-caponio-al-liceo-bisogna-potenziare-ed-innovare\/\" \/>\n<meta property=\"og:site_name\" content=\"Archivio CassanoWeb\" \/>\n<meta property=\"article:publisher\" content=\"https:\/\/www.facebook.com\/redazione.cassanoweb\" \/>\n<meta property=\"article:published_time\" content=\"2013-10-22T06:42:29+00:00\" \/>\n<meta property=\"og:image\" content=\"https:\/\/archiviocassano.lavocedelpaese.info\/wp-content\/uploads\/2013\/10\/dirigente_liceo.jpg\" \/>\n\t<meta property=\"og:image:width\" content=\"320\" \/>\n\t<meta property=\"og:image:height\" content=\"150\" \/>\n\t<meta property=\"og:image:type\" content=\"image\/jpeg\" \/>\n<meta name=\"author\" content=\"admin\" \/>\n<meta name=\"twitter:card\" content=\"summary_large_image\" \/>\n<meta name=\"twitter:label1\" content=\"Scritto da\" \/>\n\t<meta name=\"twitter:data1\" content=\"admin\" \/>\n\t<meta name=\"twitter:label2\" content=\"Tempo di lettura stimato\" \/>\n\t<meta name=\"twitter:data2\" content=\"3 minuti\" \/>\n<script type=\"application\/ld+json\" class=\"yoast-schema-graph\">{\"@context\":\"https:\\\/\\\/schema.org\",\"@graph\":[{\"@type\":\"Article\",\"@id\":\"https:\\\/\\\/archiviocassano.lavocedelpaese.info\\\/index.php\\\/2013\\\/10\\\/22\\\/daniela-caponio-al-liceo-bisogna-potenziare-ed-innovare\\\/#article\",\"isPartOf\":{\"@id\":\"https:\\\/\\\/archiviocassano.lavocedelpaese.info\\\/index.php\\\/2013\\\/10\\\/22\\\/daniela-caponio-al-liceo-bisogna-potenziare-ed-innovare\\\/\"},\"author\":{\"name\":\"admin\",\"@id\":\"https:\\\/\\\/archiviocassano.lavocedelpaese.info\\\/#\\\/schema\\\/person\\\/df195bc79a9b4c35127cf005f92e041b\"},\"headline\":\"Daniela Caponio: \u201cAl Liceo bisogna potenziare ed innovare\u201d\",\"datePublished\":\"2013-10-22T06:42:29+00:00\",\"mainEntityOfPage\":{\"@id\":\"https:\\\/\\\/archiviocassano.lavocedelpaese.info\\\/index.php\\\/2013\\\/10\\\/22\\\/daniela-caponio-al-liceo-bisogna-potenziare-ed-innovare\\\/\"},\"wordCount\":545,\"commentCount\":0,\"publisher\":{\"@id\":\"https:\\\/\\\/archiviocassano.lavocedelpaese.info\\\/#organization\"},\"image\":{\"@id\":\"https:\\\/\\\/archiviocassano.lavocedelpaese.info\\\/index.php\\\/2013\\\/10\\\/22\\\/daniela-caponio-al-liceo-bisogna-potenziare-ed-innovare\\\/#primaryimage\"},\"thumbnailUrl\":\"https:\\\/\\\/archiviocassano.lavocedelpaese.info\\\/wp-content\\\/uploads\\\/2013\\\/10\\\/dirigente_liceo.jpg\",\"articleSection\":[\"Attualit\u00e0\"],\"inLanguage\":\"it-IT\",\"potentialAction\":[{\"@type\":\"CommentAction\",\"name\":\"Comment\",\"target\":[\"https:\\\/\\\/archiviocassano.lavocedelpaese.info\\\/index.php\\\/2013\\\/10\\\/22\\\/daniela-caponio-al-liceo-bisogna-potenziare-ed-innovare\\\/#respond\"]}]},{\"@type\":\"WebPage\",\"@id\":\"https:\\\/\\\/archiviocassano.lavocedelpaese.info\\\/index.php\\\/2013\\\/10\\\/22\\\/daniela-caponio-al-liceo-bisogna-potenziare-ed-innovare\\\/\",\"url\":\"https:\\\/\\\/archiviocassano.lavocedelpaese.info\\\/index.php\\\/2013\\\/10\\\/22\\\/daniela-caponio-al-liceo-bisogna-potenziare-ed-innovare\\\/\",\"name\":\"Daniela Caponio: \u201cAl Liceo bisogna potenziare ed innovare\u201d - Archivio CassanoWeb\",\"isPartOf\":{\"@id\":\"https:\\\/\\\/archiviocassano.lavocedelpaese.info\\\/#website\"},\"primaryImageOfPage\":{\"@id\":\"https:\\\/\\\/archiviocassano.lavocedelpaese.info\\\/index.php\\\/2013\\\/10\\\/22\\\/daniela-caponio-al-liceo-bisogna-potenziare-ed-innovare\\\/#primaryimage\"},\"image\":{\"@id\":\"https:\\\/\\\/archiviocassano.lavocedelpaese.info\\\/index.php\\\/2013\\\/10\\\/22\\\/daniela-caponio-al-liceo-bisogna-potenziare-ed-innovare\\\/#primaryimage\"},\"thumbnailUrl\":\"https:\\\/\\\/archiviocassano.lavocedelpaese.info\\\/wp-content\\\/uploads\\\/2013\\\/10\\\/dirigente_liceo.jpg\",\"datePublished\":\"2013-10-22T06:42:29+00:00\",\"breadcrumb\":{\"@id\":\"https:\\\/\\\/archiviocassano.lavocedelpaese.info\\\/index.php\\\/2013\\\/10\\\/22\\\/daniela-caponio-al-liceo-bisogna-potenziare-ed-innovare\\\/#breadcrumb\"},\"inLanguage\":\"it-IT\",\"potentialAction\":[{\"@type\":\"ReadAction\",\"target\":[\"https:\\\/\\\/archiviocassano.lavocedelpaese.info\\\/index.php\\\/2013\\\/10\\\/22\\\/daniela-caponio-al-liceo-bisogna-potenziare-ed-innovare\\\/\"]}]},{\"@type\":\"ImageObject\",\"inLanguage\":\"it-IT\",\"@id\":\"https:\\\/\\\/archiviocassano.lavocedelpaese.info\\\/index.php\\\/2013\\\/10\\\/22\\\/daniela-caponio-al-liceo-bisogna-potenziare-ed-innovare\\\/#primaryimage\",\"url\":\"https:\\\/\\\/archiviocassano.lavocedelpaese.info\\\/wp-content\\\/uploads\\\/2013\\\/10\\\/dirigente_liceo.jpg\",\"contentUrl\":\"https:\\\/\\\/archiviocassano.lavocedelpaese.info\\\/wp-content\\\/uploads\\\/2013\\\/10\\\/dirigente_liceo.jpg\",\"width\":320,\"height\":150,\"caption\":\"dirigente liceo\"},{\"@type\":\"BreadcrumbList\",\"@id\":\"https:\\\/\\\/archiviocassano.lavocedelpaese.info\\\/index.php\\\/2013\\\/10\\\/22\\\/daniela-caponio-al-liceo-bisogna-potenziare-ed-innovare\\\/#breadcrumb\",\"itemListElement\":[{\"@type\":\"ListItem\",\"position\":1,\"name\":\"Home\",\"item\":\"https:\\\/\\\/archiviocassano.lavocedelpaese.info\\\/\"},{\"@type\":\"ListItem\",\"position\":2,\"name\":\"Daniela Caponio: \u201cAl Liceo bisogna potenziare ed innovare\u201d\"}]},{\"@type\":\"WebSite\",\"@id\":\"https:\\\/\\\/archiviocassano.lavocedelpaese.info\\\/#website\",\"url\":\"https:\\\/\\\/archiviocassano.lavocedelpaese.info\\\/\",\"name\":\"Archivio CassanoWeb\",\"description\":\"La Voce del Paese - un network di idee\",\"publisher\":{\"@id\":\"https:\\\/\\\/archiviocassano.lavocedelpaese.info\\\/#organization\"},\"potentialAction\":[{\"@type\":\"SearchAction\",\"target\":{\"@type\":\"EntryPoint\",\"urlTemplate\":\"https:\\\/\\\/archiviocassano.lavocedelpaese.info\\\/?s={search_term_string}\"},\"query-input\":{\"@type\":\"PropertyValueSpecification\",\"valueRequired\":true,\"valueName\":\"search_term_string\"}}],\"inLanguage\":\"it-IT\"},{\"@type\":\"Organization\",\"@id\":\"https:\\\/\\\/archiviocassano.lavocedelpaese.info\\\/#organization\",\"name\":\"Archivio CassanoWeb\",\"url\":\"https:\\\/\\\/archiviocassano.lavocedelpaese.info\\\/\",\"logo\":{\"@type\":\"ImageObject\",\"inLanguage\":\"it-IT\",\"@id\":\"https:\\\/\\\/archiviocassano.lavocedelpaese.info\\\/#\\\/schema\\\/logo\\\/image\\\/\",\"url\":\"https:\\\/\\\/archiviocassano.lavocedelpaese.info\\\/wp-content\\\/uploads\\\/2024\\\/08\\\/logo-rosso-2.png\",\"contentUrl\":\"https:\\\/\\\/archiviocassano.lavocedelpaese.info\\\/wp-content\\\/uploads\\\/2024\\\/08\\\/logo-rosso-2.png\",\"width\":491,\"height\":432,\"caption\":\"Archivio CassanoWeb\"},\"image\":{\"@id\":\"https:\\\/\\\/archiviocassano.lavocedelpaese.info\\\/#\\\/schema\\\/logo\\\/image\\\/\"},\"sameAs\":[\"https:\\\/\\\/www.facebook.com\\\/redazione.cassanoweb\"]},{\"@type\":\"Person\",\"@id\":\"https:\\\/\\\/archiviocassano.lavocedelpaese.info\\\/#\\\/schema\\\/person\\\/df195bc79a9b4c35127cf005f92e041b\",\"name\":\"admin\",\"image\":{\"@type\":\"ImageObject\",\"inLanguage\":\"it-IT\",\"@id\":\"https:\\\/\\\/secure.gravatar.com\\\/avatar\\\/eabba89a432e8eaa1b0207cc55f7e5340b22712b1ed80677efcf63e02ff5b235?s=96&d=mm&r=g\",\"url\":\"https:\\\/\\\/secure.gravatar.com\\\/avatar\\\/eabba89a432e8eaa1b0207cc55f7e5340b22712b1ed80677efcf63e02ff5b235?s=96&d=mm&r=g\",\"contentUrl\":\"https:\\\/\\\/secure.gravatar.com\\\/avatar\\\/eabba89a432e8eaa1b0207cc55f7e5340b22712b1ed80677efcf63e02ff5b235?s=96&d=mm&r=g\",\"caption\":\"admin\"},\"sameAs\":[\"https:\\\/\\\/archiviocassano.lavocedelpaese.info\"],\"url\":\"https:\\\/\\\/archiviocassano.lavocedelpaese.info\\\/index.php\\\/author\\\/admin_0qgz1xdp\\\/\"}]}<\/script>\n<!-- \/ Yoast SEO plugin. -->","yoast_head_json":{"title":"Daniela Caponio: \u201cAl Liceo bisogna potenziare ed innovare\u201d - Archivio CassanoWeb","robots":{"index":"index","follow":"follow","max-snippet":"max-snippet:-1","max-image-preview":"max-image-preview:large","max-video-preview":"max-video-preview:-1"},"canonical":"https:\/\/archiviocassano.lavocedelpaese.info\/index.php\/2013\/10\/22\/daniela-caponio-al-liceo-bisogna-potenziare-ed-innovare\/","og_locale":"it_IT","og_type":"article","og_title":"Daniela Caponio: \u201cAl Liceo bisogna potenziare ed innovare\u201d - Archivio CassanoWeb","og_url":"https:\/\/archiviocassano.lavocedelpaese.info\/index.php\/2013\/10\/22\/daniela-caponio-al-liceo-bisogna-potenziare-ed-innovare\/","og_site_name":"Archivio CassanoWeb","article_publisher":"https:\/\/www.facebook.com\/redazione.cassanoweb","article_published_time":"2013-10-22T06:42:29+00:00","og_image":[{"width":320,"height":150,"url":"https:\/\/archiviocassano.lavocedelpaese.info\/wp-content\/uploads\/2013\/10\/dirigente_liceo.jpg","type":"image\/jpeg"}],"author":"admin","twitter_card":"summary_large_image","twitter_misc":{"Scritto da":"admin","Tempo di lettura stimato":"3 minuti"},"schema":{"@context":"https:\/\/schema.org","@graph":[{"@type":"Article","@id":"https:\/\/archiviocassano.lavocedelpaese.info\/index.php\/2013\/10\/22\/daniela-caponio-al-liceo-bisogna-potenziare-ed-innovare\/#article","isPartOf":{"@id":"https:\/\/archiviocassano.lavocedelpaese.info\/index.php\/2013\/10\/22\/daniela-caponio-al-liceo-bisogna-potenziare-ed-innovare\/"},"author":{"name":"admin","@id":"https:\/\/archiviocassano.lavocedelpaese.info\/#\/schema\/person\/df195bc79a9b4c35127cf005f92e041b"},"headline":"Daniela Caponio: \u201cAl Liceo bisogna potenziare ed innovare\u201d","datePublished":"2013-10-22T06:42:29+00:00","mainEntityOfPage":{"@id":"https:\/\/archiviocassano.lavocedelpaese.info\/index.php\/2013\/10\/22\/daniela-caponio-al-liceo-bisogna-potenziare-ed-innovare\/"},"wordCount":545,"commentCount":0,"publisher":{"@id":"https:\/\/archiviocassano.lavocedelpaese.info\/#organization"},"image":{"@id":"https:\/\/archiviocassano.lavocedelpaese.info\/index.php\/2013\/10\/22\/daniela-caponio-al-liceo-bisogna-potenziare-ed-innovare\/#primaryimage"},"thumbnailUrl":"https:\/\/archiviocassano.lavocedelpaese.info\/wp-content\/uploads\/2013\/10\/dirigente_liceo.jpg","articleSection":["Attualit\u00e0"],"inLanguage":"it-IT","potentialAction":[{"@type":"CommentAction","name":"Comment","target":["https:\/\/archiviocassano.lavocedelpaese.info\/index.php\/2013\/10\/22\/daniela-caponio-al-liceo-bisogna-potenziare-ed-innovare\/#respond"]}]},{"@type":"WebPage","@id":"https:\/\/archiviocassano.lavocedelpaese.info\/index.php\/2013\/10\/22\/daniela-caponio-al-liceo-bisogna-potenziare-ed-innovare\/","url":"https:\/\/archiviocassano.lavocedelpaese.info\/index.php\/2013\/10\/22\/daniela-caponio-al-liceo-bisogna-potenziare-ed-innovare\/","name":"Daniela Caponio: \u201cAl Liceo bisogna potenziare ed innovare\u201d - Archivio CassanoWeb","isPartOf":{"@id":"https:\/\/archiviocassano.lavocedelpaese.info\/#website"},"primaryImageOfPage":{"@id":"https:\/\/archiviocassano.lavocedelpaese.info\/index.php\/2013\/10\/22\/daniela-caponio-al-liceo-bisogna-potenziare-ed-innovare\/#primaryimage"},"image":{"@id":"https:\/\/archiviocassano.lavocedelpaese.info\/index.php\/2013\/10\/22\/daniela-caponio-al-liceo-bisogna-potenziare-ed-innovare\/#primaryimage"},"thumbnailUrl":"https:\/\/archiviocassano.lavocedelpaese.info\/wp-content\/uploads\/2013\/10\/dirigente_liceo.jpg","datePublished":"2013-10-22T06:42:29+00:00","breadcrumb":{"@id":"https:\/\/archiviocassano.lavocedelpaese.info\/index.php\/2013\/10\/22\/daniela-caponio-al-liceo-bisogna-potenziare-ed-innovare\/#breadcrumb"},"inLanguage":"it-IT","potentialAction":[{"@type":"ReadAction","target":["https:\/\/archiviocassano.lavocedelpaese.info\/index.php\/2013\/10\/22\/daniela-caponio-al-liceo-bisogna-potenziare-ed-innovare\/"]}]},{"@type":"ImageObject","inLanguage":"it-IT","@id":"https:\/\/archiviocassano.lavocedelpaese.info\/index.php\/2013\/10\/22\/daniela-caponio-al-liceo-bisogna-potenziare-ed-innovare\/#primaryimage","url":"https:\/\/archiviocassano.lavocedelpaese.info\/wp-content\/uploads\/2013\/10\/dirigente_liceo.jpg","contentUrl":"https:\/\/archiviocassano.lavocedelpaese.info\/wp-content\/uploads\/2013\/10\/dirigente_liceo.jpg","width":320,"height":150,"caption":"dirigente liceo"},{"@type":"BreadcrumbList","@id":"https:\/\/archiviocassano.lavocedelpaese.info\/index.php\/2013\/10\/22\/daniela-caponio-al-liceo-bisogna-potenziare-ed-innovare\/#breadcrumb","itemListElement":[{"@type":"ListItem","position":1,"name":"Home","item":"https:\/\/archiviocassano.lavocedelpaese.info\/"},{"@type":"ListItem","position":2,"name":"Daniela Caponio: \u201cAl Liceo bisogna potenziare ed innovare\u201d"}]},{"@type":"WebSite","@id":"https:\/\/archiviocassano.lavocedelpaese.info\/#website","url":"https:\/\/archiviocassano.lavocedelpaese.info\/","name":"Archivio CassanoWeb","description":"La Voce del Paese - un network di idee","publisher":{"@id":"https:\/\/archiviocassano.lavocedelpaese.info\/#organization"},"potentialAction":[{"@type":"SearchAction","target":{"@type":"EntryPoint","urlTemplate":"https:\/\/archiviocassano.lavocedelpaese.info\/?s={search_term_string}"},"query-input":{"@type":"PropertyValueSpecification","valueRequired":true,"valueName":"search_term_string"}}],"inLanguage":"it-IT"},{"@type":"Organization","@id":"https:\/\/archiviocassano.lavocedelpaese.info\/#organization","name":"Archivio CassanoWeb","url":"https:\/\/archiviocassano.lavocedelpaese.info\/","logo":{"@type":"ImageObject","inLanguage":"it-IT","@id":"https:\/\/archiviocassano.lavocedelpaese.info\/#\/schema\/logo\/image\/","url":"https:\/\/archiviocassano.lavocedelpaese.info\/wp-content\/uploads\/2024\/08\/logo-rosso-2.png","contentUrl":"https:\/\/archiviocassano.lavocedelpaese.info\/wp-content\/uploads\/2024\/08\/logo-rosso-2.png","width":491,"height":432,"caption":"Archivio CassanoWeb"},"image":{"@id":"https:\/\/archiviocassano.lavocedelpaese.info\/#\/schema\/logo\/image\/"},"sameAs":["https:\/\/www.facebook.com\/redazione.cassanoweb"]},{"@type":"Person","@id":"https:\/\/archiviocassano.lavocedelpaese.info\/#\/schema\/person\/df195bc79a9b4c35127cf005f92e041b","name":"admin","image":{"@type":"ImageObject","inLanguage":"it-IT","@id":"https:\/\/secure.gravatar.com\/avatar\/eabba89a432e8eaa1b0207cc55f7e5340b22712b1ed80677efcf63e02ff5b235?s=96&d=mm&r=g","url":"https:\/\/secure.gravatar.com\/avatar\/eabba89a432e8eaa1b0207cc55f7e5340b22712b1ed80677efcf63e02ff5b235?s=96&d=mm&r=g","contentUrl":"https:\/\/secure.gravatar.com\/avatar\/eabba89a432e8eaa1b0207cc55f7e5340b22712b1ed80677efcf63e02ff5b235?s=96&d=mm&r=g","caption":"admin"},"sameAs":["https:\/\/archiviocassano.lavocedelpaese.info"],"url":"https:\/\/archiviocassano.lavocedelpaese.info\/index.php\/author\/admin_0qgz1xdp\/"}]}},"_links":{"self":[{"href":"https:\/\/archiviocassano.lavocedelpaese.info\/index.php\/wp-json\/wp\/v2\/posts\/8280","targetHints":{"allow":["GET"]}}],"collection":[{"href":"https:\/\/archiviocassano.lavocedelpaese.info\/index.php\/wp-json\/wp\/v2\/posts"}],"about":[{"href":"https:\/\/archiviocassano.lavocedelpaese.info\/index.php\/wp-json\/wp\/v2\/types\/post"}],"author":[{"embeddable":true,"href":"https:\/\/archiviocassano.lavocedelpaese.info\/index.php\/wp-json\/wp\/v2\/users\/1"}],"replies":[{"embeddable":true,"href":"https:\/\/archiviocassano.lavocedelpaese.info\/index.php\/wp-json\/wp\/v2\/comments?post=8280"}],"version-history":[{"count":0,"href":"https:\/\/archiviocassano.lavocedelpaese.info\/index.php\/wp-json\/wp\/v2\/posts\/8280\/revisions"}],"wp:featuredmedia":[{"embeddable":true,"href":"https:\/\/archiviocassano.lavocedelpaese.info\/index.php\/wp-json\/wp\/v2\/media\/8279"}],"wp:attachment":[{"href":"https:\/\/archiviocassano.lavocedelpaese.info\/index.php\/wp-json\/wp\/v2\/media?parent=8280"}],"wp:term":[{"taxonomy":"category","embeddable":true,"href":"https:\/\/archiviocassano.lavocedelpaese.info\/index.php\/wp-json\/wp\/v2\/categories?post=8280"},{"taxonomy":"post_tag","embeddable":true,"href":"https:\/\/archiviocassano.lavocedelpaese.info\/index.php\/wp-json\/wp\/v2\/tags?post=8280"}],"curies":[{"name":"wp","href":"https:\/\/api.w.org\/{rel}","templated":true}]}}