{"id":8315,"date":"2013-10-30T08:15:20","date_gmt":"2013-10-30T08:15:20","guid":{"rendered":"https:\/\/archiviocassano.lavocedelpaese.info\/index.php\/2013\/10\/30\/centro-storico-loculi-rifiuti-le-minoranze-interrogano-la-giunta-di-medio\/"},"modified":"2013-10-30T08:15:20","modified_gmt":"2013-10-30T08:15:20","slug":"centro-storico-loculi-rifiuti-le-minoranze-interrogano-la-giunta-di-medio","status":"publish","type":"post","link":"https:\/\/archiviocassano.lavocedelpaese.info\/index.php\/2013\/10\/30\/centro-storico-loculi-rifiuti-le-minoranze-interrogano-la-giunta-di-medio\/","title":{"rendered":"Centro storico, loculi, rifiuti: le minoranze interrogano la Giunta"},"content":{"rendered":"<p style=\"text-align: justify;\"><img loading=\"lazy\" decoding=\"async\" alt=\"teodoro santorsola\" src=\"images\/stories\/archiviofoto\/teodoro_santorsola.jpg\" height=\"150\" width=\"320\" \/><\/p>\n<p><!--more--><\/p>\n<p style=\"text-align: justify;\">Semaforo di piazza Garibaldi, pulizia del centro storico, messa in sicurezza delle scuole, loculi cimiteriali, appalto rifiuti: su questi argomenti, <a target=\"_blank\" href=\"politica\/24024-suap-il-comune-si-affida-a-qmurgia-sviluppoq-critiche-le-opposizioni.html\" rel=\"noopener\">nel corso del Consiglio Comunale di luned\u00ec scorso,<\/a> i gruppi di minoranza hanno impegnato la Giunta Di Medio, con una serie di interrogazioni. Guardiamole in dettaglio.<\/p>\n<p style=\"text-align: justify;\"><b>Semaforo di piazza Garibaldi.<\/b><\/p>\n<p style=\"text-align: justify;\">In occasione della Festa Patronale di agosto, il semaforo di piazza Garibaldi viene disattivato dalle normali funzionali e tenuto con il giallo lampeggiante. Ma \u2013 come successo l\u2019anno scorso (<a target=\"_blank\" href=\"cronaca\/22770-piazza-garibaldi-il-semaforo-lampeggia-e-ci-scappa-lincidente.html\" rel=\"noopener\">leggi l\u2019articolo<\/a>) \u2013 dopo la festa, non viene riattivato.<\/p>\n<p style=\"text-align: justify;\">Il c<strong>onsigliere di \u201cNuova Ideadomani\u201d Davide Del Re<\/strong> ha chiesto spiegazioni sul motivo di tale scelta, che mette a rischio la sicurezza di pedoni e veicoli in una zona ad alta intensit\u00e0 di traffico tant\u2019\u00e8 che non di rado si sono verificati incidenti. Anche l\u2019anno scorso Del Re chiese spiegazioni al sindaco <strong>Maria Pia Di Medio<\/strong> la quale fece riferimento ad un non meglio precisato \u201cmonitoraggio da parte dell\u2019Arpa Puglia\u201d sulla qualit\u00e0 dell\u2019aria nella zona. Stavolta, invece, il sindaco ha risposto che \u00e8 allo studio un sistema per far diventare il semaforo di via dei Mille \u201ca chiamata\u201d e comunque monitorare il flusso dei veicoli per ottimizzare i tempi di attesa.<\/p>\n<p style=\"text-align: justify;\"><em>\u201cTre mesi per uno studio sull\u2019unico semaforo esistente a Cassano non le sembrano troppi\u201d?<\/em> ha chiesto il consigliere di Nid alla Di Medio che si \u00e8 impegnata affinch\u00e8 venga al pi\u00f9 presto ripristinata la normale funzione.<\/p>\n<p style=\"text-align: justify;\"><b>Pulizia del centro storico.<\/b><\/p>\n<p style=\"text-align: justify;\">Il <strong>consigliere del Partito Democratico Simeone Paparella<\/strong> ha interrogato l\u2019amministrazione in merito alla pulizia del centro storico e pi\u00f9 in generale alla vivibilit\u00e0 dello stesso, dato che sporcizia, vandalismo e incivilt\u00e0 la fanno da padroni soprattutto nelle zone meno centrali dello stesso. Paparella ha dunque chiesto quali azioni intenda intraprendere l\u2019amministrazione per ovviare a tali problemi. Il sindaco, in risposta, ha riconosciuto la criticit\u00e0 di diverse situazioni ma oltre a vantare una collaborazione con la \u201cAssociazione Centro Storico di Cassano delle Murge onlus\u201d (che ha completato il monitoraggio degli immobili) non ha potuto far altro che parlare di <em>\u201csanzioni che saranno erogate da parte della Polizia Municipale nei confronti dei padroni dei cani che non raccolgono le deiezioni\u201d.<\/em><\/p>\n<p style=\"text-align: justify;\"><b>Messa in sicurezza delle scuole.<\/b><\/p>\n<p style=\"text-align: justify;\">Il Pd ha interrogato il sindaco anche in merito ad un recente bando regionale per la messa in sicurezza delle scuole che metteva a disposizione dei Comuni 150 milioni di euro in tutta la Puglia a patto che vi fossero progetti gi\u00e0 \u201ccantierabili\u201d: \u201cperch\u00e9 il Comune di Cassano non ha partecipato al Bando\u201d? La Di Medio ha risposto che c\u2019erano 15 giorni per rispondere (dal 30 agosto al 15 settembre) e il Comune non aveva progetti \u201ccantierabili\u201d. Un fatto ritenuto dal gruppo di <strong>Rico Arganese<\/strong> \u201c<em>gravissimo: occorre sempre avere progetti pronti\u201d.<\/em><\/p>\n<p style=\"text-align: justify;\"><b>Loculi cimiteriali.<\/b><\/p>\n<p style=\"text-align: justify;\">Il <b>capogruppo di \u201cNuova Ideadomani\u201d Teodoro Santorsola<\/b> ha chiesto all\u2019amministrazione perch\u00e9 a fronte di numerose richieste di loculi presso il Cimitero (circa 160), si stia procedendo alla realizzazione di appena 48 loculi. \u201c<i>Ci sono le richieste<\/i> \u2013 ha spiegato Santorsola -, <i>i progetti praticamente sono pronti visto che sono quasi da \u201ccopia-incolla\u201d, si tratta di opere che si pagano da sole senza esborso del Comune dato che vengono acquistate: perch\u00e9 non si provvede a esaudire tutte le richieste?\u201d.<\/i> L\u2019ex assessore all\u2019Urbanistica, <b>Tony Campanale<\/b> ha spiegato che c\u2019\u00e8 gi\u00e0 un ulteriore progetto di espansione che affiancher\u00e0 ai primi 48 locali altri 52 e che comunque si proceder\u00e0 per esaudire tutte le richieste dei cittadini.<\/p>\n<p style=\"text-align: justify;\"><b>Servizio rifiuti.<\/b><\/p>\n<p style=\"text-align: justify;\"><i>\u201cA conti fatti e con le debite proporzioni, questo appalto costa meno del vostro. Ci scommetto\u201d<\/i>. Lo ha detto <b>l\u2019assessore all\u2019ambiente Carmelo Briano<\/b> in risposta ad una interrogazione di Santorsola sull\u2019appalto rifiuti. Oggetto della scommessa \u00e8 il seguente: quale appalto costa di pi\u00f9 ai cittadini, quello vecchio o quello nuovo? Per Santorsola si tratta di un aggravio di costi di oltre il 40%, per Briano la cosa \u00e8 ovvia dato che il primo appalto era datato 2004, non c\u2019era il porta-a-porta e il nuovo capitolato prevedeva l\u2019acquisto di nuovi mezzi e l\u2019impiego di pi\u00f9 personale. \u201c<i>Nonostante ci\u00f2<\/i> &#8211; ha lanciato la sfida Briano \u2013 <i>sono quasi certo di poter dimostrare che il nuovo \u00e8 pi\u00f9 economico del vecchio\u201d.<\/i> Ironica risata di Santorsola che ha invitato Briano, piuttosto, a non fare propaganda sulle percentuali della raccolta differenziata dato che il 65% doveva essere raggiunto, per legge, entro il 31.12.2102 e non un anno dopo) e ci\u00f2 nonostante sia stato chiesto ai cittadini un aumento per un servizio entrato in funzione un anno dopo. Santorsola ha anche chiesto all\u2019amministrazione se l\u2019appalto rifiuti rispetta una serie di parametri di legge previsti dalla Convenzioni Consip e dalla nuova \u201c<i>spending review\u201d <\/i>poich\u00e9, in caso contrario, la gara sarebbe inficiata e sarebbe da annullare.<\/p>\n","protected":false},"excerpt":{"rendered":"","protected":false},"author":1,"featured_media":0,"comment_status":"open","ping_status":"closed","sticky":false,"template":"","format":"standard","meta":{"colormag_page_container_layout":"default_layout","colormag_page_sidebar_layout":"default_layout","footnotes":""},"categories":[4],"tags":[],"class_list":["post-8315","post","type-post","status-publish","format-standard","hentry","category-politica"],"yoast_head":"<!-- This site is optimized with the Yoast SEO plugin v27.5 - https:\/\/yoast.com\/product\/yoast-seo-wordpress\/ -->\n<title>Centro storico, loculi, rifiuti: le minoranze interrogano la Giunta - Archivio CassanoWeb<\/title>\n<meta name=\"robots\" content=\"index, follow, max-snippet:-1, max-image-preview:large, max-video-preview:-1\" \/>\n<link rel=\"canonical\" href=\"https:\/\/archiviocassano.lavocedelpaese.info\/index.php\/2013\/10\/30\/centro-storico-loculi-rifiuti-le-minoranze-interrogano-la-giunta-di-medio\/\" \/>\n<meta property=\"og:locale\" content=\"it_IT\" \/>\n<meta property=\"og:type\" content=\"article\" \/>\n<meta property=\"og:title\" content=\"Centro storico, loculi, rifiuti: le minoranze interrogano la Giunta - Archivio CassanoWeb\" \/>\n<meta property=\"og:url\" content=\"https:\/\/archiviocassano.lavocedelpaese.info\/index.php\/2013\/10\/30\/centro-storico-loculi-rifiuti-le-minoranze-interrogano-la-giunta-di-medio\/\" \/>\n<meta property=\"og:site_name\" content=\"Archivio CassanoWeb\" \/>\n<meta property=\"article:publisher\" content=\"https:\/\/www.facebook.com\/redazione.cassanoweb\" \/>\n<meta property=\"article:published_time\" content=\"2013-10-30T08:15:20+00:00\" \/>\n<meta name=\"author\" content=\"admin\" \/>\n<meta name=\"twitter:card\" content=\"summary_large_image\" \/>\n<meta name=\"twitter:label1\" content=\"Scritto da\" \/>\n\t<meta name=\"twitter:data1\" content=\"admin\" \/>\n\t<meta name=\"twitter:label2\" content=\"Tempo di lettura stimato\" \/>\n\t<meta name=\"twitter:data2\" content=\"4 minuti\" \/>\n<script type=\"application\/ld+json\" class=\"yoast-schema-graph\">{\"@context\":\"https:\\\/\\\/schema.org\",\"@graph\":[{\"@type\":\"Article\",\"@id\":\"https:\\\/\\\/archiviocassano.lavocedelpaese.info\\\/index.php\\\/2013\\\/10\\\/30\\\/centro-storico-loculi-rifiuti-le-minoranze-interrogano-la-giunta-di-medio\\\/#article\",\"isPartOf\":{\"@id\":\"https:\\\/\\\/archiviocassano.lavocedelpaese.info\\\/index.php\\\/2013\\\/10\\\/30\\\/centro-storico-loculi-rifiuti-le-minoranze-interrogano-la-giunta-di-medio\\\/\"},\"author\":{\"name\":\"admin\",\"@id\":\"https:\\\/\\\/archiviocassano.lavocedelpaese.info\\\/#\\\/schema\\\/person\\\/df195bc79a9b4c35127cf005f92e041b\"},\"headline\":\"Centro storico, loculi, rifiuti: le minoranze interrogano la Giunta\",\"datePublished\":\"2013-10-30T08:15:20+00:00\",\"mainEntityOfPage\":{\"@id\":\"https:\\\/\\\/archiviocassano.lavocedelpaese.info\\\/index.php\\\/2013\\\/10\\\/30\\\/centro-storico-loculi-rifiuti-le-minoranze-interrogano-la-giunta-di-medio\\\/\"},\"wordCount\":786,\"commentCount\":0,\"publisher\":{\"@id\":\"https:\\\/\\\/archiviocassano.lavocedelpaese.info\\\/#organization\"},\"articleSection\":[\"Politica\"],\"inLanguage\":\"it-IT\",\"potentialAction\":[{\"@type\":\"CommentAction\",\"name\":\"Comment\",\"target\":[\"https:\\\/\\\/archiviocassano.lavocedelpaese.info\\\/index.php\\\/2013\\\/10\\\/30\\\/centro-storico-loculi-rifiuti-le-minoranze-interrogano-la-giunta-di-medio\\\/#respond\"]}]},{\"@type\":\"WebPage\",\"@id\":\"https:\\\/\\\/archiviocassano.lavocedelpaese.info\\\/index.php\\\/2013\\\/10\\\/30\\\/centro-storico-loculi-rifiuti-le-minoranze-interrogano-la-giunta-di-medio\\\/\",\"url\":\"https:\\\/\\\/archiviocassano.lavocedelpaese.info\\\/index.php\\\/2013\\\/10\\\/30\\\/centro-storico-loculi-rifiuti-le-minoranze-interrogano-la-giunta-di-medio\\\/\",\"name\":\"Centro storico, loculi, rifiuti: le minoranze interrogano la Giunta - Archivio CassanoWeb\",\"isPartOf\":{\"@id\":\"https:\\\/\\\/archiviocassano.lavocedelpaese.info\\\/#website\"},\"datePublished\":\"2013-10-30T08:15:20+00:00\",\"breadcrumb\":{\"@id\":\"https:\\\/\\\/archiviocassano.lavocedelpaese.info\\\/index.php\\\/2013\\\/10\\\/30\\\/centro-storico-loculi-rifiuti-le-minoranze-interrogano-la-giunta-di-medio\\\/#breadcrumb\"},\"inLanguage\":\"it-IT\",\"potentialAction\":[{\"@type\":\"ReadAction\",\"target\":[\"https:\\\/\\\/archiviocassano.lavocedelpaese.info\\\/index.php\\\/2013\\\/10\\\/30\\\/centro-storico-loculi-rifiuti-le-minoranze-interrogano-la-giunta-di-medio\\\/\"]}]},{\"@type\":\"BreadcrumbList\",\"@id\":\"https:\\\/\\\/archiviocassano.lavocedelpaese.info\\\/index.php\\\/2013\\\/10\\\/30\\\/centro-storico-loculi-rifiuti-le-minoranze-interrogano-la-giunta-di-medio\\\/#breadcrumb\",\"itemListElement\":[{\"@type\":\"ListItem\",\"position\":1,\"name\":\"Home\",\"item\":\"https:\\\/\\\/archiviocassano.lavocedelpaese.info\\\/\"},{\"@type\":\"ListItem\",\"position\":2,\"name\":\"Centro storico, loculi, rifiuti: le minoranze interrogano la Giunta\"}]},{\"@type\":\"WebSite\",\"@id\":\"https:\\\/\\\/archiviocassano.lavocedelpaese.info\\\/#website\",\"url\":\"https:\\\/\\\/archiviocassano.lavocedelpaese.info\\\/\",\"name\":\"Archivio CassanoWeb\",\"description\":\"La Voce del Paese - un network di idee\",\"publisher\":{\"@id\":\"https:\\\/\\\/archiviocassano.lavocedelpaese.info\\\/#organization\"},\"potentialAction\":[{\"@type\":\"SearchAction\",\"target\":{\"@type\":\"EntryPoint\",\"urlTemplate\":\"https:\\\/\\\/archiviocassano.lavocedelpaese.info\\\/?s={search_term_string}\"},\"query-input\":{\"@type\":\"PropertyValueSpecification\",\"valueRequired\":true,\"valueName\":\"search_term_string\"}}],\"inLanguage\":\"it-IT\"},{\"@type\":\"Organization\",\"@id\":\"https:\\\/\\\/archiviocassano.lavocedelpaese.info\\\/#organization\",\"name\":\"Archivio CassanoWeb\",\"url\":\"https:\\\/\\\/archiviocassano.lavocedelpaese.info\\\/\",\"logo\":{\"@type\":\"ImageObject\",\"inLanguage\":\"it-IT\",\"@id\":\"https:\\\/\\\/archiviocassano.lavocedelpaese.info\\\/#\\\/schema\\\/logo\\\/image\\\/\",\"url\":\"https:\\\/\\\/archiviocassano.lavocedelpaese.info\\\/wp-content\\\/uploads\\\/2024\\\/08\\\/logo-rosso-2.png\",\"contentUrl\":\"https:\\\/\\\/archiviocassano.lavocedelpaese.info\\\/wp-content\\\/uploads\\\/2024\\\/08\\\/logo-rosso-2.png\",\"width\":491,\"height\":432,\"caption\":\"Archivio CassanoWeb\"},\"image\":{\"@id\":\"https:\\\/\\\/archiviocassano.lavocedelpaese.info\\\/#\\\/schema\\\/logo\\\/image\\\/\"},\"sameAs\":[\"https:\\\/\\\/www.facebook.com\\\/redazione.cassanoweb\"]},{\"@type\":\"Person\",\"@id\":\"https:\\\/\\\/archiviocassano.lavocedelpaese.info\\\/#\\\/schema\\\/person\\\/df195bc79a9b4c35127cf005f92e041b\",\"name\":\"admin\",\"image\":{\"@type\":\"ImageObject\",\"inLanguage\":\"it-IT\",\"@id\":\"https:\\\/\\\/secure.gravatar.com\\\/avatar\\\/eabba89a432e8eaa1b0207cc55f7e5340b22712b1ed80677efcf63e02ff5b235?s=96&d=mm&r=g\",\"url\":\"https:\\\/\\\/secure.gravatar.com\\\/avatar\\\/eabba89a432e8eaa1b0207cc55f7e5340b22712b1ed80677efcf63e02ff5b235?s=96&d=mm&r=g\",\"contentUrl\":\"https:\\\/\\\/secure.gravatar.com\\\/avatar\\\/eabba89a432e8eaa1b0207cc55f7e5340b22712b1ed80677efcf63e02ff5b235?s=96&d=mm&r=g\",\"caption\":\"admin\"},\"sameAs\":[\"https:\\\/\\\/archiviocassano.lavocedelpaese.info\"],\"url\":\"https:\\\/\\\/archiviocassano.lavocedelpaese.info\\\/index.php\\\/author\\\/admin_0qgz1xdp\\\/\"}]}<\/script>\n<!-- \/ Yoast SEO plugin. -->","yoast_head_json":{"title":"Centro storico, loculi, rifiuti: le minoranze interrogano la Giunta - Archivio CassanoWeb","robots":{"index":"index","follow":"follow","max-snippet":"max-snippet:-1","max-image-preview":"max-image-preview:large","max-video-preview":"max-video-preview:-1"},"canonical":"https:\/\/archiviocassano.lavocedelpaese.info\/index.php\/2013\/10\/30\/centro-storico-loculi-rifiuti-le-minoranze-interrogano-la-giunta-di-medio\/","og_locale":"it_IT","og_type":"article","og_title":"Centro storico, loculi, rifiuti: le minoranze interrogano la Giunta - Archivio CassanoWeb","og_url":"https:\/\/archiviocassano.lavocedelpaese.info\/index.php\/2013\/10\/30\/centro-storico-loculi-rifiuti-le-minoranze-interrogano-la-giunta-di-medio\/","og_site_name":"Archivio CassanoWeb","article_publisher":"https:\/\/www.facebook.com\/redazione.cassanoweb","article_published_time":"2013-10-30T08:15:20+00:00","author":"admin","twitter_card":"summary_large_image","twitter_misc":{"Scritto da":"admin","Tempo di lettura stimato":"4 minuti"},"schema":{"@context":"https:\/\/schema.org","@graph":[{"@type":"Article","@id":"https:\/\/archiviocassano.lavocedelpaese.info\/index.php\/2013\/10\/30\/centro-storico-loculi-rifiuti-le-minoranze-interrogano-la-giunta-di-medio\/#article","isPartOf":{"@id":"https:\/\/archiviocassano.lavocedelpaese.info\/index.php\/2013\/10\/30\/centro-storico-loculi-rifiuti-le-minoranze-interrogano-la-giunta-di-medio\/"},"author":{"name":"admin","@id":"https:\/\/archiviocassano.lavocedelpaese.info\/#\/schema\/person\/df195bc79a9b4c35127cf005f92e041b"},"headline":"Centro storico, loculi, rifiuti: le minoranze interrogano la Giunta","datePublished":"2013-10-30T08:15:20+00:00","mainEntityOfPage":{"@id":"https:\/\/archiviocassano.lavocedelpaese.info\/index.php\/2013\/10\/30\/centro-storico-loculi-rifiuti-le-minoranze-interrogano-la-giunta-di-medio\/"},"wordCount":786,"commentCount":0,"publisher":{"@id":"https:\/\/archiviocassano.lavocedelpaese.info\/#organization"},"articleSection":["Politica"],"inLanguage":"it-IT","potentialAction":[{"@type":"CommentAction","name":"Comment","target":["https:\/\/archiviocassano.lavocedelpaese.info\/index.php\/2013\/10\/30\/centro-storico-loculi-rifiuti-le-minoranze-interrogano-la-giunta-di-medio\/#respond"]}]},{"@type":"WebPage","@id":"https:\/\/archiviocassano.lavocedelpaese.info\/index.php\/2013\/10\/30\/centro-storico-loculi-rifiuti-le-minoranze-interrogano-la-giunta-di-medio\/","url":"https:\/\/archiviocassano.lavocedelpaese.info\/index.php\/2013\/10\/30\/centro-storico-loculi-rifiuti-le-minoranze-interrogano-la-giunta-di-medio\/","name":"Centro storico, loculi, rifiuti: le minoranze interrogano la Giunta - Archivio CassanoWeb","isPartOf":{"@id":"https:\/\/archiviocassano.lavocedelpaese.info\/#website"},"datePublished":"2013-10-30T08:15:20+00:00","breadcrumb":{"@id":"https:\/\/archiviocassano.lavocedelpaese.info\/index.php\/2013\/10\/30\/centro-storico-loculi-rifiuti-le-minoranze-interrogano-la-giunta-di-medio\/#breadcrumb"},"inLanguage":"it-IT","potentialAction":[{"@type":"ReadAction","target":["https:\/\/archiviocassano.lavocedelpaese.info\/index.php\/2013\/10\/30\/centro-storico-loculi-rifiuti-le-minoranze-interrogano-la-giunta-di-medio\/"]}]},{"@type":"BreadcrumbList","@id":"https:\/\/archiviocassano.lavocedelpaese.info\/index.php\/2013\/10\/30\/centro-storico-loculi-rifiuti-le-minoranze-interrogano-la-giunta-di-medio\/#breadcrumb","itemListElement":[{"@type":"ListItem","position":1,"name":"Home","item":"https:\/\/archiviocassano.lavocedelpaese.info\/"},{"@type":"ListItem","position":2,"name":"Centro storico, loculi, rifiuti: le minoranze interrogano la Giunta"}]},{"@type":"WebSite","@id":"https:\/\/archiviocassano.lavocedelpaese.info\/#website","url":"https:\/\/archiviocassano.lavocedelpaese.info\/","name":"Archivio CassanoWeb","description":"La Voce del Paese - un network di idee","publisher":{"@id":"https:\/\/archiviocassano.lavocedelpaese.info\/#organization"},"potentialAction":[{"@type":"SearchAction","target":{"@type":"EntryPoint","urlTemplate":"https:\/\/archiviocassano.lavocedelpaese.info\/?s={search_term_string}"},"query-input":{"@type":"PropertyValueSpecification","valueRequired":true,"valueName":"search_term_string"}}],"inLanguage":"it-IT"},{"@type":"Organization","@id":"https:\/\/archiviocassano.lavocedelpaese.info\/#organization","name":"Archivio CassanoWeb","url":"https:\/\/archiviocassano.lavocedelpaese.info\/","logo":{"@type":"ImageObject","inLanguage":"it-IT","@id":"https:\/\/archiviocassano.lavocedelpaese.info\/#\/schema\/logo\/image\/","url":"https:\/\/archiviocassano.lavocedelpaese.info\/wp-content\/uploads\/2024\/08\/logo-rosso-2.png","contentUrl":"https:\/\/archiviocassano.lavocedelpaese.info\/wp-content\/uploads\/2024\/08\/logo-rosso-2.png","width":491,"height":432,"caption":"Archivio CassanoWeb"},"image":{"@id":"https:\/\/archiviocassano.lavocedelpaese.info\/#\/schema\/logo\/image\/"},"sameAs":["https:\/\/www.facebook.com\/redazione.cassanoweb"]},{"@type":"Person","@id":"https:\/\/archiviocassano.lavocedelpaese.info\/#\/schema\/person\/df195bc79a9b4c35127cf005f92e041b","name":"admin","image":{"@type":"ImageObject","inLanguage":"it-IT","@id":"https:\/\/secure.gravatar.com\/avatar\/eabba89a432e8eaa1b0207cc55f7e5340b22712b1ed80677efcf63e02ff5b235?s=96&d=mm&r=g","url":"https:\/\/secure.gravatar.com\/avatar\/eabba89a432e8eaa1b0207cc55f7e5340b22712b1ed80677efcf63e02ff5b235?s=96&d=mm&r=g","contentUrl":"https:\/\/secure.gravatar.com\/avatar\/eabba89a432e8eaa1b0207cc55f7e5340b22712b1ed80677efcf63e02ff5b235?s=96&d=mm&r=g","caption":"admin"},"sameAs":["https:\/\/archiviocassano.lavocedelpaese.info"],"url":"https:\/\/archiviocassano.lavocedelpaese.info\/index.php\/author\/admin_0qgz1xdp\/"}]}},"_links":{"self":[{"href":"https:\/\/archiviocassano.lavocedelpaese.info\/index.php\/wp-json\/wp\/v2\/posts\/8315","targetHints":{"allow":["GET"]}}],"collection":[{"href":"https:\/\/archiviocassano.lavocedelpaese.info\/index.php\/wp-json\/wp\/v2\/posts"}],"about":[{"href":"https:\/\/archiviocassano.lavocedelpaese.info\/index.php\/wp-json\/wp\/v2\/types\/post"}],"author":[{"embeddable":true,"href":"https:\/\/archiviocassano.lavocedelpaese.info\/index.php\/wp-json\/wp\/v2\/users\/1"}],"replies":[{"embeddable":true,"href":"https:\/\/archiviocassano.lavocedelpaese.info\/index.php\/wp-json\/wp\/v2\/comments?post=8315"}],"version-history":[{"count":0,"href":"https:\/\/archiviocassano.lavocedelpaese.info\/index.php\/wp-json\/wp\/v2\/posts\/8315\/revisions"}],"wp:attachment":[{"href":"https:\/\/archiviocassano.lavocedelpaese.info\/index.php\/wp-json\/wp\/v2\/media?parent=8315"}],"wp:term":[{"taxonomy":"category","embeddable":true,"href":"https:\/\/archiviocassano.lavocedelpaese.info\/index.php\/wp-json\/wp\/v2\/categories?post=8315"},{"taxonomy":"post_tag","embeddable":true,"href":"https:\/\/archiviocassano.lavocedelpaese.info\/index.php\/wp-json\/wp\/v2\/tags?post=8315"}],"curies":[{"name":"wp","href":"https:\/\/api.w.org\/{rel}","templated":true}]}}