{"id":8347,"date":"2013-11-06T07:38:08","date_gmt":"2013-11-06T07:38:08","guid":{"rendered":"https:\/\/archiviocassano.lavocedelpaese.info\/index.php\/2013\/11\/06\/si-portano-via-anita-scalza-e-col-pigiama-il-video\/"},"modified":"2013-11-06T07:38:08","modified_gmt":"2013-11-06T07:38:08","slug":"si-portano-via-anita-scalza-e-col-pigiama-il-video","status":"publish","type":"post","link":"https:\/\/archiviocassano.lavocedelpaese.info\/index.php\/2013\/11\/06\/si-portano-via-anita-scalza-e-col-pigiama-il-video\/","title":{"rendered":"Si portano via Anita: scalza e col pigiama_ il video"},"content":{"rendered":"<p style=\"text-align: justify;\"><img loading=\"lazy\" decoding=\"async\" class=\" size-full wp-image-8346\" alt=\"anita portata via\" src=\"https:\/\/archiviocassano.lavocedelpaese.info\/wp-content\/uploads\/2013\/11\/anita_portata_via.jpg\" height=\"150\" width=\"320\" \/><\/p>\n<p><!--more--><\/p>\n<p style=\"text-align: justify;\">Pochi, sfocati fotogrammi. E un urlo, un grido di disperazione. Assieme ad un pianto ininterrotto.<\/p>\n<p style=\"text-align: justify;\">E\u2019 tutto quel che rimane della \u201cfuga\u201d di Anita, l\u2019undicenne cassanese al centro di una contesa tra i suoi genitori a cui il Tribunale di Bari ha tolto la patria potest\u00e0, affidandola ad un istituto barese e all\u2019attenzione di una tutrice, barese anch\u2019essa.<\/p>\n<p style=\"text-align: justify;\">Sono <a target=\"_blank\" href=\"http:\/\/www.youtube.com\/watch?v=5L5N2pY4630&amp;feature=youtu.be\" rel=\"noopener\">le drammatiche immagini, quelle che vedete,<\/a> del \u201cprelievo\u201d (come lo chiamano in gergo), da parte della Polizia, della bambina presso il reparto di Pediatria dell\u2019Ospedale \u201cMiulli\u201d di Acquaviva, dove la bambina era ricoverata da qualche giorno in seguito a problemi di salute legati allo stress di queste convulse giornate di una storia che vi stiamo raccontando da qualche giorno.<\/p>\n<p style=\"text-align: justify;\">Il \u201cprelievo\u201d, su ordine del Tribunale di Bari, avrebbe dovuto essere effettuato diversi giorni prima ma <a target=\"_blank\" href=\"cronaca\/24026-le-mamme-protestano-al-qmiulliq-anita-non-vada-in-istituto.html\" rel=\"noopener\">la protesta, civile e silenziosa dinanzi al \u201cMiulli\u201d da parte di alcune mamme<\/a> e il clamore mediatico hanno fatto rimandare l\u2019appuntamento.<\/p>\n<p style=\"text-align: justify;\">Che per\u00f2, alla fine, \u00e8 arrivato.<\/p>\n<p style=\"text-align: justify;\">Ad attendere la bambina, nei pressi del Pronto Soccorso, si vedono due auto: una \u00e8 della Questura di Bari, con poliziotti in borghese; l\u2019altra \u00e8 della tutrice della bambina, assieme ad altro personale. Quella con il camice bianco \u00e8 invece la Pediatra del \u201cMiulli\u201d che ha accompagnato la piccola in macchina. La bambina, stando a quanto racconta la madre, \u00e8 stata presa con uno stratagemma: \u201c<i>era ancora in pigiama<\/i> \u2013 racconta a CassanoWeb \u2013 <i>e mi hanno detto che la portavano al piano inferiore per un semplice colloquio e che poi l\u2019avrebbero riaccompagnata da me\u2026..invece poi ho visto dalla finestra che la portavano via\u2026..senza neppure poterla salutare, senza un bacio\u2026.nulla\u2026.\u201d.<\/i> Senza neppure portar via le scarpe ortopediche di cui l\u2019undicenne ha bisogno.<\/p>\n<p style=\"text-align: justify;\">La madre spiega che non si sarebbe opposta al \u201cprelievo\u201d: capisce che si tratta di un ordine del magistrato e dunque andava fatto rispettare. Quel che contesta, ancora una volta, \u00e8 il metodo, del tutto inumano, dell\u2019operazione.<\/p>\n<p style=\"text-align: justify;\">Nel video, fra i primi fotogrammi, la bambina si nota appena, in pigiama: viene subito messa in una delle auto che poco dopo vanno via, seguite solo dal piano disperato della madre che nella foga per tentare di seguirla, si frattura un polso e sbatte il capo contro una porta a vetri. Sar\u00e0 costretta a farsi medicare dal Pronto Soccorso, con alcuni punti di sutura, prima di tornare, da sola, a casa.<\/p>\n<p style=\"text-align: justify;\">Da quel giorno la bambina \u00e8 presso l\u2019Istituto di Bari ma a nessuno \u00e8 consentito vederla: n\u00e9 all\u2019avvocato della madre, n\u00e9 alla pediatra di famiglia a cui le suore che gestiscono l\u2019istituto continuano a ripetere che \u201cla bambina sta bene\u201d.<\/p>\n<p style=\"text-align: justify;\">Ora si attende il prossimo 20 novembre, giorno dell\u2019udienza di convalida da parte del Tribunale della scelta di annullamento della patria potest\u00e0. Per cui \u00e8 gi\u00e0 pronto l\u2019appello.<\/p>\n<p>&nbsp;<\/p>\n<p style=\"text-align: center;\"><strong><a target=\"_blank\" href=\"http:\/\/www.youtube.com\/watch?v=5L5N2pY4630&amp;feature=youtu.be\" rel=\"noopener\">CLICCA QUI E GUARDA IL VIDEO<\/a><\/strong><\/p>\n","protected":false},"excerpt":{"rendered":"","protected":false},"author":1,"featured_media":8346,"comment_status":"open","ping_status":"closed","sticky":false,"template":"","format":"standard","meta":{"colormag_page_container_layout":"default_layout","colormag_page_sidebar_layout":"default_layout","footnotes":""},"categories":[8],"tags":[],"class_list":["post-8347","post","type-post","status-publish","format-standard","has-post-thumbnail","hentry","category-cronaca"],"yoast_head":"<!-- This site is optimized with the Yoast SEO plugin v27.5 - https:\/\/yoast.com\/product\/yoast-seo-wordpress\/ -->\n<title>Si portano via Anita: scalza e col pigiama_ il video - Archivio CassanoWeb<\/title>\n<meta name=\"robots\" content=\"index, follow, max-snippet:-1, max-image-preview:large, max-video-preview:-1\" \/>\n<link rel=\"canonical\" href=\"https:\/\/archiviocassano.lavocedelpaese.info\/index.php\/2013\/11\/06\/si-portano-via-anita-scalza-e-col-pigiama-il-video\/\" \/>\n<meta property=\"og:locale\" content=\"it_IT\" \/>\n<meta property=\"og:type\" content=\"article\" \/>\n<meta property=\"og:title\" content=\"Si portano via Anita: scalza e col pigiama_ il video - Archivio CassanoWeb\" \/>\n<meta property=\"og:url\" content=\"https:\/\/archiviocassano.lavocedelpaese.info\/index.php\/2013\/11\/06\/si-portano-via-anita-scalza-e-col-pigiama-il-video\/\" \/>\n<meta property=\"og:site_name\" content=\"Archivio CassanoWeb\" \/>\n<meta property=\"article:publisher\" content=\"https:\/\/www.facebook.com\/redazione.cassanoweb\" \/>\n<meta property=\"article:published_time\" content=\"2013-11-06T07:38:08+00:00\" \/>\n<meta property=\"og:image\" content=\"https:\/\/archiviocassano.lavocedelpaese.info\/wp-content\/uploads\/2013\/11\/anita_portata_via.jpg\" \/>\n\t<meta property=\"og:image:width\" content=\"600\" \/>\n\t<meta property=\"og:image:height\" content=\"322\" \/>\n\t<meta property=\"og:image:type\" content=\"image\/jpeg\" \/>\n<meta name=\"author\" content=\"admin\" \/>\n<meta name=\"twitter:card\" content=\"summary_large_image\" \/>\n<meta name=\"twitter:label1\" content=\"Scritto da\" \/>\n\t<meta name=\"twitter:data1\" content=\"admin\" \/>\n\t<meta name=\"twitter:label2\" content=\"Tempo di lettura stimato\" \/>\n\t<meta name=\"twitter:data2\" content=\"2 minuti\" \/>\n<script type=\"application\/ld+json\" class=\"yoast-schema-graph\">{\"@context\":\"https:\\\/\\\/schema.org\",\"@graph\":[{\"@type\":\"Article\",\"@id\":\"https:\\\/\\\/archiviocassano.lavocedelpaese.info\\\/index.php\\\/2013\\\/11\\\/06\\\/si-portano-via-anita-scalza-e-col-pigiama-il-video\\\/#article\",\"isPartOf\":{\"@id\":\"https:\\\/\\\/archiviocassano.lavocedelpaese.info\\\/index.php\\\/2013\\\/11\\\/06\\\/si-portano-via-anita-scalza-e-col-pigiama-il-video\\\/\"},\"author\":{\"name\":\"admin\",\"@id\":\"https:\\\/\\\/archiviocassano.lavocedelpaese.info\\\/#\\\/schema\\\/person\\\/df195bc79a9b4c35127cf005f92e041b\"},\"headline\":\"Si portano via Anita: scalza e col pigiama_ il video\",\"datePublished\":\"2013-11-06T07:38:08+00:00\",\"mainEntityOfPage\":{\"@id\":\"https:\\\/\\\/archiviocassano.lavocedelpaese.info\\\/index.php\\\/2013\\\/11\\\/06\\\/si-portano-via-anita-scalza-e-col-pigiama-il-video\\\/\"},\"wordCount\":482,\"commentCount\":0,\"publisher\":{\"@id\":\"https:\\\/\\\/archiviocassano.lavocedelpaese.info\\\/#organization\"},\"image\":{\"@id\":\"https:\\\/\\\/archiviocassano.lavocedelpaese.info\\\/index.php\\\/2013\\\/11\\\/06\\\/si-portano-via-anita-scalza-e-col-pigiama-il-video\\\/#primaryimage\"},\"thumbnailUrl\":\"https:\\\/\\\/archiviocassano.lavocedelpaese.info\\\/wp-content\\\/uploads\\\/2013\\\/11\\\/anita_portata_via.jpg\",\"articleSection\":[\"Cronaca\"],\"inLanguage\":\"it-IT\",\"potentialAction\":[{\"@type\":\"CommentAction\",\"name\":\"Comment\",\"target\":[\"https:\\\/\\\/archiviocassano.lavocedelpaese.info\\\/index.php\\\/2013\\\/11\\\/06\\\/si-portano-via-anita-scalza-e-col-pigiama-il-video\\\/#respond\"]}]},{\"@type\":\"WebPage\",\"@id\":\"https:\\\/\\\/archiviocassano.lavocedelpaese.info\\\/index.php\\\/2013\\\/11\\\/06\\\/si-portano-via-anita-scalza-e-col-pigiama-il-video\\\/\",\"url\":\"https:\\\/\\\/archiviocassano.lavocedelpaese.info\\\/index.php\\\/2013\\\/11\\\/06\\\/si-portano-via-anita-scalza-e-col-pigiama-il-video\\\/\",\"name\":\"Si portano via Anita: scalza e col pigiama_ il video - Archivio CassanoWeb\",\"isPartOf\":{\"@id\":\"https:\\\/\\\/archiviocassano.lavocedelpaese.info\\\/#website\"},\"primaryImageOfPage\":{\"@id\":\"https:\\\/\\\/archiviocassano.lavocedelpaese.info\\\/index.php\\\/2013\\\/11\\\/06\\\/si-portano-via-anita-scalza-e-col-pigiama-il-video\\\/#primaryimage\"},\"image\":{\"@id\":\"https:\\\/\\\/archiviocassano.lavocedelpaese.info\\\/index.php\\\/2013\\\/11\\\/06\\\/si-portano-via-anita-scalza-e-col-pigiama-il-video\\\/#primaryimage\"},\"thumbnailUrl\":\"https:\\\/\\\/archiviocassano.lavocedelpaese.info\\\/wp-content\\\/uploads\\\/2013\\\/11\\\/anita_portata_via.jpg\",\"datePublished\":\"2013-11-06T07:38:08+00:00\",\"breadcrumb\":{\"@id\":\"https:\\\/\\\/archiviocassano.lavocedelpaese.info\\\/index.php\\\/2013\\\/11\\\/06\\\/si-portano-via-anita-scalza-e-col-pigiama-il-video\\\/#breadcrumb\"},\"inLanguage\":\"it-IT\",\"potentialAction\":[{\"@type\":\"ReadAction\",\"target\":[\"https:\\\/\\\/archiviocassano.lavocedelpaese.info\\\/index.php\\\/2013\\\/11\\\/06\\\/si-portano-via-anita-scalza-e-col-pigiama-il-video\\\/\"]}]},{\"@type\":\"ImageObject\",\"inLanguage\":\"it-IT\",\"@id\":\"https:\\\/\\\/archiviocassano.lavocedelpaese.info\\\/index.php\\\/2013\\\/11\\\/06\\\/si-portano-via-anita-scalza-e-col-pigiama-il-video\\\/#primaryimage\",\"url\":\"https:\\\/\\\/archiviocassano.lavocedelpaese.info\\\/wp-content\\\/uploads\\\/2013\\\/11\\\/anita_portata_via.jpg\",\"contentUrl\":\"https:\\\/\\\/archiviocassano.lavocedelpaese.info\\\/wp-content\\\/uploads\\\/2013\\\/11\\\/anita_portata_via.jpg\",\"width\":600,\"height\":322,\"caption\":\"anita portata via\"},{\"@type\":\"BreadcrumbList\",\"@id\":\"https:\\\/\\\/archiviocassano.lavocedelpaese.info\\\/index.php\\\/2013\\\/11\\\/06\\\/si-portano-via-anita-scalza-e-col-pigiama-il-video\\\/#breadcrumb\",\"itemListElement\":[{\"@type\":\"ListItem\",\"position\":1,\"name\":\"Home\",\"item\":\"https:\\\/\\\/archiviocassano.lavocedelpaese.info\\\/\"},{\"@type\":\"ListItem\",\"position\":2,\"name\":\"Si portano via Anita: scalza e col pigiama_ il video\"}]},{\"@type\":\"WebSite\",\"@id\":\"https:\\\/\\\/archiviocassano.lavocedelpaese.info\\\/#website\",\"url\":\"https:\\\/\\\/archiviocassano.lavocedelpaese.info\\\/\",\"name\":\"Archivio CassanoWeb\",\"description\":\"La Voce del Paese - un network di idee\",\"publisher\":{\"@id\":\"https:\\\/\\\/archiviocassano.lavocedelpaese.info\\\/#organization\"},\"potentialAction\":[{\"@type\":\"SearchAction\",\"target\":{\"@type\":\"EntryPoint\",\"urlTemplate\":\"https:\\\/\\\/archiviocassano.lavocedelpaese.info\\\/?s={search_term_string}\"},\"query-input\":{\"@type\":\"PropertyValueSpecification\",\"valueRequired\":true,\"valueName\":\"search_term_string\"}}],\"inLanguage\":\"it-IT\"},{\"@type\":\"Organization\",\"@id\":\"https:\\\/\\\/archiviocassano.lavocedelpaese.info\\\/#organization\",\"name\":\"Archivio CassanoWeb\",\"url\":\"https:\\\/\\\/archiviocassano.lavocedelpaese.info\\\/\",\"logo\":{\"@type\":\"ImageObject\",\"inLanguage\":\"it-IT\",\"@id\":\"https:\\\/\\\/archiviocassano.lavocedelpaese.info\\\/#\\\/schema\\\/logo\\\/image\\\/\",\"url\":\"https:\\\/\\\/archiviocassano.lavocedelpaese.info\\\/wp-content\\\/uploads\\\/2024\\\/08\\\/logo-rosso-2.png\",\"contentUrl\":\"https:\\\/\\\/archiviocassano.lavocedelpaese.info\\\/wp-content\\\/uploads\\\/2024\\\/08\\\/logo-rosso-2.png\",\"width\":491,\"height\":432,\"caption\":\"Archivio CassanoWeb\"},\"image\":{\"@id\":\"https:\\\/\\\/archiviocassano.lavocedelpaese.info\\\/#\\\/schema\\\/logo\\\/image\\\/\"},\"sameAs\":[\"https:\\\/\\\/www.facebook.com\\\/redazione.cassanoweb\"]},{\"@type\":\"Person\",\"@id\":\"https:\\\/\\\/archiviocassano.lavocedelpaese.info\\\/#\\\/schema\\\/person\\\/df195bc79a9b4c35127cf005f92e041b\",\"name\":\"admin\",\"image\":{\"@type\":\"ImageObject\",\"inLanguage\":\"it-IT\",\"@id\":\"https:\\\/\\\/secure.gravatar.com\\\/avatar\\\/eabba89a432e8eaa1b0207cc55f7e5340b22712b1ed80677efcf63e02ff5b235?s=96&d=mm&r=g\",\"url\":\"https:\\\/\\\/secure.gravatar.com\\\/avatar\\\/eabba89a432e8eaa1b0207cc55f7e5340b22712b1ed80677efcf63e02ff5b235?s=96&d=mm&r=g\",\"contentUrl\":\"https:\\\/\\\/secure.gravatar.com\\\/avatar\\\/eabba89a432e8eaa1b0207cc55f7e5340b22712b1ed80677efcf63e02ff5b235?s=96&d=mm&r=g\",\"caption\":\"admin\"},\"sameAs\":[\"https:\\\/\\\/archiviocassano.lavocedelpaese.info\"],\"url\":\"https:\\\/\\\/archiviocassano.lavocedelpaese.info\\\/index.php\\\/author\\\/admin_0qgz1xdp\\\/\"}]}<\/script>\n<!-- \/ Yoast SEO plugin. -->","yoast_head_json":{"title":"Si portano via Anita: scalza e col pigiama_ il video - Archivio CassanoWeb","robots":{"index":"index","follow":"follow","max-snippet":"max-snippet:-1","max-image-preview":"max-image-preview:large","max-video-preview":"max-video-preview:-1"},"canonical":"https:\/\/archiviocassano.lavocedelpaese.info\/index.php\/2013\/11\/06\/si-portano-via-anita-scalza-e-col-pigiama-il-video\/","og_locale":"it_IT","og_type":"article","og_title":"Si portano via Anita: scalza e col pigiama_ il video - Archivio CassanoWeb","og_url":"https:\/\/archiviocassano.lavocedelpaese.info\/index.php\/2013\/11\/06\/si-portano-via-anita-scalza-e-col-pigiama-il-video\/","og_site_name":"Archivio CassanoWeb","article_publisher":"https:\/\/www.facebook.com\/redazione.cassanoweb","article_published_time":"2013-11-06T07:38:08+00:00","og_image":[{"width":600,"height":322,"url":"https:\/\/archiviocassano.lavocedelpaese.info\/wp-content\/uploads\/2013\/11\/anita_portata_via.jpg","type":"image\/jpeg"}],"author":"admin","twitter_card":"summary_large_image","twitter_misc":{"Scritto da":"admin","Tempo di lettura stimato":"2 minuti"},"schema":{"@context":"https:\/\/schema.org","@graph":[{"@type":"Article","@id":"https:\/\/archiviocassano.lavocedelpaese.info\/index.php\/2013\/11\/06\/si-portano-via-anita-scalza-e-col-pigiama-il-video\/#article","isPartOf":{"@id":"https:\/\/archiviocassano.lavocedelpaese.info\/index.php\/2013\/11\/06\/si-portano-via-anita-scalza-e-col-pigiama-il-video\/"},"author":{"name":"admin","@id":"https:\/\/archiviocassano.lavocedelpaese.info\/#\/schema\/person\/df195bc79a9b4c35127cf005f92e041b"},"headline":"Si portano via Anita: scalza e col pigiama_ il video","datePublished":"2013-11-06T07:38:08+00:00","mainEntityOfPage":{"@id":"https:\/\/archiviocassano.lavocedelpaese.info\/index.php\/2013\/11\/06\/si-portano-via-anita-scalza-e-col-pigiama-il-video\/"},"wordCount":482,"commentCount":0,"publisher":{"@id":"https:\/\/archiviocassano.lavocedelpaese.info\/#organization"},"image":{"@id":"https:\/\/archiviocassano.lavocedelpaese.info\/index.php\/2013\/11\/06\/si-portano-via-anita-scalza-e-col-pigiama-il-video\/#primaryimage"},"thumbnailUrl":"https:\/\/archiviocassano.lavocedelpaese.info\/wp-content\/uploads\/2013\/11\/anita_portata_via.jpg","articleSection":["Cronaca"],"inLanguage":"it-IT","potentialAction":[{"@type":"CommentAction","name":"Comment","target":["https:\/\/archiviocassano.lavocedelpaese.info\/index.php\/2013\/11\/06\/si-portano-via-anita-scalza-e-col-pigiama-il-video\/#respond"]}]},{"@type":"WebPage","@id":"https:\/\/archiviocassano.lavocedelpaese.info\/index.php\/2013\/11\/06\/si-portano-via-anita-scalza-e-col-pigiama-il-video\/","url":"https:\/\/archiviocassano.lavocedelpaese.info\/index.php\/2013\/11\/06\/si-portano-via-anita-scalza-e-col-pigiama-il-video\/","name":"Si portano via Anita: scalza e col pigiama_ il video - Archivio CassanoWeb","isPartOf":{"@id":"https:\/\/archiviocassano.lavocedelpaese.info\/#website"},"primaryImageOfPage":{"@id":"https:\/\/archiviocassano.lavocedelpaese.info\/index.php\/2013\/11\/06\/si-portano-via-anita-scalza-e-col-pigiama-il-video\/#primaryimage"},"image":{"@id":"https:\/\/archiviocassano.lavocedelpaese.info\/index.php\/2013\/11\/06\/si-portano-via-anita-scalza-e-col-pigiama-il-video\/#primaryimage"},"thumbnailUrl":"https:\/\/archiviocassano.lavocedelpaese.info\/wp-content\/uploads\/2013\/11\/anita_portata_via.jpg","datePublished":"2013-11-06T07:38:08+00:00","breadcrumb":{"@id":"https:\/\/archiviocassano.lavocedelpaese.info\/index.php\/2013\/11\/06\/si-portano-via-anita-scalza-e-col-pigiama-il-video\/#breadcrumb"},"inLanguage":"it-IT","potentialAction":[{"@type":"ReadAction","target":["https:\/\/archiviocassano.lavocedelpaese.info\/index.php\/2013\/11\/06\/si-portano-via-anita-scalza-e-col-pigiama-il-video\/"]}]},{"@type":"ImageObject","inLanguage":"it-IT","@id":"https:\/\/archiviocassano.lavocedelpaese.info\/index.php\/2013\/11\/06\/si-portano-via-anita-scalza-e-col-pigiama-il-video\/#primaryimage","url":"https:\/\/archiviocassano.lavocedelpaese.info\/wp-content\/uploads\/2013\/11\/anita_portata_via.jpg","contentUrl":"https:\/\/archiviocassano.lavocedelpaese.info\/wp-content\/uploads\/2013\/11\/anita_portata_via.jpg","width":600,"height":322,"caption":"anita portata via"},{"@type":"BreadcrumbList","@id":"https:\/\/archiviocassano.lavocedelpaese.info\/index.php\/2013\/11\/06\/si-portano-via-anita-scalza-e-col-pigiama-il-video\/#breadcrumb","itemListElement":[{"@type":"ListItem","position":1,"name":"Home","item":"https:\/\/archiviocassano.lavocedelpaese.info\/"},{"@type":"ListItem","position":2,"name":"Si portano via Anita: scalza e col pigiama_ il video"}]},{"@type":"WebSite","@id":"https:\/\/archiviocassano.lavocedelpaese.info\/#website","url":"https:\/\/archiviocassano.lavocedelpaese.info\/","name":"Archivio CassanoWeb","description":"La Voce del Paese - un network di idee","publisher":{"@id":"https:\/\/archiviocassano.lavocedelpaese.info\/#organization"},"potentialAction":[{"@type":"SearchAction","target":{"@type":"EntryPoint","urlTemplate":"https:\/\/archiviocassano.lavocedelpaese.info\/?s={search_term_string}"},"query-input":{"@type":"PropertyValueSpecification","valueRequired":true,"valueName":"search_term_string"}}],"inLanguage":"it-IT"},{"@type":"Organization","@id":"https:\/\/archiviocassano.lavocedelpaese.info\/#organization","name":"Archivio CassanoWeb","url":"https:\/\/archiviocassano.lavocedelpaese.info\/","logo":{"@type":"ImageObject","inLanguage":"it-IT","@id":"https:\/\/archiviocassano.lavocedelpaese.info\/#\/schema\/logo\/image\/","url":"https:\/\/archiviocassano.lavocedelpaese.info\/wp-content\/uploads\/2024\/08\/logo-rosso-2.png","contentUrl":"https:\/\/archiviocassano.lavocedelpaese.info\/wp-content\/uploads\/2024\/08\/logo-rosso-2.png","width":491,"height":432,"caption":"Archivio CassanoWeb"},"image":{"@id":"https:\/\/archiviocassano.lavocedelpaese.info\/#\/schema\/logo\/image\/"},"sameAs":["https:\/\/www.facebook.com\/redazione.cassanoweb"]},{"@type":"Person","@id":"https:\/\/archiviocassano.lavocedelpaese.info\/#\/schema\/person\/df195bc79a9b4c35127cf005f92e041b","name":"admin","image":{"@type":"ImageObject","inLanguage":"it-IT","@id":"https:\/\/secure.gravatar.com\/avatar\/eabba89a432e8eaa1b0207cc55f7e5340b22712b1ed80677efcf63e02ff5b235?s=96&d=mm&r=g","url":"https:\/\/secure.gravatar.com\/avatar\/eabba89a432e8eaa1b0207cc55f7e5340b22712b1ed80677efcf63e02ff5b235?s=96&d=mm&r=g","contentUrl":"https:\/\/secure.gravatar.com\/avatar\/eabba89a432e8eaa1b0207cc55f7e5340b22712b1ed80677efcf63e02ff5b235?s=96&d=mm&r=g","caption":"admin"},"sameAs":["https:\/\/archiviocassano.lavocedelpaese.info"],"url":"https:\/\/archiviocassano.lavocedelpaese.info\/index.php\/author\/admin_0qgz1xdp\/"}]}},"_links":{"self":[{"href":"https:\/\/archiviocassano.lavocedelpaese.info\/index.php\/wp-json\/wp\/v2\/posts\/8347","targetHints":{"allow":["GET"]}}],"collection":[{"href":"https:\/\/archiviocassano.lavocedelpaese.info\/index.php\/wp-json\/wp\/v2\/posts"}],"about":[{"href":"https:\/\/archiviocassano.lavocedelpaese.info\/index.php\/wp-json\/wp\/v2\/types\/post"}],"author":[{"embeddable":true,"href":"https:\/\/archiviocassano.lavocedelpaese.info\/index.php\/wp-json\/wp\/v2\/users\/1"}],"replies":[{"embeddable":true,"href":"https:\/\/archiviocassano.lavocedelpaese.info\/index.php\/wp-json\/wp\/v2\/comments?post=8347"}],"version-history":[{"count":0,"href":"https:\/\/archiviocassano.lavocedelpaese.info\/index.php\/wp-json\/wp\/v2\/posts\/8347\/revisions"}],"wp:featuredmedia":[{"embeddable":true,"href":"https:\/\/archiviocassano.lavocedelpaese.info\/index.php\/wp-json\/wp\/v2\/media\/8346"}],"wp:attachment":[{"href":"https:\/\/archiviocassano.lavocedelpaese.info\/index.php\/wp-json\/wp\/v2\/media?parent=8347"}],"wp:term":[{"taxonomy":"category","embeddable":true,"href":"https:\/\/archiviocassano.lavocedelpaese.info\/index.php\/wp-json\/wp\/v2\/categories?post=8347"},{"taxonomy":"post_tag","embeddable":true,"href":"https:\/\/archiviocassano.lavocedelpaese.info\/index.php\/wp-json\/wp\/v2\/tags?post=8347"}],"curies":[{"name":"wp","href":"https:\/\/api.w.org\/{rel}","templated":true}]}}