{"id":8452,"date":"2013-12-04T10:31:54","date_gmt":"2013-12-04T10:31:54","guid":{"rendered":"https:\/\/archiviocassano.lavocedelpaese.info\/index.php\/2013\/12\/04\/di-canosa-a-pignatale-qsegretario-legga-le-carteq\/"},"modified":"2013-12-04T10:31:54","modified_gmt":"2013-12-04T10:31:54","slug":"di-canosa-a-pignatale-qsegretario-legga-le-carteq","status":"publish","type":"post","link":"https:\/\/archiviocassano.lavocedelpaese.info\/index.php\/2013\/12\/04\/di-canosa-a-pignatale-qsegretario-legga-le-carteq\/","title":{"rendered":"Di Canosa a Pignatale: &#8220;Segretario, legga le carte&#8221;"},"content":{"rendered":"<p style=\"text-align: justify;\"><img decoding=\"async\" class=\" size-full wp-image-5660\" alt=\"Pasquale Di Canosa nuova\" src=\"https:\/\/archiviocassano.lavocedelpaese.info\/wp-content\/uploads\/2012\/04\/Pasquale_Di_Canosa_nuova.jpg\" height= \"150\" width=\"320\" srcset=\"https:\/\/archiviocassano.lavocedelpaese.info\/wp-content\/uploads\/2012\/04\/Pasquale_Di_Canosa_nuova.jpg 640w, https:\/\/archiviocassano.lavocedelpaese.info\/wp-content\/uploads\/2012\/04\/Pasquale_Di_Canosa_nuova-300x141.jpg 300w\" sizes=\"(max-width: 640px) 100vw, 640px\" \/><\/p>\n<p><!--more--><\/p>\n<p><em>Dal capogruppo PdL in Consiglio Comunale, Pasquale Di Canosa riceviamo e pubblichiamo una nota in risposta ai rilievi posti ieri, in <a target=\"_blank\" href=\"politica\/24110-pignatale-pd-qcon-la-pioggia-ecco-le-falle-del-governo-di-medioq.html\" rel=\"noopener\">un comunicato, dal Segretario cittadino del Partito Democratico<\/a>, Davide Pignatale.<\/em><\/p>\n<p><em>&nbsp;<\/em><\/p>\n<p>&nbsp;<\/p>\n<p style=\"text-align: center;\"><strong>Dopo la pioggia vengono fuori le lumache.<\/strong><\/p>\n<p style=\"text-align: justify;\">Registriamo con stupore il comunicato del neo segretario del PD locale relativo alla gestione della maggioranza Di Medio della quale ci onoriamo di farne parte. Premettiamo che filosofia e demagogia spesso sono frutto di malapolitica, ma in questo caso, ci auguriamo per la scarsa conoscenza dei fatti, anche perch\u00e9 non conoscendo la storia del neosegretario evitiamo di dare giudizi affrettati.<\/p>\n<p style=\"text-align: justify;\">Si chieda il neosegretario del PD locale il perch\u00e9 sia stato scelto lui per rappresentare il PD a Cassano dato che sono ormai diversi anni che non riescono in questo intento.<\/p>\n<p style=\"text-align: justify;\">Vede Sig. Segretario i problemi che ha elencato sulle scuole sono di gran lunga inferiori a quelli ereditati, ereditati da coloro che hanno governato questo paese e che oggi eleggono Lei quale paladino delle crociate perse.<\/p>\n<p style=\"text-align: justify;\">Quello da Lei evidenziato dicevamo, \u00e8 solo una piccola parte dei problemi che investono le nostre scuole, problemi che rivengono da lontano e che sono frutto di una gestione antica legata soprattutto al modo di costruire gli edifici scolastici.<\/p>\n<p style=\"text-align: justify;\">In questi anni, abbiamo s\u00ec affrontato le emergenze,&nbsp; emergenze, che evidentemente, per chi ci ha preceduti erano di poco conto.<\/p>\n<p style=\"text-align: justify;\">Impianti di riscaldamento non funzionanti, locali mensa poco idonei e privi di ogni requisito di sicurezza, impianti antincendio non funzionanti ecc\u2026.<\/p>\n<p style=\"text-align: justify;\">Pensa che una piccola pensilina, comunque gi\u00e0 all\u2019attenzione del servizio manutenzione in attesa solo della disponibilit\u00e0 di fondi, &nbsp;possa risolvere i problemi delle scuole? Ma no, non pu\u00f2 pensare questo.<\/p>\n<p style=\"text-align: justify;\">Ci aspettiamo di pi\u00f9 da Lei, ma prima deve documentarsi studiare le dinamiche politiche del passato, e poi magari, se vuole intervenire, lo faccia con suggerimenti e\/o proposte concrete.<\/p>\n<p style=\"text-align: justify;\">Eviti di starnazzare come spesso accade ai suoi compagni di partito che messi difronte ai problemi si rifugiano dietro un \u201cma siete voi oggi a governare il paese\u201d.<\/p>\n<p style=\"text-align: justify;\">Si siamo noi a governare il paese! e siamo fieri di farlo in un momento di estremo disagio economico e sociale. Se n\u2019\u00e8 accorto Sig. Segretario?<\/p>\n<p style=\"text-align: justify;\">In merito alle scuole, Le diamo qualche notizia, cos\u00ec alle prossime piogge pu\u00f2 esordire con cognizione di causa e conoscenza dei fatti, lo diciamo per evitarLe magre figure in una comunit\u00e0 che si vuole bene, tranne per chi artatamente altera la verit\u00e0 dei fatti con le menzogne.<\/p>\n<p style=\"text-align: justify;\">A suo beneficio Le comunichiamo che alcune scuole saranno oggetto di intervento con il finanziamento Ministeriale il cos\u00ec detto POI i cui lavori partiranno a breve. Inoltre, sempre sulle scuole \u00e8 istato presentato un progetto con richiesta di finanziamento per 300.000 euro.<\/p>\n<p style=\"text-align: justify;\">In merito alle presunte infiltrazioni, ognuno di noi \u00e8 abbastanza intelligente per capire che con quelle condizioni meteorologiche \u00e8 facile che &nbsp;sia accaduto.<\/p>\n<p style=\"text-align: justify;\">Per quanto riguarda la pressione tributaria e tutto ci\u00f2 che attiene il Bilancio, attenda l\u2019intervento dell\u2019Assessore Antelmi il quale non mancher\u00e0 di chiarire i suoi dubbi amletici. Essere o non essere \u201cseri\u201d?<\/p>\n<p style=\"text-align: justify;\">Signor Segretario, si legga le carte e poi ne riparliamo. Saluti.&nbsp; &nbsp;&nbsp;&nbsp;&nbsp;&nbsp;&nbsp;&nbsp;&nbsp;&nbsp;&nbsp;&nbsp;<\/p>\n<p style=\"text-align: justify;\">&nbsp;<\/p>\n","protected":false},"excerpt":{"rendered":"","protected":false},"author":1,"featured_media":5660,"comment_status":"open","ping_status":"closed","sticky":false,"template":"","format":"standard","meta":{"colormag_page_container_layout":"default_layout","colormag_page_sidebar_layout":"default_layout","footnotes":""},"categories":[4],"tags":[],"class_list":["post-8452","post","type-post","status-publish","format-standard","has-post-thumbnail","hentry","category-politica"],"yoast_head":"<!-- This site is optimized with the Yoast SEO plugin v27.5 - https:\/\/yoast.com\/product\/yoast-seo-wordpress\/ -->\n<title>Di Canosa a Pignatale: &quot;Segretario, legga le carte&quot; - Archivio CassanoWeb<\/title>\n<meta name=\"robots\" content=\"index, follow, max-snippet:-1, max-image-preview:large, max-video-preview:-1\" \/>\n<link rel=\"canonical\" href=\"https:\/\/archiviocassano.lavocedelpaese.info\/index.php\/2013\/12\/04\/di-canosa-a-pignatale-qsegretario-legga-le-carteq\/\" \/>\n<meta property=\"og:locale\" content=\"it_IT\" \/>\n<meta property=\"og:type\" content=\"article\" \/>\n<meta property=\"og:title\" content=\"Di Canosa a Pignatale: &quot;Segretario, legga le carte&quot; - Archivio CassanoWeb\" \/>\n<meta property=\"og:url\" content=\"https:\/\/archiviocassano.lavocedelpaese.info\/index.php\/2013\/12\/04\/di-canosa-a-pignatale-qsegretario-legga-le-carteq\/\" \/>\n<meta property=\"og:site_name\" content=\"Archivio CassanoWeb\" \/>\n<meta property=\"article:publisher\" content=\"https:\/\/www.facebook.com\/redazione.cassanoweb\" \/>\n<meta property=\"article:published_time\" content=\"2013-12-04T10:31:54+00:00\" \/>\n<meta property=\"og:image\" content=\"https:\/\/archiviocassano.lavocedelpaese.info\/wp-content\/uploads\/2012\/04\/Pasquale_Di_Canosa_nuova.jpg\" \/>\n\t<meta property=\"og:image:width\" content=\"640\" \/>\n\t<meta property=\"og:image:height\" content=\"300\" \/>\n\t<meta property=\"og:image:type\" content=\"image\/jpeg\" \/>\n<meta name=\"author\" content=\"admin\" \/>\n<meta name=\"twitter:card\" content=\"summary_large_image\" \/>\n<meta name=\"twitter:label1\" content=\"Scritto da\" \/>\n\t<meta name=\"twitter:data1\" content=\"admin\" \/>\n\t<meta name=\"twitter:label2\" content=\"Tempo di lettura stimato\" \/>\n\t<meta name=\"twitter:data2\" content=\"3 minuti\" \/>\n<script type=\"application\/ld+json\" class=\"yoast-schema-graph\">{\"@context\":\"https:\\\/\\\/schema.org\",\"@graph\":[{\"@type\":\"Article\",\"@id\":\"https:\\\/\\\/archiviocassano.lavocedelpaese.info\\\/index.php\\\/2013\\\/12\\\/04\\\/di-canosa-a-pignatale-qsegretario-legga-le-carteq\\\/#article\",\"isPartOf\":{\"@id\":\"https:\\\/\\\/archiviocassano.lavocedelpaese.info\\\/index.php\\\/2013\\\/12\\\/04\\\/di-canosa-a-pignatale-qsegretario-legga-le-carteq\\\/\"},\"author\":{\"name\":\"admin\",\"@id\":\"https:\\\/\\\/archiviocassano.lavocedelpaese.info\\\/#\\\/schema\\\/person\\\/df195bc79a9b4c35127cf005f92e041b\"},\"headline\":\"Di Canosa a Pignatale: &#8220;Segretario, legga le carte&#8221;\",\"datePublished\":\"2013-12-04T10:31:54+00:00\",\"mainEntityOfPage\":{\"@id\":\"https:\\\/\\\/archiviocassano.lavocedelpaese.info\\\/index.php\\\/2013\\\/12\\\/04\\\/di-canosa-a-pignatale-qsegretario-legga-le-carteq\\\/\"},\"wordCount\":538,\"commentCount\":0,\"publisher\":{\"@id\":\"https:\\\/\\\/archiviocassano.lavocedelpaese.info\\\/#organization\"},\"image\":{\"@id\":\"https:\\\/\\\/archiviocassano.lavocedelpaese.info\\\/index.php\\\/2013\\\/12\\\/04\\\/di-canosa-a-pignatale-qsegretario-legga-le-carteq\\\/#primaryimage\"},\"thumbnailUrl\":\"https:\\\/\\\/archiviocassano.lavocedelpaese.info\\\/wp-content\\\/uploads\\\/2012\\\/04\\\/Pasquale_Di_Canosa_nuova.jpg\",\"articleSection\":[\"Politica\"],\"inLanguage\":\"it-IT\",\"potentialAction\":[{\"@type\":\"CommentAction\",\"name\":\"Comment\",\"target\":[\"https:\\\/\\\/archiviocassano.lavocedelpaese.info\\\/index.php\\\/2013\\\/12\\\/04\\\/di-canosa-a-pignatale-qsegretario-legga-le-carteq\\\/#respond\"]}]},{\"@type\":\"WebPage\",\"@id\":\"https:\\\/\\\/archiviocassano.lavocedelpaese.info\\\/index.php\\\/2013\\\/12\\\/04\\\/di-canosa-a-pignatale-qsegretario-legga-le-carteq\\\/\",\"url\":\"https:\\\/\\\/archiviocassano.lavocedelpaese.info\\\/index.php\\\/2013\\\/12\\\/04\\\/di-canosa-a-pignatale-qsegretario-legga-le-carteq\\\/\",\"name\":\"Di Canosa a Pignatale: \\\"Segretario, legga le carte\\\" - Archivio CassanoWeb\",\"isPartOf\":{\"@id\":\"https:\\\/\\\/archiviocassano.lavocedelpaese.info\\\/#website\"},\"primaryImageOfPage\":{\"@id\":\"https:\\\/\\\/archiviocassano.lavocedelpaese.info\\\/index.php\\\/2013\\\/12\\\/04\\\/di-canosa-a-pignatale-qsegretario-legga-le-carteq\\\/#primaryimage\"},\"image\":{\"@id\":\"https:\\\/\\\/archiviocassano.lavocedelpaese.info\\\/index.php\\\/2013\\\/12\\\/04\\\/di-canosa-a-pignatale-qsegretario-legga-le-carteq\\\/#primaryimage\"},\"thumbnailUrl\":\"https:\\\/\\\/archiviocassano.lavocedelpaese.info\\\/wp-content\\\/uploads\\\/2012\\\/04\\\/Pasquale_Di_Canosa_nuova.jpg\",\"datePublished\":\"2013-12-04T10:31:54+00:00\",\"breadcrumb\":{\"@id\":\"https:\\\/\\\/archiviocassano.lavocedelpaese.info\\\/index.php\\\/2013\\\/12\\\/04\\\/di-canosa-a-pignatale-qsegretario-legga-le-carteq\\\/#breadcrumb\"},\"inLanguage\":\"it-IT\",\"potentialAction\":[{\"@type\":\"ReadAction\",\"target\":[\"https:\\\/\\\/archiviocassano.lavocedelpaese.info\\\/index.php\\\/2013\\\/12\\\/04\\\/di-canosa-a-pignatale-qsegretario-legga-le-carteq\\\/\"]}]},{\"@type\":\"ImageObject\",\"inLanguage\":\"it-IT\",\"@id\":\"https:\\\/\\\/archiviocassano.lavocedelpaese.info\\\/index.php\\\/2013\\\/12\\\/04\\\/di-canosa-a-pignatale-qsegretario-legga-le-carteq\\\/#primaryimage\",\"url\":\"https:\\\/\\\/archiviocassano.lavocedelpaese.info\\\/wp-content\\\/uploads\\\/2012\\\/04\\\/Pasquale_Di_Canosa_nuova.jpg\",\"contentUrl\":\"https:\\\/\\\/archiviocassano.lavocedelpaese.info\\\/wp-content\\\/uploads\\\/2012\\\/04\\\/Pasquale_Di_Canosa_nuova.jpg\",\"width\":640,\"height\":300,\"caption\":\"Pasquale Di Canosa nuova\"},{\"@type\":\"BreadcrumbList\",\"@id\":\"https:\\\/\\\/archiviocassano.lavocedelpaese.info\\\/index.php\\\/2013\\\/12\\\/04\\\/di-canosa-a-pignatale-qsegretario-legga-le-carteq\\\/#breadcrumb\",\"itemListElement\":[{\"@type\":\"ListItem\",\"position\":1,\"name\":\"Home\",\"item\":\"https:\\\/\\\/archiviocassano.lavocedelpaese.info\\\/\"},{\"@type\":\"ListItem\",\"position\":2,\"name\":\"Di Canosa a Pignatale: &#8220;Segretario, legga le carte&#8221;\"}]},{\"@type\":\"WebSite\",\"@id\":\"https:\\\/\\\/archiviocassano.lavocedelpaese.info\\\/#website\",\"url\":\"https:\\\/\\\/archiviocassano.lavocedelpaese.info\\\/\",\"name\":\"Archivio CassanoWeb\",\"description\":\"La Voce del Paese - un network di idee\",\"publisher\":{\"@id\":\"https:\\\/\\\/archiviocassano.lavocedelpaese.info\\\/#organization\"},\"potentialAction\":[{\"@type\":\"SearchAction\",\"target\":{\"@type\":\"EntryPoint\",\"urlTemplate\":\"https:\\\/\\\/archiviocassano.lavocedelpaese.info\\\/?s={search_term_string}\"},\"query-input\":{\"@type\":\"PropertyValueSpecification\",\"valueRequired\":true,\"valueName\":\"search_term_string\"}}],\"inLanguage\":\"it-IT\"},{\"@type\":\"Organization\",\"@id\":\"https:\\\/\\\/archiviocassano.lavocedelpaese.info\\\/#organization\",\"name\":\"Archivio CassanoWeb\",\"url\":\"https:\\\/\\\/archiviocassano.lavocedelpaese.info\\\/\",\"logo\":{\"@type\":\"ImageObject\",\"inLanguage\":\"it-IT\",\"@id\":\"https:\\\/\\\/archiviocassano.lavocedelpaese.info\\\/#\\\/schema\\\/logo\\\/image\\\/\",\"url\":\"https:\\\/\\\/archiviocassano.lavocedelpaese.info\\\/wp-content\\\/uploads\\\/2024\\\/08\\\/logo-rosso-2.png\",\"contentUrl\":\"https:\\\/\\\/archiviocassano.lavocedelpaese.info\\\/wp-content\\\/uploads\\\/2024\\\/08\\\/logo-rosso-2.png\",\"width\":491,\"height\":432,\"caption\":\"Archivio CassanoWeb\"},\"image\":{\"@id\":\"https:\\\/\\\/archiviocassano.lavocedelpaese.info\\\/#\\\/schema\\\/logo\\\/image\\\/\"},\"sameAs\":[\"https:\\\/\\\/www.facebook.com\\\/redazione.cassanoweb\"]},{\"@type\":\"Person\",\"@id\":\"https:\\\/\\\/archiviocassano.lavocedelpaese.info\\\/#\\\/schema\\\/person\\\/df195bc79a9b4c35127cf005f92e041b\",\"name\":\"admin\",\"image\":{\"@type\":\"ImageObject\",\"inLanguage\":\"it-IT\",\"@id\":\"https:\\\/\\\/secure.gravatar.com\\\/avatar\\\/eabba89a432e8eaa1b0207cc55f7e5340b22712b1ed80677efcf63e02ff5b235?s=96&d=mm&r=g\",\"url\":\"https:\\\/\\\/secure.gravatar.com\\\/avatar\\\/eabba89a432e8eaa1b0207cc55f7e5340b22712b1ed80677efcf63e02ff5b235?s=96&d=mm&r=g\",\"contentUrl\":\"https:\\\/\\\/secure.gravatar.com\\\/avatar\\\/eabba89a432e8eaa1b0207cc55f7e5340b22712b1ed80677efcf63e02ff5b235?s=96&d=mm&r=g\",\"caption\":\"admin\"},\"sameAs\":[\"https:\\\/\\\/archiviocassano.lavocedelpaese.info\"],\"url\":\"https:\\\/\\\/archiviocassano.lavocedelpaese.info\\\/index.php\\\/author\\\/admin_0qgz1xdp\\\/\"}]}<\/script>\n<!-- \/ Yoast SEO plugin. -->","yoast_head_json":{"title":"Di Canosa a Pignatale: \"Segretario, legga le carte\" - Archivio CassanoWeb","robots":{"index":"index","follow":"follow","max-snippet":"max-snippet:-1","max-image-preview":"max-image-preview:large","max-video-preview":"max-video-preview:-1"},"canonical":"https:\/\/archiviocassano.lavocedelpaese.info\/index.php\/2013\/12\/04\/di-canosa-a-pignatale-qsegretario-legga-le-carteq\/","og_locale":"it_IT","og_type":"article","og_title":"Di Canosa a Pignatale: \"Segretario, legga le carte\" - Archivio CassanoWeb","og_url":"https:\/\/archiviocassano.lavocedelpaese.info\/index.php\/2013\/12\/04\/di-canosa-a-pignatale-qsegretario-legga-le-carteq\/","og_site_name":"Archivio CassanoWeb","article_publisher":"https:\/\/www.facebook.com\/redazione.cassanoweb","article_published_time":"2013-12-04T10:31:54+00:00","og_image":[{"width":640,"height":300,"url":"https:\/\/archiviocassano.lavocedelpaese.info\/wp-content\/uploads\/2012\/04\/Pasquale_Di_Canosa_nuova.jpg","type":"image\/jpeg"}],"author":"admin","twitter_card":"summary_large_image","twitter_misc":{"Scritto da":"admin","Tempo di lettura stimato":"3 minuti"},"schema":{"@context":"https:\/\/schema.org","@graph":[{"@type":"Article","@id":"https:\/\/archiviocassano.lavocedelpaese.info\/index.php\/2013\/12\/04\/di-canosa-a-pignatale-qsegretario-legga-le-carteq\/#article","isPartOf":{"@id":"https:\/\/archiviocassano.lavocedelpaese.info\/index.php\/2013\/12\/04\/di-canosa-a-pignatale-qsegretario-legga-le-carteq\/"},"author":{"name":"admin","@id":"https:\/\/archiviocassano.lavocedelpaese.info\/#\/schema\/person\/df195bc79a9b4c35127cf005f92e041b"},"headline":"Di Canosa a Pignatale: &#8220;Segretario, legga le carte&#8221;","datePublished":"2013-12-04T10:31:54+00:00","mainEntityOfPage":{"@id":"https:\/\/archiviocassano.lavocedelpaese.info\/index.php\/2013\/12\/04\/di-canosa-a-pignatale-qsegretario-legga-le-carteq\/"},"wordCount":538,"commentCount":0,"publisher":{"@id":"https:\/\/archiviocassano.lavocedelpaese.info\/#organization"},"image":{"@id":"https:\/\/archiviocassano.lavocedelpaese.info\/index.php\/2013\/12\/04\/di-canosa-a-pignatale-qsegretario-legga-le-carteq\/#primaryimage"},"thumbnailUrl":"https:\/\/archiviocassano.lavocedelpaese.info\/wp-content\/uploads\/2012\/04\/Pasquale_Di_Canosa_nuova.jpg","articleSection":["Politica"],"inLanguage":"it-IT","potentialAction":[{"@type":"CommentAction","name":"Comment","target":["https:\/\/archiviocassano.lavocedelpaese.info\/index.php\/2013\/12\/04\/di-canosa-a-pignatale-qsegretario-legga-le-carteq\/#respond"]}]},{"@type":"WebPage","@id":"https:\/\/archiviocassano.lavocedelpaese.info\/index.php\/2013\/12\/04\/di-canosa-a-pignatale-qsegretario-legga-le-carteq\/","url":"https:\/\/archiviocassano.lavocedelpaese.info\/index.php\/2013\/12\/04\/di-canosa-a-pignatale-qsegretario-legga-le-carteq\/","name":"Di Canosa a Pignatale: \"Segretario, legga le carte\" - Archivio CassanoWeb","isPartOf":{"@id":"https:\/\/archiviocassano.lavocedelpaese.info\/#website"},"primaryImageOfPage":{"@id":"https:\/\/archiviocassano.lavocedelpaese.info\/index.php\/2013\/12\/04\/di-canosa-a-pignatale-qsegretario-legga-le-carteq\/#primaryimage"},"image":{"@id":"https:\/\/archiviocassano.lavocedelpaese.info\/index.php\/2013\/12\/04\/di-canosa-a-pignatale-qsegretario-legga-le-carteq\/#primaryimage"},"thumbnailUrl":"https:\/\/archiviocassano.lavocedelpaese.info\/wp-content\/uploads\/2012\/04\/Pasquale_Di_Canosa_nuova.jpg","datePublished":"2013-12-04T10:31:54+00:00","breadcrumb":{"@id":"https:\/\/archiviocassano.lavocedelpaese.info\/index.php\/2013\/12\/04\/di-canosa-a-pignatale-qsegretario-legga-le-carteq\/#breadcrumb"},"inLanguage":"it-IT","potentialAction":[{"@type":"ReadAction","target":["https:\/\/archiviocassano.lavocedelpaese.info\/index.php\/2013\/12\/04\/di-canosa-a-pignatale-qsegretario-legga-le-carteq\/"]}]},{"@type":"ImageObject","inLanguage":"it-IT","@id":"https:\/\/archiviocassano.lavocedelpaese.info\/index.php\/2013\/12\/04\/di-canosa-a-pignatale-qsegretario-legga-le-carteq\/#primaryimage","url":"https:\/\/archiviocassano.lavocedelpaese.info\/wp-content\/uploads\/2012\/04\/Pasquale_Di_Canosa_nuova.jpg","contentUrl":"https:\/\/archiviocassano.lavocedelpaese.info\/wp-content\/uploads\/2012\/04\/Pasquale_Di_Canosa_nuova.jpg","width":640,"height":300,"caption":"Pasquale Di Canosa nuova"},{"@type":"BreadcrumbList","@id":"https:\/\/archiviocassano.lavocedelpaese.info\/index.php\/2013\/12\/04\/di-canosa-a-pignatale-qsegretario-legga-le-carteq\/#breadcrumb","itemListElement":[{"@type":"ListItem","position":1,"name":"Home","item":"https:\/\/archiviocassano.lavocedelpaese.info\/"},{"@type":"ListItem","position":2,"name":"Di Canosa a Pignatale: &#8220;Segretario, legga le carte&#8221;"}]},{"@type":"WebSite","@id":"https:\/\/archiviocassano.lavocedelpaese.info\/#website","url":"https:\/\/archiviocassano.lavocedelpaese.info\/","name":"Archivio CassanoWeb","description":"La Voce del Paese - un network di idee","publisher":{"@id":"https:\/\/archiviocassano.lavocedelpaese.info\/#organization"},"potentialAction":[{"@type":"SearchAction","target":{"@type":"EntryPoint","urlTemplate":"https:\/\/archiviocassano.lavocedelpaese.info\/?s={search_term_string}"},"query-input":{"@type":"PropertyValueSpecification","valueRequired":true,"valueName":"search_term_string"}}],"inLanguage":"it-IT"},{"@type":"Organization","@id":"https:\/\/archiviocassano.lavocedelpaese.info\/#organization","name":"Archivio CassanoWeb","url":"https:\/\/archiviocassano.lavocedelpaese.info\/","logo":{"@type":"ImageObject","inLanguage":"it-IT","@id":"https:\/\/archiviocassano.lavocedelpaese.info\/#\/schema\/logo\/image\/","url":"https:\/\/archiviocassano.lavocedelpaese.info\/wp-content\/uploads\/2024\/08\/logo-rosso-2.png","contentUrl":"https:\/\/archiviocassano.lavocedelpaese.info\/wp-content\/uploads\/2024\/08\/logo-rosso-2.png","width":491,"height":432,"caption":"Archivio CassanoWeb"},"image":{"@id":"https:\/\/archiviocassano.lavocedelpaese.info\/#\/schema\/logo\/image\/"},"sameAs":["https:\/\/www.facebook.com\/redazione.cassanoweb"]},{"@type":"Person","@id":"https:\/\/archiviocassano.lavocedelpaese.info\/#\/schema\/person\/df195bc79a9b4c35127cf005f92e041b","name":"admin","image":{"@type":"ImageObject","inLanguage":"it-IT","@id":"https:\/\/secure.gravatar.com\/avatar\/eabba89a432e8eaa1b0207cc55f7e5340b22712b1ed80677efcf63e02ff5b235?s=96&d=mm&r=g","url":"https:\/\/secure.gravatar.com\/avatar\/eabba89a432e8eaa1b0207cc55f7e5340b22712b1ed80677efcf63e02ff5b235?s=96&d=mm&r=g","contentUrl":"https:\/\/secure.gravatar.com\/avatar\/eabba89a432e8eaa1b0207cc55f7e5340b22712b1ed80677efcf63e02ff5b235?s=96&d=mm&r=g","caption":"admin"},"sameAs":["https:\/\/archiviocassano.lavocedelpaese.info"],"url":"https:\/\/archiviocassano.lavocedelpaese.info\/index.php\/author\/admin_0qgz1xdp\/"}]}},"_links":{"self":[{"href":"https:\/\/archiviocassano.lavocedelpaese.info\/index.php\/wp-json\/wp\/v2\/posts\/8452","targetHints":{"allow":["GET"]}}],"collection":[{"href":"https:\/\/archiviocassano.lavocedelpaese.info\/index.php\/wp-json\/wp\/v2\/posts"}],"about":[{"href":"https:\/\/archiviocassano.lavocedelpaese.info\/index.php\/wp-json\/wp\/v2\/types\/post"}],"author":[{"embeddable":true,"href":"https:\/\/archiviocassano.lavocedelpaese.info\/index.php\/wp-json\/wp\/v2\/users\/1"}],"replies":[{"embeddable":true,"href":"https:\/\/archiviocassano.lavocedelpaese.info\/index.php\/wp-json\/wp\/v2\/comments?post=8452"}],"version-history":[{"count":0,"href":"https:\/\/archiviocassano.lavocedelpaese.info\/index.php\/wp-json\/wp\/v2\/posts\/8452\/revisions"}],"wp:featuredmedia":[{"embeddable":true,"href":"https:\/\/archiviocassano.lavocedelpaese.info\/index.php\/wp-json\/wp\/v2\/media\/5660"}],"wp:attachment":[{"href":"https:\/\/archiviocassano.lavocedelpaese.info\/index.php\/wp-json\/wp\/v2\/media?parent=8452"}],"wp:term":[{"taxonomy":"category","embeddable":true,"href":"https:\/\/archiviocassano.lavocedelpaese.info\/index.php\/wp-json\/wp\/v2\/categories?post=8452"},{"taxonomy":"post_tag","embeddable":true,"href":"https:\/\/archiviocassano.lavocedelpaese.info\/index.php\/wp-json\/wp\/v2\/tags?post=8452"}],"curies":[{"name":"wp","href":"https:\/\/api.w.org\/{rel}","templated":true}]}}