{"id":854,"date":"2010-01-22T18:22:37","date_gmt":"2010-01-22T18:22:37","guid":{"rendered":"https:\/\/archiviocassano.lavocedelpaese.info\/index.php\/2010\/01\/22\/comunicato-di-sel-sulle-primarie\/"},"modified":"2010-01-22T18:22:37","modified_gmt":"2010-01-22T18:22:37","slug":"comunicato-di-sel-sulle-primarie","status":"publish","type":"post","link":"https:\/\/archiviocassano.lavocedelpaese.info\/index.php\/2010\/01\/22\/comunicato-di-sel-sulle-primarie\/","title":{"rendered":"COMUNICATO DI SEL SULLE PRIMARIE"},"content":{"rendered":"<p><img loading=\"lazy\" decoding=\"async\" class=\" size-full wp-image-853\" height=\"156\" width=\"320\" src=\"https:\/\/archiviocassano.lavocedelpaese.info\/wp-content\/uploads\/2010\/01\/logo_SEL.jpg\" alt=\"logo_SEL\" srcset=\"https:\/\/archiviocassano.lavocedelpaese.info\/wp-content\/uploads\/2010\/01\/logo_SEL.jpg 410w, https:\/\/archiviocassano.lavocedelpaese.info\/wp-content\/uploads\/2010\/01\/logo_SEL-300x146.jpg 300w\" sizes=\"auto, (max-width: 320px) 100vw, 320px\" \/><\/p>\n<p>\u00a0<\/p>\n<p><!--more--><\/p>\n<p style=\"text-align: justify;\"><em>Da Paolo Schino, del coordinamento cassanese di SEL, riceviamo e pubblichiamo<\/em><\/p>\n<p style=\"text-align: justify;\">\u00a0<\/p>\n<p style=\"text-align: justify;\">Domenica 24 gennaio si celebreranno le elezioni primarie per eleggere il candidato del centrosinistra alle elezioni regionali di marzo 2010.<\/p>\n<p style=\"text-align: justify;\">Sinistra Ecologia Libert\u00e0 invita tutto il popolo pugliese ad andare a votare per Nichi Vendola, candidato dal popolo che lo ha voluto cinque anni fa e candidato da chi ha visto diventare <st1:personname productid=\"la Puglia\">la Puglia<\/st1:personname> in questi 5 anni un terra migliore.\u00a0 \u00a0<\/p>\n<p style=\"text-align: justify;\">Abbiamo accolto le primarie come una splendida notizia perch\u00e9 ha vinto la buona politica, ha vinto la democrazia e non un\u2019altra idea, pi\u00f9 claustrofobica, dei processi politici, di un metodo che appariva prepotenza. Questo pu\u00f2 essere utile per costruire lo spirito giusto di una coalizione larga che deve puntare a rappresentare la continuit\u00e0 del laboratorio del cambiamento in Puglia.<\/p>\n<p style=\"text-align: justify;\">Dopo questa opportuna decisione, pensiamo sia giunto il momento di parlare dei contenuti: la lotta contro la precariet\u00e0 del lavoro, la lotta contro le grandi minacce all\u2019ambiente pugliese come del rigassificatore a Brindisi, della piattaforma petrolifera a Monopoil, del raddoppio degli impianti di raffinazione dell\u2019Eni a Taranto, delle centrali nucleari in Puglia, e di tanto ancora. Ora la politica non deve avere paura del popolo, del vero protagonista democratico. Dalla parte di Nchi Vendola, probabilmente, ci sono meno sigle ma c\u2019\u00e8 il cuore del popolo pugliese che, ci auguriamo, ancora una volta sceglier\u00e0 di sostenere <st1:personname productid=\"la Puglia\">la Puglia<\/st1:personname> migliore.<\/p>\n<p style=\"text-align: justify;\">Il coordinamento locale di Sinistra Ecologia Libert\u00e0 \u00e8 in prima linea per sostenere la candidatura di Nichi Vendola, facciamo appello a tutte le coscienze libere e democratiche, alle associazioni, ai movimenti, a tutti i partiti che vorranno sostenerci in queste Primarie di manifestare il proprio sostegno a noi ed a Nichi Vendola per continuare a lottare affinch\u00e9 non si arresti il cambiamento avviato 5 anni fa che ha determinato <st1:personname productid=\"la Puglia\">la Puglia<\/st1:personname> migliore che oggi conosciamo.<\/p>\n<p style=\"text-align: justify;\">Invitiamo quindi tutti i maggiorenni residenti di Cassano Murge domenica 24, dalle ore 8 alle <st1:metricconverter productid=\"21 a\">21 a<\/st1:metricconverter> recarsi al seggio di viale della Repubblica n.2 muniti di carta di identit\u00e0.<\/p>\n<p style=\"text-align: justify;\">Difendi <st1:personname productid=\"la Puglia\">la Puglia<\/st1:personname> migliore, vota Nichi Vendola alle Primarie.<\/p>\n<p style=\"text-align: justify;\">Contattateci su facebook, con mail <a href=\"mailto:sinistracassano@gmail.com\">sinistracassano@gmail.com<\/a><\/p>\n","protected":false},"excerpt":{"rendered":"<p>\u00a0<\/p>\n","protected":false},"author":1,"featured_media":853,"comment_status":"open","ping_status":"closed","sticky":false,"template":"","format":"standard","meta":{"colormag_page_container_layout":"default_layout","colormag_page_sidebar_layout":"default_layout","footnotes":""},"categories":[9],"tags":[],"class_list":["post-854","post","type-post","status-publish","format-standard","has-post-thumbnail","hentry","category-la-voce-del-paese"],"yoast_head":"<!-- This site is optimized with the Yoast SEO plugin v27.5 - https:\/\/yoast.com\/product\/yoast-seo-wordpress\/ -->\n<title>COMUNICATO DI SEL SULLE PRIMARIE - Archivio CassanoWeb<\/title>\n<meta name=\"robots\" content=\"index, follow, max-snippet:-1, max-image-preview:large, max-video-preview:-1\" \/>\n<link rel=\"canonical\" href=\"https:\/\/archiviocassano.lavocedelpaese.info\/index.php\/2010\/01\/22\/comunicato-di-sel-sulle-primarie\/\" \/>\n<meta property=\"og:locale\" content=\"it_IT\" \/>\n<meta property=\"og:type\" content=\"article\" \/>\n<meta property=\"og:title\" content=\"COMUNICATO DI SEL SULLE PRIMARIE - Archivio CassanoWeb\" \/>\n<meta property=\"og:description\" content=\"\u00a0\" \/>\n<meta property=\"og:url\" content=\"https:\/\/archiviocassano.lavocedelpaese.info\/index.php\/2010\/01\/22\/comunicato-di-sel-sulle-primarie\/\" \/>\n<meta property=\"og:site_name\" content=\"Archivio CassanoWeb\" \/>\n<meta property=\"article:publisher\" content=\"https:\/\/www.facebook.com\/redazione.cassanoweb\" \/>\n<meta property=\"article:published_time\" content=\"2010-01-22T18:22:37+00:00\" \/>\n<meta property=\"og:image\" content=\"https:\/\/archiviocassano.lavocedelpaese.info\/wp-content\/uploads\/2010\/01\/logo_SEL.jpg\" \/>\n\t<meta property=\"og:image:width\" content=\"410\" \/>\n\t<meta property=\"og:image:height\" content=\"200\" \/>\n\t<meta property=\"og:image:type\" content=\"image\/jpeg\" \/>\n<meta name=\"author\" content=\"admin\" \/>\n<meta name=\"twitter:card\" content=\"summary_large_image\" \/>\n<meta name=\"twitter:label1\" content=\"Scritto da\" \/>\n\t<meta name=\"twitter:data1\" content=\"admin\" \/>\n\t<meta name=\"twitter:label2\" content=\"Tempo di lettura stimato\" \/>\n\t<meta name=\"twitter:data2\" content=\"2 minuti\" \/>\n<script type=\"application\/ld+json\" class=\"yoast-schema-graph\">{\"@context\":\"https:\\\/\\\/schema.org\",\"@graph\":[{\"@type\":\"Article\",\"@id\":\"https:\\\/\\\/archiviocassano.lavocedelpaese.info\\\/index.php\\\/2010\\\/01\\\/22\\\/comunicato-di-sel-sulle-primarie\\\/#article\",\"isPartOf\":{\"@id\":\"https:\\\/\\\/archiviocassano.lavocedelpaese.info\\\/index.php\\\/2010\\\/01\\\/22\\\/comunicato-di-sel-sulle-primarie\\\/\"},\"author\":{\"name\":\"admin\",\"@id\":\"https:\\\/\\\/archiviocassano.lavocedelpaese.info\\\/#\\\/schema\\\/person\\\/df195bc79a9b4c35127cf005f92e041b\"},\"headline\":\"COMUNICATO DI SEL SULLE PRIMARIE\",\"datePublished\":\"2010-01-22T18:22:37+00:00\",\"mainEntityOfPage\":{\"@id\":\"https:\\\/\\\/archiviocassano.lavocedelpaese.info\\\/index.php\\\/2010\\\/01\\\/22\\\/comunicato-di-sel-sulle-primarie\\\/\"},\"wordCount\":351,\"commentCount\":0,\"publisher\":{\"@id\":\"https:\\\/\\\/archiviocassano.lavocedelpaese.info\\\/#organization\"},\"image\":{\"@id\":\"https:\\\/\\\/archiviocassano.lavocedelpaese.info\\\/index.php\\\/2010\\\/01\\\/22\\\/comunicato-di-sel-sulle-primarie\\\/#primaryimage\"},\"thumbnailUrl\":\"https:\\\/\\\/archiviocassano.lavocedelpaese.info\\\/wp-content\\\/uploads\\\/2010\\\/01\\\/logo_SEL.jpg\",\"articleSection\":[\"La voce del paese\"],\"inLanguage\":\"it-IT\",\"potentialAction\":[{\"@type\":\"CommentAction\",\"name\":\"Comment\",\"target\":[\"https:\\\/\\\/archiviocassano.lavocedelpaese.info\\\/index.php\\\/2010\\\/01\\\/22\\\/comunicato-di-sel-sulle-primarie\\\/#respond\"]}]},{\"@type\":\"WebPage\",\"@id\":\"https:\\\/\\\/archiviocassano.lavocedelpaese.info\\\/index.php\\\/2010\\\/01\\\/22\\\/comunicato-di-sel-sulle-primarie\\\/\",\"url\":\"https:\\\/\\\/archiviocassano.lavocedelpaese.info\\\/index.php\\\/2010\\\/01\\\/22\\\/comunicato-di-sel-sulle-primarie\\\/\",\"name\":\"COMUNICATO DI SEL SULLE PRIMARIE - Archivio CassanoWeb\",\"isPartOf\":{\"@id\":\"https:\\\/\\\/archiviocassano.lavocedelpaese.info\\\/#website\"},\"primaryImageOfPage\":{\"@id\":\"https:\\\/\\\/archiviocassano.lavocedelpaese.info\\\/index.php\\\/2010\\\/01\\\/22\\\/comunicato-di-sel-sulle-primarie\\\/#primaryimage\"},\"image\":{\"@id\":\"https:\\\/\\\/archiviocassano.lavocedelpaese.info\\\/index.php\\\/2010\\\/01\\\/22\\\/comunicato-di-sel-sulle-primarie\\\/#primaryimage\"},\"thumbnailUrl\":\"https:\\\/\\\/archiviocassano.lavocedelpaese.info\\\/wp-content\\\/uploads\\\/2010\\\/01\\\/logo_SEL.jpg\",\"datePublished\":\"2010-01-22T18:22:37+00:00\",\"breadcrumb\":{\"@id\":\"https:\\\/\\\/archiviocassano.lavocedelpaese.info\\\/index.php\\\/2010\\\/01\\\/22\\\/comunicato-di-sel-sulle-primarie\\\/#breadcrumb\"},\"inLanguage\":\"it-IT\",\"potentialAction\":[{\"@type\":\"ReadAction\",\"target\":[\"https:\\\/\\\/archiviocassano.lavocedelpaese.info\\\/index.php\\\/2010\\\/01\\\/22\\\/comunicato-di-sel-sulle-primarie\\\/\"]}]},{\"@type\":\"ImageObject\",\"inLanguage\":\"it-IT\",\"@id\":\"https:\\\/\\\/archiviocassano.lavocedelpaese.info\\\/index.php\\\/2010\\\/01\\\/22\\\/comunicato-di-sel-sulle-primarie\\\/#primaryimage\",\"url\":\"https:\\\/\\\/archiviocassano.lavocedelpaese.info\\\/wp-content\\\/uploads\\\/2010\\\/01\\\/logo_SEL.jpg\",\"contentUrl\":\"https:\\\/\\\/archiviocassano.lavocedelpaese.info\\\/wp-content\\\/uploads\\\/2010\\\/01\\\/logo_SEL.jpg\",\"width\":410,\"height\":200,\"caption\":\"logo_SEL\"},{\"@type\":\"BreadcrumbList\",\"@id\":\"https:\\\/\\\/archiviocassano.lavocedelpaese.info\\\/index.php\\\/2010\\\/01\\\/22\\\/comunicato-di-sel-sulle-primarie\\\/#breadcrumb\",\"itemListElement\":[{\"@type\":\"ListItem\",\"position\":1,\"name\":\"Home\",\"item\":\"https:\\\/\\\/archiviocassano.lavocedelpaese.info\\\/\"},{\"@type\":\"ListItem\",\"position\":2,\"name\":\"COMUNICATO DI SEL SULLE PRIMARIE\"}]},{\"@type\":\"WebSite\",\"@id\":\"https:\\\/\\\/archiviocassano.lavocedelpaese.info\\\/#website\",\"url\":\"https:\\\/\\\/archiviocassano.lavocedelpaese.info\\\/\",\"name\":\"Archivio CassanoWeb\",\"description\":\"La Voce del Paese - un network di idee\",\"publisher\":{\"@id\":\"https:\\\/\\\/archiviocassano.lavocedelpaese.info\\\/#organization\"},\"potentialAction\":[{\"@type\":\"SearchAction\",\"target\":{\"@type\":\"EntryPoint\",\"urlTemplate\":\"https:\\\/\\\/archiviocassano.lavocedelpaese.info\\\/?s={search_term_string}\"},\"query-input\":{\"@type\":\"PropertyValueSpecification\",\"valueRequired\":true,\"valueName\":\"search_term_string\"}}],\"inLanguage\":\"it-IT\"},{\"@type\":\"Organization\",\"@id\":\"https:\\\/\\\/archiviocassano.lavocedelpaese.info\\\/#organization\",\"name\":\"Archivio CassanoWeb\",\"url\":\"https:\\\/\\\/archiviocassano.lavocedelpaese.info\\\/\",\"logo\":{\"@type\":\"ImageObject\",\"inLanguage\":\"it-IT\",\"@id\":\"https:\\\/\\\/archiviocassano.lavocedelpaese.info\\\/#\\\/schema\\\/logo\\\/image\\\/\",\"url\":\"https:\\\/\\\/archiviocassano.lavocedelpaese.info\\\/wp-content\\\/uploads\\\/2024\\\/08\\\/logo-rosso-2.png\",\"contentUrl\":\"https:\\\/\\\/archiviocassano.lavocedelpaese.info\\\/wp-content\\\/uploads\\\/2024\\\/08\\\/logo-rosso-2.png\",\"width\":491,\"height\":432,\"caption\":\"Archivio CassanoWeb\"},\"image\":{\"@id\":\"https:\\\/\\\/archiviocassano.lavocedelpaese.info\\\/#\\\/schema\\\/logo\\\/image\\\/\"},\"sameAs\":[\"https:\\\/\\\/www.facebook.com\\\/redazione.cassanoweb\"]},{\"@type\":\"Person\",\"@id\":\"https:\\\/\\\/archiviocassano.lavocedelpaese.info\\\/#\\\/schema\\\/person\\\/df195bc79a9b4c35127cf005f92e041b\",\"name\":\"admin\",\"image\":{\"@type\":\"ImageObject\",\"inLanguage\":\"it-IT\",\"@id\":\"https:\\\/\\\/secure.gravatar.com\\\/avatar\\\/eabba89a432e8eaa1b0207cc55f7e5340b22712b1ed80677efcf63e02ff5b235?s=96&d=mm&r=g\",\"url\":\"https:\\\/\\\/secure.gravatar.com\\\/avatar\\\/eabba89a432e8eaa1b0207cc55f7e5340b22712b1ed80677efcf63e02ff5b235?s=96&d=mm&r=g\",\"contentUrl\":\"https:\\\/\\\/secure.gravatar.com\\\/avatar\\\/eabba89a432e8eaa1b0207cc55f7e5340b22712b1ed80677efcf63e02ff5b235?s=96&d=mm&r=g\",\"caption\":\"admin\"},\"sameAs\":[\"https:\\\/\\\/archiviocassano.lavocedelpaese.info\"],\"url\":\"https:\\\/\\\/archiviocassano.lavocedelpaese.info\\\/index.php\\\/author\\\/admin_0qgz1xdp\\\/\"}]}<\/script>\n<!-- \/ Yoast SEO plugin. -->","yoast_head_json":{"title":"COMUNICATO DI SEL SULLE PRIMARIE - Archivio CassanoWeb","robots":{"index":"index","follow":"follow","max-snippet":"max-snippet:-1","max-image-preview":"max-image-preview:large","max-video-preview":"max-video-preview:-1"},"canonical":"https:\/\/archiviocassano.lavocedelpaese.info\/index.php\/2010\/01\/22\/comunicato-di-sel-sulle-primarie\/","og_locale":"it_IT","og_type":"article","og_title":"COMUNICATO DI SEL SULLE PRIMARIE - Archivio CassanoWeb","og_description":"\u00a0","og_url":"https:\/\/archiviocassano.lavocedelpaese.info\/index.php\/2010\/01\/22\/comunicato-di-sel-sulle-primarie\/","og_site_name":"Archivio CassanoWeb","article_publisher":"https:\/\/www.facebook.com\/redazione.cassanoweb","article_published_time":"2010-01-22T18:22:37+00:00","og_image":[{"width":410,"height":200,"url":"https:\/\/archiviocassano.lavocedelpaese.info\/wp-content\/uploads\/2010\/01\/logo_SEL.jpg","type":"image\/jpeg"}],"author":"admin","twitter_card":"summary_large_image","twitter_misc":{"Scritto da":"admin","Tempo di lettura stimato":"2 minuti"},"schema":{"@context":"https:\/\/schema.org","@graph":[{"@type":"Article","@id":"https:\/\/archiviocassano.lavocedelpaese.info\/index.php\/2010\/01\/22\/comunicato-di-sel-sulle-primarie\/#article","isPartOf":{"@id":"https:\/\/archiviocassano.lavocedelpaese.info\/index.php\/2010\/01\/22\/comunicato-di-sel-sulle-primarie\/"},"author":{"name":"admin","@id":"https:\/\/archiviocassano.lavocedelpaese.info\/#\/schema\/person\/df195bc79a9b4c35127cf005f92e041b"},"headline":"COMUNICATO DI SEL SULLE PRIMARIE","datePublished":"2010-01-22T18:22:37+00:00","mainEntityOfPage":{"@id":"https:\/\/archiviocassano.lavocedelpaese.info\/index.php\/2010\/01\/22\/comunicato-di-sel-sulle-primarie\/"},"wordCount":351,"commentCount":0,"publisher":{"@id":"https:\/\/archiviocassano.lavocedelpaese.info\/#organization"},"image":{"@id":"https:\/\/archiviocassano.lavocedelpaese.info\/index.php\/2010\/01\/22\/comunicato-di-sel-sulle-primarie\/#primaryimage"},"thumbnailUrl":"https:\/\/archiviocassano.lavocedelpaese.info\/wp-content\/uploads\/2010\/01\/logo_SEL.jpg","articleSection":["La voce del paese"],"inLanguage":"it-IT","potentialAction":[{"@type":"CommentAction","name":"Comment","target":["https:\/\/archiviocassano.lavocedelpaese.info\/index.php\/2010\/01\/22\/comunicato-di-sel-sulle-primarie\/#respond"]}]},{"@type":"WebPage","@id":"https:\/\/archiviocassano.lavocedelpaese.info\/index.php\/2010\/01\/22\/comunicato-di-sel-sulle-primarie\/","url":"https:\/\/archiviocassano.lavocedelpaese.info\/index.php\/2010\/01\/22\/comunicato-di-sel-sulle-primarie\/","name":"COMUNICATO DI SEL SULLE PRIMARIE - Archivio CassanoWeb","isPartOf":{"@id":"https:\/\/archiviocassano.lavocedelpaese.info\/#website"},"primaryImageOfPage":{"@id":"https:\/\/archiviocassano.lavocedelpaese.info\/index.php\/2010\/01\/22\/comunicato-di-sel-sulle-primarie\/#primaryimage"},"image":{"@id":"https:\/\/archiviocassano.lavocedelpaese.info\/index.php\/2010\/01\/22\/comunicato-di-sel-sulle-primarie\/#primaryimage"},"thumbnailUrl":"https:\/\/archiviocassano.lavocedelpaese.info\/wp-content\/uploads\/2010\/01\/logo_SEL.jpg","datePublished":"2010-01-22T18:22:37+00:00","breadcrumb":{"@id":"https:\/\/archiviocassano.lavocedelpaese.info\/index.php\/2010\/01\/22\/comunicato-di-sel-sulle-primarie\/#breadcrumb"},"inLanguage":"it-IT","potentialAction":[{"@type":"ReadAction","target":["https:\/\/archiviocassano.lavocedelpaese.info\/index.php\/2010\/01\/22\/comunicato-di-sel-sulle-primarie\/"]}]},{"@type":"ImageObject","inLanguage":"it-IT","@id":"https:\/\/archiviocassano.lavocedelpaese.info\/index.php\/2010\/01\/22\/comunicato-di-sel-sulle-primarie\/#primaryimage","url":"https:\/\/archiviocassano.lavocedelpaese.info\/wp-content\/uploads\/2010\/01\/logo_SEL.jpg","contentUrl":"https:\/\/archiviocassano.lavocedelpaese.info\/wp-content\/uploads\/2010\/01\/logo_SEL.jpg","width":410,"height":200,"caption":"logo_SEL"},{"@type":"BreadcrumbList","@id":"https:\/\/archiviocassano.lavocedelpaese.info\/index.php\/2010\/01\/22\/comunicato-di-sel-sulle-primarie\/#breadcrumb","itemListElement":[{"@type":"ListItem","position":1,"name":"Home","item":"https:\/\/archiviocassano.lavocedelpaese.info\/"},{"@type":"ListItem","position":2,"name":"COMUNICATO DI SEL SULLE PRIMARIE"}]},{"@type":"WebSite","@id":"https:\/\/archiviocassano.lavocedelpaese.info\/#website","url":"https:\/\/archiviocassano.lavocedelpaese.info\/","name":"Archivio CassanoWeb","description":"La Voce del Paese - un network di idee","publisher":{"@id":"https:\/\/archiviocassano.lavocedelpaese.info\/#organization"},"potentialAction":[{"@type":"SearchAction","target":{"@type":"EntryPoint","urlTemplate":"https:\/\/archiviocassano.lavocedelpaese.info\/?s={search_term_string}"},"query-input":{"@type":"PropertyValueSpecification","valueRequired":true,"valueName":"search_term_string"}}],"inLanguage":"it-IT"},{"@type":"Organization","@id":"https:\/\/archiviocassano.lavocedelpaese.info\/#organization","name":"Archivio CassanoWeb","url":"https:\/\/archiviocassano.lavocedelpaese.info\/","logo":{"@type":"ImageObject","inLanguage":"it-IT","@id":"https:\/\/archiviocassano.lavocedelpaese.info\/#\/schema\/logo\/image\/","url":"https:\/\/archiviocassano.lavocedelpaese.info\/wp-content\/uploads\/2024\/08\/logo-rosso-2.png","contentUrl":"https:\/\/archiviocassano.lavocedelpaese.info\/wp-content\/uploads\/2024\/08\/logo-rosso-2.png","width":491,"height":432,"caption":"Archivio CassanoWeb"},"image":{"@id":"https:\/\/archiviocassano.lavocedelpaese.info\/#\/schema\/logo\/image\/"},"sameAs":["https:\/\/www.facebook.com\/redazione.cassanoweb"]},{"@type":"Person","@id":"https:\/\/archiviocassano.lavocedelpaese.info\/#\/schema\/person\/df195bc79a9b4c35127cf005f92e041b","name":"admin","image":{"@type":"ImageObject","inLanguage":"it-IT","@id":"https:\/\/secure.gravatar.com\/avatar\/eabba89a432e8eaa1b0207cc55f7e5340b22712b1ed80677efcf63e02ff5b235?s=96&d=mm&r=g","url":"https:\/\/secure.gravatar.com\/avatar\/eabba89a432e8eaa1b0207cc55f7e5340b22712b1ed80677efcf63e02ff5b235?s=96&d=mm&r=g","contentUrl":"https:\/\/secure.gravatar.com\/avatar\/eabba89a432e8eaa1b0207cc55f7e5340b22712b1ed80677efcf63e02ff5b235?s=96&d=mm&r=g","caption":"admin"},"sameAs":["https:\/\/archiviocassano.lavocedelpaese.info"],"url":"https:\/\/archiviocassano.lavocedelpaese.info\/index.php\/author\/admin_0qgz1xdp\/"}]}},"_links":{"self":[{"href":"https:\/\/archiviocassano.lavocedelpaese.info\/index.php\/wp-json\/wp\/v2\/posts\/854","targetHints":{"allow":["GET"]}}],"collection":[{"href":"https:\/\/archiviocassano.lavocedelpaese.info\/index.php\/wp-json\/wp\/v2\/posts"}],"about":[{"href":"https:\/\/archiviocassano.lavocedelpaese.info\/index.php\/wp-json\/wp\/v2\/types\/post"}],"author":[{"embeddable":true,"href":"https:\/\/archiviocassano.lavocedelpaese.info\/index.php\/wp-json\/wp\/v2\/users\/1"}],"replies":[{"embeddable":true,"href":"https:\/\/archiviocassano.lavocedelpaese.info\/index.php\/wp-json\/wp\/v2\/comments?post=854"}],"version-history":[{"count":0,"href":"https:\/\/archiviocassano.lavocedelpaese.info\/index.php\/wp-json\/wp\/v2\/posts\/854\/revisions"}],"wp:featuredmedia":[{"embeddable":true,"href":"https:\/\/archiviocassano.lavocedelpaese.info\/index.php\/wp-json\/wp\/v2\/media\/853"}],"wp:attachment":[{"href":"https:\/\/archiviocassano.lavocedelpaese.info\/index.php\/wp-json\/wp\/v2\/media?parent=854"}],"wp:term":[{"taxonomy":"category","embeddable":true,"href":"https:\/\/archiviocassano.lavocedelpaese.info\/index.php\/wp-json\/wp\/v2\/categories?post=854"},{"taxonomy":"post_tag","embeddable":true,"href":"https:\/\/archiviocassano.lavocedelpaese.info\/index.php\/wp-json\/wp\/v2\/tags?post=854"}],"curies":[{"name":"wp","href":"https:\/\/api.w.org\/{rel}","templated":true}]}}