{"id":8558,"date":"2013-12-26T16:53:49","date_gmt":"2013-12-26T16:53:49","guid":{"rendered":"https:\/\/archiviocassano.lavocedelpaese.info\/index.php\/2013\/12\/26\/larte-dei-presepi-rivive-grazie-agli-artisti-cassanesi\/"},"modified":"2013-12-26T16:53:49","modified_gmt":"2013-12-26T16:53:49","slug":"larte-dei-presepi-rivive-grazie-agli-artisti-cassanesi","status":"publish","type":"post","link":"https:\/\/archiviocassano.lavocedelpaese.info\/index.php\/2013\/12\/26\/larte-dei-presepi-rivive-grazie-agli-artisti-cassanesi\/","title":{"rendered":"L\u2019arte dei presepi rivive grazie agli artisti cassanesi"},"content":{"rendered":"<p><img loading=\"lazy\" decoding=\"async\" class=\" size-full wp-image-8553\" style=\"display: block; margin-left: auto; margin-right: auto;\" alt=\"Il presepe degli artisti cassanesi 2013\" src=\"https:\/\/archiviocassano.lavocedelpaese.info\/wp-content\/uploads\/2013\/12\/Il_presepe_degli_artisti_cassanesi_2013.jpg\" height=\"150\" width=\"320\" \/><\/p>\n<p><!--more--><\/p>\n<p>L\u2019arte certosina e poetica del costruire presepi risale a tempi antichissimi.<\/p>\n<p style=\"text-align: justify;\">La rappresentazione della nascita del Ges\u00f9 bambino \u00e8 tradizione ancora viva e radicata nella maggior parte delle nostre case e il presepe raccoglie in s\u00e9 l\u2019autentico spirito del Santo Natale, riportandoci indietro nel tempo e avvolgendoci in&nbsp; un\u2019atmosfera magica ed eterna.<\/p>\n<p style=\"text-align: justify;\">Anche quest\u2019anno a Cassano, paese pullulante di artisti e artigiani, si possono ammirare per le vie del centro storico numerosi presepi realizzati dagli artisti locali.<\/p>\n<p style=\"text-align: justify;\">Presepi tradizionali come quelli esposti nella <strong>sede della Proloco<\/strong> (in via Miani), creati da giovani artisti come <strong>Antonio Campanelli, Giovanni Zullo e Vincenzo Chico<\/strong> e l\u2019imponente opera, frutto di un anno di lavoro, del giovane <strong>Daniele Quarto<\/strong>, il quale ha voluto ricostruire l\u2019intera piazza Moro di Cassano, ponendo all\u2019interno della chiesa madre la Sacra Famiglia. Un lavoro interamente realizzato in cartongesso e studiato nei minimi dettagli, con la cura e la passione di un vero artista.<\/p>\n<p style=\"text-align: center;\"><img loading=\"lazy\" decoding=\"async\" class=\" size-full wp-image-8554\" style=\"margin-right: 2px; margin-left: 2px;\" alt=\"presepe quarto 2013\" src=\"https:\/\/archiviocassano.lavocedelpaese.info\/wp-content\/uploads\/2013\/12\/presepe_quarto_2013.jpg\" width=\"333\" height=\"500\" srcset=\"https:\/\/archiviocassano.lavocedelpaese.info\/wp-content\/uploads\/2013\/12\/presepe_quarto_2013.jpg 333w, https:\/\/archiviocassano.lavocedelpaese.info\/wp-content\/uploads\/2013\/12\/presepe_quarto_2013-200x300.jpg 200w\" sizes=\"auto, (max-width: 333px) 100vw, 333px\" \/><\/p>\n<p style=\"text-align: center;\"><em>Particolari del presepe di Daniele Quarto<\/em><\/p>\n<p style=\"text-align: center;\"><em><img loading=\"lazy\" decoding=\"async\" class=\" size-full wp-image-8555\" style=\"margin-right: 2px; margin-left: 2px;\" alt=\"dettaglio presepe Quarto 2013\" src=\"https:\/\/archiviocassano.lavocedelpaese.info\/wp-content\/uploads\/2013\/12\/dettaglio_presepe_Quarto_2013.jpg\" width=\"333\" height=\"500\" srcset=\"https:\/\/archiviocassano.lavocedelpaese.info\/wp-content\/uploads\/2013\/12\/dettaglio_presepe_Quarto_2013.jpg 333w, https:\/\/archiviocassano.lavocedelpaese.info\/wp-content\/uploads\/2013\/12\/dettaglio_presepe_Quarto_2013-200x300.jpg 200w\" sizes=\"auto, (max-width: 333px) 100vw, 333px\" \/><\/em><\/p>\n<p style=\"text-align: center;\"><em>&nbsp;<\/em><\/p>\n<p style=\"text-align: justify;\">Ma la vera grande novit\u00e0 di quest\u2019anno \u00e8 stata quella voluta e realizzata dal maestro e artista <strong>Antonio Amoroso in collaborazione con l\u2019associazione \u201cAmici di tutti\u201d<\/strong> e con undici artisti e talenti cassanesi.<\/p>\n<p style=\"text-align: justify;\">Allestire, per la prima volta a Cassano, un presepe artistico insolito, in cui il fulcro resta sempre quello della stalla povera e spoglia, ma dove le tradizionali statuine vengono sostituite da dipinti.<\/p>\n<p>Undici dipinti realizzati su tavole centenarie utilizzate dai nostri avi per dare sostegno ai loro umili giacigli, <em>\u201cho avuto l\u2019 idea di creare una nuova forma di presepe, dove l\u2019arte della pittura incontra la tradizione\u201d<\/em>, ha affermato Amoroso.<\/p>\n<p style=\"text-align: center;\"><img loading=\"lazy\" decoding=\"async\" class=\" size-full wp-image-8556\" style=\"margin-right: 2px; margin-left: 2px;\" alt=\"Il presepe degli artisti cassanesi 2013 copy\" src=\"https:\/\/archiviocassano.lavocedelpaese.info\/wp-content\/uploads\/2013\/12\/Il_presepe_degli_artisti_cassanesi_2013_copy.jpg\" width=\"600\" height=\"400\" srcset=\"https:\/\/archiviocassano.lavocedelpaese.info\/wp-content\/uploads\/2013\/12\/Il_presepe_degli_artisti_cassanesi_2013_copy.jpg 600w, https:\/\/archiviocassano.lavocedelpaese.info\/wp-content\/uploads\/2013\/12\/Il_presepe_degli_artisti_cassanesi_2013_copy-300x200.jpg 300w\" sizes=\"auto, (max-width: 600px) 100vw, 600px\" \/><\/p>\n<p style=\"text-align: center;\"><span data-mce-bogus=\"true\" id=\"_mce_caret\"><em>Il presepe degli artisti cassanesi<\/em><\/span><\/p>\n<p>L\u2019originale presepe, <strong>allestito nella chiesetta dell\u2019Immacolata<\/strong>, \u00e8 stato benedetto e presentato alla comunit\u00e0 l\u20198 dicembre e sar\u00e0 visitabile fino al 2 febbraio.<\/p>\n<p>L\u2019impatto visivo \u00e8 suggestivo e l\u2019effetto di luci e colori creati dalle undici icone lascia incontaminata la magia e la simbologia del presepe.<\/p>\n<p style=\"text-align: justify;\">\u201cHo assegnato ad ogni artista un personaggio tipico del presepe e ho lasciato che ognuno si esprimesse in base alla propria arte e alla propria visione\u201d, ha sostenuto ancora Amoroso. Gli undici artisti (<strong>Francesca Angiulo, Maristella Campanelli, Paolo Cicero, Dina Colaninno, Fabio Fiorese, Marisa Marzulli, Massimo Nardi, Diana Ragno, Margherita Ragno, Michele Stramaglia, Alfredo Viapiano e lo stesso Antonio Amoroso)<\/strong>, hanno utilizzato svariate tecniche, dall\u2019acrilico all\u2019olio, alla creta e alla matita e hanno raffigurato gli antichi mestieri che da sempre ornano i presepi come il falegname, la pastorella, un fabbro, che nello specifico rappresenta il padre della prof.ssa Colaninno, il fornaio, lo zampognaro.<\/p>\n<p style=\"text-align: justify;\">I dipinti sovrastano e quasi proteggono la stalla illuminata con le uniche statuine presenti e offrono una nuova vita e una nuova visione del classico presepe e l\u2019idea di Amoroso trova i suoi meriti nel connubio tra diverse arti e nella partecipazione collettiva di talenti nostrani ad un\u2019opera che intrinsecamente inneggia all\u2019unione e all\u2019amore.<\/p>\n<p>La passeggiata tra le stradine del centro storico alla scoperta dei presepi continua nella chiesa della <strong>Madonna di Costantinopoli in via Roma<\/strong>: il grande presepe artistico realizzato dal Comitato Feste della Madonna del Rosario (composto da Giuseppe Nardulli, Antonio Giampietro e Paolo Difonzo) sar\u00e0 benedetto la notte di Natale e sar\u00e0 possibile visitarlo nei giorni 25 &#8211; 26 dicembre 2013 e il 1\u00b0 &#8211; 2 &#8211; 6 &#8211; 9 gennaio 2014 dalle 10:00 alle 12:30 e dalle 18.00 alle 21:00.<\/p>\n<p style=\"text-align: justify;\">Tappa imperdibile, poi, \u00e8 proprio quella nella <strong>bottega di Antonio Amoroso in piazza Moro<\/strong>, che come ogni anno dedica amore e passione al suo presepe interamente realizzato a mano attraverso l\u2019utilizzo di materie prime naturali come il sughero la carta e il legno e curando tutti i pi\u00f9 minuscoli dettagli avvalendosi di sabbia, gusci di frutta, pietre, muschio e paglia, dando cos\u00ec vita a quella che \u00e8 l\u2019immagine pi\u00f9 emozionante e magica del Natale.<\/p>\n<p style=\"text-align: center;\"><img loading=\"lazy\" decoding=\"async\" class=\" size-full wp-image-8557\" style=\"margin-right: 2px; margin-left: 2px;\" alt=\"presepe Amoroso 2013\" src=\"https:\/\/archiviocassano.lavocedelpaese.info\/wp-content\/uploads\/2013\/12\/presepe_Amoroso_2013.jpg\" width=\"600\" height=\"400\" srcset=\"https:\/\/archiviocassano.lavocedelpaese.info\/wp-content\/uploads\/2013\/12\/presepe_Amoroso_2013.jpg 600w, https:\/\/archiviocassano.lavocedelpaese.info\/wp-content\/uploads\/2013\/12\/presepe_Amoroso_2013-300x200.jpg 300w\" sizes=\"auto, (max-width: 600px) 100vw, 600px\" \/><\/p>\n<p>&nbsp;<\/p>\n","protected":false},"excerpt":{"rendered":"","protected":false},"author":1,"featured_media":8553,"comment_status":"open","ping_status":"closed","sticky":false,"template":"","format":"standard","meta":{"colormag_page_container_layout":"default_layout","colormag_page_sidebar_layout":"default_layout","footnotes":""},"categories":[6],"tags":[],"class_list":["post-8558","post","type-post","status-publish","format-standard","has-post-thumbnail","hentry","category-cultura"],"yoast_head":"<!-- This site is optimized with the Yoast SEO plugin v27.5 - https:\/\/yoast.com\/product\/yoast-seo-wordpress\/ -->\n<title>L\u2019arte dei presepi rivive grazie agli artisti cassanesi - Archivio CassanoWeb<\/title>\n<meta name=\"robots\" content=\"index, follow, max-snippet:-1, max-image-preview:large, max-video-preview:-1\" \/>\n<link rel=\"canonical\" href=\"https:\/\/archiviocassano.lavocedelpaese.info\/index.php\/2013\/12\/26\/larte-dei-presepi-rivive-grazie-agli-artisti-cassanesi\/\" \/>\n<meta property=\"og:locale\" content=\"it_IT\" \/>\n<meta property=\"og:type\" content=\"article\" \/>\n<meta property=\"og:title\" content=\"L\u2019arte dei presepi rivive grazie agli artisti cassanesi - Archivio CassanoWeb\" \/>\n<meta property=\"og:url\" content=\"https:\/\/archiviocassano.lavocedelpaese.info\/index.php\/2013\/12\/26\/larte-dei-presepi-rivive-grazie-agli-artisti-cassanesi\/\" \/>\n<meta property=\"og:site_name\" content=\"Archivio CassanoWeb\" \/>\n<meta property=\"article:publisher\" content=\"https:\/\/www.facebook.com\/redazione.cassanoweb\" \/>\n<meta property=\"article:published_time\" content=\"2013-12-26T16:53:49+00:00\" \/>\n<meta property=\"og:image\" content=\"https:\/\/archiviocassano.lavocedelpaese.info\/wp-content\/uploads\/2013\/12\/Il_presepe_degli_artisti_cassanesi_2013.jpg\" \/>\n\t<meta property=\"og:image:width\" content=\"600\" \/>\n\t<meta property=\"og:image:height\" content=\"400\" \/>\n\t<meta property=\"og:image:type\" content=\"image\/jpeg\" \/>\n<meta name=\"author\" content=\"admin\" \/>\n<meta name=\"twitter:card\" content=\"summary_large_image\" \/>\n<meta name=\"twitter:label1\" content=\"Scritto da\" \/>\n\t<meta name=\"twitter:data1\" content=\"admin\" \/>\n\t<meta name=\"twitter:label2\" content=\"Tempo di lettura stimato\" \/>\n\t<meta name=\"twitter:data2\" content=\"3 minuti\" \/>\n<script type=\"application\/ld+json\" class=\"yoast-schema-graph\">{\"@context\":\"https:\\\/\\\/schema.org\",\"@graph\":[{\"@type\":\"Article\",\"@id\":\"https:\\\/\\\/archiviocassano.lavocedelpaese.info\\\/index.php\\\/2013\\\/12\\\/26\\\/larte-dei-presepi-rivive-grazie-agli-artisti-cassanesi\\\/#article\",\"isPartOf\":{\"@id\":\"https:\\\/\\\/archiviocassano.lavocedelpaese.info\\\/index.php\\\/2013\\\/12\\\/26\\\/larte-dei-presepi-rivive-grazie-agli-artisti-cassanesi\\\/\"},\"author\":{\"name\":\"admin\",\"@id\":\"https:\\\/\\\/archiviocassano.lavocedelpaese.info\\\/#\\\/schema\\\/person\\\/df195bc79a9b4c35127cf005f92e041b\"},\"headline\":\"L\u2019arte dei presepi rivive grazie agli artisti cassanesi\",\"datePublished\":\"2013-12-26T16:53:49+00:00\",\"mainEntityOfPage\":{\"@id\":\"https:\\\/\\\/archiviocassano.lavocedelpaese.info\\\/index.php\\\/2013\\\/12\\\/26\\\/larte-dei-presepi-rivive-grazie-agli-artisti-cassanesi\\\/\"},\"wordCount\":639,\"commentCount\":0,\"publisher\":{\"@id\":\"https:\\\/\\\/archiviocassano.lavocedelpaese.info\\\/#organization\"},\"image\":{\"@id\":\"https:\\\/\\\/archiviocassano.lavocedelpaese.info\\\/index.php\\\/2013\\\/12\\\/26\\\/larte-dei-presepi-rivive-grazie-agli-artisti-cassanesi\\\/#primaryimage\"},\"thumbnailUrl\":\"https:\\\/\\\/archiviocassano.lavocedelpaese.info\\\/wp-content\\\/uploads\\\/2013\\\/12\\\/Il_presepe_degli_artisti_cassanesi_2013.jpg\",\"articleSection\":[\"Cultura\"],\"inLanguage\":\"it-IT\",\"potentialAction\":[{\"@type\":\"CommentAction\",\"name\":\"Comment\",\"target\":[\"https:\\\/\\\/archiviocassano.lavocedelpaese.info\\\/index.php\\\/2013\\\/12\\\/26\\\/larte-dei-presepi-rivive-grazie-agli-artisti-cassanesi\\\/#respond\"]}]},{\"@type\":\"WebPage\",\"@id\":\"https:\\\/\\\/archiviocassano.lavocedelpaese.info\\\/index.php\\\/2013\\\/12\\\/26\\\/larte-dei-presepi-rivive-grazie-agli-artisti-cassanesi\\\/\",\"url\":\"https:\\\/\\\/archiviocassano.lavocedelpaese.info\\\/index.php\\\/2013\\\/12\\\/26\\\/larte-dei-presepi-rivive-grazie-agli-artisti-cassanesi\\\/\",\"name\":\"L\u2019arte dei presepi rivive grazie agli artisti cassanesi - Archivio CassanoWeb\",\"isPartOf\":{\"@id\":\"https:\\\/\\\/archiviocassano.lavocedelpaese.info\\\/#website\"},\"primaryImageOfPage\":{\"@id\":\"https:\\\/\\\/archiviocassano.lavocedelpaese.info\\\/index.php\\\/2013\\\/12\\\/26\\\/larte-dei-presepi-rivive-grazie-agli-artisti-cassanesi\\\/#primaryimage\"},\"image\":{\"@id\":\"https:\\\/\\\/archiviocassano.lavocedelpaese.info\\\/index.php\\\/2013\\\/12\\\/26\\\/larte-dei-presepi-rivive-grazie-agli-artisti-cassanesi\\\/#primaryimage\"},\"thumbnailUrl\":\"https:\\\/\\\/archiviocassano.lavocedelpaese.info\\\/wp-content\\\/uploads\\\/2013\\\/12\\\/Il_presepe_degli_artisti_cassanesi_2013.jpg\",\"datePublished\":\"2013-12-26T16:53:49+00:00\",\"breadcrumb\":{\"@id\":\"https:\\\/\\\/archiviocassano.lavocedelpaese.info\\\/index.php\\\/2013\\\/12\\\/26\\\/larte-dei-presepi-rivive-grazie-agli-artisti-cassanesi\\\/#breadcrumb\"},\"inLanguage\":\"it-IT\",\"potentialAction\":[{\"@type\":\"ReadAction\",\"target\":[\"https:\\\/\\\/archiviocassano.lavocedelpaese.info\\\/index.php\\\/2013\\\/12\\\/26\\\/larte-dei-presepi-rivive-grazie-agli-artisti-cassanesi\\\/\"]}]},{\"@type\":\"ImageObject\",\"inLanguage\":\"it-IT\",\"@id\":\"https:\\\/\\\/archiviocassano.lavocedelpaese.info\\\/index.php\\\/2013\\\/12\\\/26\\\/larte-dei-presepi-rivive-grazie-agli-artisti-cassanesi\\\/#primaryimage\",\"url\":\"https:\\\/\\\/archiviocassano.lavocedelpaese.info\\\/wp-content\\\/uploads\\\/2013\\\/12\\\/Il_presepe_degli_artisti_cassanesi_2013.jpg\",\"contentUrl\":\"https:\\\/\\\/archiviocassano.lavocedelpaese.info\\\/wp-content\\\/uploads\\\/2013\\\/12\\\/Il_presepe_degli_artisti_cassanesi_2013.jpg\",\"width\":600,\"height\":400,\"caption\":\"Il presepe degli artisti cassanesi 2013\"},{\"@type\":\"BreadcrumbList\",\"@id\":\"https:\\\/\\\/archiviocassano.lavocedelpaese.info\\\/index.php\\\/2013\\\/12\\\/26\\\/larte-dei-presepi-rivive-grazie-agli-artisti-cassanesi\\\/#breadcrumb\",\"itemListElement\":[{\"@type\":\"ListItem\",\"position\":1,\"name\":\"Home\",\"item\":\"https:\\\/\\\/archiviocassano.lavocedelpaese.info\\\/\"},{\"@type\":\"ListItem\",\"position\":2,\"name\":\"L\u2019arte dei presepi rivive grazie agli artisti cassanesi\"}]},{\"@type\":\"WebSite\",\"@id\":\"https:\\\/\\\/archiviocassano.lavocedelpaese.info\\\/#website\",\"url\":\"https:\\\/\\\/archiviocassano.lavocedelpaese.info\\\/\",\"name\":\"Archivio CassanoWeb\",\"description\":\"La Voce del Paese - un network di idee\",\"publisher\":{\"@id\":\"https:\\\/\\\/archiviocassano.lavocedelpaese.info\\\/#organization\"},\"potentialAction\":[{\"@type\":\"SearchAction\",\"target\":{\"@type\":\"EntryPoint\",\"urlTemplate\":\"https:\\\/\\\/archiviocassano.lavocedelpaese.info\\\/?s={search_term_string}\"},\"query-input\":{\"@type\":\"PropertyValueSpecification\",\"valueRequired\":true,\"valueName\":\"search_term_string\"}}],\"inLanguage\":\"it-IT\"},{\"@type\":\"Organization\",\"@id\":\"https:\\\/\\\/archiviocassano.lavocedelpaese.info\\\/#organization\",\"name\":\"Archivio CassanoWeb\",\"url\":\"https:\\\/\\\/archiviocassano.lavocedelpaese.info\\\/\",\"logo\":{\"@type\":\"ImageObject\",\"inLanguage\":\"it-IT\",\"@id\":\"https:\\\/\\\/archiviocassano.lavocedelpaese.info\\\/#\\\/schema\\\/logo\\\/image\\\/\",\"url\":\"https:\\\/\\\/archiviocassano.lavocedelpaese.info\\\/wp-content\\\/uploads\\\/2024\\\/08\\\/logo-rosso-2.png\",\"contentUrl\":\"https:\\\/\\\/archiviocassano.lavocedelpaese.info\\\/wp-content\\\/uploads\\\/2024\\\/08\\\/logo-rosso-2.png\",\"width\":491,\"height\":432,\"caption\":\"Archivio CassanoWeb\"},\"image\":{\"@id\":\"https:\\\/\\\/archiviocassano.lavocedelpaese.info\\\/#\\\/schema\\\/logo\\\/image\\\/\"},\"sameAs\":[\"https:\\\/\\\/www.facebook.com\\\/redazione.cassanoweb\"]},{\"@type\":\"Person\",\"@id\":\"https:\\\/\\\/archiviocassano.lavocedelpaese.info\\\/#\\\/schema\\\/person\\\/df195bc79a9b4c35127cf005f92e041b\",\"name\":\"admin\",\"image\":{\"@type\":\"ImageObject\",\"inLanguage\":\"it-IT\",\"@id\":\"https:\\\/\\\/secure.gravatar.com\\\/avatar\\\/eabba89a432e8eaa1b0207cc55f7e5340b22712b1ed80677efcf63e02ff5b235?s=96&d=mm&r=g\",\"url\":\"https:\\\/\\\/secure.gravatar.com\\\/avatar\\\/eabba89a432e8eaa1b0207cc55f7e5340b22712b1ed80677efcf63e02ff5b235?s=96&d=mm&r=g\",\"contentUrl\":\"https:\\\/\\\/secure.gravatar.com\\\/avatar\\\/eabba89a432e8eaa1b0207cc55f7e5340b22712b1ed80677efcf63e02ff5b235?s=96&d=mm&r=g\",\"caption\":\"admin\"},\"sameAs\":[\"https:\\\/\\\/archiviocassano.lavocedelpaese.info\"],\"url\":\"https:\\\/\\\/archiviocassano.lavocedelpaese.info\\\/index.php\\\/author\\\/admin_0qgz1xdp\\\/\"}]}<\/script>\n<!-- \/ Yoast SEO plugin. -->","yoast_head_json":{"title":"L\u2019arte dei presepi rivive grazie agli artisti cassanesi - Archivio CassanoWeb","robots":{"index":"index","follow":"follow","max-snippet":"max-snippet:-1","max-image-preview":"max-image-preview:large","max-video-preview":"max-video-preview:-1"},"canonical":"https:\/\/archiviocassano.lavocedelpaese.info\/index.php\/2013\/12\/26\/larte-dei-presepi-rivive-grazie-agli-artisti-cassanesi\/","og_locale":"it_IT","og_type":"article","og_title":"L\u2019arte dei presepi rivive grazie agli artisti cassanesi - Archivio CassanoWeb","og_url":"https:\/\/archiviocassano.lavocedelpaese.info\/index.php\/2013\/12\/26\/larte-dei-presepi-rivive-grazie-agli-artisti-cassanesi\/","og_site_name":"Archivio CassanoWeb","article_publisher":"https:\/\/www.facebook.com\/redazione.cassanoweb","article_published_time":"2013-12-26T16:53:49+00:00","og_image":[{"width":600,"height":400,"url":"https:\/\/archiviocassano.lavocedelpaese.info\/wp-content\/uploads\/2013\/12\/Il_presepe_degli_artisti_cassanesi_2013.jpg","type":"image\/jpeg"}],"author":"admin","twitter_card":"summary_large_image","twitter_misc":{"Scritto da":"admin","Tempo di lettura stimato":"3 minuti"},"schema":{"@context":"https:\/\/schema.org","@graph":[{"@type":"Article","@id":"https:\/\/archiviocassano.lavocedelpaese.info\/index.php\/2013\/12\/26\/larte-dei-presepi-rivive-grazie-agli-artisti-cassanesi\/#article","isPartOf":{"@id":"https:\/\/archiviocassano.lavocedelpaese.info\/index.php\/2013\/12\/26\/larte-dei-presepi-rivive-grazie-agli-artisti-cassanesi\/"},"author":{"name":"admin","@id":"https:\/\/archiviocassano.lavocedelpaese.info\/#\/schema\/person\/df195bc79a9b4c35127cf005f92e041b"},"headline":"L\u2019arte dei presepi rivive grazie agli artisti cassanesi","datePublished":"2013-12-26T16:53:49+00:00","mainEntityOfPage":{"@id":"https:\/\/archiviocassano.lavocedelpaese.info\/index.php\/2013\/12\/26\/larte-dei-presepi-rivive-grazie-agli-artisti-cassanesi\/"},"wordCount":639,"commentCount":0,"publisher":{"@id":"https:\/\/archiviocassano.lavocedelpaese.info\/#organization"},"image":{"@id":"https:\/\/archiviocassano.lavocedelpaese.info\/index.php\/2013\/12\/26\/larte-dei-presepi-rivive-grazie-agli-artisti-cassanesi\/#primaryimage"},"thumbnailUrl":"https:\/\/archiviocassano.lavocedelpaese.info\/wp-content\/uploads\/2013\/12\/Il_presepe_degli_artisti_cassanesi_2013.jpg","articleSection":["Cultura"],"inLanguage":"it-IT","potentialAction":[{"@type":"CommentAction","name":"Comment","target":["https:\/\/archiviocassano.lavocedelpaese.info\/index.php\/2013\/12\/26\/larte-dei-presepi-rivive-grazie-agli-artisti-cassanesi\/#respond"]}]},{"@type":"WebPage","@id":"https:\/\/archiviocassano.lavocedelpaese.info\/index.php\/2013\/12\/26\/larte-dei-presepi-rivive-grazie-agli-artisti-cassanesi\/","url":"https:\/\/archiviocassano.lavocedelpaese.info\/index.php\/2013\/12\/26\/larte-dei-presepi-rivive-grazie-agli-artisti-cassanesi\/","name":"L\u2019arte dei presepi rivive grazie agli artisti cassanesi - Archivio CassanoWeb","isPartOf":{"@id":"https:\/\/archiviocassano.lavocedelpaese.info\/#website"},"primaryImageOfPage":{"@id":"https:\/\/archiviocassano.lavocedelpaese.info\/index.php\/2013\/12\/26\/larte-dei-presepi-rivive-grazie-agli-artisti-cassanesi\/#primaryimage"},"image":{"@id":"https:\/\/archiviocassano.lavocedelpaese.info\/index.php\/2013\/12\/26\/larte-dei-presepi-rivive-grazie-agli-artisti-cassanesi\/#primaryimage"},"thumbnailUrl":"https:\/\/archiviocassano.lavocedelpaese.info\/wp-content\/uploads\/2013\/12\/Il_presepe_degli_artisti_cassanesi_2013.jpg","datePublished":"2013-12-26T16:53:49+00:00","breadcrumb":{"@id":"https:\/\/archiviocassano.lavocedelpaese.info\/index.php\/2013\/12\/26\/larte-dei-presepi-rivive-grazie-agli-artisti-cassanesi\/#breadcrumb"},"inLanguage":"it-IT","potentialAction":[{"@type":"ReadAction","target":["https:\/\/archiviocassano.lavocedelpaese.info\/index.php\/2013\/12\/26\/larte-dei-presepi-rivive-grazie-agli-artisti-cassanesi\/"]}]},{"@type":"ImageObject","inLanguage":"it-IT","@id":"https:\/\/archiviocassano.lavocedelpaese.info\/index.php\/2013\/12\/26\/larte-dei-presepi-rivive-grazie-agli-artisti-cassanesi\/#primaryimage","url":"https:\/\/archiviocassano.lavocedelpaese.info\/wp-content\/uploads\/2013\/12\/Il_presepe_degli_artisti_cassanesi_2013.jpg","contentUrl":"https:\/\/archiviocassano.lavocedelpaese.info\/wp-content\/uploads\/2013\/12\/Il_presepe_degli_artisti_cassanesi_2013.jpg","width":600,"height":400,"caption":"Il presepe degli artisti cassanesi 2013"},{"@type":"BreadcrumbList","@id":"https:\/\/archiviocassano.lavocedelpaese.info\/index.php\/2013\/12\/26\/larte-dei-presepi-rivive-grazie-agli-artisti-cassanesi\/#breadcrumb","itemListElement":[{"@type":"ListItem","position":1,"name":"Home","item":"https:\/\/archiviocassano.lavocedelpaese.info\/"},{"@type":"ListItem","position":2,"name":"L\u2019arte dei presepi rivive grazie agli artisti cassanesi"}]},{"@type":"WebSite","@id":"https:\/\/archiviocassano.lavocedelpaese.info\/#website","url":"https:\/\/archiviocassano.lavocedelpaese.info\/","name":"Archivio CassanoWeb","description":"La Voce del Paese - un network di idee","publisher":{"@id":"https:\/\/archiviocassano.lavocedelpaese.info\/#organization"},"potentialAction":[{"@type":"SearchAction","target":{"@type":"EntryPoint","urlTemplate":"https:\/\/archiviocassano.lavocedelpaese.info\/?s={search_term_string}"},"query-input":{"@type":"PropertyValueSpecification","valueRequired":true,"valueName":"search_term_string"}}],"inLanguage":"it-IT"},{"@type":"Organization","@id":"https:\/\/archiviocassano.lavocedelpaese.info\/#organization","name":"Archivio CassanoWeb","url":"https:\/\/archiviocassano.lavocedelpaese.info\/","logo":{"@type":"ImageObject","inLanguage":"it-IT","@id":"https:\/\/archiviocassano.lavocedelpaese.info\/#\/schema\/logo\/image\/","url":"https:\/\/archiviocassano.lavocedelpaese.info\/wp-content\/uploads\/2024\/08\/logo-rosso-2.png","contentUrl":"https:\/\/archiviocassano.lavocedelpaese.info\/wp-content\/uploads\/2024\/08\/logo-rosso-2.png","width":491,"height":432,"caption":"Archivio CassanoWeb"},"image":{"@id":"https:\/\/archiviocassano.lavocedelpaese.info\/#\/schema\/logo\/image\/"},"sameAs":["https:\/\/www.facebook.com\/redazione.cassanoweb"]},{"@type":"Person","@id":"https:\/\/archiviocassano.lavocedelpaese.info\/#\/schema\/person\/df195bc79a9b4c35127cf005f92e041b","name":"admin","image":{"@type":"ImageObject","inLanguage":"it-IT","@id":"https:\/\/secure.gravatar.com\/avatar\/eabba89a432e8eaa1b0207cc55f7e5340b22712b1ed80677efcf63e02ff5b235?s=96&d=mm&r=g","url":"https:\/\/secure.gravatar.com\/avatar\/eabba89a432e8eaa1b0207cc55f7e5340b22712b1ed80677efcf63e02ff5b235?s=96&d=mm&r=g","contentUrl":"https:\/\/secure.gravatar.com\/avatar\/eabba89a432e8eaa1b0207cc55f7e5340b22712b1ed80677efcf63e02ff5b235?s=96&d=mm&r=g","caption":"admin"},"sameAs":["https:\/\/archiviocassano.lavocedelpaese.info"],"url":"https:\/\/archiviocassano.lavocedelpaese.info\/index.php\/author\/admin_0qgz1xdp\/"}]}},"_links":{"self":[{"href":"https:\/\/archiviocassano.lavocedelpaese.info\/index.php\/wp-json\/wp\/v2\/posts\/8558","targetHints":{"allow":["GET"]}}],"collection":[{"href":"https:\/\/archiviocassano.lavocedelpaese.info\/index.php\/wp-json\/wp\/v2\/posts"}],"about":[{"href":"https:\/\/archiviocassano.lavocedelpaese.info\/index.php\/wp-json\/wp\/v2\/types\/post"}],"author":[{"embeddable":true,"href":"https:\/\/archiviocassano.lavocedelpaese.info\/index.php\/wp-json\/wp\/v2\/users\/1"}],"replies":[{"embeddable":true,"href":"https:\/\/archiviocassano.lavocedelpaese.info\/index.php\/wp-json\/wp\/v2\/comments?post=8558"}],"version-history":[{"count":0,"href":"https:\/\/archiviocassano.lavocedelpaese.info\/index.php\/wp-json\/wp\/v2\/posts\/8558\/revisions"}],"wp:featuredmedia":[{"embeddable":true,"href":"https:\/\/archiviocassano.lavocedelpaese.info\/index.php\/wp-json\/wp\/v2\/media\/8553"}],"wp:attachment":[{"href":"https:\/\/archiviocassano.lavocedelpaese.info\/index.php\/wp-json\/wp\/v2\/media?parent=8558"}],"wp:term":[{"taxonomy":"category","embeddable":true,"href":"https:\/\/archiviocassano.lavocedelpaese.info\/index.php\/wp-json\/wp\/v2\/categories?post=8558"},{"taxonomy":"post_tag","embeddable":true,"href":"https:\/\/archiviocassano.lavocedelpaese.info\/index.php\/wp-json\/wp\/v2\/tags?post=8558"}],"curies":[{"name":"wp","href":"https:\/\/api.w.org\/{rel}","templated":true}]}}