{"id":856,"date":"2010-01-22T19:42:00","date_gmt":"2010-01-22T19:42:00","guid":{"rendered":"https:\/\/archiviocassano.lavocedelpaese.info\/index.php\/2010\/01\/22\/la-verita-su-dalema-vendola-e-le-primarie-in-puglia\/"},"modified":"2010-01-22T19:42:00","modified_gmt":"2010-01-22T19:42:00","slug":"la-verita-su-dalema-vendola-e-le-primarie-in-puglia","status":"publish","type":"post","link":"https:\/\/archiviocassano.lavocedelpaese.info\/index.php\/2010\/01\/22\/la-verita-su-dalema-vendola-e-le-primarie-in-puglia\/","title":{"rendered":"LA VERITA\u2019 SU D\u2019ALEMA, VENDOLA E LE PRIMARIE IN PUGLIA"},"content":{"rendered":"<p><img loading=\"lazy\" decoding=\"async\" class=\" size-full wp-image-855\" height=\"156\" width=\"320\" src=\"https:\/\/archiviocassano.lavocedelpaese.info\/wp-content\/uploads\/2010\/01\/marco_travaglio.jpg\" alt=\"marco_travaglio\" srcset=\"https:\/\/archiviocassano.lavocedelpaese.info\/wp-content\/uploads\/2010\/01\/marco_travaglio.jpg 410w, https:\/\/archiviocassano.lavocedelpaese.info\/wp-content\/uploads\/2010\/01\/marco_travaglio-300x146.jpg 300w\" sizes=\"auto, (max-width: 320px) 100vw, 320px\" \/><\/p>\n<p>\u00a0<\/p>\n<p><!--more--><\/p>\n<p style=\"text-align: justify;\"><em>Spett.le Redazione,<\/em><\/p>\n<p style=\"text-align: justify;\"><em>sono da anni abbonato al settimanale \u201cL\u2019Espresso\u201d. L\u2019ho ricevuto questa mattina e come sempre, dopo pranzo, l\u2019ho sfogliato alla ricerca degli articoli migliori. Fra questi, voglio segnalarvi quello di Marco Travaglio su D\u2019Alema che vi giro, chiedendovi cortesemente di pubblicare, visto che parla di noi pugliesi e di quello che sta succedendo in questi giorni. Un articolo straordinario, anche se malinconico: voto da sempre e sono da sempre di sinistra\u2026ma certi personaggi\u2026.. Come dar torto a Travaglio?\u00a0 Grazie per l\u2019attenzione: spero possiate pubblicarlo.<\/em><\/p>\n<p>\u00a0<\/p>\n<p>\u00a0<\/p>\n<p><strong>IL MASSIMO DEL MINIMO<\/strong><\/p>\n<p>di Marco Travaglio (tratto da \u201cL\u2019espresso\u201d n.4 del 28\/01\/2010)<\/p>\n<p>\u00a0<\/p>\n<p style=\"text-align: justify;\">Due anni fa, in pieno scandalo <strong>Unipol<\/strong>, il Signorn\u00f2 domand\u00f2 cosa dovesse ancora fare <strong>Massimo D&#8217;Alema<\/strong> contro il centrosinistra per essere accompagnato alla porta. D&#8217;Alema ha risposto con i fatti. Nel giro di un mese ha riabilitato l&#8217;inciucio con <strong>Berlusconi,<\/strong> ha riabilitato per l&#8217;ennesima volta quel <strong>Craxi<\/strong> a cui 10 anni fa offr\u00ec i funerali di Stato e soprattutto ha devastato alla velocit\u00e0 della luce il centrosinistra nella sua Puglia, una delle poche regioni in cui il Pd conservava una vocazione maggioritaria. Ha sacrificato il governatore <strong>Nichi Vendola<\/strong> sull&#8217;altare dell&#8217;Udc, ha lanciato al suo posto il sindaco appena rieletto di Bari <strong>Michele Emiliano<\/strong> senza passare per le primarie, poi l&#8217;ha cambiato in corsa con <strong>Francesco Boccia<\/strong> irridendo alle primarie, poi le ha riesumate (&#8220;Le ho sempre volute&#8221;) ma a patto che le vinca Boccia, poi si \u00e8 meravigliato del fatto che Vendola non si ritiri tutto giulivo dalla corsa. Infine, con l&#8217;aria di chi passa di l\u00ec per caso e vola alto su una distesa di cadaveri e macerie, ha commentato schifato: &#8220;Non ci capisco pi\u00f9 niente&#8221;.<\/p>\n<p style=\"text-align: justify;\">Il tutto in una regione dove non muove foglia che lui non voglia. La Volpe del Tavoliere, come lo chiama &#8216;il manifesto&#8217;, aveva gi\u00e0 tentato di imporre Boccia quattro anni fa: purtroppo per\u00f2 le primarie le vinse Vendola. D&#8217;Alema, furibondo con gli elettori che non lo capivano, comment\u00f2: &#8220;La mia pazienza ha un limite&#8221; e scaric\u00f2 il suo sarcasmo su Nichi: &#8220;Vincere le primarie \u00e8 facile, battere Fitto \u00e8 un&#8217;altra cosa&#8221;. Naturalmente Vendola batt\u00e9 <strong>Fitto<\/strong>. Allora Max gli diede una mano delle sue, regalandogli due assessori coi fiocchi: il vicepresidente Sandro Frisullo e il responsabile della Sanit\u00e0, l&#8217;ex socialista <strong>Alberto Tedesco<\/strong>. Sar\u00e0 un caso, ma il primo s&#8217;\u00e8 scoperto cliente di Giampi Tarantini, ras delle protesi sanitarie e fornitore privilegiato delle Asl pugliesi, esattamente come la famiglia di Tedesco, assessore in pieno conflitto d&#8217;interessi. Sia Frisullo sia Tedesco sono stati indagati dalla Procura e dimissionati da Vendola, che ha azzerato l&#8217;intera giunta. Tedesco \u00e8 passato al Senato col Pd, cio\u00e8 al sicuro, grazie al dalemiano \u00a0<strong>Paolo De Castro<\/strong>, spedito a Strasburgo per liberargli il seggio.<\/p>\n<p style=\"text-align: justify;\">Ora, dopo l&#8217;ennesimo passaggio dell&#8217;<strong>Attila di Gallipoli<\/strong>, si contano i morti e i feriti: Emiliano, uno dei sindaci pi\u00f9 popolari d&#8217;Italia, deve far dimenticare l&#8217;autocandidatura e la richiesta di una legge ad personam per correre alla Regione senza lasciare il Comune; Boccia, dopo aver detto &#8220;primarie mai&#8221;, deve tentare di vincerle contro Vendola, il quale \u00e8 riuscito a far dimenticare gli errori politici degli ultimi mesi (come la lettera aperta contro il pm Desir\u00e9e <strong>Di Geronimo<\/strong> che indaga sulla sua ex giunta), ma ormai ha col Pd rapporti talmente conflittuali da rendere impossibile qualunque ricucitura.<\/p>\n<p style=\"text-align: justify;\">Sabato scorso, Max pareva avere finalmente capito: &#8220;In certi momenti&#8221;, ha detto, &#8220;un leader deve fare un passo indietro&#8221;. Ma l&#8217;illusione \u00e8 durata poco: parlava di Vendola.<\/p>\n","protected":false},"excerpt":{"rendered":"<p>\u00a0<\/p>\n","protected":false},"author":1,"featured_media":855,"comment_status":"open","ping_status":"closed","sticky":false,"template":"","format":"standard","meta":{"colormag_page_container_layout":"default_layout","colormag_page_sidebar_layout":"default_layout","footnotes":""},"categories":[9],"tags":[],"class_list":["post-856","post","type-post","status-publish","format-standard","has-post-thumbnail","hentry","category-la-voce-del-paese"],"yoast_head":"<!-- This site is optimized with the Yoast SEO plugin v27.5 - https:\/\/yoast.com\/product\/yoast-seo-wordpress\/ -->\n<title>LA VERITA\u2019 SU D\u2019ALEMA, VENDOLA E LE PRIMARIE IN PUGLIA - Archivio CassanoWeb<\/title>\n<meta name=\"robots\" content=\"index, follow, max-snippet:-1, max-image-preview:large, max-video-preview:-1\" \/>\n<link rel=\"canonical\" href=\"https:\/\/archiviocassano.lavocedelpaese.info\/index.php\/2010\/01\/22\/la-verita-su-dalema-vendola-e-le-primarie-in-puglia\/\" \/>\n<meta property=\"og:locale\" content=\"it_IT\" \/>\n<meta property=\"og:type\" content=\"article\" \/>\n<meta property=\"og:title\" content=\"LA VERITA\u2019 SU D\u2019ALEMA, VENDOLA E LE PRIMARIE IN PUGLIA - Archivio CassanoWeb\" \/>\n<meta property=\"og:description\" content=\"\u00a0\" \/>\n<meta property=\"og:url\" content=\"https:\/\/archiviocassano.lavocedelpaese.info\/index.php\/2010\/01\/22\/la-verita-su-dalema-vendola-e-le-primarie-in-puglia\/\" \/>\n<meta property=\"og:site_name\" content=\"Archivio CassanoWeb\" \/>\n<meta property=\"article:publisher\" content=\"https:\/\/www.facebook.com\/redazione.cassanoweb\" \/>\n<meta property=\"article:published_time\" content=\"2010-01-22T19:42:00+00:00\" \/>\n<meta property=\"og:image\" content=\"https:\/\/archiviocassano.lavocedelpaese.info\/wp-content\/uploads\/2010\/01\/marco_travaglio.jpg\" \/>\n\t<meta property=\"og:image:width\" content=\"410\" \/>\n\t<meta property=\"og:image:height\" content=\"200\" \/>\n\t<meta property=\"og:image:type\" content=\"image\/jpeg\" \/>\n<meta name=\"author\" content=\"admin\" \/>\n<meta name=\"twitter:card\" content=\"summary_large_image\" \/>\n<meta name=\"twitter:label1\" content=\"Scritto da\" \/>\n\t<meta name=\"twitter:data1\" content=\"admin\" \/>\n\t<meta name=\"twitter:label2\" content=\"Tempo di lettura stimato\" \/>\n\t<meta name=\"twitter:data2\" content=\"3 minuti\" \/>\n<script type=\"application\/ld+json\" class=\"yoast-schema-graph\">{\"@context\":\"https:\\\/\\\/schema.org\",\"@graph\":[{\"@type\":\"Article\",\"@id\":\"https:\\\/\\\/archiviocassano.lavocedelpaese.info\\\/index.php\\\/2010\\\/01\\\/22\\\/la-verita-su-dalema-vendola-e-le-primarie-in-puglia\\\/#article\",\"isPartOf\":{\"@id\":\"https:\\\/\\\/archiviocassano.lavocedelpaese.info\\\/index.php\\\/2010\\\/01\\\/22\\\/la-verita-su-dalema-vendola-e-le-primarie-in-puglia\\\/\"},\"author\":{\"name\":\"admin\",\"@id\":\"https:\\\/\\\/archiviocassano.lavocedelpaese.info\\\/#\\\/schema\\\/person\\\/df195bc79a9b4c35127cf005f92e041b\"},\"headline\":\"LA VERITA\u2019 SU D\u2019ALEMA, VENDOLA E LE PRIMARIE IN PUGLIA\",\"datePublished\":\"2010-01-22T19:42:00+00:00\",\"mainEntityOfPage\":{\"@id\":\"https:\\\/\\\/archiviocassano.lavocedelpaese.info\\\/index.php\\\/2010\\\/01\\\/22\\\/la-verita-su-dalema-vendola-e-le-primarie-in-puglia\\\/\"},\"wordCount\":602,\"commentCount\":0,\"publisher\":{\"@id\":\"https:\\\/\\\/archiviocassano.lavocedelpaese.info\\\/#organization\"},\"image\":{\"@id\":\"https:\\\/\\\/archiviocassano.lavocedelpaese.info\\\/index.php\\\/2010\\\/01\\\/22\\\/la-verita-su-dalema-vendola-e-le-primarie-in-puglia\\\/#primaryimage\"},\"thumbnailUrl\":\"https:\\\/\\\/archiviocassano.lavocedelpaese.info\\\/wp-content\\\/uploads\\\/2010\\\/01\\\/marco_travaglio.jpg\",\"articleSection\":[\"La voce del paese\"],\"inLanguage\":\"it-IT\",\"potentialAction\":[{\"@type\":\"CommentAction\",\"name\":\"Comment\",\"target\":[\"https:\\\/\\\/archiviocassano.lavocedelpaese.info\\\/index.php\\\/2010\\\/01\\\/22\\\/la-verita-su-dalema-vendola-e-le-primarie-in-puglia\\\/#respond\"]}]},{\"@type\":\"WebPage\",\"@id\":\"https:\\\/\\\/archiviocassano.lavocedelpaese.info\\\/index.php\\\/2010\\\/01\\\/22\\\/la-verita-su-dalema-vendola-e-le-primarie-in-puglia\\\/\",\"url\":\"https:\\\/\\\/archiviocassano.lavocedelpaese.info\\\/index.php\\\/2010\\\/01\\\/22\\\/la-verita-su-dalema-vendola-e-le-primarie-in-puglia\\\/\",\"name\":\"LA VERITA\u2019 SU D\u2019ALEMA, VENDOLA E LE PRIMARIE IN PUGLIA - Archivio CassanoWeb\",\"isPartOf\":{\"@id\":\"https:\\\/\\\/archiviocassano.lavocedelpaese.info\\\/#website\"},\"primaryImageOfPage\":{\"@id\":\"https:\\\/\\\/archiviocassano.lavocedelpaese.info\\\/index.php\\\/2010\\\/01\\\/22\\\/la-verita-su-dalema-vendola-e-le-primarie-in-puglia\\\/#primaryimage\"},\"image\":{\"@id\":\"https:\\\/\\\/archiviocassano.lavocedelpaese.info\\\/index.php\\\/2010\\\/01\\\/22\\\/la-verita-su-dalema-vendola-e-le-primarie-in-puglia\\\/#primaryimage\"},\"thumbnailUrl\":\"https:\\\/\\\/archiviocassano.lavocedelpaese.info\\\/wp-content\\\/uploads\\\/2010\\\/01\\\/marco_travaglio.jpg\",\"datePublished\":\"2010-01-22T19:42:00+00:00\",\"breadcrumb\":{\"@id\":\"https:\\\/\\\/archiviocassano.lavocedelpaese.info\\\/index.php\\\/2010\\\/01\\\/22\\\/la-verita-su-dalema-vendola-e-le-primarie-in-puglia\\\/#breadcrumb\"},\"inLanguage\":\"it-IT\",\"potentialAction\":[{\"@type\":\"ReadAction\",\"target\":[\"https:\\\/\\\/archiviocassano.lavocedelpaese.info\\\/index.php\\\/2010\\\/01\\\/22\\\/la-verita-su-dalema-vendola-e-le-primarie-in-puglia\\\/\"]}]},{\"@type\":\"ImageObject\",\"inLanguage\":\"it-IT\",\"@id\":\"https:\\\/\\\/archiviocassano.lavocedelpaese.info\\\/index.php\\\/2010\\\/01\\\/22\\\/la-verita-su-dalema-vendola-e-le-primarie-in-puglia\\\/#primaryimage\",\"url\":\"https:\\\/\\\/archiviocassano.lavocedelpaese.info\\\/wp-content\\\/uploads\\\/2010\\\/01\\\/marco_travaglio.jpg\",\"contentUrl\":\"https:\\\/\\\/archiviocassano.lavocedelpaese.info\\\/wp-content\\\/uploads\\\/2010\\\/01\\\/marco_travaglio.jpg\",\"width\":410,\"height\":200,\"caption\":\"marco_travaglio\"},{\"@type\":\"BreadcrumbList\",\"@id\":\"https:\\\/\\\/archiviocassano.lavocedelpaese.info\\\/index.php\\\/2010\\\/01\\\/22\\\/la-verita-su-dalema-vendola-e-le-primarie-in-puglia\\\/#breadcrumb\",\"itemListElement\":[{\"@type\":\"ListItem\",\"position\":1,\"name\":\"Home\",\"item\":\"https:\\\/\\\/archiviocassano.lavocedelpaese.info\\\/\"},{\"@type\":\"ListItem\",\"position\":2,\"name\":\"LA VERITA\u2019 SU D\u2019ALEMA, VENDOLA E LE PRIMARIE IN PUGLIA\"}]},{\"@type\":\"WebSite\",\"@id\":\"https:\\\/\\\/archiviocassano.lavocedelpaese.info\\\/#website\",\"url\":\"https:\\\/\\\/archiviocassano.lavocedelpaese.info\\\/\",\"name\":\"Archivio CassanoWeb\",\"description\":\"La Voce del Paese - un network di idee\",\"publisher\":{\"@id\":\"https:\\\/\\\/archiviocassano.lavocedelpaese.info\\\/#organization\"},\"potentialAction\":[{\"@type\":\"SearchAction\",\"target\":{\"@type\":\"EntryPoint\",\"urlTemplate\":\"https:\\\/\\\/archiviocassano.lavocedelpaese.info\\\/?s={search_term_string}\"},\"query-input\":{\"@type\":\"PropertyValueSpecification\",\"valueRequired\":true,\"valueName\":\"search_term_string\"}}],\"inLanguage\":\"it-IT\"},{\"@type\":\"Organization\",\"@id\":\"https:\\\/\\\/archiviocassano.lavocedelpaese.info\\\/#organization\",\"name\":\"Archivio CassanoWeb\",\"url\":\"https:\\\/\\\/archiviocassano.lavocedelpaese.info\\\/\",\"logo\":{\"@type\":\"ImageObject\",\"inLanguage\":\"it-IT\",\"@id\":\"https:\\\/\\\/archiviocassano.lavocedelpaese.info\\\/#\\\/schema\\\/logo\\\/image\\\/\",\"url\":\"https:\\\/\\\/archiviocassano.lavocedelpaese.info\\\/wp-content\\\/uploads\\\/2024\\\/08\\\/logo-rosso-2.png\",\"contentUrl\":\"https:\\\/\\\/archiviocassano.lavocedelpaese.info\\\/wp-content\\\/uploads\\\/2024\\\/08\\\/logo-rosso-2.png\",\"width\":491,\"height\":432,\"caption\":\"Archivio CassanoWeb\"},\"image\":{\"@id\":\"https:\\\/\\\/archiviocassano.lavocedelpaese.info\\\/#\\\/schema\\\/logo\\\/image\\\/\"},\"sameAs\":[\"https:\\\/\\\/www.facebook.com\\\/redazione.cassanoweb\"]},{\"@type\":\"Person\",\"@id\":\"https:\\\/\\\/archiviocassano.lavocedelpaese.info\\\/#\\\/schema\\\/person\\\/df195bc79a9b4c35127cf005f92e041b\",\"name\":\"admin\",\"image\":{\"@type\":\"ImageObject\",\"inLanguage\":\"it-IT\",\"@id\":\"https:\\\/\\\/secure.gravatar.com\\\/avatar\\\/eabba89a432e8eaa1b0207cc55f7e5340b22712b1ed80677efcf63e02ff5b235?s=96&d=mm&r=g\",\"url\":\"https:\\\/\\\/secure.gravatar.com\\\/avatar\\\/eabba89a432e8eaa1b0207cc55f7e5340b22712b1ed80677efcf63e02ff5b235?s=96&d=mm&r=g\",\"contentUrl\":\"https:\\\/\\\/secure.gravatar.com\\\/avatar\\\/eabba89a432e8eaa1b0207cc55f7e5340b22712b1ed80677efcf63e02ff5b235?s=96&d=mm&r=g\",\"caption\":\"admin\"},\"sameAs\":[\"https:\\\/\\\/archiviocassano.lavocedelpaese.info\"],\"url\":\"https:\\\/\\\/archiviocassano.lavocedelpaese.info\\\/index.php\\\/author\\\/admin_0qgz1xdp\\\/\"}]}<\/script>\n<!-- \/ Yoast SEO plugin. -->","yoast_head_json":{"title":"LA VERITA\u2019 SU D\u2019ALEMA, VENDOLA E LE PRIMARIE IN PUGLIA - Archivio CassanoWeb","robots":{"index":"index","follow":"follow","max-snippet":"max-snippet:-1","max-image-preview":"max-image-preview:large","max-video-preview":"max-video-preview:-1"},"canonical":"https:\/\/archiviocassano.lavocedelpaese.info\/index.php\/2010\/01\/22\/la-verita-su-dalema-vendola-e-le-primarie-in-puglia\/","og_locale":"it_IT","og_type":"article","og_title":"LA VERITA\u2019 SU D\u2019ALEMA, VENDOLA E LE PRIMARIE IN PUGLIA - Archivio CassanoWeb","og_description":"\u00a0","og_url":"https:\/\/archiviocassano.lavocedelpaese.info\/index.php\/2010\/01\/22\/la-verita-su-dalema-vendola-e-le-primarie-in-puglia\/","og_site_name":"Archivio CassanoWeb","article_publisher":"https:\/\/www.facebook.com\/redazione.cassanoweb","article_published_time":"2010-01-22T19:42:00+00:00","og_image":[{"width":410,"height":200,"url":"https:\/\/archiviocassano.lavocedelpaese.info\/wp-content\/uploads\/2010\/01\/marco_travaglio.jpg","type":"image\/jpeg"}],"author":"admin","twitter_card":"summary_large_image","twitter_misc":{"Scritto da":"admin","Tempo di lettura stimato":"3 minuti"},"schema":{"@context":"https:\/\/schema.org","@graph":[{"@type":"Article","@id":"https:\/\/archiviocassano.lavocedelpaese.info\/index.php\/2010\/01\/22\/la-verita-su-dalema-vendola-e-le-primarie-in-puglia\/#article","isPartOf":{"@id":"https:\/\/archiviocassano.lavocedelpaese.info\/index.php\/2010\/01\/22\/la-verita-su-dalema-vendola-e-le-primarie-in-puglia\/"},"author":{"name":"admin","@id":"https:\/\/archiviocassano.lavocedelpaese.info\/#\/schema\/person\/df195bc79a9b4c35127cf005f92e041b"},"headline":"LA VERITA\u2019 SU D\u2019ALEMA, VENDOLA E LE PRIMARIE IN PUGLIA","datePublished":"2010-01-22T19:42:00+00:00","mainEntityOfPage":{"@id":"https:\/\/archiviocassano.lavocedelpaese.info\/index.php\/2010\/01\/22\/la-verita-su-dalema-vendola-e-le-primarie-in-puglia\/"},"wordCount":602,"commentCount":0,"publisher":{"@id":"https:\/\/archiviocassano.lavocedelpaese.info\/#organization"},"image":{"@id":"https:\/\/archiviocassano.lavocedelpaese.info\/index.php\/2010\/01\/22\/la-verita-su-dalema-vendola-e-le-primarie-in-puglia\/#primaryimage"},"thumbnailUrl":"https:\/\/archiviocassano.lavocedelpaese.info\/wp-content\/uploads\/2010\/01\/marco_travaglio.jpg","articleSection":["La voce del paese"],"inLanguage":"it-IT","potentialAction":[{"@type":"CommentAction","name":"Comment","target":["https:\/\/archiviocassano.lavocedelpaese.info\/index.php\/2010\/01\/22\/la-verita-su-dalema-vendola-e-le-primarie-in-puglia\/#respond"]}]},{"@type":"WebPage","@id":"https:\/\/archiviocassano.lavocedelpaese.info\/index.php\/2010\/01\/22\/la-verita-su-dalema-vendola-e-le-primarie-in-puglia\/","url":"https:\/\/archiviocassano.lavocedelpaese.info\/index.php\/2010\/01\/22\/la-verita-su-dalema-vendola-e-le-primarie-in-puglia\/","name":"LA VERITA\u2019 SU D\u2019ALEMA, VENDOLA E LE PRIMARIE IN PUGLIA - Archivio CassanoWeb","isPartOf":{"@id":"https:\/\/archiviocassano.lavocedelpaese.info\/#website"},"primaryImageOfPage":{"@id":"https:\/\/archiviocassano.lavocedelpaese.info\/index.php\/2010\/01\/22\/la-verita-su-dalema-vendola-e-le-primarie-in-puglia\/#primaryimage"},"image":{"@id":"https:\/\/archiviocassano.lavocedelpaese.info\/index.php\/2010\/01\/22\/la-verita-su-dalema-vendola-e-le-primarie-in-puglia\/#primaryimage"},"thumbnailUrl":"https:\/\/archiviocassano.lavocedelpaese.info\/wp-content\/uploads\/2010\/01\/marco_travaglio.jpg","datePublished":"2010-01-22T19:42:00+00:00","breadcrumb":{"@id":"https:\/\/archiviocassano.lavocedelpaese.info\/index.php\/2010\/01\/22\/la-verita-su-dalema-vendola-e-le-primarie-in-puglia\/#breadcrumb"},"inLanguage":"it-IT","potentialAction":[{"@type":"ReadAction","target":["https:\/\/archiviocassano.lavocedelpaese.info\/index.php\/2010\/01\/22\/la-verita-su-dalema-vendola-e-le-primarie-in-puglia\/"]}]},{"@type":"ImageObject","inLanguage":"it-IT","@id":"https:\/\/archiviocassano.lavocedelpaese.info\/index.php\/2010\/01\/22\/la-verita-su-dalema-vendola-e-le-primarie-in-puglia\/#primaryimage","url":"https:\/\/archiviocassano.lavocedelpaese.info\/wp-content\/uploads\/2010\/01\/marco_travaglio.jpg","contentUrl":"https:\/\/archiviocassano.lavocedelpaese.info\/wp-content\/uploads\/2010\/01\/marco_travaglio.jpg","width":410,"height":200,"caption":"marco_travaglio"},{"@type":"BreadcrumbList","@id":"https:\/\/archiviocassano.lavocedelpaese.info\/index.php\/2010\/01\/22\/la-verita-su-dalema-vendola-e-le-primarie-in-puglia\/#breadcrumb","itemListElement":[{"@type":"ListItem","position":1,"name":"Home","item":"https:\/\/archiviocassano.lavocedelpaese.info\/"},{"@type":"ListItem","position":2,"name":"LA VERITA\u2019 SU D\u2019ALEMA, VENDOLA E LE PRIMARIE IN PUGLIA"}]},{"@type":"WebSite","@id":"https:\/\/archiviocassano.lavocedelpaese.info\/#website","url":"https:\/\/archiviocassano.lavocedelpaese.info\/","name":"Archivio CassanoWeb","description":"La Voce del Paese - un network di idee","publisher":{"@id":"https:\/\/archiviocassano.lavocedelpaese.info\/#organization"},"potentialAction":[{"@type":"SearchAction","target":{"@type":"EntryPoint","urlTemplate":"https:\/\/archiviocassano.lavocedelpaese.info\/?s={search_term_string}"},"query-input":{"@type":"PropertyValueSpecification","valueRequired":true,"valueName":"search_term_string"}}],"inLanguage":"it-IT"},{"@type":"Organization","@id":"https:\/\/archiviocassano.lavocedelpaese.info\/#organization","name":"Archivio CassanoWeb","url":"https:\/\/archiviocassano.lavocedelpaese.info\/","logo":{"@type":"ImageObject","inLanguage":"it-IT","@id":"https:\/\/archiviocassano.lavocedelpaese.info\/#\/schema\/logo\/image\/","url":"https:\/\/archiviocassano.lavocedelpaese.info\/wp-content\/uploads\/2024\/08\/logo-rosso-2.png","contentUrl":"https:\/\/archiviocassano.lavocedelpaese.info\/wp-content\/uploads\/2024\/08\/logo-rosso-2.png","width":491,"height":432,"caption":"Archivio CassanoWeb"},"image":{"@id":"https:\/\/archiviocassano.lavocedelpaese.info\/#\/schema\/logo\/image\/"},"sameAs":["https:\/\/www.facebook.com\/redazione.cassanoweb"]},{"@type":"Person","@id":"https:\/\/archiviocassano.lavocedelpaese.info\/#\/schema\/person\/df195bc79a9b4c35127cf005f92e041b","name":"admin","image":{"@type":"ImageObject","inLanguage":"it-IT","@id":"https:\/\/secure.gravatar.com\/avatar\/eabba89a432e8eaa1b0207cc55f7e5340b22712b1ed80677efcf63e02ff5b235?s=96&d=mm&r=g","url":"https:\/\/secure.gravatar.com\/avatar\/eabba89a432e8eaa1b0207cc55f7e5340b22712b1ed80677efcf63e02ff5b235?s=96&d=mm&r=g","contentUrl":"https:\/\/secure.gravatar.com\/avatar\/eabba89a432e8eaa1b0207cc55f7e5340b22712b1ed80677efcf63e02ff5b235?s=96&d=mm&r=g","caption":"admin"},"sameAs":["https:\/\/archiviocassano.lavocedelpaese.info"],"url":"https:\/\/archiviocassano.lavocedelpaese.info\/index.php\/author\/admin_0qgz1xdp\/"}]}},"_links":{"self":[{"href":"https:\/\/archiviocassano.lavocedelpaese.info\/index.php\/wp-json\/wp\/v2\/posts\/856","targetHints":{"allow":["GET"]}}],"collection":[{"href":"https:\/\/archiviocassano.lavocedelpaese.info\/index.php\/wp-json\/wp\/v2\/posts"}],"about":[{"href":"https:\/\/archiviocassano.lavocedelpaese.info\/index.php\/wp-json\/wp\/v2\/types\/post"}],"author":[{"embeddable":true,"href":"https:\/\/archiviocassano.lavocedelpaese.info\/index.php\/wp-json\/wp\/v2\/users\/1"}],"replies":[{"embeddable":true,"href":"https:\/\/archiviocassano.lavocedelpaese.info\/index.php\/wp-json\/wp\/v2\/comments?post=856"}],"version-history":[{"count":0,"href":"https:\/\/archiviocassano.lavocedelpaese.info\/index.php\/wp-json\/wp\/v2\/posts\/856\/revisions"}],"wp:featuredmedia":[{"embeddable":true,"href":"https:\/\/archiviocassano.lavocedelpaese.info\/index.php\/wp-json\/wp\/v2\/media\/855"}],"wp:attachment":[{"href":"https:\/\/archiviocassano.lavocedelpaese.info\/index.php\/wp-json\/wp\/v2\/media?parent=856"}],"wp:term":[{"taxonomy":"category","embeddable":true,"href":"https:\/\/archiviocassano.lavocedelpaese.info\/index.php\/wp-json\/wp\/v2\/categories?post=856"},{"taxonomy":"post_tag","embeddable":true,"href":"https:\/\/archiviocassano.lavocedelpaese.info\/index.php\/wp-json\/wp\/v2\/tags?post=856"}],"curies":[{"name":"wp","href":"https:\/\/api.w.org\/{rel}","templated":true}]}}