{"id":8592,"date":"2014-01-07T15:04:15","date_gmt":"2014-01-07T15:04:15","guid":{"rendered":"https:\/\/archiviocassano.lavocedelpaese.info\/index.php\/2014\/01\/07\/briano-qnessun-aumento-di-costi-per-lo-smaltimento-rifiutiq\/"},"modified":"2014-01-07T15:04:15","modified_gmt":"2014-01-07T15:04:15","slug":"briano-qnessun-aumento-di-costi-per-lo-smaltimento-rifiutiq","status":"publish","type":"post","link":"https:\/\/archiviocassano.lavocedelpaese.info\/index.php\/2014\/01\/07\/briano-qnessun-aumento-di-costi-per-lo-smaltimento-rifiutiq\/","title":{"rendered":"Briano: &#8220;Nessun aumento di costi per lo smaltimento rifiuti&#8221;"},"content":{"rendered":"<p><img loading=\"lazy\" decoding=\"async\" class=\" size-full wp-image-5444\" style=\"margin-right: 2px; margin-left: 2px;\" alt=\"briano\" src=\"https:\/\/archiviocassano.lavocedelpaese.info\/wp-content\/uploads\/2012\/03\/briano.jpg\" width=\"320\" height=\"150\" srcset=\"https:\/\/archiviocassano.lavocedelpaese.info\/wp-content\/uploads\/2012\/03\/briano.jpg 320w, https:\/\/archiviocassano.lavocedelpaese.info\/wp-content\/uploads\/2012\/03\/briano-300x141.jpg 300w\" sizes=\"auto, (max-width: 320px) 100vw, 320px\" \/><\/p>\n<p><!--more--><\/p>\n<p>&nbsp;<em>Dall&#8217;Assessore all&#8217;Ecologia del Comune di Cassano, riceviamo e pubblichiamo.<\/em><\/p>\n<p>&nbsp;<\/p>\n<p style=\"text-align: justify;\">Il Consiglio Regionale, nonostante l\u2019Anci (l&#8217;Associazione comuni italiani) si fosse espressa per un rinvio di un ulteriore anno per l\u2019entrata in vigore, rappresentando le legittime richieste di molti sindaci, ha approvato una rimodulazione dell\u2019Ecotassa, elevando la soglia massima da 15 a 25,82 euro\/tonnellata, oltre Iva, per i rifiuti non differenziati conferiti in discarica.<\/p>\n<p style=\"text-align: justify;\">L\u2019ecotassa, cosi come rimodulata, introduce misure di mitigazione della tassazione per quei Comuni che non hanno ancora raggiunto la soglia minima della raccolta differenziata.<\/p>\n<p style=\"text-align: justify;\">Il testo approvato in&nbsp; Consiglio regionale stabilisce che \u201ctutti i Comuni che prevedono di conseguire a giugno 2014 una percentuale di raccolta differenziata pari ad almeno il 5% in pi\u00f9 rispetto ai dati validati riferiti al periodo settembre 2012-agosto 2013, sono esentati dal versamento mensile del differenziale del contributo (15-25,82 euro), fermo restando l\u2019obbligo di provvedere all\u2019eventuale conguaglio entro settembre 2014. Il contributo non versato sar\u00e0 destinato esclusivamente a concorrere alla spesa di gestione del servizio rifiuti urbani.<\/p>\n<p style=\"text-align: justify;\">L\u2019emendamento prevede anche il criterio di premialit\u00e0 stabilendo che \u201cin via eccezionale\u201d i Comuni che dimostrano di aver conseguito l\u2019obbiettivo di raccolta differenziata del 65%, entro il 28 Febbraio 2014, possono chiedere la rimodulazione dell\u2019aliquota. Sono previsti in fine poteri sostitutivi da parte della Regione (entro 60 giorni dall\u2019entrata in vigore della legge) nei confronti dei Comuni inadempienti al fine di conseguire l\u2019incremento percentuale di raccolta differenziata pari ad almeno il 5%.<\/p>\n<p style=\"text-align: justify;\">Mentre l\u2019Ecotassa, cos\u00ec come rimodulata, penalizza, pur in presenza di una mitigazione della tassazione, i Comuni che non hanno ancora avviato la raccolta differenziata e che per effetto della Legge Regionale 24\/2012 sono costretti ad attendere l\u2019esito delle procedure di gara esperite dalle autorit\u00e0 d\u2019ambito (ARO), per l\u2019affidamento del servizio unico, dall\u2019altro premiano i Comuni cosidetti \u201cVirtuosi, tra i quali a pieno titolo si \u00e8 inserito il nostro Comune.<\/p>\n<p style=\"text-align: justify;\">I traguardi indicati dalla legge regionale, con i criteri gi\u00e0 espressi prima, sono sicuramente alla nostra portata. E\u2019 indubbio che il raggiungimento dell\u2019obiettivo di raccolta differenziata del 65% entro il mese di Febbraio 2014, consentirebbe al Comune una riduzione dell\u2019Ecotassa, considerato che per l\u2019anno 2013 ha inciso sui costi complessivi per 57 mila euro gi\u00e0 in diminuzione, sui valori dell\u2019anno 2012, per effetto dell\u2019avvio del nuovo servizio.<\/p>\n<p style=\"text-align: justify;\">L\u2019Amministrazione Comunale nel ringraziare i cittadini che, dimostratisi sensibili alle tematiche ambientali, si sono impegnati nella raccolta differenziata, esorta tutti a proseguire sulla strada ormai tracciata al fine del conseguimento di sempre pi\u00f9 importanti risultati e prestigiosi riconoscimenti.<\/p>\n<p style=\"text-align: justify;\">La chiusura del ciclo dei rifiuti, la riduzione al minimo dell\u2019Ecotassa, la possibilit\u00e0 di accesso ad impianti pubblici di trattamento rifiuti a prezzi pi\u00f9 ragionevoli, una seria politica di riduzione dei rifiuti, l\u2019incremento e la qualit\u00e0 delle singole frazioni raccolte potranno costituire una reale possibilit\u00e0 affinch\u00e9 gli stessi rifiuti possano trasformarsi in risorsa, con ricadute positive in termini economici per la collettivit\u00e0.<\/p>\n<p style=\"text-align: justify;\">E\u2019 destituita, pertanto, di ogni fondamento <a target=\"_blank\" href=\"rubriche\/la-voce-del-paese\/24175-sel-tassa-rifiuti-ingiusta-per-colpa-del-comune.html\" rel=\"noopener\">l\u2019affermazione del gruppo politico di Sel<\/a> secondo la quale il Comune, pur in presenza di una diminuzione dell\u2019Ecotassa (diminuzione&nbsp; in realt\u00e0 riferita al 2014 per quei Comuni con alte percentuali di raccolta differenziata) ha aumentato i costi.<\/p>\n<p style=\"text-align: justify;\">Buona raccolta differenziata a tutti.<\/p>\n<p>&nbsp;<\/p>\n","protected":false},"excerpt":{"rendered":"","protected":false},"author":1,"featured_media":5444,"comment_status":"open","ping_status":"closed","sticky":false,"template":"","format":"standard","meta":{"colormag_page_container_layout":"default_layout","colormag_page_sidebar_layout":"default_layout","footnotes":""},"categories":[9],"tags":[],"class_list":["post-8592","post","type-post","status-publish","format-standard","has-post-thumbnail","hentry","category-la-voce-del-paese"],"yoast_head":"<!-- This site is optimized with the Yoast SEO plugin v27.5 - https:\/\/yoast.com\/product\/yoast-seo-wordpress\/ -->\n<title>Briano: &quot;Nessun aumento di costi per lo smaltimento rifiuti&quot; - Archivio CassanoWeb<\/title>\n<meta name=\"robots\" content=\"index, follow, max-snippet:-1, max-image-preview:large, max-video-preview:-1\" \/>\n<link rel=\"canonical\" href=\"https:\/\/archiviocassano.lavocedelpaese.info\/index.php\/2014\/01\/07\/briano-qnessun-aumento-di-costi-per-lo-smaltimento-rifiutiq\/\" \/>\n<meta property=\"og:locale\" content=\"it_IT\" \/>\n<meta property=\"og:type\" content=\"article\" \/>\n<meta property=\"og:title\" content=\"Briano: &quot;Nessun aumento di costi per lo smaltimento rifiuti&quot; - Archivio CassanoWeb\" \/>\n<meta property=\"og:url\" content=\"https:\/\/archiviocassano.lavocedelpaese.info\/index.php\/2014\/01\/07\/briano-qnessun-aumento-di-costi-per-lo-smaltimento-rifiutiq\/\" \/>\n<meta property=\"og:site_name\" content=\"Archivio CassanoWeb\" \/>\n<meta property=\"article:publisher\" content=\"https:\/\/www.facebook.com\/redazione.cassanoweb\" \/>\n<meta property=\"article:published_time\" content=\"2014-01-07T15:04:15+00:00\" \/>\n<meta property=\"og:image\" content=\"https:\/\/archiviocassano.lavocedelpaese.info\/wp-content\/uploads\/2012\/03\/briano.jpg\" \/>\n\t<meta property=\"og:image:width\" content=\"320\" \/>\n\t<meta property=\"og:image:height\" content=\"150\" \/>\n\t<meta property=\"og:image:type\" content=\"image\/jpeg\" \/>\n<meta name=\"author\" content=\"admin\" \/>\n<meta name=\"twitter:card\" content=\"summary_large_image\" \/>\n<meta name=\"twitter:label1\" content=\"Scritto da\" \/>\n\t<meta name=\"twitter:data1\" content=\"admin\" \/>\n\t<meta name=\"twitter:label2\" content=\"Tempo di lettura stimato\" \/>\n\t<meta name=\"twitter:data2\" content=\"3 minuti\" \/>\n<script type=\"application\/ld+json\" class=\"yoast-schema-graph\">{\"@context\":\"https:\\\/\\\/schema.org\",\"@graph\":[{\"@type\":\"Article\",\"@id\":\"https:\\\/\\\/archiviocassano.lavocedelpaese.info\\\/index.php\\\/2014\\\/01\\\/07\\\/briano-qnessun-aumento-di-costi-per-lo-smaltimento-rifiutiq\\\/#article\",\"isPartOf\":{\"@id\":\"https:\\\/\\\/archiviocassano.lavocedelpaese.info\\\/index.php\\\/2014\\\/01\\\/07\\\/briano-qnessun-aumento-di-costi-per-lo-smaltimento-rifiutiq\\\/\"},\"author\":{\"name\":\"admin\",\"@id\":\"https:\\\/\\\/archiviocassano.lavocedelpaese.info\\\/#\\\/schema\\\/person\\\/df195bc79a9b4c35127cf005f92e041b\"},\"headline\":\"Briano: &#8220;Nessun aumento di costi per lo smaltimento rifiuti&#8221;\",\"datePublished\":\"2014-01-07T15:04:15+00:00\",\"mainEntityOfPage\":{\"@id\":\"https:\\\/\\\/archiviocassano.lavocedelpaese.info\\\/index.php\\\/2014\\\/01\\\/07\\\/briano-qnessun-aumento-di-costi-per-lo-smaltimento-rifiutiq\\\/\"},\"wordCount\":545,\"commentCount\":0,\"publisher\":{\"@id\":\"https:\\\/\\\/archiviocassano.lavocedelpaese.info\\\/#organization\"},\"image\":{\"@id\":\"https:\\\/\\\/archiviocassano.lavocedelpaese.info\\\/index.php\\\/2014\\\/01\\\/07\\\/briano-qnessun-aumento-di-costi-per-lo-smaltimento-rifiutiq\\\/#primaryimage\"},\"thumbnailUrl\":\"https:\\\/\\\/archiviocassano.lavocedelpaese.info\\\/wp-content\\\/uploads\\\/2012\\\/03\\\/briano.jpg\",\"articleSection\":[\"La voce del paese\"],\"inLanguage\":\"it-IT\",\"potentialAction\":[{\"@type\":\"CommentAction\",\"name\":\"Comment\",\"target\":[\"https:\\\/\\\/archiviocassano.lavocedelpaese.info\\\/index.php\\\/2014\\\/01\\\/07\\\/briano-qnessun-aumento-di-costi-per-lo-smaltimento-rifiutiq\\\/#respond\"]}]},{\"@type\":\"WebPage\",\"@id\":\"https:\\\/\\\/archiviocassano.lavocedelpaese.info\\\/index.php\\\/2014\\\/01\\\/07\\\/briano-qnessun-aumento-di-costi-per-lo-smaltimento-rifiutiq\\\/\",\"url\":\"https:\\\/\\\/archiviocassano.lavocedelpaese.info\\\/index.php\\\/2014\\\/01\\\/07\\\/briano-qnessun-aumento-di-costi-per-lo-smaltimento-rifiutiq\\\/\",\"name\":\"Briano: \\\"Nessun aumento di costi per lo smaltimento rifiuti\\\" - Archivio CassanoWeb\",\"isPartOf\":{\"@id\":\"https:\\\/\\\/archiviocassano.lavocedelpaese.info\\\/#website\"},\"primaryImageOfPage\":{\"@id\":\"https:\\\/\\\/archiviocassano.lavocedelpaese.info\\\/index.php\\\/2014\\\/01\\\/07\\\/briano-qnessun-aumento-di-costi-per-lo-smaltimento-rifiutiq\\\/#primaryimage\"},\"image\":{\"@id\":\"https:\\\/\\\/archiviocassano.lavocedelpaese.info\\\/index.php\\\/2014\\\/01\\\/07\\\/briano-qnessun-aumento-di-costi-per-lo-smaltimento-rifiutiq\\\/#primaryimage\"},\"thumbnailUrl\":\"https:\\\/\\\/archiviocassano.lavocedelpaese.info\\\/wp-content\\\/uploads\\\/2012\\\/03\\\/briano.jpg\",\"datePublished\":\"2014-01-07T15:04:15+00:00\",\"breadcrumb\":{\"@id\":\"https:\\\/\\\/archiviocassano.lavocedelpaese.info\\\/index.php\\\/2014\\\/01\\\/07\\\/briano-qnessun-aumento-di-costi-per-lo-smaltimento-rifiutiq\\\/#breadcrumb\"},\"inLanguage\":\"it-IT\",\"potentialAction\":[{\"@type\":\"ReadAction\",\"target\":[\"https:\\\/\\\/archiviocassano.lavocedelpaese.info\\\/index.php\\\/2014\\\/01\\\/07\\\/briano-qnessun-aumento-di-costi-per-lo-smaltimento-rifiutiq\\\/\"]}]},{\"@type\":\"ImageObject\",\"inLanguage\":\"it-IT\",\"@id\":\"https:\\\/\\\/archiviocassano.lavocedelpaese.info\\\/index.php\\\/2014\\\/01\\\/07\\\/briano-qnessun-aumento-di-costi-per-lo-smaltimento-rifiutiq\\\/#primaryimage\",\"url\":\"https:\\\/\\\/archiviocassano.lavocedelpaese.info\\\/wp-content\\\/uploads\\\/2012\\\/03\\\/briano.jpg\",\"contentUrl\":\"https:\\\/\\\/archiviocassano.lavocedelpaese.info\\\/wp-content\\\/uploads\\\/2012\\\/03\\\/briano.jpg\",\"width\":320,\"height\":150,\"caption\":\"briano\"},{\"@type\":\"BreadcrumbList\",\"@id\":\"https:\\\/\\\/archiviocassano.lavocedelpaese.info\\\/index.php\\\/2014\\\/01\\\/07\\\/briano-qnessun-aumento-di-costi-per-lo-smaltimento-rifiutiq\\\/#breadcrumb\",\"itemListElement\":[{\"@type\":\"ListItem\",\"position\":1,\"name\":\"Home\",\"item\":\"https:\\\/\\\/archiviocassano.lavocedelpaese.info\\\/\"},{\"@type\":\"ListItem\",\"position\":2,\"name\":\"Briano: &#8220;Nessun aumento di costi per lo smaltimento rifiuti&#8221;\"}]},{\"@type\":\"WebSite\",\"@id\":\"https:\\\/\\\/archiviocassano.lavocedelpaese.info\\\/#website\",\"url\":\"https:\\\/\\\/archiviocassano.lavocedelpaese.info\\\/\",\"name\":\"Archivio CassanoWeb\",\"description\":\"La Voce del Paese - un network di idee\",\"publisher\":{\"@id\":\"https:\\\/\\\/archiviocassano.lavocedelpaese.info\\\/#organization\"},\"potentialAction\":[{\"@type\":\"SearchAction\",\"target\":{\"@type\":\"EntryPoint\",\"urlTemplate\":\"https:\\\/\\\/archiviocassano.lavocedelpaese.info\\\/?s={search_term_string}\"},\"query-input\":{\"@type\":\"PropertyValueSpecification\",\"valueRequired\":true,\"valueName\":\"search_term_string\"}}],\"inLanguage\":\"it-IT\"},{\"@type\":\"Organization\",\"@id\":\"https:\\\/\\\/archiviocassano.lavocedelpaese.info\\\/#organization\",\"name\":\"Archivio CassanoWeb\",\"url\":\"https:\\\/\\\/archiviocassano.lavocedelpaese.info\\\/\",\"logo\":{\"@type\":\"ImageObject\",\"inLanguage\":\"it-IT\",\"@id\":\"https:\\\/\\\/archiviocassano.lavocedelpaese.info\\\/#\\\/schema\\\/logo\\\/image\\\/\",\"url\":\"https:\\\/\\\/archiviocassano.lavocedelpaese.info\\\/wp-content\\\/uploads\\\/2024\\\/08\\\/logo-rosso-2.png\",\"contentUrl\":\"https:\\\/\\\/archiviocassano.lavocedelpaese.info\\\/wp-content\\\/uploads\\\/2024\\\/08\\\/logo-rosso-2.png\",\"width\":491,\"height\":432,\"caption\":\"Archivio CassanoWeb\"},\"image\":{\"@id\":\"https:\\\/\\\/archiviocassano.lavocedelpaese.info\\\/#\\\/schema\\\/logo\\\/image\\\/\"},\"sameAs\":[\"https:\\\/\\\/www.facebook.com\\\/redazione.cassanoweb\"]},{\"@type\":\"Person\",\"@id\":\"https:\\\/\\\/archiviocassano.lavocedelpaese.info\\\/#\\\/schema\\\/person\\\/df195bc79a9b4c35127cf005f92e041b\",\"name\":\"admin\",\"image\":{\"@type\":\"ImageObject\",\"inLanguage\":\"it-IT\",\"@id\":\"https:\\\/\\\/secure.gravatar.com\\\/avatar\\\/eabba89a432e8eaa1b0207cc55f7e5340b22712b1ed80677efcf63e02ff5b235?s=96&d=mm&r=g\",\"url\":\"https:\\\/\\\/secure.gravatar.com\\\/avatar\\\/eabba89a432e8eaa1b0207cc55f7e5340b22712b1ed80677efcf63e02ff5b235?s=96&d=mm&r=g\",\"contentUrl\":\"https:\\\/\\\/secure.gravatar.com\\\/avatar\\\/eabba89a432e8eaa1b0207cc55f7e5340b22712b1ed80677efcf63e02ff5b235?s=96&d=mm&r=g\",\"caption\":\"admin\"},\"sameAs\":[\"https:\\\/\\\/archiviocassano.lavocedelpaese.info\"],\"url\":\"https:\\\/\\\/archiviocassano.lavocedelpaese.info\\\/index.php\\\/author\\\/admin_0qgz1xdp\\\/\"}]}<\/script>\n<!-- \/ Yoast SEO plugin. -->","yoast_head_json":{"title":"Briano: \"Nessun aumento di costi per lo smaltimento rifiuti\" - Archivio CassanoWeb","robots":{"index":"index","follow":"follow","max-snippet":"max-snippet:-1","max-image-preview":"max-image-preview:large","max-video-preview":"max-video-preview:-1"},"canonical":"https:\/\/archiviocassano.lavocedelpaese.info\/index.php\/2014\/01\/07\/briano-qnessun-aumento-di-costi-per-lo-smaltimento-rifiutiq\/","og_locale":"it_IT","og_type":"article","og_title":"Briano: \"Nessun aumento di costi per lo smaltimento rifiuti\" - Archivio CassanoWeb","og_url":"https:\/\/archiviocassano.lavocedelpaese.info\/index.php\/2014\/01\/07\/briano-qnessun-aumento-di-costi-per-lo-smaltimento-rifiutiq\/","og_site_name":"Archivio CassanoWeb","article_publisher":"https:\/\/www.facebook.com\/redazione.cassanoweb","article_published_time":"2014-01-07T15:04:15+00:00","og_image":[{"width":320,"height":150,"url":"https:\/\/archiviocassano.lavocedelpaese.info\/wp-content\/uploads\/2012\/03\/briano.jpg","type":"image\/jpeg"}],"author":"admin","twitter_card":"summary_large_image","twitter_misc":{"Scritto da":"admin","Tempo di lettura stimato":"3 minuti"},"schema":{"@context":"https:\/\/schema.org","@graph":[{"@type":"Article","@id":"https:\/\/archiviocassano.lavocedelpaese.info\/index.php\/2014\/01\/07\/briano-qnessun-aumento-di-costi-per-lo-smaltimento-rifiutiq\/#article","isPartOf":{"@id":"https:\/\/archiviocassano.lavocedelpaese.info\/index.php\/2014\/01\/07\/briano-qnessun-aumento-di-costi-per-lo-smaltimento-rifiutiq\/"},"author":{"name":"admin","@id":"https:\/\/archiviocassano.lavocedelpaese.info\/#\/schema\/person\/df195bc79a9b4c35127cf005f92e041b"},"headline":"Briano: &#8220;Nessun aumento di costi per lo smaltimento rifiuti&#8221;","datePublished":"2014-01-07T15:04:15+00:00","mainEntityOfPage":{"@id":"https:\/\/archiviocassano.lavocedelpaese.info\/index.php\/2014\/01\/07\/briano-qnessun-aumento-di-costi-per-lo-smaltimento-rifiutiq\/"},"wordCount":545,"commentCount":0,"publisher":{"@id":"https:\/\/archiviocassano.lavocedelpaese.info\/#organization"},"image":{"@id":"https:\/\/archiviocassano.lavocedelpaese.info\/index.php\/2014\/01\/07\/briano-qnessun-aumento-di-costi-per-lo-smaltimento-rifiutiq\/#primaryimage"},"thumbnailUrl":"https:\/\/archiviocassano.lavocedelpaese.info\/wp-content\/uploads\/2012\/03\/briano.jpg","articleSection":["La voce del paese"],"inLanguage":"it-IT","potentialAction":[{"@type":"CommentAction","name":"Comment","target":["https:\/\/archiviocassano.lavocedelpaese.info\/index.php\/2014\/01\/07\/briano-qnessun-aumento-di-costi-per-lo-smaltimento-rifiutiq\/#respond"]}]},{"@type":"WebPage","@id":"https:\/\/archiviocassano.lavocedelpaese.info\/index.php\/2014\/01\/07\/briano-qnessun-aumento-di-costi-per-lo-smaltimento-rifiutiq\/","url":"https:\/\/archiviocassano.lavocedelpaese.info\/index.php\/2014\/01\/07\/briano-qnessun-aumento-di-costi-per-lo-smaltimento-rifiutiq\/","name":"Briano: \"Nessun aumento di costi per lo smaltimento rifiuti\" - Archivio CassanoWeb","isPartOf":{"@id":"https:\/\/archiviocassano.lavocedelpaese.info\/#website"},"primaryImageOfPage":{"@id":"https:\/\/archiviocassano.lavocedelpaese.info\/index.php\/2014\/01\/07\/briano-qnessun-aumento-di-costi-per-lo-smaltimento-rifiutiq\/#primaryimage"},"image":{"@id":"https:\/\/archiviocassano.lavocedelpaese.info\/index.php\/2014\/01\/07\/briano-qnessun-aumento-di-costi-per-lo-smaltimento-rifiutiq\/#primaryimage"},"thumbnailUrl":"https:\/\/archiviocassano.lavocedelpaese.info\/wp-content\/uploads\/2012\/03\/briano.jpg","datePublished":"2014-01-07T15:04:15+00:00","breadcrumb":{"@id":"https:\/\/archiviocassano.lavocedelpaese.info\/index.php\/2014\/01\/07\/briano-qnessun-aumento-di-costi-per-lo-smaltimento-rifiutiq\/#breadcrumb"},"inLanguage":"it-IT","potentialAction":[{"@type":"ReadAction","target":["https:\/\/archiviocassano.lavocedelpaese.info\/index.php\/2014\/01\/07\/briano-qnessun-aumento-di-costi-per-lo-smaltimento-rifiutiq\/"]}]},{"@type":"ImageObject","inLanguage":"it-IT","@id":"https:\/\/archiviocassano.lavocedelpaese.info\/index.php\/2014\/01\/07\/briano-qnessun-aumento-di-costi-per-lo-smaltimento-rifiutiq\/#primaryimage","url":"https:\/\/archiviocassano.lavocedelpaese.info\/wp-content\/uploads\/2012\/03\/briano.jpg","contentUrl":"https:\/\/archiviocassano.lavocedelpaese.info\/wp-content\/uploads\/2012\/03\/briano.jpg","width":320,"height":150,"caption":"briano"},{"@type":"BreadcrumbList","@id":"https:\/\/archiviocassano.lavocedelpaese.info\/index.php\/2014\/01\/07\/briano-qnessun-aumento-di-costi-per-lo-smaltimento-rifiutiq\/#breadcrumb","itemListElement":[{"@type":"ListItem","position":1,"name":"Home","item":"https:\/\/archiviocassano.lavocedelpaese.info\/"},{"@type":"ListItem","position":2,"name":"Briano: &#8220;Nessun aumento di costi per lo smaltimento rifiuti&#8221;"}]},{"@type":"WebSite","@id":"https:\/\/archiviocassano.lavocedelpaese.info\/#website","url":"https:\/\/archiviocassano.lavocedelpaese.info\/","name":"Archivio CassanoWeb","description":"La Voce del Paese - un network di idee","publisher":{"@id":"https:\/\/archiviocassano.lavocedelpaese.info\/#organization"},"potentialAction":[{"@type":"SearchAction","target":{"@type":"EntryPoint","urlTemplate":"https:\/\/archiviocassano.lavocedelpaese.info\/?s={search_term_string}"},"query-input":{"@type":"PropertyValueSpecification","valueRequired":true,"valueName":"search_term_string"}}],"inLanguage":"it-IT"},{"@type":"Organization","@id":"https:\/\/archiviocassano.lavocedelpaese.info\/#organization","name":"Archivio CassanoWeb","url":"https:\/\/archiviocassano.lavocedelpaese.info\/","logo":{"@type":"ImageObject","inLanguage":"it-IT","@id":"https:\/\/archiviocassano.lavocedelpaese.info\/#\/schema\/logo\/image\/","url":"https:\/\/archiviocassano.lavocedelpaese.info\/wp-content\/uploads\/2024\/08\/logo-rosso-2.png","contentUrl":"https:\/\/archiviocassano.lavocedelpaese.info\/wp-content\/uploads\/2024\/08\/logo-rosso-2.png","width":491,"height":432,"caption":"Archivio CassanoWeb"},"image":{"@id":"https:\/\/archiviocassano.lavocedelpaese.info\/#\/schema\/logo\/image\/"},"sameAs":["https:\/\/www.facebook.com\/redazione.cassanoweb"]},{"@type":"Person","@id":"https:\/\/archiviocassano.lavocedelpaese.info\/#\/schema\/person\/df195bc79a9b4c35127cf005f92e041b","name":"admin","image":{"@type":"ImageObject","inLanguage":"it-IT","@id":"https:\/\/secure.gravatar.com\/avatar\/eabba89a432e8eaa1b0207cc55f7e5340b22712b1ed80677efcf63e02ff5b235?s=96&d=mm&r=g","url":"https:\/\/secure.gravatar.com\/avatar\/eabba89a432e8eaa1b0207cc55f7e5340b22712b1ed80677efcf63e02ff5b235?s=96&d=mm&r=g","contentUrl":"https:\/\/secure.gravatar.com\/avatar\/eabba89a432e8eaa1b0207cc55f7e5340b22712b1ed80677efcf63e02ff5b235?s=96&d=mm&r=g","caption":"admin"},"sameAs":["https:\/\/archiviocassano.lavocedelpaese.info"],"url":"https:\/\/archiviocassano.lavocedelpaese.info\/index.php\/author\/admin_0qgz1xdp\/"}]}},"_links":{"self":[{"href":"https:\/\/archiviocassano.lavocedelpaese.info\/index.php\/wp-json\/wp\/v2\/posts\/8592","targetHints":{"allow":["GET"]}}],"collection":[{"href":"https:\/\/archiviocassano.lavocedelpaese.info\/index.php\/wp-json\/wp\/v2\/posts"}],"about":[{"href":"https:\/\/archiviocassano.lavocedelpaese.info\/index.php\/wp-json\/wp\/v2\/types\/post"}],"author":[{"embeddable":true,"href":"https:\/\/archiviocassano.lavocedelpaese.info\/index.php\/wp-json\/wp\/v2\/users\/1"}],"replies":[{"embeddable":true,"href":"https:\/\/archiviocassano.lavocedelpaese.info\/index.php\/wp-json\/wp\/v2\/comments?post=8592"}],"version-history":[{"count":0,"href":"https:\/\/archiviocassano.lavocedelpaese.info\/index.php\/wp-json\/wp\/v2\/posts\/8592\/revisions"}],"wp:featuredmedia":[{"embeddable":true,"href":"https:\/\/archiviocassano.lavocedelpaese.info\/index.php\/wp-json\/wp\/v2\/media\/5444"}],"wp:attachment":[{"href":"https:\/\/archiviocassano.lavocedelpaese.info\/index.php\/wp-json\/wp\/v2\/media?parent=8592"}],"wp:term":[{"taxonomy":"category","embeddable":true,"href":"https:\/\/archiviocassano.lavocedelpaese.info\/index.php\/wp-json\/wp\/v2\/categories?post=8592"},{"taxonomy":"post_tag","embeddable":true,"href":"https:\/\/archiviocassano.lavocedelpaese.info\/index.php\/wp-json\/wp\/v2\/tags?post=8592"}],"curies":[{"name":"wp","href":"https:\/\/api.w.org\/{rel}","templated":true}]}}