{"id":8755,"date":"2014-02-11T18:17:54","date_gmt":"2014-02-11T18:17:54","guid":{"rendered":"https:\/\/archiviocassano.lavocedelpaese.info\/index.php\/2014\/02\/11\/progetto-qlameq-sara-il-tribunale-delle-acque-a-decidere-qlamafuturaq-il-comune-se-dato-la-zappa-sui-piedi\/"},"modified":"2014-02-11T18:17:54","modified_gmt":"2014-02-11T18:17:54","slug":"progetto-qlameq-sara-il-tribunale-delle-acque-a-decidere-qlamafuturaq-il-comune-se-dato-la-zappa-sui-piedi","status":"publish","type":"post","link":"https:\/\/archiviocassano.lavocedelpaese.info\/index.php\/2014\/02\/11\/progetto-qlameq-sara-il-tribunale-delle-acque-a-decidere-qlamafuturaq-il-comune-se-dato-la-zappa-sui-piedi\/","title":{"rendered":"Progetto &#8220;Lame&#8221;: sar\u00e0 il Tribunale delle Acque a decidere"},"content":{"rendered":"<p><img loading=\"lazy\" decoding=\"async\" style=\"margin-right: 2px; margin-left: 2px;\" alt=\"municipio\" src=\"images\/stories\/archiviofoto\/municipio.jpg\" height=\"150\" width=\"320\" \/><\/p>\n<p><!--more--><\/p>\n<p>Sar\u00e0 Roma a decidere il futuro del \u201cProgetto Lame\u201d.<\/p>\n<p style=\"text-align: justify;\">Lo scorso 29 gennaio il Tribunale Amministrativo Regionale della Puglia \u2013 a cui un gruppo di 21 cittadini ha fatto ricorso, qualche mese fa, chiedendo l\u2019annullamento delle delibere della Giunta Comunale di Cassano che davano il via libera al progetto che intende realizzare una serie di opere (fra cui due vasconi) per proteggere parte dell\u2019abitato dalle acque piovane \u2013 dopo aver ascoltato le parti, si \u00e8 riservato di decidere sull\u2019accoglibilit\u00e0 o meno della questione sollevata dal Comune di Cassano rispetto alla giurisdizione della vicenda.<\/p>\n<p style=\"text-align: justify;\">Per il Comune, cio\u00e8, non \u00e8 il Tar Puglia la sede dove poter discutere del contestatissimo progetto, bens\u00ec il <strong>Tribunale superiore delle acque pubbliche<\/strong> della Repubblica Italiana, organo giurisdizionale competente a decidere nei processi d&#8217;appello delle sentenze dei tribunali regionali delle acque pubbliche, con competenza in materia di controversie sulle acque pubbliche, demanialit\u00e0 dei terreni, risarcimento dei danni.<\/p>\n<p style=\"text-align: justify;\">Il Comune cassanese tende, cos\u00ec, a spostare altrove l\u2019attenzione del progetto che in molti criticano per la sua \u201cpericolosit\u00e0\u201d intrinseca.<\/p>\n<p>Quest\u2019oggi il Tar si \u00e8 dichiarato incompetente a decidere sulla questione.<\/p>\n<p style=\"text-align: justify;\"><em>\u201cSi sono dati la zappa sui piedi\u201d<\/em>, commenta un autorevole membro del Comitato \u201cLama Futura\u201d, il comitato cittadino spontaneo che riunisce, oltre ai 21 ricorrenti, anche altri cittadini contrari alla realizzazione del progetto: <em>\u201cil Tribunale superiore delle acque pubbliche<\/em> &#8211; ci spiega &#8211; <em>\u00e8 infatti un organo anche tecnico, del quale fanno parte ingegneri specializzati e altri professionisti che la materia la conoscono fin nei minimi dettagli dunque non si tratta solo di giudici togati che vanno a verificare il corretto ossequio delle leggi e delle prassi amministrative\u2026.gli baster\u00e0 dare un\u2019occhiata al progetto dell\u2019Advenco <\/em>(la societ\u00e0 di Noci che l\u2019ha realizzato, ndr)<em> per mettersi le mani nei capelli\u2026.e bocciarlo all\u2019istante\u2026.\u201d.<\/em><\/p>\n<p style=\"text-align: justify;\">Cosa c\u2019\u00e8, dunque, dietro la mossa del comune cassanese nel portare altrove la vicenda? Perch\u00e8 questa mossa apparentemente \u201csuicida\u201d?<\/p>\n<p style=\"text-align: justify;\">Un fatto appare sempre pi\u00f9 certo: del &#8220;Progetto Lame&#8221; si occuper\u00e0 la prossima amministrazione comunale, visto che a poco pi\u00f9 di tre mesi dalle elezioni amministrative sembra davvero impossibile per la Di Medio posare la prima pietra dell\u2019opera.<\/p>\n<p>&nbsp;<\/p>\n","protected":false},"excerpt":{"rendered":"","protected":false},"author":1,"featured_media":0,"comment_status":"open","ping_status":"closed","sticky":false,"template":"","format":"standard","meta":{"colormag_page_container_layout":"default_layout","colormag_page_sidebar_layout":"default_layout","footnotes":""},"categories":[7],"tags":[],"class_list":["post-8755","post","type-post","status-publish","format-standard","hentry","category-attualita"],"yoast_head":"<!-- This site is optimized with the Yoast SEO plugin v27.5 - https:\/\/yoast.com\/product\/yoast-seo-wordpress\/ -->\n<title>Progetto &quot;Lame&quot;: sar\u00e0 il Tribunale delle Acque a decidere - Archivio CassanoWeb<\/title>\n<meta name=\"robots\" content=\"index, follow, max-snippet:-1, max-image-preview:large, max-video-preview:-1\" \/>\n<link rel=\"canonical\" href=\"https:\/\/archiviocassano.lavocedelpaese.info\/index.php\/2014\/02\/11\/progetto-qlameq-sara-il-tribunale-delle-acque-a-decidere-qlamafuturaq-il-comune-se-dato-la-zappa-sui-piedi\/\" \/>\n<meta property=\"og:locale\" content=\"it_IT\" \/>\n<meta property=\"og:type\" content=\"article\" \/>\n<meta property=\"og:title\" content=\"Progetto &quot;Lame&quot;: sar\u00e0 il Tribunale delle Acque a decidere - Archivio CassanoWeb\" \/>\n<meta property=\"og:url\" content=\"https:\/\/archiviocassano.lavocedelpaese.info\/index.php\/2014\/02\/11\/progetto-qlameq-sara-il-tribunale-delle-acque-a-decidere-qlamafuturaq-il-comune-se-dato-la-zappa-sui-piedi\/\" \/>\n<meta property=\"og:site_name\" content=\"Archivio CassanoWeb\" \/>\n<meta property=\"article:publisher\" content=\"https:\/\/www.facebook.com\/redazione.cassanoweb\" \/>\n<meta property=\"article:published_time\" content=\"2014-02-11T18:17:54+00:00\" \/>\n<meta name=\"author\" content=\"admin\" \/>\n<meta name=\"twitter:card\" content=\"summary_large_image\" \/>\n<meta name=\"twitter:label1\" content=\"Scritto da\" \/>\n\t<meta name=\"twitter:data1\" content=\"admin\" \/>\n\t<meta name=\"twitter:label2\" content=\"Tempo di lettura stimato\" \/>\n\t<meta name=\"twitter:data2\" content=\"2 minuti\" \/>\n<script type=\"application\/ld+json\" class=\"yoast-schema-graph\">{\"@context\":\"https:\\\/\\\/schema.org\",\"@graph\":[{\"@type\":\"Article\",\"@id\":\"https:\\\/\\\/archiviocassano.lavocedelpaese.info\\\/index.php\\\/2014\\\/02\\\/11\\\/progetto-qlameq-sara-il-tribunale-delle-acque-a-decidere-qlamafuturaq-il-comune-se-dato-la-zappa-sui-piedi\\\/#article\",\"isPartOf\":{\"@id\":\"https:\\\/\\\/archiviocassano.lavocedelpaese.info\\\/index.php\\\/2014\\\/02\\\/11\\\/progetto-qlameq-sara-il-tribunale-delle-acque-a-decidere-qlamafuturaq-il-comune-se-dato-la-zappa-sui-piedi\\\/\"},\"author\":{\"name\":\"admin\",\"@id\":\"https:\\\/\\\/archiviocassano.lavocedelpaese.info\\\/#\\\/schema\\\/person\\\/df195bc79a9b4c35127cf005f92e041b\"},\"headline\":\"Progetto &#8220;Lame&#8221;: sar\u00e0 il Tribunale delle Acque a decidere\",\"datePublished\":\"2014-02-11T18:17:54+00:00\",\"mainEntityOfPage\":{\"@id\":\"https:\\\/\\\/archiviocassano.lavocedelpaese.info\\\/index.php\\\/2014\\\/02\\\/11\\\/progetto-qlameq-sara-il-tribunale-delle-acque-a-decidere-qlamafuturaq-il-comune-se-dato-la-zappa-sui-piedi\\\/\"},\"wordCount\":363,\"commentCount\":0,\"publisher\":{\"@id\":\"https:\\\/\\\/archiviocassano.lavocedelpaese.info\\\/#organization\"},\"articleSection\":[\"Attualit\u00e0\"],\"inLanguage\":\"it-IT\",\"potentialAction\":[{\"@type\":\"CommentAction\",\"name\":\"Comment\",\"target\":[\"https:\\\/\\\/archiviocassano.lavocedelpaese.info\\\/index.php\\\/2014\\\/02\\\/11\\\/progetto-qlameq-sara-il-tribunale-delle-acque-a-decidere-qlamafuturaq-il-comune-se-dato-la-zappa-sui-piedi\\\/#respond\"]}]},{\"@type\":\"WebPage\",\"@id\":\"https:\\\/\\\/archiviocassano.lavocedelpaese.info\\\/index.php\\\/2014\\\/02\\\/11\\\/progetto-qlameq-sara-il-tribunale-delle-acque-a-decidere-qlamafuturaq-il-comune-se-dato-la-zappa-sui-piedi\\\/\",\"url\":\"https:\\\/\\\/archiviocassano.lavocedelpaese.info\\\/index.php\\\/2014\\\/02\\\/11\\\/progetto-qlameq-sara-il-tribunale-delle-acque-a-decidere-qlamafuturaq-il-comune-se-dato-la-zappa-sui-piedi\\\/\",\"name\":\"Progetto \\\"Lame\\\": sar\u00e0 il Tribunale delle Acque a decidere - Archivio CassanoWeb\",\"isPartOf\":{\"@id\":\"https:\\\/\\\/archiviocassano.lavocedelpaese.info\\\/#website\"},\"datePublished\":\"2014-02-11T18:17:54+00:00\",\"breadcrumb\":{\"@id\":\"https:\\\/\\\/archiviocassano.lavocedelpaese.info\\\/index.php\\\/2014\\\/02\\\/11\\\/progetto-qlameq-sara-il-tribunale-delle-acque-a-decidere-qlamafuturaq-il-comune-se-dato-la-zappa-sui-piedi\\\/#breadcrumb\"},\"inLanguage\":\"it-IT\",\"potentialAction\":[{\"@type\":\"ReadAction\",\"target\":[\"https:\\\/\\\/archiviocassano.lavocedelpaese.info\\\/index.php\\\/2014\\\/02\\\/11\\\/progetto-qlameq-sara-il-tribunale-delle-acque-a-decidere-qlamafuturaq-il-comune-se-dato-la-zappa-sui-piedi\\\/\"]}]},{\"@type\":\"BreadcrumbList\",\"@id\":\"https:\\\/\\\/archiviocassano.lavocedelpaese.info\\\/index.php\\\/2014\\\/02\\\/11\\\/progetto-qlameq-sara-il-tribunale-delle-acque-a-decidere-qlamafuturaq-il-comune-se-dato-la-zappa-sui-piedi\\\/#breadcrumb\",\"itemListElement\":[{\"@type\":\"ListItem\",\"position\":1,\"name\":\"Home\",\"item\":\"https:\\\/\\\/archiviocassano.lavocedelpaese.info\\\/\"},{\"@type\":\"ListItem\",\"position\":2,\"name\":\"Progetto &#8220;Lame&#8221;: sar\u00e0 il Tribunale delle Acque a decidere\"}]},{\"@type\":\"WebSite\",\"@id\":\"https:\\\/\\\/archiviocassano.lavocedelpaese.info\\\/#website\",\"url\":\"https:\\\/\\\/archiviocassano.lavocedelpaese.info\\\/\",\"name\":\"Archivio CassanoWeb\",\"description\":\"La Voce del Paese - un network di idee\",\"publisher\":{\"@id\":\"https:\\\/\\\/archiviocassano.lavocedelpaese.info\\\/#organization\"},\"potentialAction\":[{\"@type\":\"SearchAction\",\"target\":{\"@type\":\"EntryPoint\",\"urlTemplate\":\"https:\\\/\\\/archiviocassano.lavocedelpaese.info\\\/?s={search_term_string}\"},\"query-input\":{\"@type\":\"PropertyValueSpecification\",\"valueRequired\":true,\"valueName\":\"search_term_string\"}}],\"inLanguage\":\"it-IT\"},{\"@type\":\"Organization\",\"@id\":\"https:\\\/\\\/archiviocassano.lavocedelpaese.info\\\/#organization\",\"name\":\"Archivio CassanoWeb\",\"url\":\"https:\\\/\\\/archiviocassano.lavocedelpaese.info\\\/\",\"logo\":{\"@type\":\"ImageObject\",\"inLanguage\":\"it-IT\",\"@id\":\"https:\\\/\\\/archiviocassano.lavocedelpaese.info\\\/#\\\/schema\\\/logo\\\/image\\\/\",\"url\":\"https:\\\/\\\/archiviocassano.lavocedelpaese.info\\\/wp-content\\\/uploads\\\/2024\\\/08\\\/logo-rosso-2.png\",\"contentUrl\":\"https:\\\/\\\/archiviocassano.lavocedelpaese.info\\\/wp-content\\\/uploads\\\/2024\\\/08\\\/logo-rosso-2.png\",\"width\":491,\"height\":432,\"caption\":\"Archivio CassanoWeb\"},\"image\":{\"@id\":\"https:\\\/\\\/archiviocassano.lavocedelpaese.info\\\/#\\\/schema\\\/logo\\\/image\\\/\"},\"sameAs\":[\"https:\\\/\\\/www.facebook.com\\\/redazione.cassanoweb\"]},{\"@type\":\"Person\",\"@id\":\"https:\\\/\\\/archiviocassano.lavocedelpaese.info\\\/#\\\/schema\\\/person\\\/df195bc79a9b4c35127cf005f92e041b\",\"name\":\"admin\",\"image\":{\"@type\":\"ImageObject\",\"inLanguage\":\"it-IT\",\"@id\":\"https:\\\/\\\/secure.gravatar.com\\\/avatar\\\/eabba89a432e8eaa1b0207cc55f7e5340b22712b1ed80677efcf63e02ff5b235?s=96&d=mm&r=g\",\"url\":\"https:\\\/\\\/secure.gravatar.com\\\/avatar\\\/eabba89a432e8eaa1b0207cc55f7e5340b22712b1ed80677efcf63e02ff5b235?s=96&d=mm&r=g\",\"contentUrl\":\"https:\\\/\\\/secure.gravatar.com\\\/avatar\\\/eabba89a432e8eaa1b0207cc55f7e5340b22712b1ed80677efcf63e02ff5b235?s=96&d=mm&r=g\",\"caption\":\"admin\"},\"sameAs\":[\"https:\\\/\\\/archiviocassano.lavocedelpaese.info\"],\"url\":\"https:\\\/\\\/archiviocassano.lavocedelpaese.info\\\/index.php\\\/author\\\/admin_0qgz1xdp\\\/\"}]}<\/script>\n<!-- \/ Yoast SEO plugin. -->","yoast_head_json":{"title":"Progetto \"Lame\": sar\u00e0 il Tribunale delle Acque a decidere - Archivio CassanoWeb","robots":{"index":"index","follow":"follow","max-snippet":"max-snippet:-1","max-image-preview":"max-image-preview:large","max-video-preview":"max-video-preview:-1"},"canonical":"https:\/\/archiviocassano.lavocedelpaese.info\/index.php\/2014\/02\/11\/progetto-qlameq-sara-il-tribunale-delle-acque-a-decidere-qlamafuturaq-il-comune-se-dato-la-zappa-sui-piedi\/","og_locale":"it_IT","og_type":"article","og_title":"Progetto \"Lame\": sar\u00e0 il Tribunale delle Acque a decidere - Archivio CassanoWeb","og_url":"https:\/\/archiviocassano.lavocedelpaese.info\/index.php\/2014\/02\/11\/progetto-qlameq-sara-il-tribunale-delle-acque-a-decidere-qlamafuturaq-il-comune-se-dato-la-zappa-sui-piedi\/","og_site_name":"Archivio CassanoWeb","article_publisher":"https:\/\/www.facebook.com\/redazione.cassanoweb","article_published_time":"2014-02-11T18:17:54+00:00","author":"admin","twitter_card":"summary_large_image","twitter_misc":{"Scritto da":"admin","Tempo di lettura stimato":"2 minuti"},"schema":{"@context":"https:\/\/schema.org","@graph":[{"@type":"Article","@id":"https:\/\/archiviocassano.lavocedelpaese.info\/index.php\/2014\/02\/11\/progetto-qlameq-sara-il-tribunale-delle-acque-a-decidere-qlamafuturaq-il-comune-se-dato-la-zappa-sui-piedi\/#article","isPartOf":{"@id":"https:\/\/archiviocassano.lavocedelpaese.info\/index.php\/2014\/02\/11\/progetto-qlameq-sara-il-tribunale-delle-acque-a-decidere-qlamafuturaq-il-comune-se-dato-la-zappa-sui-piedi\/"},"author":{"name":"admin","@id":"https:\/\/archiviocassano.lavocedelpaese.info\/#\/schema\/person\/df195bc79a9b4c35127cf005f92e041b"},"headline":"Progetto &#8220;Lame&#8221;: sar\u00e0 il Tribunale delle Acque a decidere","datePublished":"2014-02-11T18:17:54+00:00","mainEntityOfPage":{"@id":"https:\/\/archiviocassano.lavocedelpaese.info\/index.php\/2014\/02\/11\/progetto-qlameq-sara-il-tribunale-delle-acque-a-decidere-qlamafuturaq-il-comune-se-dato-la-zappa-sui-piedi\/"},"wordCount":363,"commentCount":0,"publisher":{"@id":"https:\/\/archiviocassano.lavocedelpaese.info\/#organization"},"articleSection":["Attualit\u00e0"],"inLanguage":"it-IT","potentialAction":[{"@type":"CommentAction","name":"Comment","target":["https:\/\/archiviocassano.lavocedelpaese.info\/index.php\/2014\/02\/11\/progetto-qlameq-sara-il-tribunale-delle-acque-a-decidere-qlamafuturaq-il-comune-se-dato-la-zappa-sui-piedi\/#respond"]}]},{"@type":"WebPage","@id":"https:\/\/archiviocassano.lavocedelpaese.info\/index.php\/2014\/02\/11\/progetto-qlameq-sara-il-tribunale-delle-acque-a-decidere-qlamafuturaq-il-comune-se-dato-la-zappa-sui-piedi\/","url":"https:\/\/archiviocassano.lavocedelpaese.info\/index.php\/2014\/02\/11\/progetto-qlameq-sara-il-tribunale-delle-acque-a-decidere-qlamafuturaq-il-comune-se-dato-la-zappa-sui-piedi\/","name":"Progetto \"Lame\": sar\u00e0 il Tribunale delle Acque a decidere - Archivio CassanoWeb","isPartOf":{"@id":"https:\/\/archiviocassano.lavocedelpaese.info\/#website"},"datePublished":"2014-02-11T18:17:54+00:00","breadcrumb":{"@id":"https:\/\/archiviocassano.lavocedelpaese.info\/index.php\/2014\/02\/11\/progetto-qlameq-sara-il-tribunale-delle-acque-a-decidere-qlamafuturaq-il-comune-se-dato-la-zappa-sui-piedi\/#breadcrumb"},"inLanguage":"it-IT","potentialAction":[{"@type":"ReadAction","target":["https:\/\/archiviocassano.lavocedelpaese.info\/index.php\/2014\/02\/11\/progetto-qlameq-sara-il-tribunale-delle-acque-a-decidere-qlamafuturaq-il-comune-se-dato-la-zappa-sui-piedi\/"]}]},{"@type":"BreadcrumbList","@id":"https:\/\/archiviocassano.lavocedelpaese.info\/index.php\/2014\/02\/11\/progetto-qlameq-sara-il-tribunale-delle-acque-a-decidere-qlamafuturaq-il-comune-se-dato-la-zappa-sui-piedi\/#breadcrumb","itemListElement":[{"@type":"ListItem","position":1,"name":"Home","item":"https:\/\/archiviocassano.lavocedelpaese.info\/"},{"@type":"ListItem","position":2,"name":"Progetto &#8220;Lame&#8221;: sar\u00e0 il Tribunale delle Acque a decidere"}]},{"@type":"WebSite","@id":"https:\/\/archiviocassano.lavocedelpaese.info\/#website","url":"https:\/\/archiviocassano.lavocedelpaese.info\/","name":"Archivio CassanoWeb","description":"La Voce del Paese - un network di idee","publisher":{"@id":"https:\/\/archiviocassano.lavocedelpaese.info\/#organization"},"potentialAction":[{"@type":"SearchAction","target":{"@type":"EntryPoint","urlTemplate":"https:\/\/archiviocassano.lavocedelpaese.info\/?s={search_term_string}"},"query-input":{"@type":"PropertyValueSpecification","valueRequired":true,"valueName":"search_term_string"}}],"inLanguage":"it-IT"},{"@type":"Organization","@id":"https:\/\/archiviocassano.lavocedelpaese.info\/#organization","name":"Archivio CassanoWeb","url":"https:\/\/archiviocassano.lavocedelpaese.info\/","logo":{"@type":"ImageObject","inLanguage":"it-IT","@id":"https:\/\/archiviocassano.lavocedelpaese.info\/#\/schema\/logo\/image\/","url":"https:\/\/archiviocassano.lavocedelpaese.info\/wp-content\/uploads\/2024\/08\/logo-rosso-2.png","contentUrl":"https:\/\/archiviocassano.lavocedelpaese.info\/wp-content\/uploads\/2024\/08\/logo-rosso-2.png","width":491,"height":432,"caption":"Archivio CassanoWeb"},"image":{"@id":"https:\/\/archiviocassano.lavocedelpaese.info\/#\/schema\/logo\/image\/"},"sameAs":["https:\/\/www.facebook.com\/redazione.cassanoweb"]},{"@type":"Person","@id":"https:\/\/archiviocassano.lavocedelpaese.info\/#\/schema\/person\/df195bc79a9b4c35127cf005f92e041b","name":"admin","image":{"@type":"ImageObject","inLanguage":"it-IT","@id":"https:\/\/secure.gravatar.com\/avatar\/eabba89a432e8eaa1b0207cc55f7e5340b22712b1ed80677efcf63e02ff5b235?s=96&d=mm&r=g","url":"https:\/\/secure.gravatar.com\/avatar\/eabba89a432e8eaa1b0207cc55f7e5340b22712b1ed80677efcf63e02ff5b235?s=96&d=mm&r=g","contentUrl":"https:\/\/secure.gravatar.com\/avatar\/eabba89a432e8eaa1b0207cc55f7e5340b22712b1ed80677efcf63e02ff5b235?s=96&d=mm&r=g","caption":"admin"},"sameAs":["https:\/\/archiviocassano.lavocedelpaese.info"],"url":"https:\/\/archiviocassano.lavocedelpaese.info\/index.php\/author\/admin_0qgz1xdp\/"}]}},"_links":{"self":[{"href":"https:\/\/archiviocassano.lavocedelpaese.info\/index.php\/wp-json\/wp\/v2\/posts\/8755","targetHints":{"allow":["GET"]}}],"collection":[{"href":"https:\/\/archiviocassano.lavocedelpaese.info\/index.php\/wp-json\/wp\/v2\/posts"}],"about":[{"href":"https:\/\/archiviocassano.lavocedelpaese.info\/index.php\/wp-json\/wp\/v2\/types\/post"}],"author":[{"embeddable":true,"href":"https:\/\/archiviocassano.lavocedelpaese.info\/index.php\/wp-json\/wp\/v2\/users\/1"}],"replies":[{"embeddable":true,"href":"https:\/\/archiviocassano.lavocedelpaese.info\/index.php\/wp-json\/wp\/v2\/comments?post=8755"}],"version-history":[{"count":0,"href":"https:\/\/archiviocassano.lavocedelpaese.info\/index.php\/wp-json\/wp\/v2\/posts\/8755\/revisions"}],"wp:attachment":[{"href":"https:\/\/archiviocassano.lavocedelpaese.info\/index.php\/wp-json\/wp\/v2\/media?parent=8755"}],"wp:term":[{"taxonomy":"category","embeddable":true,"href":"https:\/\/archiviocassano.lavocedelpaese.info\/index.php\/wp-json\/wp\/v2\/categories?post=8755"},{"taxonomy":"post_tag","embeddable":true,"href":"https:\/\/archiviocassano.lavocedelpaese.info\/index.php\/wp-json\/wp\/v2\/tags?post=8755"}],"curies":[{"name":"wp","href":"https:\/\/api.w.org\/{rel}","templated":true}]}}