{"id":8757,"date":"2014-02-12T12:33:41","date_gmt":"2014-02-12T12:33:41","guid":{"rendered":"https:\/\/archiviocassano.lavocedelpaese.info\/index.php\/2014\/02\/12\/progetto-qlameq-fiore-qualche-precisazione-sulliter\/"},"modified":"2014-02-12T12:33:41","modified_gmt":"2014-02-12T12:33:41","slug":"progetto-qlameq-fiore-qualche-precisazione-sulliter","status":"publish","type":"post","link":"https:\/\/archiviocassano.lavocedelpaese.info\/index.php\/2014\/02\/12\/progetto-qlameq-fiore-qualche-precisazione-sulliter\/","title":{"rendered":"Progetto &#8220;Lame&#8221;, Fiore: qualche precisazione sull&#8217;iter"},"content":{"rendered":"<p style=\"text-align: justify;\"><img loading=\"lazy\" decoding=\"async\" class=\" size-full wp-image-8756\" alt=\"Il luogo dove dovrebbe sorgere il vascone copy\" src=\"https:\/\/archiviocassano.lavocedelpaese.info\/wp-content\/uploads\/2014\/02\/Il_luogo_dove_dovrebbe_sorgere_il_vascone_copy.jpg\" height=\"150\" width=\"320\" \/><\/p>\n<p><!--more--><\/p>\n<p style=\"text-align: justify;\"><em>Dal sig. Lorenzo Fiore, componente del comitato cittadino &#8220;lamafutura&#8221;, riceviamo e pubblichiamo un contibuto sulla vicenda Progetto &#8220;Lame&#8221; <\/em><a target=\"_blank\" href=\"attualita\/24295-progetto-qlameq-sara-il-tribunale-delle-acque-a-decidere-qlamafuturaq-il-comune-se-dato-la-zappa-sui-piedi.html\" rel=\"noopener\"><em>all&#8217;indomani della sentenza del Tar Puglia che si \u00e8 dichiarato incompetente, rinviando i 21 cittadini ricorrenti al Tribunale delle Acque di Roma.<\/em><\/a><em><br \/><\/em><\/p>\n<p style=\"text-align: justify;\"><strong>Qualche necessaria precisazione sull\u2019iter giudiziario del Progetto LAME<\/strong><\/p>\n<p style=\"text-align: justify;\">Il 15 luglio 2013, quando i componenti del Comitato presentavano ricorso al TAR Puglia, per vedersi annullati, previa sospensiva, tutti gli atti assunti dall\u2019Amministrazione, non conoscevano che il progetto Lame risultava ancora \u201dorfano\u201d di 2 pareri fondamentali: quello del Servizio Assetto del Territorio (STA) e quello del Servizio Lavori Pubblici\u2013Area politiche per l\u2019ambiente (ex Genio Civile), strutture della Regione Puglia.<\/p>\n<p style=\"text-align: justify;\">Ed infatti, giusto in data 30\/07\/2013 STA e l\u201901\/08\/2013 l\u2019ex Genio Civile, con proprie note, sostanzialmente frapponevano tutta una serie di obiezioni e di prescrizioni a carico del Comune, preliminari e sostanziali alla valutazione del citato progetto Lame.<\/p>\n<p style=\"text-align: justify;\">In data 05\/09\/2013, poi, il Comune, per il tramite di un avvocato di Roma (Avv. Manzi), si opponeva al ricorso davanti al TAR, assicurando che l\u2019Amministrazione, appena possibile (!?) avrebbe integrato la carente documentazione progettuale \u2018giusta\u2019 richieste dei citati 2 Servizi regionali. Va detto, che in tale circostanza, il Legale del Comune gi\u00e0 paventava la carenza di Giurisdizione davanti al Tar Puglia in favore del Tribunale Superiore delle Acque in Roma.<\/p>\n<p style=\"text-align: justify;\">In data 13\/11\/2013 il Comitato, sempre per il tramite l\u2019Avv. Palieri, presentava al TAR una 2^ istanza cautelare adducendo ulteriori motivi a sostegno delle proprie tesi, con particolari sottolineature sui 2 dinieghi (sostanziali) pervenuti dai Servizi regionali e, in particolare, all\u2019articolata nota della Ing. Di Lauro dell\u2019ex Genio Civile (quella del 1\u00b0 agosto precedente).<\/p>\n<p style=\"text-align: justify;\">Si \u00e8 registrato, inoltre, che in data 18\/11\/2011 i 2 servizi citati, sulla base di ulteriore documentazione evidentemente prodotta dal Comune,&nbsp; facevano pervenire 2 nuovi pareri (recanti entrambi data 18\/11\/2013) nettamente contrastanti tra loro: di sostanziale nulla osta quello del Servizio Assetto del Territorio (seppure in netto contrasto con il precedente del 30 luglio precedente, dicotomia di comportamento prontamente segnalata dal Comitato sia al Presidente della Regione che alla Procura della Repubblica) e di sostanziale diniego (con pi\u00f9 stringente conferma del precedente del 1\u00b0 agosto) quello dell\u2019ex Genio Civile (che, anche in questa circostanza, motu proprio, portava il suo parere di sostanziale diniego alla conoscenza del Prefetto e della Procura). Ora mi viene assicurato da chi ha dimestichezza in materia (e non come il sottoscritto) che mentre il pare del SAT ha natura prettamente \u2018paesaggistica\u2019 quello dell\u2019ex Genio Civile valuta il rischio di natura idrogeologica e, quindi, ha una valenza tecnica fondamentale e pi\u00f9 sostanziale.<\/p>\n<p style=\"text-align: justify;\">Il Legale del Comitato il 17\/01\/2014 produceva davanti al Tar ulteriore memoria di \u201cMotivi Aggiuntivi\u201d (sostanzialmente desunti dal recente provvedimento dell\u2019ex Genio Civile del 18\/11\/2013),&nbsp; mentre l\u2019Avv. Manzi, per conto del Comune, nella stessa giornata del 17\/01\/2014, senza attendere il pronunciamento del TAR Puglia, decideva di \u2018cambiare rotta\u2019 e depositava un nuovo ricorso incardinandolo direttamente sul Tribunale Superiore delle Acque Pubbliche in Roma. Tale ricorso, ed \u00e8 questa la novit\u00e0, \u00e8 prodotto contro la Regione Puglia ed in particolare contro l\u2019ex Genio Civile (Servizio Lavori Pubblicii) proprio a confutazione dei provvedimenti di diniego emessi con i provvedimenti citati (soprattutto quello del 18\/11\/2013). Veniva richiesta la costituzione dei Componenti ricorrenti membri di Lamafutura e della stessa Autorit\u00e0 di Bacino.<\/p>\n<p style=\"text-align: justify;\">In data 11\/02\/2014 effettivamente il TAR Puglia si \u00e8 dichiarato \u2018incompetente\u2019 alla trattazione della causa. La tempistica per la costituzione delle parti dovrebbe essere quella indicata nel servizio.&nbsp;<\/p>\n<p>&nbsp;<\/p>\n<p>&nbsp;<\/p>\n","protected":false},"excerpt":{"rendered":"","protected":false},"author":1,"featured_media":8756,"comment_status":"open","ping_status":"closed","sticky":false,"template":"","format":"standard","meta":{"colormag_page_container_layout":"default_layout","colormag_page_sidebar_layout":"default_layout","footnotes":""},"categories":[9],"tags":[],"class_list":["post-8757","post","type-post","status-publish","format-standard","has-post-thumbnail","hentry","category-la-voce-del-paese"],"yoast_head":"<!-- This site is optimized with the Yoast SEO plugin v27.5 - https:\/\/yoast.com\/product\/yoast-seo-wordpress\/ -->\n<title>Progetto &quot;Lame&quot;, Fiore: qualche precisazione sull&#039;iter - Archivio CassanoWeb<\/title>\n<meta name=\"robots\" content=\"index, follow, max-snippet:-1, max-image-preview:large, max-video-preview:-1\" \/>\n<link rel=\"canonical\" href=\"https:\/\/archiviocassano.lavocedelpaese.info\/index.php\/2014\/02\/12\/progetto-qlameq-fiore-qualche-precisazione-sulliter\/\" \/>\n<meta property=\"og:locale\" content=\"it_IT\" \/>\n<meta property=\"og:type\" content=\"article\" \/>\n<meta property=\"og:title\" content=\"Progetto &quot;Lame&quot;, Fiore: qualche precisazione sull&#039;iter - Archivio CassanoWeb\" \/>\n<meta property=\"og:url\" content=\"https:\/\/archiviocassano.lavocedelpaese.info\/index.php\/2014\/02\/12\/progetto-qlameq-fiore-qualche-precisazione-sulliter\/\" \/>\n<meta property=\"og:site_name\" content=\"Archivio CassanoWeb\" \/>\n<meta property=\"article:publisher\" content=\"https:\/\/www.facebook.com\/redazione.cassanoweb\" \/>\n<meta property=\"article:published_time\" content=\"2014-02-12T12:33:41+00:00\" \/>\n<meta property=\"og:image\" content=\"https:\/\/archiviocassano.lavocedelpaese.info\/wp-content\/uploads\/2014\/02\/Il_luogo_dove_dovrebbe_sorgere_il_vascone_copy.jpg\" \/>\n\t<meta property=\"og:image:width\" content=\"800\" \/>\n\t<meta property=\"og:image:height\" content=\"480\" \/>\n\t<meta property=\"og:image:type\" content=\"image\/jpeg\" \/>\n<meta name=\"author\" content=\"admin\" \/>\n<meta name=\"twitter:card\" content=\"summary_large_image\" \/>\n<meta name=\"twitter:label1\" content=\"Scritto da\" \/>\n\t<meta name=\"twitter:data1\" content=\"admin\" \/>\n\t<meta name=\"twitter:label2\" content=\"Tempo di lettura stimato\" \/>\n\t<meta name=\"twitter:data2\" content=\"3 minuti\" \/>\n<script type=\"application\/ld+json\" class=\"yoast-schema-graph\">{\"@context\":\"https:\\\/\\\/schema.org\",\"@graph\":[{\"@type\":\"Article\",\"@id\":\"https:\\\/\\\/archiviocassano.lavocedelpaese.info\\\/index.php\\\/2014\\\/02\\\/12\\\/progetto-qlameq-fiore-qualche-precisazione-sulliter\\\/#article\",\"isPartOf\":{\"@id\":\"https:\\\/\\\/archiviocassano.lavocedelpaese.info\\\/index.php\\\/2014\\\/02\\\/12\\\/progetto-qlameq-fiore-qualche-precisazione-sulliter\\\/\"},\"author\":{\"name\":\"admin\",\"@id\":\"https:\\\/\\\/archiviocassano.lavocedelpaese.info\\\/#\\\/schema\\\/person\\\/df195bc79a9b4c35127cf005f92e041b\"},\"headline\":\"Progetto &#8220;Lame&#8221;, Fiore: qualche precisazione sull&#8217;iter\",\"datePublished\":\"2014-02-12T12:33:41+00:00\",\"mainEntityOfPage\":{\"@id\":\"https:\\\/\\\/archiviocassano.lavocedelpaese.info\\\/index.php\\\/2014\\\/02\\\/12\\\/progetto-qlameq-fiore-qualche-precisazione-sulliter\\\/\"},\"wordCount\":571,\"commentCount\":0,\"publisher\":{\"@id\":\"https:\\\/\\\/archiviocassano.lavocedelpaese.info\\\/#organization\"},\"image\":{\"@id\":\"https:\\\/\\\/archiviocassano.lavocedelpaese.info\\\/index.php\\\/2014\\\/02\\\/12\\\/progetto-qlameq-fiore-qualche-precisazione-sulliter\\\/#primaryimage\"},\"thumbnailUrl\":\"https:\\\/\\\/archiviocassano.lavocedelpaese.info\\\/wp-content\\\/uploads\\\/2014\\\/02\\\/Il_luogo_dove_dovrebbe_sorgere_il_vascone_copy.jpg\",\"articleSection\":[\"La voce del paese\"],\"inLanguage\":\"it-IT\",\"potentialAction\":[{\"@type\":\"CommentAction\",\"name\":\"Comment\",\"target\":[\"https:\\\/\\\/archiviocassano.lavocedelpaese.info\\\/index.php\\\/2014\\\/02\\\/12\\\/progetto-qlameq-fiore-qualche-precisazione-sulliter\\\/#respond\"]}]},{\"@type\":\"WebPage\",\"@id\":\"https:\\\/\\\/archiviocassano.lavocedelpaese.info\\\/index.php\\\/2014\\\/02\\\/12\\\/progetto-qlameq-fiore-qualche-precisazione-sulliter\\\/\",\"url\":\"https:\\\/\\\/archiviocassano.lavocedelpaese.info\\\/index.php\\\/2014\\\/02\\\/12\\\/progetto-qlameq-fiore-qualche-precisazione-sulliter\\\/\",\"name\":\"Progetto \\\"Lame\\\", Fiore: qualche precisazione sull'iter - Archivio CassanoWeb\",\"isPartOf\":{\"@id\":\"https:\\\/\\\/archiviocassano.lavocedelpaese.info\\\/#website\"},\"primaryImageOfPage\":{\"@id\":\"https:\\\/\\\/archiviocassano.lavocedelpaese.info\\\/index.php\\\/2014\\\/02\\\/12\\\/progetto-qlameq-fiore-qualche-precisazione-sulliter\\\/#primaryimage\"},\"image\":{\"@id\":\"https:\\\/\\\/archiviocassano.lavocedelpaese.info\\\/index.php\\\/2014\\\/02\\\/12\\\/progetto-qlameq-fiore-qualche-precisazione-sulliter\\\/#primaryimage\"},\"thumbnailUrl\":\"https:\\\/\\\/archiviocassano.lavocedelpaese.info\\\/wp-content\\\/uploads\\\/2014\\\/02\\\/Il_luogo_dove_dovrebbe_sorgere_il_vascone_copy.jpg\",\"datePublished\":\"2014-02-12T12:33:41+00:00\",\"breadcrumb\":{\"@id\":\"https:\\\/\\\/archiviocassano.lavocedelpaese.info\\\/index.php\\\/2014\\\/02\\\/12\\\/progetto-qlameq-fiore-qualche-precisazione-sulliter\\\/#breadcrumb\"},\"inLanguage\":\"it-IT\",\"potentialAction\":[{\"@type\":\"ReadAction\",\"target\":[\"https:\\\/\\\/archiviocassano.lavocedelpaese.info\\\/index.php\\\/2014\\\/02\\\/12\\\/progetto-qlameq-fiore-qualche-precisazione-sulliter\\\/\"]}]},{\"@type\":\"ImageObject\",\"inLanguage\":\"it-IT\",\"@id\":\"https:\\\/\\\/archiviocassano.lavocedelpaese.info\\\/index.php\\\/2014\\\/02\\\/12\\\/progetto-qlameq-fiore-qualche-precisazione-sulliter\\\/#primaryimage\",\"url\":\"https:\\\/\\\/archiviocassano.lavocedelpaese.info\\\/wp-content\\\/uploads\\\/2014\\\/02\\\/Il_luogo_dove_dovrebbe_sorgere_il_vascone_copy.jpg\",\"contentUrl\":\"https:\\\/\\\/archiviocassano.lavocedelpaese.info\\\/wp-content\\\/uploads\\\/2014\\\/02\\\/Il_luogo_dove_dovrebbe_sorgere_il_vascone_copy.jpg\",\"width\":800,\"height\":480,\"caption\":\"Il luogo dove dovrebbe sorgere il vascone copy\"},{\"@type\":\"BreadcrumbList\",\"@id\":\"https:\\\/\\\/archiviocassano.lavocedelpaese.info\\\/index.php\\\/2014\\\/02\\\/12\\\/progetto-qlameq-fiore-qualche-precisazione-sulliter\\\/#breadcrumb\",\"itemListElement\":[{\"@type\":\"ListItem\",\"position\":1,\"name\":\"Home\",\"item\":\"https:\\\/\\\/archiviocassano.lavocedelpaese.info\\\/\"},{\"@type\":\"ListItem\",\"position\":2,\"name\":\"Progetto &#8220;Lame&#8221;, Fiore: qualche precisazione sull&#8217;iter\"}]},{\"@type\":\"WebSite\",\"@id\":\"https:\\\/\\\/archiviocassano.lavocedelpaese.info\\\/#website\",\"url\":\"https:\\\/\\\/archiviocassano.lavocedelpaese.info\\\/\",\"name\":\"Archivio CassanoWeb\",\"description\":\"La Voce del Paese - un network di idee\",\"publisher\":{\"@id\":\"https:\\\/\\\/archiviocassano.lavocedelpaese.info\\\/#organization\"},\"potentialAction\":[{\"@type\":\"SearchAction\",\"target\":{\"@type\":\"EntryPoint\",\"urlTemplate\":\"https:\\\/\\\/archiviocassano.lavocedelpaese.info\\\/?s={search_term_string}\"},\"query-input\":{\"@type\":\"PropertyValueSpecification\",\"valueRequired\":true,\"valueName\":\"search_term_string\"}}],\"inLanguage\":\"it-IT\"},{\"@type\":\"Organization\",\"@id\":\"https:\\\/\\\/archiviocassano.lavocedelpaese.info\\\/#organization\",\"name\":\"Archivio CassanoWeb\",\"url\":\"https:\\\/\\\/archiviocassano.lavocedelpaese.info\\\/\",\"logo\":{\"@type\":\"ImageObject\",\"inLanguage\":\"it-IT\",\"@id\":\"https:\\\/\\\/archiviocassano.lavocedelpaese.info\\\/#\\\/schema\\\/logo\\\/image\\\/\",\"url\":\"https:\\\/\\\/archiviocassano.lavocedelpaese.info\\\/wp-content\\\/uploads\\\/2024\\\/08\\\/logo-rosso-2.png\",\"contentUrl\":\"https:\\\/\\\/archiviocassano.lavocedelpaese.info\\\/wp-content\\\/uploads\\\/2024\\\/08\\\/logo-rosso-2.png\",\"width\":491,\"height\":432,\"caption\":\"Archivio CassanoWeb\"},\"image\":{\"@id\":\"https:\\\/\\\/archiviocassano.lavocedelpaese.info\\\/#\\\/schema\\\/logo\\\/image\\\/\"},\"sameAs\":[\"https:\\\/\\\/www.facebook.com\\\/redazione.cassanoweb\"]},{\"@type\":\"Person\",\"@id\":\"https:\\\/\\\/archiviocassano.lavocedelpaese.info\\\/#\\\/schema\\\/person\\\/df195bc79a9b4c35127cf005f92e041b\",\"name\":\"admin\",\"image\":{\"@type\":\"ImageObject\",\"inLanguage\":\"it-IT\",\"@id\":\"https:\\\/\\\/secure.gravatar.com\\\/avatar\\\/eabba89a432e8eaa1b0207cc55f7e5340b22712b1ed80677efcf63e02ff5b235?s=96&d=mm&r=g\",\"url\":\"https:\\\/\\\/secure.gravatar.com\\\/avatar\\\/eabba89a432e8eaa1b0207cc55f7e5340b22712b1ed80677efcf63e02ff5b235?s=96&d=mm&r=g\",\"contentUrl\":\"https:\\\/\\\/secure.gravatar.com\\\/avatar\\\/eabba89a432e8eaa1b0207cc55f7e5340b22712b1ed80677efcf63e02ff5b235?s=96&d=mm&r=g\",\"caption\":\"admin\"},\"sameAs\":[\"https:\\\/\\\/archiviocassano.lavocedelpaese.info\"],\"url\":\"https:\\\/\\\/archiviocassano.lavocedelpaese.info\\\/index.php\\\/author\\\/admin_0qgz1xdp\\\/\"}]}<\/script>\n<!-- \/ Yoast SEO plugin. -->","yoast_head_json":{"title":"Progetto \"Lame\", Fiore: qualche precisazione sull'iter - Archivio CassanoWeb","robots":{"index":"index","follow":"follow","max-snippet":"max-snippet:-1","max-image-preview":"max-image-preview:large","max-video-preview":"max-video-preview:-1"},"canonical":"https:\/\/archiviocassano.lavocedelpaese.info\/index.php\/2014\/02\/12\/progetto-qlameq-fiore-qualche-precisazione-sulliter\/","og_locale":"it_IT","og_type":"article","og_title":"Progetto \"Lame\", Fiore: qualche precisazione sull'iter - Archivio CassanoWeb","og_url":"https:\/\/archiviocassano.lavocedelpaese.info\/index.php\/2014\/02\/12\/progetto-qlameq-fiore-qualche-precisazione-sulliter\/","og_site_name":"Archivio CassanoWeb","article_publisher":"https:\/\/www.facebook.com\/redazione.cassanoweb","article_published_time":"2014-02-12T12:33:41+00:00","og_image":[{"width":800,"height":480,"url":"https:\/\/archiviocassano.lavocedelpaese.info\/wp-content\/uploads\/2014\/02\/Il_luogo_dove_dovrebbe_sorgere_il_vascone_copy.jpg","type":"image\/jpeg"}],"author":"admin","twitter_card":"summary_large_image","twitter_misc":{"Scritto da":"admin","Tempo di lettura stimato":"3 minuti"},"schema":{"@context":"https:\/\/schema.org","@graph":[{"@type":"Article","@id":"https:\/\/archiviocassano.lavocedelpaese.info\/index.php\/2014\/02\/12\/progetto-qlameq-fiore-qualche-precisazione-sulliter\/#article","isPartOf":{"@id":"https:\/\/archiviocassano.lavocedelpaese.info\/index.php\/2014\/02\/12\/progetto-qlameq-fiore-qualche-precisazione-sulliter\/"},"author":{"name":"admin","@id":"https:\/\/archiviocassano.lavocedelpaese.info\/#\/schema\/person\/df195bc79a9b4c35127cf005f92e041b"},"headline":"Progetto &#8220;Lame&#8221;, Fiore: qualche precisazione sull&#8217;iter","datePublished":"2014-02-12T12:33:41+00:00","mainEntityOfPage":{"@id":"https:\/\/archiviocassano.lavocedelpaese.info\/index.php\/2014\/02\/12\/progetto-qlameq-fiore-qualche-precisazione-sulliter\/"},"wordCount":571,"commentCount":0,"publisher":{"@id":"https:\/\/archiviocassano.lavocedelpaese.info\/#organization"},"image":{"@id":"https:\/\/archiviocassano.lavocedelpaese.info\/index.php\/2014\/02\/12\/progetto-qlameq-fiore-qualche-precisazione-sulliter\/#primaryimage"},"thumbnailUrl":"https:\/\/archiviocassano.lavocedelpaese.info\/wp-content\/uploads\/2014\/02\/Il_luogo_dove_dovrebbe_sorgere_il_vascone_copy.jpg","articleSection":["La voce del paese"],"inLanguage":"it-IT","potentialAction":[{"@type":"CommentAction","name":"Comment","target":["https:\/\/archiviocassano.lavocedelpaese.info\/index.php\/2014\/02\/12\/progetto-qlameq-fiore-qualche-precisazione-sulliter\/#respond"]}]},{"@type":"WebPage","@id":"https:\/\/archiviocassano.lavocedelpaese.info\/index.php\/2014\/02\/12\/progetto-qlameq-fiore-qualche-precisazione-sulliter\/","url":"https:\/\/archiviocassano.lavocedelpaese.info\/index.php\/2014\/02\/12\/progetto-qlameq-fiore-qualche-precisazione-sulliter\/","name":"Progetto \"Lame\", Fiore: qualche precisazione sull'iter - Archivio CassanoWeb","isPartOf":{"@id":"https:\/\/archiviocassano.lavocedelpaese.info\/#website"},"primaryImageOfPage":{"@id":"https:\/\/archiviocassano.lavocedelpaese.info\/index.php\/2014\/02\/12\/progetto-qlameq-fiore-qualche-precisazione-sulliter\/#primaryimage"},"image":{"@id":"https:\/\/archiviocassano.lavocedelpaese.info\/index.php\/2014\/02\/12\/progetto-qlameq-fiore-qualche-precisazione-sulliter\/#primaryimage"},"thumbnailUrl":"https:\/\/archiviocassano.lavocedelpaese.info\/wp-content\/uploads\/2014\/02\/Il_luogo_dove_dovrebbe_sorgere_il_vascone_copy.jpg","datePublished":"2014-02-12T12:33:41+00:00","breadcrumb":{"@id":"https:\/\/archiviocassano.lavocedelpaese.info\/index.php\/2014\/02\/12\/progetto-qlameq-fiore-qualche-precisazione-sulliter\/#breadcrumb"},"inLanguage":"it-IT","potentialAction":[{"@type":"ReadAction","target":["https:\/\/archiviocassano.lavocedelpaese.info\/index.php\/2014\/02\/12\/progetto-qlameq-fiore-qualche-precisazione-sulliter\/"]}]},{"@type":"ImageObject","inLanguage":"it-IT","@id":"https:\/\/archiviocassano.lavocedelpaese.info\/index.php\/2014\/02\/12\/progetto-qlameq-fiore-qualche-precisazione-sulliter\/#primaryimage","url":"https:\/\/archiviocassano.lavocedelpaese.info\/wp-content\/uploads\/2014\/02\/Il_luogo_dove_dovrebbe_sorgere_il_vascone_copy.jpg","contentUrl":"https:\/\/archiviocassano.lavocedelpaese.info\/wp-content\/uploads\/2014\/02\/Il_luogo_dove_dovrebbe_sorgere_il_vascone_copy.jpg","width":800,"height":480,"caption":"Il luogo dove dovrebbe sorgere il vascone copy"},{"@type":"BreadcrumbList","@id":"https:\/\/archiviocassano.lavocedelpaese.info\/index.php\/2014\/02\/12\/progetto-qlameq-fiore-qualche-precisazione-sulliter\/#breadcrumb","itemListElement":[{"@type":"ListItem","position":1,"name":"Home","item":"https:\/\/archiviocassano.lavocedelpaese.info\/"},{"@type":"ListItem","position":2,"name":"Progetto &#8220;Lame&#8221;, Fiore: qualche precisazione sull&#8217;iter"}]},{"@type":"WebSite","@id":"https:\/\/archiviocassano.lavocedelpaese.info\/#website","url":"https:\/\/archiviocassano.lavocedelpaese.info\/","name":"Archivio CassanoWeb","description":"La Voce del Paese - un network di idee","publisher":{"@id":"https:\/\/archiviocassano.lavocedelpaese.info\/#organization"},"potentialAction":[{"@type":"SearchAction","target":{"@type":"EntryPoint","urlTemplate":"https:\/\/archiviocassano.lavocedelpaese.info\/?s={search_term_string}"},"query-input":{"@type":"PropertyValueSpecification","valueRequired":true,"valueName":"search_term_string"}}],"inLanguage":"it-IT"},{"@type":"Organization","@id":"https:\/\/archiviocassano.lavocedelpaese.info\/#organization","name":"Archivio CassanoWeb","url":"https:\/\/archiviocassano.lavocedelpaese.info\/","logo":{"@type":"ImageObject","inLanguage":"it-IT","@id":"https:\/\/archiviocassano.lavocedelpaese.info\/#\/schema\/logo\/image\/","url":"https:\/\/archiviocassano.lavocedelpaese.info\/wp-content\/uploads\/2024\/08\/logo-rosso-2.png","contentUrl":"https:\/\/archiviocassano.lavocedelpaese.info\/wp-content\/uploads\/2024\/08\/logo-rosso-2.png","width":491,"height":432,"caption":"Archivio CassanoWeb"},"image":{"@id":"https:\/\/archiviocassano.lavocedelpaese.info\/#\/schema\/logo\/image\/"},"sameAs":["https:\/\/www.facebook.com\/redazione.cassanoweb"]},{"@type":"Person","@id":"https:\/\/archiviocassano.lavocedelpaese.info\/#\/schema\/person\/df195bc79a9b4c35127cf005f92e041b","name":"admin","image":{"@type":"ImageObject","inLanguage":"it-IT","@id":"https:\/\/secure.gravatar.com\/avatar\/eabba89a432e8eaa1b0207cc55f7e5340b22712b1ed80677efcf63e02ff5b235?s=96&d=mm&r=g","url":"https:\/\/secure.gravatar.com\/avatar\/eabba89a432e8eaa1b0207cc55f7e5340b22712b1ed80677efcf63e02ff5b235?s=96&d=mm&r=g","contentUrl":"https:\/\/secure.gravatar.com\/avatar\/eabba89a432e8eaa1b0207cc55f7e5340b22712b1ed80677efcf63e02ff5b235?s=96&d=mm&r=g","caption":"admin"},"sameAs":["https:\/\/archiviocassano.lavocedelpaese.info"],"url":"https:\/\/archiviocassano.lavocedelpaese.info\/index.php\/author\/admin_0qgz1xdp\/"}]}},"_links":{"self":[{"href":"https:\/\/archiviocassano.lavocedelpaese.info\/index.php\/wp-json\/wp\/v2\/posts\/8757","targetHints":{"allow":["GET"]}}],"collection":[{"href":"https:\/\/archiviocassano.lavocedelpaese.info\/index.php\/wp-json\/wp\/v2\/posts"}],"about":[{"href":"https:\/\/archiviocassano.lavocedelpaese.info\/index.php\/wp-json\/wp\/v2\/types\/post"}],"author":[{"embeddable":true,"href":"https:\/\/archiviocassano.lavocedelpaese.info\/index.php\/wp-json\/wp\/v2\/users\/1"}],"replies":[{"embeddable":true,"href":"https:\/\/archiviocassano.lavocedelpaese.info\/index.php\/wp-json\/wp\/v2\/comments?post=8757"}],"version-history":[{"count":0,"href":"https:\/\/archiviocassano.lavocedelpaese.info\/index.php\/wp-json\/wp\/v2\/posts\/8757\/revisions"}],"wp:featuredmedia":[{"embeddable":true,"href":"https:\/\/archiviocassano.lavocedelpaese.info\/index.php\/wp-json\/wp\/v2\/media\/8756"}],"wp:attachment":[{"href":"https:\/\/archiviocassano.lavocedelpaese.info\/index.php\/wp-json\/wp\/v2\/media?parent=8757"}],"wp:term":[{"taxonomy":"category","embeddable":true,"href":"https:\/\/archiviocassano.lavocedelpaese.info\/index.php\/wp-json\/wp\/v2\/categories?post=8757"},{"taxonomy":"post_tag","embeddable":true,"href":"https:\/\/archiviocassano.lavocedelpaese.info\/index.php\/wp-json\/wp\/v2\/tags?post=8757"}],"curies":[{"name":"wp","href":"https:\/\/api.w.org\/{rel}","templated":true}]}}