{"id":8832,"date":"2014-03-04T17:30:43","date_gmt":"2014-03-04T17:30:43","guid":{"rendered":"https:\/\/archiviocassano.lavocedelpaese.info\/index.php\/2014\/03\/04\/neonata-muore-appena-nata-il-papa-e-un-cassanese-35enne\/"},"modified":"2014-03-04T17:30:43","modified_gmt":"2014-03-04T17:30:43","slug":"neonata-muore-appena-nata-il-papa-e-un-cassanese-35enne","status":"publish","type":"post","link":"https:\/\/archiviocassano.lavocedelpaese.info\/index.php\/2014\/03\/04\/neonata-muore-appena-nata-il-papa-e-un-cassanese-35enne\/","title":{"rendered":"Neonata muore appena nata: il pap\u00e0 \u00e8 un cassanese 35enne"},"content":{"rendered":"<p style=\"text-align: justify;\"><img loading=\"lazy\" decoding=\"async\" class=\" size-full wp-image-8635\" alt=\"miulli giorno\" src=\"https:\/\/archiviocassano.lavocedelpaese.info\/wp-content\/uploads\/2014\/01\/miulli_giorno.jpg\" height=\"150\" width=\"320\" srcset=\"https:\/\/archiviocassano.lavocedelpaese.info\/wp-content\/uploads\/2014\/01\/miulli_giorno.jpg 640w, https:\/\/archiviocassano.lavocedelpaese.info\/wp-content\/uploads\/2014\/01\/miulli_giorno-300x141.jpg 300w\" sizes=\"auto, (max-width: 320px) 100vw, 320px\" \/><\/p>\n<p><!--more--><\/p>\n<p style=\"text-align: justify;\">E\u2019 un cassanese di 35 anni il pap\u00e0 della neonata morta sabato pomeriggio all\u2019Ospedale \u201cMiulli\u201d di Acquaviva, subito dopo il parto. L\u2019uomo, dopo la morte improvvisa e ancora inspiegabile della bambina, ha deciso con sua moglie, una34enne di Acquaviva, di sporgere denuncia ai Carabinieri per omicidio colposo: ora sar\u00e0 l&#8217;autopsia sul corpicino disposta dalla magistratura a chiarire le cause del decesso.<\/p>\n<p style=\"text-align: justify;\"> Una morte senza un&#8217;apparente spiegazione quella nella sala parto del reparto di Ginecologia e Ostetricia del &#8220;Miulli&#8221; perch\u00e9 la donna, alla sua prima gravidanza, non aveva avuto alcun problema particolare lungo i nove mesi di gestazione.<\/p>\n<p style=\"text-align: justify;\">Sabato mattina, secondo quanto ricostruisce un quotidiano regionale, \u00e8 arrivata in ospedale per la rottura delle acque ed era stata ricoverata. Seguita con un monitoraggio cardiaco fetale in continuo, era stata trasferita in sala parto alle 13 per l&#8217;inizio del travaglio spontaneo. Fin qui tutto regolare, un travaglio nella norma. Dopo sei ore, alle 19.10, il parto spontaneo alla presenza di tutta l&#8217;equipe medica e ostetrica di turno.<\/p>\n<p style=\"text-align: justify;\">La bambina \u00e8 nata viva ma, dopo il primo vagito, ha evidenziato una grave bradicardia che si \u00e8 trasformata poi in arresto cardiaco. Eppure il tracciato cardiotocografico era rimasto nella norma per tutto il travaglio e il parto. Il neonatologo presente in sala parto ha provato a rianimarla, ma non c&#8217;\u00e8 stato niente da fare. \u00c8 stata una morte improvvisa a cui neanche i medici hanno saputo dare un perch\u00e9. <\/p>\n<p> Il riscontro autoptico per far luce su quanto accaduto richiesto dagli stessi sanitari \u00e8 stato bloccato per l&#8217;avvio dell&#8217;inchiesta giudiziaria. I familiari infatti, non appena avuta la notizia, hanno presentato denuncia. Le cartelle cliniche sono state sequestrate dai carabinieri della compagnia di Altamura che hanno informato subito l&#8217;autorit\u00e0 giudiziaria.<\/p>\n<p style=\"text-align: justify;\">Il caso \u00e8 affidato alla pm della procura di Bari Bruna Manganelli che ha disposto l&#8217;autopsia sulla neonata per chiarire le cause del decesso.<\/p>\n<p style=\"text-align: justify;\">Nel registro degli indagati&nbsp; &#8211;&nbsp; come atto d&#8217;ufficio necessario per lo svolgimento dell&#8217;esame autoptico che \u00e8 un atto irripetibile nelle indagini&nbsp; &#8211;&nbsp; sono stati iscritti i sei componenti dell&#8217;equipe medica e ostetrica di turno dell&#8217;ospedale di Acquaviva delle Fonti: i due ginecologi, il neonatologo, le due ostetriche e l&#8217;infermiera.<\/p>\n<p style=\"text-align: justify;\">L&#8217;esame sar\u00e0 eseguito dal medico legale del Policlinico di Bari, il professor Francesco Introna, e consentir\u00e0 di sapere se la piccola avesse qualche malformazione non diagnosticata durante la gravidanza o se siano stati commessi errori medici durante il parto.<\/p>\n<p>&nbsp;<\/p>\n","protected":false},"excerpt":{"rendered":"","protected":false},"author":1,"featured_media":8635,"comment_status":"open","ping_status":"closed","sticky":false,"template":"","format":"standard","meta":{"colormag_page_container_layout":"default_layout","colormag_page_sidebar_layout":"default_layout","footnotes":""},"categories":[8],"tags":[],"class_list":["post-8832","post","type-post","status-publish","format-standard","has-post-thumbnail","hentry","category-cronaca"],"yoast_head":"<!-- This site is optimized with the Yoast SEO plugin v27.5 - https:\/\/yoast.com\/product\/yoast-seo-wordpress\/ -->\n<title>Neonata muore appena nata: il pap\u00e0 \u00e8 un cassanese 35enne - Archivio CassanoWeb<\/title>\n<meta name=\"robots\" content=\"index, follow, max-snippet:-1, max-image-preview:large, max-video-preview:-1\" \/>\n<link rel=\"canonical\" href=\"https:\/\/archiviocassano.lavocedelpaese.info\/index.php\/2014\/03\/04\/neonata-muore-appena-nata-il-papa-e-un-cassanese-35enne\/\" \/>\n<meta property=\"og:locale\" content=\"it_IT\" \/>\n<meta property=\"og:type\" content=\"article\" \/>\n<meta property=\"og:title\" content=\"Neonata muore appena nata: il pap\u00e0 \u00e8 un cassanese 35enne - Archivio CassanoWeb\" \/>\n<meta property=\"og:url\" content=\"https:\/\/archiviocassano.lavocedelpaese.info\/index.php\/2014\/03\/04\/neonata-muore-appena-nata-il-papa-e-un-cassanese-35enne\/\" \/>\n<meta property=\"og:site_name\" content=\"Archivio CassanoWeb\" \/>\n<meta property=\"article:publisher\" content=\"https:\/\/www.facebook.com\/redazione.cassanoweb\" \/>\n<meta property=\"article:published_time\" content=\"2014-03-04T17:30:43+00:00\" \/>\n<meta property=\"og:image\" content=\"https:\/\/archiviocassano.lavocedelpaese.info\/wp-content\/uploads\/2014\/01\/miulli_giorno.jpg\" \/>\n\t<meta property=\"og:image:width\" content=\"640\" \/>\n\t<meta property=\"og:image:height\" content=\"300\" \/>\n\t<meta property=\"og:image:type\" content=\"image\/jpeg\" \/>\n<meta name=\"author\" content=\"admin\" \/>\n<meta name=\"twitter:card\" content=\"summary_large_image\" \/>\n<meta name=\"twitter:label1\" content=\"Scritto da\" \/>\n\t<meta name=\"twitter:data1\" content=\"admin\" \/>\n\t<meta name=\"twitter:label2\" content=\"Tempo di lettura stimato\" \/>\n\t<meta name=\"twitter:data2\" content=\"2 minuti\" \/>\n<script type=\"application\/ld+json\" class=\"yoast-schema-graph\">{\"@context\":\"https:\\\/\\\/schema.org\",\"@graph\":[{\"@type\":\"Article\",\"@id\":\"https:\\\/\\\/archiviocassano.lavocedelpaese.info\\\/index.php\\\/2014\\\/03\\\/04\\\/neonata-muore-appena-nata-il-papa-e-un-cassanese-35enne\\\/#article\",\"isPartOf\":{\"@id\":\"https:\\\/\\\/archiviocassano.lavocedelpaese.info\\\/index.php\\\/2014\\\/03\\\/04\\\/neonata-muore-appena-nata-il-papa-e-un-cassanese-35enne\\\/\"},\"author\":{\"name\":\"admin\",\"@id\":\"https:\\\/\\\/archiviocassano.lavocedelpaese.info\\\/#\\\/schema\\\/person\\\/df195bc79a9b4c35127cf005f92e041b\"},\"headline\":\"Neonata muore appena nata: il pap\u00e0 \u00e8 un cassanese 35enne\",\"datePublished\":\"2014-03-04T17:30:43+00:00\",\"mainEntityOfPage\":{\"@id\":\"https:\\\/\\\/archiviocassano.lavocedelpaese.info\\\/index.php\\\/2014\\\/03\\\/04\\\/neonata-muore-appena-nata-il-papa-e-un-cassanese-35enne\\\/\"},\"wordCount\":417,\"commentCount\":0,\"publisher\":{\"@id\":\"https:\\\/\\\/archiviocassano.lavocedelpaese.info\\\/#organization\"},\"image\":{\"@id\":\"https:\\\/\\\/archiviocassano.lavocedelpaese.info\\\/index.php\\\/2014\\\/03\\\/04\\\/neonata-muore-appena-nata-il-papa-e-un-cassanese-35enne\\\/#primaryimage\"},\"thumbnailUrl\":\"https:\\\/\\\/archiviocassano.lavocedelpaese.info\\\/wp-content\\\/uploads\\\/2014\\\/01\\\/miulli_giorno.jpg\",\"articleSection\":[\"Cronaca\"],\"inLanguage\":\"it-IT\",\"potentialAction\":[{\"@type\":\"CommentAction\",\"name\":\"Comment\",\"target\":[\"https:\\\/\\\/archiviocassano.lavocedelpaese.info\\\/index.php\\\/2014\\\/03\\\/04\\\/neonata-muore-appena-nata-il-papa-e-un-cassanese-35enne\\\/#respond\"]}]},{\"@type\":\"WebPage\",\"@id\":\"https:\\\/\\\/archiviocassano.lavocedelpaese.info\\\/index.php\\\/2014\\\/03\\\/04\\\/neonata-muore-appena-nata-il-papa-e-un-cassanese-35enne\\\/\",\"url\":\"https:\\\/\\\/archiviocassano.lavocedelpaese.info\\\/index.php\\\/2014\\\/03\\\/04\\\/neonata-muore-appena-nata-il-papa-e-un-cassanese-35enne\\\/\",\"name\":\"Neonata muore appena nata: il pap\u00e0 \u00e8 un cassanese 35enne - Archivio CassanoWeb\",\"isPartOf\":{\"@id\":\"https:\\\/\\\/archiviocassano.lavocedelpaese.info\\\/#website\"},\"primaryImageOfPage\":{\"@id\":\"https:\\\/\\\/archiviocassano.lavocedelpaese.info\\\/index.php\\\/2014\\\/03\\\/04\\\/neonata-muore-appena-nata-il-papa-e-un-cassanese-35enne\\\/#primaryimage\"},\"image\":{\"@id\":\"https:\\\/\\\/archiviocassano.lavocedelpaese.info\\\/index.php\\\/2014\\\/03\\\/04\\\/neonata-muore-appena-nata-il-papa-e-un-cassanese-35enne\\\/#primaryimage\"},\"thumbnailUrl\":\"https:\\\/\\\/archiviocassano.lavocedelpaese.info\\\/wp-content\\\/uploads\\\/2014\\\/01\\\/miulli_giorno.jpg\",\"datePublished\":\"2014-03-04T17:30:43+00:00\",\"breadcrumb\":{\"@id\":\"https:\\\/\\\/archiviocassano.lavocedelpaese.info\\\/index.php\\\/2014\\\/03\\\/04\\\/neonata-muore-appena-nata-il-papa-e-un-cassanese-35enne\\\/#breadcrumb\"},\"inLanguage\":\"it-IT\",\"potentialAction\":[{\"@type\":\"ReadAction\",\"target\":[\"https:\\\/\\\/archiviocassano.lavocedelpaese.info\\\/index.php\\\/2014\\\/03\\\/04\\\/neonata-muore-appena-nata-il-papa-e-un-cassanese-35enne\\\/\"]}]},{\"@type\":\"ImageObject\",\"inLanguage\":\"it-IT\",\"@id\":\"https:\\\/\\\/archiviocassano.lavocedelpaese.info\\\/index.php\\\/2014\\\/03\\\/04\\\/neonata-muore-appena-nata-il-papa-e-un-cassanese-35enne\\\/#primaryimage\",\"url\":\"https:\\\/\\\/archiviocassano.lavocedelpaese.info\\\/wp-content\\\/uploads\\\/2014\\\/01\\\/miulli_giorno.jpg\",\"contentUrl\":\"https:\\\/\\\/archiviocassano.lavocedelpaese.info\\\/wp-content\\\/uploads\\\/2014\\\/01\\\/miulli_giorno.jpg\",\"width\":640,\"height\":300,\"caption\":\"miulli giorno\"},{\"@type\":\"BreadcrumbList\",\"@id\":\"https:\\\/\\\/archiviocassano.lavocedelpaese.info\\\/index.php\\\/2014\\\/03\\\/04\\\/neonata-muore-appena-nata-il-papa-e-un-cassanese-35enne\\\/#breadcrumb\",\"itemListElement\":[{\"@type\":\"ListItem\",\"position\":1,\"name\":\"Home\",\"item\":\"https:\\\/\\\/archiviocassano.lavocedelpaese.info\\\/\"},{\"@type\":\"ListItem\",\"position\":2,\"name\":\"Neonata muore appena nata: il pap\u00e0 \u00e8 un cassanese 35enne\"}]},{\"@type\":\"WebSite\",\"@id\":\"https:\\\/\\\/archiviocassano.lavocedelpaese.info\\\/#website\",\"url\":\"https:\\\/\\\/archiviocassano.lavocedelpaese.info\\\/\",\"name\":\"Archivio CassanoWeb\",\"description\":\"La Voce del Paese - un network di idee\",\"publisher\":{\"@id\":\"https:\\\/\\\/archiviocassano.lavocedelpaese.info\\\/#organization\"},\"potentialAction\":[{\"@type\":\"SearchAction\",\"target\":{\"@type\":\"EntryPoint\",\"urlTemplate\":\"https:\\\/\\\/archiviocassano.lavocedelpaese.info\\\/?s={search_term_string}\"},\"query-input\":{\"@type\":\"PropertyValueSpecification\",\"valueRequired\":true,\"valueName\":\"search_term_string\"}}],\"inLanguage\":\"it-IT\"},{\"@type\":\"Organization\",\"@id\":\"https:\\\/\\\/archiviocassano.lavocedelpaese.info\\\/#organization\",\"name\":\"Archivio CassanoWeb\",\"url\":\"https:\\\/\\\/archiviocassano.lavocedelpaese.info\\\/\",\"logo\":{\"@type\":\"ImageObject\",\"inLanguage\":\"it-IT\",\"@id\":\"https:\\\/\\\/archiviocassano.lavocedelpaese.info\\\/#\\\/schema\\\/logo\\\/image\\\/\",\"url\":\"https:\\\/\\\/archiviocassano.lavocedelpaese.info\\\/wp-content\\\/uploads\\\/2024\\\/08\\\/logo-rosso-2.png\",\"contentUrl\":\"https:\\\/\\\/archiviocassano.lavocedelpaese.info\\\/wp-content\\\/uploads\\\/2024\\\/08\\\/logo-rosso-2.png\",\"width\":491,\"height\":432,\"caption\":\"Archivio CassanoWeb\"},\"image\":{\"@id\":\"https:\\\/\\\/archiviocassano.lavocedelpaese.info\\\/#\\\/schema\\\/logo\\\/image\\\/\"},\"sameAs\":[\"https:\\\/\\\/www.facebook.com\\\/redazione.cassanoweb\"]},{\"@type\":\"Person\",\"@id\":\"https:\\\/\\\/archiviocassano.lavocedelpaese.info\\\/#\\\/schema\\\/person\\\/df195bc79a9b4c35127cf005f92e041b\",\"name\":\"admin\",\"image\":{\"@type\":\"ImageObject\",\"inLanguage\":\"it-IT\",\"@id\":\"https:\\\/\\\/secure.gravatar.com\\\/avatar\\\/eabba89a432e8eaa1b0207cc55f7e5340b22712b1ed80677efcf63e02ff5b235?s=96&d=mm&r=g\",\"url\":\"https:\\\/\\\/secure.gravatar.com\\\/avatar\\\/eabba89a432e8eaa1b0207cc55f7e5340b22712b1ed80677efcf63e02ff5b235?s=96&d=mm&r=g\",\"contentUrl\":\"https:\\\/\\\/secure.gravatar.com\\\/avatar\\\/eabba89a432e8eaa1b0207cc55f7e5340b22712b1ed80677efcf63e02ff5b235?s=96&d=mm&r=g\",\"caption\":\"admin\"},\"sameAs\":[\"https:\\\/\\\/archiviocassano.lavocedelpaese.info\"],\"url\":\"https:\\\/\\\/archiviocassano.lavocedelpaese.info\\\/index.php\\\/author\\\/admin_0qgz1xdp\\\/\"}]}<\/script>\n<!-- \/ Yoast SEO plugin. -->","yoast_head_json":{"title":"Neonata muore appena nata: il pap\u00e0 \u00e8 un cassanese 35enne - Archivio CassanoWeb","robots":{"index":"index","follow":"follow","max-snippet":"max-snippet:-1","max-image-preview":"max-image-preview:large","max-video-preview":"max-video-preview:-1"},"canonical":"https:\/\/archiviocassano.lavocedelpaese.info\/index.php\/2014\/03\/04\/neonata-muore-appena-nata-il-papa-e-un-cassanese-35enne\/","og_locale":"it_IT","og_type":"article","og_title":"Neonata muore appena nata: il pap\u00e0 \u00e8 un cassanese 35enne - Archivio CassanoWeb","og_url":"https:\/\/archiviocassano.lavocedelpaese.info\/index.php\/2014\/03\/04\/neonata-muore-appena-nata-il-papa-e-un-cassanese-35enne\/","og_site_name":"Archivio CassanoWeb","article_publisher":"https:\/\/www.facebook.com\/redazione.cassanoweb","article_published_time":"2014-03-04T17:30:43+00:00","og_image":[{"width":640,"height":300,"url":"https:\/\/archiviocassano.lavocedelpaese.info\/wp-content\/uploads\/2014\/01\/miulli_giorno.jpg","type":"image\/jpeg"}],"author":"admin","twitter_card":"summary_large_image","twitter_misc":{"Scritto da":"admin","Tempo di lettura stimato":"2 minuti"},"schema":{"@context":"https:\/\/schema.org","@graph":[{"@type":"Article","@id":"https:\/\/archiviocassano.lavocedelpaese.info\/index.php\/2014\/03\/04\/neonata-muore-appena-nata-il-papa-e-un-cassanese-35enne\/#article","isPartOf":{"@id":"https:\/\/archiviocassano.lavocedelpaese.info\/index.php\/2014\/03\/04\/neonata-muore-appena-nata-il-papa-e-un-cassanese-35enne\/"},"author":{"name":"admin","@id":"https:\/\/archiviocassano.lavocedelpaese.info\/#\/schema\/person\/df195bc79a9b4c35127cf005f92e041b"},"headline":"Neonata muore appena nata: il pap\u00e0 \u00e8 un cassanese 35enne","datePublished":"2014-03-04T17:30:43+00:00","mainEntityOfPage":{"@id":"https:\/\/archiviocassano.lavocedelpaese.info\/index.php\/2014\/03\/04\/neonata-muore-appena-nata-il-papa-e-un-cassanese-35enne\/"},"wordCount":417,"commentCount":0,"publisher":{"@id":"https:\/\/archiviocassano.lavocedelpaese.info\/#organization"},"image":{"@id":"https:\/\/archiviocassano.lavocedelpaese.info\/index.php\/2014\/03\/04\/neonata-muore-appena-nata-il-papa-e-un-cassanese-35enne\/#primaryimage"},"thumbnailUrl":"https:\/\/archiviocassano.lavocedelpaese.info\/wp-content\/uploads\/2014\/01\/miulli_giorno.jpg","articleSection":["Cronaca"],"inLanguage":"it-IT","potentialAction":[{"@type":"CommentAction","name":"Comment","target":["https:\/\/archiviocassano.lavocedelpaese.info\/index.php\/2014\/03\/04\/neonata-muore-appena-nata-il-papa-e-un-cassanese-35enne\/#respond"]}]},{"@type":"WebPage","@id":"https:\/\/archiviocassano.lavocedelpaese.info\/index.php\/2014\/03\/04\/neonata-muore-appena-nata-il-papa-e-un-cassanese-35enne\/","url":"https:\/\/archiviocassano.lavocedelpaese.info\/index.php\/2014\/03\/04\/neonata-muore-appena-nata-il-papa-e-un-cassanese-35enne\/","name":"Neonata muore appena nata: il pap\u00e0 \u00e8 un cassanese 35enne - Archivio CassanoWeb","isPartOf":{"@id":"https:\/\/archiviocassano.lavocedelpaese.info\/#website"},"primaryImageOfPage":{"@id":"https:\/\/archiviocassano.lavocedelpaese.info\/index.php\/2014\/03\/04\/neonata-muore-appena-nata-il-papa-e-un-cassanese-35enne\/#primaryimage"},"image":{"@id":"https:\/\/archiviocassano.lavocedelpaese.info\/index.php\/2014\/03\/04\/neonata-muore-appena-nata-il-papa-e-un-cassanese-35enne\/#primaryimage"},"thumbnailUrl":"https:\/\/archiviocassano.lavocedelpaese.info\/wp-content\/uploads\/2014\/01\/miulli_giorno.jpg","datePublished":"2014-03-04T17:30:43+00:00","breadcrumb":{"@id":"https:\/\/archiviocassano.lavocedelpaese.info\/index.php\/2014\/03\/04\/neonata-muore-appena-nata-il-papa-e-un-cassanese-35enne\/#breadcrumb"},"inLanguage":"it-IT","potentialAction":[{"@type":"ReadAction","target":["https:\/\/archiviocassano.lavocedelpaese.info\/index.php\/2014\/03\/04\/neonata-muore-appena-nata-il-papa-e-un-cassanese-35enne\/"]}]},{"@type":"ImageObject","inLanguage":"it-IT","@id":"https:\/\/archiviocassano.lavocedelpaese.info\/index.php\/2014\/03\/04\/neonata-muore-appena-nata-il-papa-e-un-cassanese-35enne\/#primaryimage","url":"https:\/\/archiviocassano.lavocedelpaese.info\/wp-content\/uploads\/2014\/01\/miulli_giorno.jpg","contentUrl":"https:\/\/archiviocassano.lavocedelpaese.info\/wp-content\/uploads\/2014\/01\/miulli_giorno.jpg","width":640,"height":300,"caption":"miulli giorno"},{"@type":"BreadcrumbList","@id":"https:\/\/archiviocassano.lavocedelpaese.info\/index.php\/2014\/03\/04\/neonata-muore-appena-nata-il-papa-e-un-cassanese-35enne\/#breadcrumb","itemListElement":[{"@type":"ListItem","position":1,"name":"Home","item":"https:\/\/archiviocassano.lavocedelpaese.info\/"},{"@type":"ListItem","position":2,"name":"Neonata muore appena nata: il pap\u00e0 \u00e8 un cassanese 35enne"}]},{"@type":"WebSite","@id":"https:\/\/archiviocassano.lavocedelpaese.info\/#website","url":"https:\/\/archiviocassano.lavocedelpaese.info\/","name":"Archivio CassanoWeb","description":"La Voce del Paese - un network di idee","publisher":{"@id":"https:\/\/archiviocassano.lavocedelpaese.info\/#organization"},"potentialAction":[{"@type":"SearchAction","target":{"@type":"EntryPoint","urlTemplate":"https:\/\/archiviocassano.lavocedelpaese.info\/?s={search_term_string}"},"query-input":{"@type":"PropertyValueSpecification","valueRequired":true,"valueName":"search_term_string"}}],"inLanguage":"it-IT"},{"@type":"Organization","@id":"https:\/\/archiviocassano.lavocedelpaese.info\/#organization","name":"Archivio CassanoWeb","url":"https:\/\/archiviocassano.lavocedelpaese.info\/","logo":{"@type":"ImageObject","inLanguage":"it-IT","@id":"https:\/\/archiviocassano.lavocedelpaese.info\/#\/schema\/logo\/image\/","url":"https:\/\/archiviocassano.lavocedelpaese.info\/wp-content\/uploads\/2024\/08\/logo-rosso-2.png","contentUrl":"https:\/\/archiviocassano.lavocedelpaese.info\/wp-content\/uploads\/2024\/08\/logo-rosso-2.png","width":491,"height":432,"caption":"Archivio CassanoWeb"},"image":{"@id":"https:\/\/archiviocassano.lavocedelpaese.info\/#\/schema\/logo\/image\/"},"sameAs":["https:\/\/www.facebook.com\/redazione.cassanoweb"]},{"@type":"Person","@id":"https:\/\/archiviocassano.lavocedelpaese.info\/#\/schema\/person\/df195bc79a9b4c35127cf005f92e041b","name":"admin","image":{"@type":"ImageObject","inLanguage":"it-IT","@id":"https:\/\/secure.gravatar.com\/avatar\/eabba89a432e8eaa1b0207cc55f7e5340b22712b1ed80677efcf63e02ff5b235?s=96&d=mm&r=g","url":"https:\/\/secure.gravatar.com\/avatar\/eabba89a432e8eaa1b0207cc55f7e5340b22712b1ed80677efcf63e02ff5b235?s=96&d=mm&r=g","contentUrl":"https:\/\/secure.gravatar.com\/avatar\/eabba89a432e8eaa1b0207cc55f7e5340b22712b1ed80677efcf63e02ff5b235?s=96&d=mm&r=g","caption":"admin"},"sameAs":["https:\/\/archiviocassano.lavocedelpaese.info"],"url":"https:\/\/archiviocassano.lavocedelpaese.info\/index.php\/author\/admin_0qgz1xdp\/"}]}},"_links":{"self":[{"href":"https:\/\/archiviocassano.lavocedelpaese.info\/index.php\/wp-json\/wp\/v2\/posts\/8832","targetHints":{"allow":["GET"]}}],"collection":[{"href":"https:\/\/archiviocassano.lavocedelpaese.info\/index.php\/wp-json\/wp\/v2\/posts"}],"about":[{"href":"https:\/\/archiviocassano.lavocedelpaese.info\/index.php\/wp-json\/wp\/v2\/types\/post"}],"author":[{"embeddable":true,"href":"https:\/\/archiviocassano.lavocedelpaese.info\/index.php\/wp-json\/wp\/v2\/users\/1"}],"replies":[{"embeddable":true,"href":"https:\/\/archiviocassano.lavocedelpaese.info\/index.php\/wp-json\/wp\/v2\/comments?post=8832"}],"version-history":[{"count":0,"href":"https:\/\/archiviocassano.lavocedelpaese.info\/index.php\/wp-json\/wp\/v2\/posts\/8832\/revisions"}],"wp:featuredmedia":[{"embeddable":true,"href":"https:\/\/archiviocassano.lavocedelpaese.info\/index.php\/wp-json\/wp\/v2\/media\/8635"}],"wp:attachment":[{"href":"https:\/\/archiviocassano.lavocedelpaese.info\/index.php\/wp-json\/wp\/v2\/media?parent=8832"}],"wp:term":[{"taxonomy":"category","embeddable":true,"href":"https:\/\/archiviocassano.lavocedelpaese.info\/index.php\/wp-json\/wp\/v2\/categories?post=8832"},{"taxonomy":"post_tag","embeddable":true,"href":"https:\/\/archiviocassano.lavocedelpaese.info\/index.php\/wp-json\/wp\/v2\/tags?post=8832"}],"curies":[{"name":"wp","href":"https:\/\/api.w.org\/{rel}","templated":true}]}}