{"id":8834,"date":"2014-03-04T17:28:32","date_gmt":"2014-03-04T17:28:32","guid":{"rendered":"https:\/\/archiviocassano.lavocedelpaese.info\/index.php\/2014\/03\/04\/depuratore-antelmi-qecco-come-andataq\/"},"modified":"2014-03-04T17:28:32","modified_gmt":"2014-03-04T17:28:32","slug":"depuratore-antelmi-qecco-come-andataq","status":"publish","type":"post","link":"https:\/\/archiviocassano.lavocedelpaese.info\/index.php\/2014\/03\/04\/depuratore-antelmi-qecco-come-andataq\/","title":{"rendered":"Depuratore, Antelmi: &#8220;ecco com&#8217;\u00e8 andata&#8221;"},"content":{"rendered":"<p><img loading=\"lazy\" decoding=\"async\" class=\" size-full wp-image-8833\" style=\"margin-right: 2px; margin-left: 2px;\" alt=\"depuratore di Cassano piccola\" src=\"https:\/\/archiviocassano.lavocedelpaese.info\/wp-content\/uploads\/2014\/03\/depuratore_di_Cassano_piccola.jpg\" width=\"320\" height=\"150\" srcset=\"https:\/\/archiviocassano.lavocedelpaese.info\/wp-content\/uploads\/2014\/03\/depuratore_di_Cassano_piccola.jpg 320w, https:\/\/archiviocassano.lavocedelpaese.info\/wp-content\/uploads\/2014\/03\/depuratore_di_Cassano_piccola-300x141.jpg 300w\" sizes=\"auto, (max-width: 320px) 100vw, 320px\" \/><\/p>\n<p><!--more--><\/p>\n<p style=\"text-align: justify;\">Gentilissimo Direttore, intervengo nuovamente per il tramite della sua testata per tentare di chiarire la nota vicenda del depuratore di Cassano, e lo far\u00f2 cercando di condensare un corposo faldone di carte, attraverso, mi auguro, poche righe.<\/p>\n<p style=\"text-align: justify;\">Lo faccio anche in virt\u00f9 dell\u2019invito rivoltomi dal Sig. Fiore al quale mi riservo di chiarire ulteriormente la questione NTA.<\/p>\n<p style=\"text-align: justify;\">La vicenda nasce molti anni fa a seguito della dichiarata emergenza socio-sanitaria-ambientale in Puglia ai sensi del O.M. del 09\/11\/1994.<\/p>\n<p style=\"text-align: justify;\">La costruzione del nuovo depuratore si protrae fino agli anni 2003\/2004 con una spesa complessiva di circa <strong>12 Miliardi di vecchie lire<\/strong>.<\/p>\n<p style=\"text-align: justify;\">Successivamente, il Commissario Delegato Prefetto di Bari, con Decreto n. 6352\/C.D. del 02\/07\/2004, affidava all\u2019Acquedotto Pugliese S.p.A. la gestione dell\u2019impianto con decorrenza 01\/08\/2004 (giova precisare che in precedenza in data 30\/09\/2002 venne stipulata tra Regione, Commissario Delegato e AQP regolare convenzione per la gestione del servizio Idrico Integrato ai sensi della L.R. 28\/99 fino al 31\/12\/2018).<\/p>\n<p style=\"text-align: justify;\">L\u2019impianto non \u00e8 mai entrato in funzione, poich\u00e9 non si era mai giunti alla definizione di quale dovesse essere il recapito finale delle acque depurate, bench\u00e8 il progetto iniziale prevedeva <strong>l\u2019immissione delle stesse nella Lama Badessa<\/strong>, attivit\u00e0 divenuta impossibile per il sopraggiungere, nel 2002, di nuove norme per la tutela ambientale.<\/p>\n<p style=\"text-align: justify;\">Nel 2007 \u00e8 stato presentato un nuovo progetto per l\u2019adeguamento dell\u2019impianto di depurazione. Ma la normativa e il coinvolgimento&nbsp; di numerosi enti quali: il Commissario Delegato Regionale per l\u2019Emergenza Ambientale, il Servizio Regionale per la Tutela delle acque, Settore Regionale LL.PP., Servizio Ambiente Provincia di Bari, Consorzio di Bonifica, AQP, AATO e Autorit\u00e0 di Bacino, non ha permesso di dirimere la questione del recapito finale provocando difetti di competenze e conflitti fra Enti.<\/p>\n<p style=\"text-align: justify;\">Questo accadeva fino al 2009.<\/p>\n<p style=\"text-align: justify;\">Sin dal suo insediamento la Giunta Di Medio, &nbsp;ha&nbsp; chiesto, prima informalmente e poi formalmente, tavoli tecnici al fine di giungere alla definizione dell\u2019annosa questione, &nbsp;in considerazione del fatto che <strong>il nuovo depuratore era in completo stato di abbandono<\/strong>, devastato e depredato, nel disinteresse di tutti, ed in particolar modo di una amministrazione che dal 2004 non aveva fatto nulla affinch\u00e9 si procedesse ad atti, studi&nbsp; o altri interventi utili perch\u00e9 venisse messo in funzione o, almeno sorvegliato dall\u2019Ente gestore, e che il vecchio depuratore di Cassano, risalente agli anni settanta, era &nbsp;dimensionato per circa la met\u00e0 degli attuali abitanti, tesi, quest\u2019ultima, appesantita dalla presenza estiva che conta circa 25.000 abitanti.<\/p>\n<p style=\"text-align: justify;\">Dopo numerosi tavoli tecnici, diverse proposte sulle soluzioni di recapito finale delle acque ai quali tutti gli Enti si sono mostrati interessati (ma non operativi), dopo l\u2019ennesima proroga a scaricare in falda, nelle more di reato ambientale e gi\u00e0 in regime sanzionatorio, non avendo ottenuto risultati rilevanti e quindi per evitare ulteriori situazioni di stallo, <strong>nel mese di aprile 2011 il Sindaco Di Medio procede alla denuncia&nbsp; dello stato dei fatti alla Procura della Repubblica e al Ministero dell\u2019Ambiente<\/strong>, evidenziando i danni ambientali che venivano causati dal conferimento in falda e il totale abbandono del depuratore, che nel frattempo era stato totalmente depredato e devastato, trasformato in una cattedrale nel deserto, monumento allo spreco dei soldi dei contribuenti.<\/p>\n<p style=\"text-align: justify;\">E qui, finalmente, &nbsp;la svolta.<\/p>\n<p style=\"text-align: justify;\">Sollecitati dalle indagini attivate dalla Procura, i diversi Enti si attivano.<\/p>\n<p style=\"text-align: justify;\">Nel luglio 2011 l\u2019AQP presenta un progetto esecutivo per un valore di <strong>4 milioni di euro<\/strong> per il completamento dell\u2019opera (trattasi di 2 procedure distinte. La prima con finanziamento ed impegno di spesa assicurato da Commissario Delegato con Decreto n. 96 del 05\/11\/2011; la seconda con provvedimento a valere sui proventi tariffari inserita nel Piano di investimento di AQP), comprensivo dello studio di fattibilit\u00e0&nbsp; della Lama Badessa redatto&nbsp; dal Prof. Ing. A.F. &nbsp;Piccinni del Politecnico di Bari, fino a giungere ai giorni nostri con l\u2019imminente entrata in funzione del nuovo depuratore che non conferir\u00e0 pi\u00f9 in falda ma, dopo opportuno affinamento delle acque reflue, &nbsp;nella Lama Badessa, naturalmente con tutte le necessarie autorizzazioni.<\/p>\n<p style=\"text-align: right;\"><span data-mce-bogus=\"true\" id=\"_mce_caret\"><em><strong>Franco Antelmi &#8211; Assessore al Bilancio e Patrimonio &#8211; Comune di Cassano delle Murge<\/strong><\/em><\/span><\/p>\n<p>&nbsp;<\/p>\n","protected":false},"excerpt":{"rendered":"","protected":false},"author":1,"featured_media":8833,"comment_status":"open","ping_status":"closed","sticky":false,"template":"","format":"standard","meta":{"colormag_page_container_layout":"default_layout","colormag_page_sidebar_layout":"default_layout","footnotes":""},"categories":[9],"tags":[],"class_list":["post-8834","post","type-post","status-publish","format-standard","has-post-thumbnail","hentry","category-la-voce-del-paese"],"yoast_head":"<!-- This site is optimized with the Yoast SEO plugin v27.5 - https:\/\/yoast.com\/product\/yoast-seo-wordpress\/ -->\n<title>Depuratore, Antelmi: &quot;ecco com&#039;\u00e8 andata&quot; - Archivio CassanoWeb<\/title>\n<meta name=\"robots\" content=\"index, follow, max-snippet:-1, max-image-preview:large, max-video-preview:-1\" \/>\n<link rel=\"canonical\" href=\"https:\/\/archiviocassano.lavocedelpaese.info\/index.php\/2014\/03\/04\/depuratore-antelmi-qecco-come-andataq\/\" \/>\n<meta property=\"og:locale\" content=\"it_IT\" \/>\n<meta property=\"og:type\" content=\"article\" \/>\n<meta property=\"og:title\" content=\"Depuratore, Antelmi: &quot;ecco com&#039;\u00e8 andata&quot; - Archivio CassanoWeb\" \/>\n<meta property=\"og:url\" content=\"https:\/\/archiviocassano.lavocedelpaese.info\/index.php\/2014\/03\/04\/depuratore-antelmi-qecco-come-andataq\/\" \/>\n<meta property=\"og:site_name\" content=\"Archivio CassanoWeb\" \/>\n<meta property=\"article:publisher\" content=\"https:\/\/www.facebook.com\/redazione.cassanoweb\" \/>\n<meta property=\"article:published_time\" content=\"2014-03-04T17:28:32+00:00\" \/>\n<meta property=\"og:image\" content=\"https:\/\/archiviocassano.lavocedelpaese.info\/wp-content\/uploads\/2014\/03\/depuratore_di_Cassano_piccola.jpg\" \/>\n\t<meta property=\"og:image:width\" content=\"320\" \/>\n\t<meta property=\"og:image:height\" content=\"150\" \/>\n\t<meta property=\"og:image:type\" content=\"image\/jpeg\" \/>\n<meta name=\"author\" content=\"admin\" \/>\n<meta name=\"twitter:card\" content=\"summary_large_image\" \/>\n<meta name=\"twitter:label1\" content=\"Scritto da\" \/>\n\t<meta name=\"twitter:data1\" content=\"admin\" \/>\n\t<meta name=\"twitter:label2\" content=\"Tempo di lettura stimato\" \/>\n\t<meta name=\"twitter:data2\" content=\"3 minuti\" \/>\n<script type=\"application\/ld+json\" class=\"yoast-schema-graph\">{\"@context\":\"https:\\\/\\\/schema.org\",\"@graph\":[{\"@type\":\"Article\",\"@id\":\"https:\\\/\\\/archiviocassano.lavocedelpaese.info\\\/index.php\\\/2014\\\/03\\\/04\\\/depuratore-antelmi-qecco-come-andataq\\\/#article\",\"isPartOf\":{\"@id\":\"https:\\\/\\\/archiviocassano.lavocedelpaese.info\\\/index.php\\\/2014\\\/03\\\/04\\\/depuratore-antelmi-qecco-come-andataq\\\/\"},\"author\":{\"name\":\"admin\",\"@id\":\"https:\\\/\\\/archiviocassano.lavocedelpaese.info\\\/#\\\/schema\\\/person\\\/df195bc79a9b4c35127cf005f92e041b\"},\"headline\":\"Depuratore, Antelmi: &#8220;ecco com&#8217;\u00e8 andata&#8221;\",\"datePublished\":\"2014-03-04T17:28:32+00:00\",\"mainEntityOfPage\":{\"@id\":\"https:\\\/\\\/archiviocassano.lavocedelpaese.info\\\/index.php\\\/2014\\\/03\\\/04\\\/depuratore-antelmi-qecco-come-andataq\\\/\"},\"wordCount\":676,\"commentCount\":0,\"publisher\":{\"@id\":\"https:\\\/\\\/archiviocassano.lavocedelpaese.info\\\/#organization\"},\"image\":{\"@id\":\"https:\\\/\\\/archiviocassano.lavocedelpaese.info\\\/index.php\\\/2014\\\/03\\\/04\\\/depuratore-antelmi-qecco-come-andataq\\\/#primaryimage\"},\"thumbnailUrl\":\"https:\\\/\\\/archiviocassano.lavocedelpaese.info\\\/wp-content\\\/uploads\\\/2014\\\/03\\\/depuratore_di_Cassano_piccola.jpg\",\"articleSection\":[\"La voce del paese\"],\"inLanguage\":\"it-IT\",\"potentialAction\":[{\"@type\":\"CommentAction\",\"name\":\"Comment\",\"target\":[\"https:\\\/\\\/archiviocassano.lavocedelpaese.info\\\/index.php\\\/2014\\\/03\\\/04\\\/depuratore-antelmi-qecco-come-andataq\\\/#respond\"]}]},{\"@type\":\"WebPage\",\"@id\":\"https:\\\/\\\/archiviocassano.lavocedelpaese.info\\\/index.php\\\/2014\\\/03\\\/04\\\/depuratore-antelmi-qecco-come-andataq\\\/\",\"url\":\"https:\\\/\\\/archiviocassano.lavocedelpaese.info\\\/index.php\\\/2014\\\/03\\\/04\\\/depuratore-antelmi-qecco-come-andataq\\\/\",\"name\":\"Depuratore, Antelmi: \\\"ecco com'\u00e8 andata\\\" - Archivio CassanoWeb\",\"isPartOf\":{\"@id\":\"https:\\\/\\\/archiviocassano.lavocedelpaese.info\\\/#website\"},\"primaryImageOfPage\":{\"@id\":\"https:\\\/\\\/archiviocassano.lavocedelpaese.info\\\/index.php\\\/2014\\\/03\\\/04\\\/depuratore-antelmi-qecco-come-andataq\\\/#primaryimage\"},\"image\":{\"@id\":\"https:\\\/\\\/archiviocassano.lavocedelpaese.info\\\/index.php\\\/2014\\\/03\\\/04\\\/depuratore-antelmi-qecco-come-andataq\\\/#primaryimage\"},\"thumbnailUrl\":\"https:\\\/\\\/archiviocassano.lavocedelpaese.info\\\/wp-content\\\/uploads\\\/2014\\\/03\\\/depuratore_di_Cassano_piccola.jpg\",\"datePublished\":\"2014-03-04T17:28:32+00:00\",\"breadcrumb\":{\"@id\":\"https:\\\/\\\/archiviocassano.lavocedelpaese.info\\\/index.php\\\/2014\\\/03\\\/04\\\/depuratore-antelmi-qecco-come-andataq\\\/#breadcrumb\"},\"inLanguage\":\"it-IT\",\"potentialAction\":[{\"@type\":\"ReadAction\",\"target\":[\"https:\\\/\\\/archiviocassano.lavocedelpaese.info\\\/index.php\\\/2014\\\/03\\\/04\\\/depuratore-antelmi-qecco-come-andataq\\\/\"]}]},{\"@type\":\"ImageObject\",\"inLanguage\":\"it-IT\",\"@id\":\"https:\\\/\\\/archiviocassano.lavocedelpaese.info\\\/index.php\\\/2014\\\/03\\\/04\\\/depuratore-antelmi-qecco-come-andataq\\\/#primaryimage\",\"url\":\"https:\\\/\\\/archiviocassano.lavocedelpaese.info\\\/wp-content\\\/uploads\\\/2014\\\/03\\\/depuratore_di_Cassano_piccola.jpg\",\"contentUrl\":\"https:\\\/\\\/archiviocassano.lavocedelpaese.info\\\/wp-content\\\/uploads\\\/2014\\\/03\\\/depuratore_di_Cassano_piccola.jpg\",\"width\":320,\"height\":150,\"caption\":\"depuratore di Cassano piccola\"},{\"@type\":\"BreadcrumbList\",\"@id\":\"https:\\\/\\\/archiviocassano.lavocedelpaese.info\\\/index.php\\\/2014\\\/03\\\/04\\\/depuratore-antelmi-qecco-come-andataq\\\/#breadcrumb\",\"itemListElement\":[{\"@type\":\"ListItem\",\"position\":1,\"name\":\"Home\",\"item\":\"https:\\\/\\\/archiviocassano.lavocedelpaese.info\\\/\"},{\"@type\":\"ListItem\",\"position\":2,\"name\":\"Depuratore, Antelmi: &#8220;ecco com&#8217;\u00e8 andata&#8221;\"}]},{\"@type\":\"WebSite\",\"@id\":\"https:\\\/\\\/archiviocassano.lavocedelpaese.info\\\/#website\",\"url\":\"https:\\\/\\\/archiviocassano.lavocedelpaese.info\\\/\",\"name\":\"Archivio CassanoWeb\",\"description\":\"La Voce del Paese - un network di idee\",\"publisher\":{\"@id\":\"https:\\\/\\\/archiviocassano.lavocedelpaese.info\\\/#organization\"},\"potentialAction\":[{\"@type\":\"SearchAction\",\"target\":{\"@type\":\"EntryPoint\",\"urlTemplate\":\"https:\\\/\\\/archiviocassano.lavocedelpaese.info\\\/?s={search_term_string}\"},\"query-input\":{\"@type\":\"PropertyValueSpecification\",\"valueRequired\":true,\"valueName\":\"search_term_string\"}}],\"inLanguage\":\"it-IT\"},{\"@type\":\"Organization\",\"@id\":\"https:\\\/\\\/archiviocassano.lavocedelpaese.info\\\/#organization\",\"name\":\"Archivio CassanoWeb\",\"url\":\"https:\\\/\\\/archiviocassano.lavocedelpaese.info\\\/\",\"logo\":{\"@type\":\"ImageObject\",\"inLanguage\":\"it-IT\",\"@id\":\"https:\\\/\\\/archiviocassano.lavocedelpaese.info\\\/#\\\/schema\\\/logo\\\/image\\\/\",\"url\":\"https:\\\/\\\/archiviocassano.lavocedelpaese.info\\\/wp-content\\\/uploads\\\/2024\\\/08\\\/logo-rosso-2.png\",\"contentUrl\":\"https:\\\/\\\/archiviocassano.lavocedelpaese.info\\\/wp-content\\\/uploads\\\/2024\\\/08\\\/logo-rosso-2.png\",\"width\":491,\"height\":432,\"caption\":\"Archivio CassanoWeb\"},\"image\":{\"@id\":\"https:\\\/\\\/archiviocassano.lavocedelpaese.info\\\/#\\\/schema\\\/logo\\\/image\\\/\"},\"sameAs\":[\"https:\\\/\\\/www.facebook.com\\\/redazione.cassanoweb\"]},{\"@type\":\"Person\",\"@id\":\"https:\\\/\\\/archiviocassano.lavocedelpaese.info\\\/#\\\/schema\\\/person\\\/df195bc79a9b4c35127cf005f92e041b\",\"name\":\"admin\",\"image\":{\"@type\":\"ImageObject\",\"inLanguage\":\"it-IT\",\"@id\":\"https:\\\/\\\/secure.gravatar.com\\\/avatar\\\/eabba89a432e8eaa1b0207cc55f7e5340b22712b1ed80677efcf63e02ff5b235?s=96&d=mm&r=g\",\"url\":\"https:\\\/\\\/secure.gravatar.com\\\/avatar\\\/eabba89a432e8eaa1b0207cc55f7e5340b22712b1ed80677efcf63e02ff5b235?s=96&d=mm&r=g\",\"contentUrl\":\"https:\\\/\\\/secure.gravatar.com\\\/avatar\\\/eabba89a432e8eaa1b0207cc55f7e5340b22712b1ed80677efcf63e02ff5b235?s=96&d=mm&r=g\",\"caption\":\"admin\"},\"sameAs\":[\"https:\\\/\\\/archiviocassano.lavocedelpaese.info\"],\"url\":\"https:\\\/\\\/archiviocassano.lavocedelpaese.info\\\/index.php\\\/author\\\/admin_0qgz1xdp\\\/\"}]}<\/script>\n<!-- \/ Yoast SEO plugin. -->","yoast_head_json":{"title":"Depuratore, Antelmi: \"ecco com'\u00e8 andata\" - Archivio CassanoWeb","robots":{"index":"index","follow":"follow","max-snippet":"max-snippet:-1","max-image-preview":"max-image-preview:large","max-video-preview":"max-video-preview:-1"},"canonical":"https:\/\/archiviocassano.lavocedelpaese.info\/index.php\/2014\/03\/04\/depuratore-antelmi-qecco-come-andataq\/","og_locale":"it_IT","og_type":"article","og_title":"Depuratore, Antelmi: \"ecco com'\u00e8 andata\" - Archivio CassanoWeb","og_url":"https:\/\/archiviocassano.lavocedelpaese.info\/index.php\/2014\/03\/04\/depuratore-antelmi-qecco-come-andataq\/","og_site_name":"Archivio CassanoWeb","article_publisher":"https:\/\/www.facebook.com\/redazione.cassanoweb","article_published_time":"2014-03-04T17:28:32+00:00","og_image":[{"width":320,"height":150,"url":"https:\/\/archiviocassano.lavocedelpaese.info\/wp-content\/uploads\/2014\/03\/depuratore_di_Cassano_piccola.jpg","type":"image\/jpeg"}],"author":"admin","twitter_card":"summary_large_image","twitter_misc":{"Scritto da":"admin","Tempo di lettura stimato":"3 minuti"},"schema":{"@context":"https:\/\/schema.org","@graph":[{"@type":"Article","@id":"https:\/\/archiviocassano.lavocedelpaese.info\/index.php\/2014\/03\/04\/depuratore-antelmi-qecco-come-andataq\/#article","isPartOf":{"@id":"https:\/\/archiviocassano.lavocedelpaese.info\/index.php\/2014\/03\/04\/depuratore-antelmi-qecco-come-andataq\/"},"author":{"name":"admin","@id":"https:\/\/archiviocassano.lavocedelpaese.info\/#\/schema\/person\/df195bc79a9b4c35127cf005f92e041b"},"headline":"Depuratore, Antelmi: &#8220;ecco com&#8217;\u00e8 andata&#8221;","datePublished":"2014-03-04T17:28:32+00:00","mainEntityOfPage":{"@id":"https:\/\/archiviocassano.lavocedelpaese.info\/index.php\/2014\/03\/04\/depuratore-antelmi-qecco-come-andataq\/"},"wordCount":676,"commentCount":0,"publisher":{"@id":"https:\/\/archiviocassano.lavocedelpaese.info\/#organization"},"image":{"@id":"https:\/\/archiviocassano.lavocedelpaese.info\/index.php\/2014\/03\/04\/depuratore-antelmi-qecco-come-andataq\/#primaryimage"},"thumbnailUrl":"https:\/\/archiviocassano.lavocedelpaese.info\/wp-content\/uploads\/2014\/03\/depuratore_di_Cassano_piccola.jpg","articleSection":["La voce del paese"],"inLanguage":"it-IT","potentialAction":[{"@type":"CommentAction","name":"Comment","target":["https:\/\/archiviocassano.lavocedelpaese.info\/index.php\/2014\/03\/04\/depuratore-antelmi-qecco-come-andataq\/#respond"]}]},{"@type":"WebPage","@id":"https:\/\/archiviocassano.lavocedelpaese.info\/index.php\/2014\/03\/04\/depuratore-antelmi-qecco-come-andataq\/","url":"https:\/\/archiviocassano.lavocedelpaese.info\/index.php\/2014\/03\/04\/depuratore-antelmi-qecco-come-andataq\/","name":"Depuratore, Antelmi: \"ecco com'\u00e8 andata\" - Archivio CassanoWeb","isPartOf":{"@id":"https:\/\/archiviocassano.lavocedelpaese.info\/#website"},"primaryImageOfPage":{"@id":"https:\/\/archiviocassano.lavocedelpaese.info\/index.php\/2014\/03\/04\/depuratore-antelmi-qecco-come-andataq\/#primaryimage"},"image":{"@id":"https:\/\/archiviocassano.lavocedelpaese.info\/index.php\/2014\/03\/04\/depuratore-antelmi-qecco-come-andataq\/#primaryimage"},"thumbnailUrl":"https:\/\/archiviocassano.lavocedelpaese.info\/wp-content\/uploads\/2014\/03\/depuratore_di_Cassano_piccola.jpg","datePublished":"2014-03-04T17:28:32+00:00","breadcrumb":{"@id":"https:\/\/archiviocassano.lavocedelpaese.info\/index.php\/2014\/03\/04\/depuratore-antelmi-qecco-come-andataq\/#breadcrumb"},"inLanguage":"it-IT","potentialAction":[{"@type":"ReadAction","target":["https:\/\/archiviocassano.lavocedelpaese.info\/index.php\/2014\/03\/04\/depuratore-antelmi-qecco-come-andataq\/"]}]},{"@type":"ImageObject","inLanguage":"it-IT","@id":"https:\/\/archiviocassano.lavocedelpaese.info\/index.php\/2014\/03\/04\/depuratore-antelmi-qecco-come-andataq\/#primaryimage","url":"https:\/\/archiviocassano.lavocedelpaese.info\/wp-content\/uploads\/2014\/03\/depuratore_di_Cassano_piccola.jpg","contentUrl":"https:\/\/archiviocassano.lavocedelpaese.info\/wp-content\/uploads\/2014\/03\/depuratore_di_Cassano_piccola.jpg","width":320,"height":150,"caption":"depuratore di Cassano piccola"},{"@type":"BreadcrumbList","@id":"https:\/\/archiviocassano.lavocedelpaese.info\/index.php\/2014\/03\/04\/depuratore-antelmi-qecco-come-andataq\/#breadcrumb","itemListElement":[{"@type":"ListItem","position":1,"name":"Home","item":"https:\/\/archiviocassano.lavocedelpaese.info\/"},{"@type":"ListItem","position":2,"name":"Depuratore, Antelmi: &#8220;ecco com&#8217;\u00e8 andata&#8221;"}]},{"@type":"WebSite","@id":"https:\/\/archiviocassano.lavocedelpaese.info\/#website","url":"https:\/\/archiviocassano.lavocedelpaese.info\/","name":"Archivio CassanoWeb","description":"La Voce del Paese - un network di idee","publisher":{"@id":"https:\/\/archiviocassano.lavocedelpaese.info\/#organization"},"potentialAction":[{"@type":"SearchAction","target":{"@type":"EntryPoint","urlTemplate":"https:\/\/archiviocassano.lavocedelpaese.info\/?s={search_term_string}"},"query-input":{"@type":"PropertyValueSpecification","valueRequired":true,"valueName":"search_term_string"}}],"inLanguage":"it-IT"},{"@type":"Organization","@id":"https:\/\/archiviocassano.lavocedelpaese.info\/#organization","name":"Archivio CassanoWeb","url":"https:\/\/archiviocassano.lavocedelpaese.info\/","logo":{"@type":"ImageObject","inLanguage":"it-IT","@id":"https:\/\/archiviocassano.lavocedelpaese.info\/#\/schema\/logo\/image\/","url":"https:\/\/archiviocassano.lavocedelpaese.info\/wp-content\/uploads\/2024\/08\/logo-rosso-2.png","contentUrl":"https:\/\/archiviocassano.lavocedelpaese.info\/wp-content\/uploads\/2024\/08\/logo-rosso-2.png","width":491,"height":432,"caption":"Archivio CassanoWeb"},"image":{"@id":"https:\/\/archiviocassano.lavocedelpaese.info\/#\/schema\/logo\/image\/"},"sameAs":["https:\/\/www.facebook.com\/redazione.cassanoweb"]},{"@type":"Person","@id":"https:\/\/archiviocassano.lavocedelpaese.info\/#\/schema\/person\/df195bc79a9b4c35127cf005f92e041b","name":"admin","image":{"@type":"ImageObject","inLanguage":"it-IT","@id":"https:\/\/secure.gravatar.com\/avatar\/eabba89a432e8eaa1b0207cc55f7e5340b22712b1ed80677efcf63e02ff5b235?s=96&d=mm&r=g","url":"https:\/\/secure.gravatar.com\/avatar\/eabba89a432e8eaa1b0207cc55f7e5340b22712b1ed80677efcf63e02ff5b235?s=96&d=mm&r=g","contentUrl":"https:\/\/secure.gravatar.com\/avatar\/eabba89a432e8eaa1b0207cc55f7e5340b22712b1ed80677efcf63e02ff5b235?s=96&d=mm&r=g","caption":"admin"},"sameAs":["https:\/\/archiviocassano.lavocedelpaese.info"],"url":"https:\/\/archiviocassano.lavocedelpaese.info\/index.php\/author\/admin_0qgz1xdp\/"}]}},"_links":{"self":[{"href":"https:\/\/archiviocassano.lavocedelpaese.info\/index.php\/wp-json\/wp\/v2\/posts\/8834","targetHints":{"allow":["GET"]}}],"collection":[{"href":"https:\/\/archiviocassano.lavocedelpaese.info\/index.php\/wp-json\/wp\/v2\/posts"}],"about":[{"href":"https:\/\/archiviocassano.lavocedelpaese.info\/index.php\/wp-json\/wp\/v2\/types\/post"}],"author":[{"embeddable":true,"href":"https:\/\/archiviocassano.lavocedelpaese.info\/index.php\/wp-json\/wp\/v2\/users\/1"}],"replies":[{"embeddable":true,"href":"https:\/\/archiviocassano.lavocedelpaese.info\/index.php\/wp-json\/wp\/v2\/comments?post=8834"}],"version-history":[{"count":0,"href":"https:\/\/archiviocassano.lavocedelpaese.info\/index.php\/wp-json\/wp\/v2\/posts\/8834\/revisions"}],"wp:featuredmedia":[{"embeddable":true,"href":"https:\/\/archiviocassano.lavocedelpaese.info\/index.php\/wp-json\/wp\/v2\/media\/8833"}],"wp:attachment":[{"href":"https:\/\/archiviocassano.lavocedelpaese.info\/index.php\/wp-json\/wp\/v2\/media?parent=8834"}],"wp:term":[{"taxonomy":"category","embeddable":true,"href":"https:\/\/archiviocassano.lavocedelpaese.info\/index.php\/wp-json\/wp\/v2\/categories?post=8834"},{"taxonomy":"post_tag","embeddable":true,"href":"https:\/\/archiviocassano.lavocedelpaese.info\/index.php\/wp-json\/wp\/v2\/tags?post=8834"}],"curies":[{"name":"wp","href":"https:\/\/api.w.org\/{rel}","templated":true}]}}