{"id":9040,"date":"2014-04-25T07:23:01","date_gmt":"2014-04-25T07:23:01","guid":{"rendered":"https:\/\/archiviocassano.lavocedelpaese.info\/index.php\/2014\/04\/25\/fine-mandato-la-di-medio-saluta-la-cittadinanza\/"},"modified":"2014-04-25T07:23:01","modified_gmt":"2014-04-25T07:23:01","slug":"fine-mandato-la-di-medio-saluta-la-cittadinanza","status":"publish","type":"post","link":"https:\/\/archiviocassano.lavocedelpaese.info\/index.php\/2014\/04\/25\/fine-mandato-la-di-medio-saluta-la-cittadinanza\/","title":{"rendered":"Fine mandato: la Di Medio saluta la cittadinanza"},"content":{"rendered":"<p style=\"text-align: justify;\"><img loading=\"lazy\" decoding=\"async\" alt=\"sindaco fine mandato aprile 2014 1\" src=\"images\/stories\/archiviofoto\/sindaco_fine_mandato_aprile_2014_1.jpg\" height=\"150\" width=\"320\" \/><\/p>\n<p><!--more--><\/p>\n<p>I progetti realizzati e quelli \u201cin itinere\u201d; le prossime, imminenti inaugurazioni con un occhio alla campagna elettorale (il canile municipale, la casetta dell\u2019acqua) e le idee che non si sono ancora realizzate. E la voglia di continuare, anzi: <strong>\u201cdi crederci ancora\u201d.<\/strong><\/p>\n<p style=\"text-align: justify;\">Il Sindaco Maria Pia Di Medio ha concluso cos\u00ec, ieri sera presso un Cinema \u201cVittoria\u201d desolatamente vuoto (se si faceva eccezione per alcuni degli assessori e dei consiglieri presenti assieme alle loro famiglie), i cinque anni del suo mandato elettorale, con la lettura della &#8220;Relazione di fine mandato&#8221;, gi\u00e0 pubblicata sul sito istituzionale del Comune (<a target=\"_blank\" href=\"politica\/24415-la-di-medio-pubblica-la-qrelazione-di-fine-mandatoq.html\" rel=\"noopener\">leggi qui<\/a>).<\/p>\n<p style=\"text-align: justify;\">Una serata poco organizzata, con un discorso monotono del primo cittadino che per oltre due ore ha elencato tutte le iniziative che il programma elettorale del 2009 prevedeva, e per cui ha avuto la fiducia dei cittadini, e che in gran parte \u00e8 stato realizzato.<\/p>\n<p style=\"text-align: justify;\">Dalle casse comunali in buona salute (il prossimo 7 maggio il Consiglio Comunale approver\u00e0 il Consuntivo 2013 che segna un <strong>+868mila euro di avanzo<\/strong>), agli aumenti contenuti e dovuti per legge sulle tasse comunali (vedi la voce rifiuti) alle <strong>opere realizzate<\/strong> e progettate ma comunque in via di conclusione (canile, la rotonda in zona industriale, piazza Dante, i loculi al cimitero, le strade asfaltate, l\u2019impianto di co-generazione per il risparmio energetico, le strade rurali, la Pinacoteca e l\u2019annesso museo e cos\u00ec via).<\/p>\n<p style=\"text-align: justify;\">Su tutte le progettazioni, per\u00f2, \u00e8 stata la <strong>raccolta differenziata dei rifiuti<\/strong> (la cui percentuale sfiora, oramai, il 70%) il vero fiore all\u2019occhiello dell\u2019amministrazione Di Medio \u201cun servizio che ci invidiano e ci copiano\u201d nei paesi vicini, ha detto il sindaco; uno sforzo straordinario dell\u2019amministrazione, degli uffici e dei cittadini che hanno risposto benissimo alla volont\u00e0 di riciclare e riutilizzare i rifiuti, facendone una ricchezza.<\/p>\n<p style=\"text-align: justify;\"><em>\u201cFaremo una lotta a chi ancora non si convince che \u00e8 cambiato il registro<\/em> \u2013 ha detto il sindaco \u2013<em> incentivando sempre pi\u00f9 l\u2019attenzione a non produrre rifiuti ed a riciclare\u201d.<\/em><\/p>\n<p style=\"text-align: justify;\"><img loading=\"lazy\" decoding=\"async\" class=\" size-full wp-image-9039\" style=\"margin-right: 2px; margin-left: 2px;\" alt=\"sindaco fine mandato aprile 2014 2\" src=\"https:\/\/archiviocassano.lavocedelpaese.info\/wp-content\/uploads\/2014\/04\/sindaco_fine_mandato_aprile_2014_2.jpg\" width=\"400\" height=\"266\" srcset=\"https:\/\/archiviocassano.lavocedelpaese.info\/wp-content\/uploads\/2014\/04\/sindaco_fine_mandato_aprile_2014_2.jpg 400w, https:\/\/archiviocassano.lavocedelpaese.info\/wp-content\/uploads\/2014\/04\/sindaco_fine_mandato_aprile_2014_2-300x200.jpg 300w\" sizes=\"auto, (max-width: 400px) 100vw, 400px\" \/><\/p>\n<p style=\"text-align: justify;\">Uno sguardo, poi, alla societ\u00e0: i progetti per le tante famiglie disagiate, per gli anziani, per i bambini (dal doposcuola presso le Officine Culturali alla mensa scolastica alle colonie ai bonus per lavoro e attrezzature sanitarie); dalle iniziative per il turismo e per la cultura; alla conferma che Cassano avr\u00e0, nei prossimi mesi, il ruolo di <strong>vicepresidenza della Comunit\u00e0 del Parco dell\u2019Alta Murgia,<\/strong> segno distintivo di grande attenzione all\u2019ambiente ed a questo importante ente territoriale.<\/p>\n<p style=\"text-align: justify;\">La Di Medio poco si \u00e8 soffermata sul mutato clima \u201csocio-politico\u201d a Palazzo di Citt\u00e0, finalmente libero dalle prepotenze, dalle angherie e dalla voglia di vendetta verso coloro che non la pensavano come il padrone di turno ma \u00e8 negli occhi di tutti la libert\u00e0 di cui con la massima trasparenza ogni cittadino pu\u00f2 godere.<\/p>\n<p style=\"text-align: justify;\">Fra il pubblico si scorgeva gi\u00e0 qualche volto nuovo per la politica-amministrativa locale: prossimi candidati che da qui a qualche giorno saranno catapultati nella grande macchina elettorale che la Di Medio vuole guidare ancora per altri cinque anni: per completare ci\u00f2 che ha iniziato e lanciare nuove idee.<\/p>\n<p style=\"text-align: justify;\">Vedremo se i cittadini cassanesi glielo permetteranno o se a crederci ancora saranno in pochi.<\/p>\n<p style=\"text-align: justify;\">&nbsp;<\/p>\n<p style=\"text-align: justify;\"><em>Fotografie di Raffaele Fiantanese<\/em><\/p>\n<p>&nbsp;<\/p>\n","protected":false},"excerpt":{"rendered":"","protected":false},"author":1,"featured_media":0,"comment_status":"open","ping_status":"closed","sticky":false,"template":"","format":"standard","meta":{"colormag_page_container_layout":"default_layout","colormag_page_sidebar_layout":"default_layout","footnotes":""},"categories":[4],"tags":[],"class_list":["post-9040","post","type-post","status-publish","format-standard","hentry","category-politica"],"yoast_head":"<!-- This site is optimized with the Yoast SEO plugin v27.5 - https:\/\/yoast.com\/product\/yoast-seo-wordpress\/ -->\n<title>Fine mandato: la Di Medio saluta la cittadinanza - Archivio CassanoWeb<\/title>\n<meta name=\"robots\" content=\"index, follow, max-snippet:-1, max-image-preview:large, max-video-preview:-1\" \/>\n<link rel=\"canonical\" href=\"https:\/\/archiviocassano.lavocedelpaese.info\/index.php\/2014\/04\/25\/fine-mandato-la-di-medio-saluta-la-cittadinanza\/\" \/>\n<meta property=\"og:locale\" content=\"it_IT\" \/>\n<meta property=\"og:type\" content=\"article\" \/>\n<meta property=\"og:title\" content=\"Fine mandato: la Di Medio saluta la cittadinanza - Archivio CassanoWeb\" \/>\n<meta property=\"og:url\" content=\"https:\/\/archiviocassano.lavocedelpaese.info\/index.php\/2014\/04\/25\/fine-mandato-la-di-medio-saluta-la-cittadinanza\/\" \/>\n<meta property=\"og:site_name\" content=\"Archivio CassanoWeb\" \/>\n<meta property=\"article:publisher\" content=\"https:\/\/www.facebook.com\/redazione.cassanoweb\" \/>\n<meta property=\"article:published_time\" content=\"2014-04-25T07:23:01+00:00\" \/>\n<meta property=\"og:image\" content=\"https:\/\/archiviocassano.lavocedelpaese.info\/wp-content\/uploads\/2014\/04\/sindaco_fine_mandato_aprile_2014_2.jpg\" \/>\n<meta name=\"author\" content=\"admin\" \/>\n<meta name=\"twitter:card\" content=\"summary_large_image\" \/>\n<meta name=\"twitter:label1\" content=\"Scritto da\" \/>\n\t<meta name=\"twitter:data1\" content=\"admin\" \/>\n\t<meta name=\"twitter:label2\" content=\"Tempo di lettura stimato\" \/>\n\t<meta name=\"twitter:data2\" content=\"3 minuti\" \/>\n<script type=\"application\/ld+json\" class=\"yoast-schema-graph\">{\"@context\":\"https:\\\/\\\/schema.org\",\"@graph\":[{\"@type\":\"Article\",\"@id\":\"https:\\\/\\\/archiviocassano.lavocedelpaese.info\\\/index.php\\\/2014\\\/04\\\/25\\\/fine-mandato-la-di-medio-saluta-la-cittadinanza\\\/#article\",\"isPartOf\":{\"@id\":\"https:\\\/\\\/archiviocassano.lavocedelpaese.info\\\/index.php\\\/2014\\\/04\\\/25\\\/fine-mandato-la-di-medio-saluta-la-cittadinanza\\\/\"},\"author\":{\"name\":\"admin\",\"@id\":\"https:\\\/\\\/archiviocassano.lavocedelpaese.info\\\/#\\\/schema\\\/person\\\/df195bc79a9b4c35127cf005f92e041b\"},\"headline\":\"Fine mandato: la Di Medio saluta la cittadinanza\",\"datePublished\":\"2014-04-25T07:23:01+00:00\",\"mainEntityOfPage\":{\"@id\":\"https:\\\/\\\/archiviocassano.lavocedelpaese.info\\\/index.php\\\/2014\\\/04\\\/25\\\/fine-mandato-la-di-medio-saluta-la-cittadinanza\\\/\"},\"wordCount\":526,\"commentCount\":0,\"publisher\":{\"@id\":\"https:\\\/\\\/archiviocassano.lavocedelpaese.info\\\/#organization\"},\"image\":{\"@id\":\"https:\\\/\\\/archiviocassano.lavocedelpaese.info\\\/index.php\\\/2014\\\/04\\\/25\\\/fine-mandato-la-di-medio-saluta-la-cittadinanza\\\/#primaryimage\"},\"thumbnailUrl\":\"https:\\\/\\\/archiviocassano.lavocedelpaese.info\\\/wp-content\\\/uploads\\\/2014\\\/04\\\/sindaco_fine_mandato_aprile_2014_2.jpg\",\"articleSection\":[\"Politica\"],\"inLanguage\":\"it-IT\",\"potentialAction\":[{\"@type\":\"CommentAction\",\"name\":\"Comment\",\"target\":[\"https:\\\/\\\/archiviocassano.lavocedelpaese.info\\\/index.php\\\/2014\\\/04\\\/25\\\/fine-mandato-la-di-medio-saluta-la-cittadinanza\\\/#respond\"]}]},{\"@type\":\"WebPage\",\"@id\":\"https:\\\/\\\/archiviocassano.lavocedelpaese.info\\\/index.php\\\/2014\\\/04\\\/25\\\/fine-mandato-la-di-medio-saluta-la-cittadinanza\\\/\",\"url\":\"https:\\\/\\\/archiviocassano.lavocedelpaese.info\\\/index.php\\\/2014\\\/04\\\/25\\\/fine-mandato-la-di-medio-saluta-la-cittadinanza\\\/\",\"name\":\"Fine mandato: la Di Medio saluta la cittadinanza - Archivio CassanoWeb\",\"isPartOf\":{\"@id\":\"https:\\\/\\\/archiviocassano.lavocedelpaese.info\\\/#website\"},\"primaryImageOfPage\":{\"@id\":\"https:\\\/\\\/archiviocassano.lavocedelpaese.info\\\/index.php\\\/2014\\\/04\\\/25\\\/fine-mandato-la-di-medio-saluta-la-cittadinanza\\\/#primaryimage\"},\"image\":{\"@id\":\"https:\\\/\\\/archiviocassano.lavocedelpaese.info\\\/index.php\\\/2014\\\/04\\\/25\\\/fine-mandato-la-di-medio-saluta-la-cittadinanza\\\/#primaryimage\"},\"thumbnailUrl\":\"https:\\\/\\\/archiviocassano.lavocedelpaese.info\\\/wp-content\\\/uploads\\\/2014\\\/04\\\/sindaco_fine_mandato_aprile_2014_2.jpg\",\"datePublished\":\"2014-04-25T07:23:01+00:00\",\"breadcrumb\":{\"@id\":\"https:\\\/\\\/archiviocassano.lavocedelpaese.info\\\/index.php\\\/2014\\\/04\\\/25\\\/fine-mandato-la-di-medio-saluta-la-cittadinanza\\\/#breadcrumb\"},\"inLanguage\":\"it-IT\",\"potentialAction\":[{\"@type\":\"ReadAction\",\"target\":[\"https:\\\/\\\/archiviocassano.lavocedelpaese.info\\\/index.php\\\/2014\\\/04\\\/25\\\/fine-mandato-la-di-medio-saluta-la-cittadinanza\\\/\"]}]},{\"@type\":\"ImageObject\",\"inLanguage\":\"it-IT\",\"@id\":\"https:\\\/\\\/archiviocassano.lavocedelpaese.info\\\/index.php\\\/2014\\\/04\\\/25\\\/fine-mandato-la-di-medio-saluta-la-cittadinanza\\\/#primaryimage\",\"url\":\"https:\\\/\\\/archiviocassano.lavocedelpaese.info\\\/wp-content\\\/uploads\\\/2014\\\/04\\\/sindaco_fine_mandato_aprile_2014_2.jpg\",\"contentUrl\":\"https:\\\/\\\/archiviocassano.lavocedelpaese.info\\\/wp-content\\\/uploads\\\/2014\\\/04\\\/sindaco_fine_mandato_aprile_2014_2.jpg\",\"width\":400,\"height\":266,\"caption\":\"sindaco fine mandato aprile 2014 2\"},{\"@type\":\"BreadcrumbList\",\"@id\":\"https:\\\/\\\/archiviocassano.lavocedelpaese.info\\\/index.php\\\/2014\\\/04\\\/25\\\/fine-mandato-la-di-medio-saluta-la-cittadinanza\\\/#breadcrumb\",\"itemListElement\":[{\"@type\":\"ListItem\",\"position\":1,\"name\":\"Home\",\"item\":\"https:\\\/\\\/archiviocassano.lavocedelpaese.info\\\/\"},{\"@type\":\"ListItem\",\"position\":2,\"name\":\"Fine mandato: la Di Medio saluta la cittadinanza\"}]},{\"@type\":\"WebSite\",\"@id\":\"https:\\\/\\\/archiviocassano.lavocedelpaese.info\\\/#website\",\"url\":\"https:\\\/\\\/archiviocassano.lavocedelpaese.info\\\/\",\"name\":\"Archivio CassanoWeb\",\"description\":\"La Voce del Paese - un network di idee\",\"publisher\":{\"@id\":\"https:\\\/\\\/archiviocassano.lavocedelpaese.info\\\/#organization\"},\"potentialAction\":[{\"@type\":\"SearchAction\",\"target\":{\"@type\":\"EntryPoint\",\"urlTemplate\":\"https:\\\/\\\/archiviocassano.lavocedelpaese.info\\\/?s={search_term_string}\"},\"query-input\":{\"@type\":\"PropertyValueSpecification\",\"valueRequired\":true,\"valueName\":\"search_term_string\"}}],\"inLanguage\":\"it-IT\"},{\"@type\":\"Organization\",\"@id\":\"https:\\\/\\\/archiviocassano.lavocedelpaese.info\\\/#organization\",\"name\":\"Archivio CassanoWeb\",\"url\":\"https:\\\/\\\/archiviocassano.lavocedelpaese.info\\\/\",\"logo\":{\"@type\":\"ImageObject\",\"inLanguage\":\"it-IT\",\"@id\":\"https:\\\/\\\/archiviocassano.lavocedelpaese.info\\\/#\\\/schema\\\/logo\\\/image\\\/\",\"url\":\"https:\\\/\\\/archiviocassano.lavocedelpaese.info\\\/wp-content\\\/uploads\\\/2024\\\/08\\\/logo-rosso-2.png\",\"contentUrl\":\"https:\\\/\\\/archiviocassano.lavocedelpaese.info\\\/wp-content\\\/uploads\\\/2024\\\/08\\\/logo-rosso-2.png\",\"width\":491,\"height\":432,\"caption\":\"Archivio CassanoWeb\"},\"image\":{\"@id\":\"https:\\\/\\\/archiviocassano.lavocedelpaese.info\\\/#\\\/schema\\\/logo\\\/image\\\/\"},\"sameAs\":[\"https:\\\/\\\/www.facebook.com\\\/redazione.cassanoweb\"]},{\"@type\":\"Person\",\"@id\":\"https:\\\/\\\/archiviocassano.lavocedelpaese.info\\\/#\\\/schema\\\/person\\\/df195bc79a9b4c35127cf005f92e041b\",\"name\":\"admin\",\"image\":{\"@type\":\"ImageObject\",\"inLanguage\":\"it-IT\",\"@id\":\"https:\\\/\\\/secure.gravatar.com\\\/avatar\\\/eabba89a432e8eaa1b0207cc55f7e5340b22712b1ed80677efcf63e02ff5b235?s=96&d=mm&r=g\",\"url\":\"https:\\\/\\\/secure.gravatar.com\\\/avatar\\\/eabba89a432e8eaa1b0207cc55f7e5340b22712b1ed80677efcf63e02ff5b235?s=96&d=mm&r=g\",\"contentUrl\":\"https:\\\/\\\/secure.gravatar.com\\\/avatar\\\/eabba89a432e8eaa1b0207cc55f7e5340b22712b1ed80677efcf63e02ff5b235?s=96&d=mm&r=g\",\"caption\":\"admin\"},\"sameAs\":[\"https:\\\/\\\/archiviocassano.lavocedelpaese.info\"],\"url\":\"https:\\\/\\\/archiviocassano.lavocedelpaese.info\\\/index.php\\\/author\\\/admin_0qgz1xdp\\\/\"}]}<\/script>\n<!-- \/ Yoast SEO plugin. -->","yoast_head_json":{"title":"Fine mandato: la Di Medio saluta la cittadinanza - Archivio CassanoWeb","robots":{"index":"index","follow":"follow","max-snippet":"max-snippet:-1","max-image-preview":"max-image-preview:large","max-video-preview":"max-video-preview:-1"},"canonical":"https:\/\/archiviocassano.lavocedelpaese.info\/index.php\/2014\/04\/25\/fine-mandato-la-di-medio-saluta-la-cittadinanza\/","og_locale":"it_IT","og_type":"article","og_title":"Fine mandato: la Di Medio saluta la cittadinanza - Archivio CassanoWeb","og_url":"https:\/\/archiviocassano.lavocedelpaese.info\/index.php\/2014\/04\/25\/fine-mandato-la-di-medio-saluta-la-cittadinanza\/","og_site_name":"Archivio CassanoWeb","article_publisher":"https:\/\/www.facebook.com\/redazione.cassanoweb","article_published_time":"2014-04-25T07:23:01+00:00","og_image":[{"url":"https:\/\/archiviocassano.lavocedelpaese.info\/wp-content\/uploads\/2014\/04\/sindaco_fine_mandato_aprile_2014_2.jpg","type":"","width":"","height":""}],"author":"admin","twitter_card":"summary_large_image","twitter_misc":{"Scritto da":"admin","Tempo di lettura stimato":"3 minuti"},"schema":{"@context":"https:\/\/schema.org","@graph":[{"@type":"Article","@id":"https:\/\/archiviocassano.lavocedelpaese.info\/index.php\/2014\/04\/25\/fine-mandato-la-di-medio-saluta-la-cittadinanza\/#article","isPartOf":{"@id":"https:\/\/archiviocassano.lavocedelpaese.info\/index.php\/2014\/04\/25\/fine-mandato-la-di-medio-saluta-la-cittadinanza\/"},"author":{"name":"admin","@id":"https:\/\/archiviocassano.lavocedelpaese.info\/#\/schema\/person\/df195bc79a9b4c35127cf005f92e041b"},"headline":"Fine mandato: la Di Medio saluta la cittadinanza","datePublished":"2014-04-25T07:23:01+00:00","mainEntityOfPage":{"@id":"https:\/\/archiviocassano.lavocedelpaese.info\/index.php\/2014\/04\/25\/fine-mandato-la-di-medio-saluta-la-cittadinanza\/"},"wordCount":526,"commentCount":0,"publisher":{"@id":"https:\/\/archiviocassano.lavocedelpaese.info\/#organization"},"image":{"@id":"https:\/\/archiviocassano.lavocedelpaese.info\/index.php\/2014\/04\/25\/fine-mandato-la-di-medio-saluta-la-cittadinanza\/#primaryimage"},"thumbnailUrl":"https:\/\/archiviocassano.lavocedelpaese.info\/wp-content\/uploads\/2014\/04\/sindaco_fine_mandato_aprile_2014_2.jpg","articleSection":["Politica"],"inLanguage":"it-IT","potentialAction":[{"@type":"CommentAction","name":"Comment","target":["https:\/\/archiviocassano.lavocedelpaese.info\/index.php\/2014\/04\/25\/fine-mandato-la-di-medio-saluta-la-cittadinanza\/#respond"]}]},{"@type":"WebPage","@id":"https:\/\/archiviocassano.lavocedelpaese.info\/index.php\/2014\/04\/25\/fine-mandato-la-di-medio-saluta-la-cittadinanza\/","url":"https:\/\/archiviocassano.lavocedelpaese.info\/index.php\/2014\/04\/25\/fine-mandato-la-di-medio-saluta-la-cittadinanza\/","name":"Fine mandato: la Di Medio saluta la cittadinanza - Archivio CassanoWeb","isPartOf":{"@id":"https:\/\/archiviocassano.lavocedelpaese.info\/#website"},"primaryImageOfPage":{"@id":"https:\/\/archiviocassano.lavocedelpaese.info\/index.php\/2014\/04\/25\/fine-mandato-la-di-medio-saluta-la-cittadinanza\/#primaryimage"},"image":{"@id":"https:\/\/archiviocassano.lavocedelpaese.info\/index.php\/2014\/04\/25\/fine-mandato-la-di-medio-saluta-la-cittadinanza\/#primaryimage"},"thumbnailUrl":"https:\/\/archiviocassano.lavocedelpaese.info\/wp-content\/uploads\/2014\/04\/sindaco_fine_mandato_aprile_2014_2.jpg","datePublished":"2014-04-25T07:23:01+00:00","breadcrumb":{"@id":"https:\/\/archiviocassano.lavocedelpaese.info\/index.php\/2014\/04\/25\/fine-mandato-la-di-medio-saluta-la-cittadinanza\/#breadcrumb"},"inLanguage":"it-IT","potentialAction":[{"@type":"ReadAction","target":["https:\/\/archiviocassano.lavocedelpaese.info\/index.php\/2014\/04\/25\/fine-mandato-la-di-medio-saluta-la-cittadinanza\/"]}]},{"@type":"ImageObject","inLanguage":"it-IT","@id":"https:\/\/archiviocassano.lavocedelpaese.info\/index.php\/2014\/04\/25\/fine-mandato-la-di-medio-saluta-la-cittadinanza\/#primaryimage","url":"https:\/\/archiviocassano.lavocedelpaese.info\/wp-content\/uploads\/2014\/04\/sindaco_fine_mandato_aprile_2014_2.jpg","contentUrl":"https:\/\/archiviocassano.lavocedelpaese.info\/wp-content\/uploads\/2014\/04\/sindaco_fine_mandato_aprile_2014_2.jpg","width":400,"height":266,"caption":"sindaco fine mandato aprile 2014 2"},{"@type":"BreadcrumbList","@id":"https:\/\/archiviocassano.lavocedelpaese.info\/index.php\/2014\/04\/25\/fine-mandato-la-di-medio-saluta-la-cittadinanza\/#breadcrumb","itemListElement":[{"@type":"ListItem","position":1,"name":"Home","item":"https:\/\/archiviocassano.lavocedelpaese.info\/"},{"@type":"ListItem","position":2,"name":"Fine mandato: la Di Medio saluta la cittadinanza"}]},{"@type":"WebSite","@id":"https:\/\/archiviocassano.lavocedelpaese.info\/#website","url":"https:\/\/archiviocassano.lavocedelpaese.info\/","name":"Archivio CassanoWeb","description":"La Voce del Paese - un network di idee","publisher":{"@id":"https:\/\/archiviocassano.lavocedelpaese.info\/#organization"},"potentialAction":[{"@type":"SearchAction","target":{"@type":"EntryPoint","urlTemplate":"https:\/\/archiviocassano.lavocedelpaese.info\/?s={search_term_string}"},"query-input":{"@type":"PropertyValueSpecification","valueRequired":true,"valueName":"search_term_string"}}],"inLanguage":"it-IT"},{"@type":"Organization","@id":"https:\/\/archiviocassano.lavocedelpaese.info\/#organization","name":"Archivio CassanoWeb","url":"https:\/\/archiviocassano.lavocedelpaese.info\/","logo":{"@type":"ImageObject","inLanguage":"it-IT","@id":"https:\/\/archiviocassano.lavocedelpaese.info\/#\/schema\/logo\/image\/","url":"https:\/\/archiviocassano.lavocedelpaese.info\/wp-content\/uploads\/2024\/08\/logo-rosso-2.png","contentUrl":"https:\/\/archiviocassano.lavocedelpaese.info\/wp-content\/uploads\/2024\/08\/logo-rosso-2.png","width":491,"height":432,"caption":"Archivio CassanoWeb"},"image":{"@id":"https:\/\/archiviocassano.lavocedelpaese.info\/#\/schema\/logo\/image\/"},"sameAs":["https:\/\/www.facebook.com\/redazione.cassanoweb"]},{"@type":"Person","@id":"https:\/\/archiviocassano.lavocedelpaese.info\/#\/schema\/person\/df195bc79a9b4c35127cf005f92e041b","name":"admin","image":{"@type":"ImageObject","inLanguage":"it-IT","@id":"https:\/\/secure.gravatar.com\/avatar\/eabba89a432e8eaa1b0207cc55f7e5340b22712b1ed80677efcf63e02ff5b235?s=96&d=mm&r=g","url":"https:\/\/secure.gravatar.com\/avatar\/eabba89a432e8eaa1b0207cc55f7e5340b22712b1ed80677efcf63e02ff5b235?s=96&d=mm&r=g","contentUrl":"https:\/\/secure.gravatar.com\/avatar\/eabba89a432e8eaa1b0207cc55f7e5340b22712b1ed80677efcf63e02ff5b235?s=96&d=mm&r=g","caption":"admin"},"sameAs":["https:\/\/archiviocassano.lavocedelpaese.info"],"url":"https:\/\/archiviocassano.lavocedelpaese.info\/index.php\/author\/admin_0qgz1xdp\/"}]}},"_links":{"self":[{"href":"https:\/\/archiviocassano.lavocedelpaese.info\/index.php\/wp-json\/wp\/v2\/posts\/9040","targetHints":{"allow":["GET"]}}],"collection":[{"href":"https:\/\/archiviocassano.lavocedelpaese.info\/index.php\/wp-json\/wp\/v2\/posts"}],"about":[{"href":"https:\/\/archiviocassano.lavocedelpaese.info\/index.php\/wp-json\/wp\/v2\/types\/post"}],"author":[{"embeddable":true,"href":"https:\/\/archiviocassano.lavocedelpaese.info\/index.php\/wp-json\/wp\/v2\/users\/1"}],"replies":[{"embeddable":true,"href":"https:\/\/archiviocassano.lavocedelpaese.info\/index.php\/wp-json\/wp\/v2\/comments?post=9040"}],"version-history":[{"count":0,"href":"https:\/\/archiviocassano.lavocedelpaese.info\/index.php\/wp-json\/wp\/v2\/posts\/9040\/revisions"}],"wp:attachment":[{"href":"https:\/\/archiviocassano.lavocedelpaese.info\/index.php\/wp-json\/wp\/v2\/media?parent=9040"}],"wp:term":[{"taxonomy":"category","embeddable":true,"href":"https:\/\/archiviocassano.lavocedelpaese.info\/index.php\/wp-json\/wp\/v2\/categories?post=9040"},{"taxonomy":"post_tag","embeddable":true,"href":"https:\/\/archiviocassano.lavocedelpaese.info\/index.php\/wp-json\/wp\/v2\/tags?post=9040"}],"curies":[{"name":"wp","href":"https:\/\/api.w.org\/{rel}","templated":true}]}}