{"id":9059,"date":"2014-05-05T06:33:00","date_gmt":"2014-05-05T06:33:00","guid":{"rendered":"https:\/\/archiviocassano.lavocedelpaese.info\/index.php\/2014\/05\/05\/lassessore-regionale-godelli-con-gli-qamici-della-bibliotecaq-presenta-il-qdossier-interculturaq\/"},"modified":"2014-05-05T06:33:00","modified_gmt":"2014-05-05T06:33:00","slug":"lassessore-regionale-godelli-con-gli-qamici-della-bibliotecaq-presenta-il-qdossier-interculturaq","status":"publish","type":"post","link":"https:\/\/archiviocassano.lavocedelpaese.info\/index.php\/2014\/05\/05\/lassessore-regionale-godelli-con-gli-qamici-della-bibliotecaq-presenta-il-qdossier-interculturaq\/","title":{"rendered":"La Godelli a Cassano presenta il &#8220;Dossier Intercultura&#8221;"},"content":{"rendered":"<p style=\"text-align: justify;\"><img loading=\"lazy\" decoding=\"async\" class=\" size-full wp-image-9058\" alt=\"silvia godelli\" src=\"https:\/\/archiviocassano.lavocedelpaese.info\/wp-content\/uploads\/2014\/05\/silvia_godelli.jpg\" height=\"150\" width=\"320\" \/><\/p>\n<p><!--more--><\/p>\n<p style=\"text-align: justify;\">L\u2019Associazione<strong> \u201cAmici della Biblioteca\u201d <\/strong>&nbsp;di Cassano delle Murge presenta, <strong>luned\u00ec 5 maggio<\/strong> alle <strong>ore 17.30<\/strong>, presso la <strong>Biblioteca Civica \u201cArmando Perotti\u201d<\/strong>, il \u201c<strong>Dossier Intercultura<\/strong>\u201d frutto del <strong>laboratorio di Intercultura 2005-2014.<\/strong><\/p>\n<p style=\"text-align: justify;\">Incomincia vari anni addietro l\u2019immigrazione massiccia di extracomunitari.<strong> <\/strong>E sebbene la parola gi\u00e0 disturba ai pi\u00f9 perch\u00e9 suona spregiativa, per ora non abbiamo altri termini per indicare gli abitanti originari dei paesi che non fanno parte della Comunit\u00e0 Europea. A ogni modo, la Comunit\u00e0 Europea ha gi\u00e0 cambiato le sue frontiere&nbsp; dal 2005, inizio di questo laboratorio di intercultura, a oggi.<\/p>\n<p style=\"text-align: justify;\"><strong>Cassano <\/strong>\u00e8 stato direttamente investito in questo processo di assimilazione: i primi rifugiati albanesi, arrivati con il memorabile Vlora, furono accolti e sistemati temporaneamente appena all\u2019infuori dell\u2019abitato.<\/p>\n<p style=\"text-align: justify;\">Gli abitanti del paese furono coinvolti a collaborare. Ruolo d\u2019importanza, per la sua preparazione ed efficienza organizzativa, svolse la <strong>Pro.ssa Bice Leddomade<\/strong>.<\/p>\n<p style=\"text-align: justify;\">Al <strong>Prof. Michele Dimonte<\/strong> il compito di raccogliere la documentazione riguardante quella attivit\u00e0 il cui punto culmine si ebbe con lo \u201csportello di Immigranti\u201d per il disbrigo della documentazione di identit\u00e0 e regolarizzazione di queste persone.<\/p>\n<p style=\"text-align: justify;\">Luned\u00ec 5 maggio presentiamo raccolta in <strong>Dossier<\/strong> tutta questa documentazione, <strong>dal 2005 al 2014<\/strong>. Il lavoro \u00e8 stato distribuito e ordinato in quattro volumi. Si tratta di un dossier che si sviluppa lungo l&#8217;arco di dieci anni e che affronta il fenomeno dell&#8217;immigrazione da ogni punto di vista: economico, sociale , morale , religioso , politico , giornalistico ( anche estero ) e che da parola direttamente anche agli immigrati.<\/p>\n<p style=\"text-align: justify;\"><strong>&nbsp;&nbsp;&nbsp;&nbsp;&nbsp;&nbsp; <\/strong><\/p>\n<p style=\"text-align: justify;\"><strong>Programma<\/strong>:<\/p>\n<p style=\"text-align: justify;\">Saluti: <strong>&nbsp;&nbsp;&nbsp;&nbsp;&nbsp;&nbsp;&nbsp;&nbsp;&nbsp;&nbsp;&nbsp;<\/strong><\/p>\n<p style=\"text-align: justify;\"><strong>Maria Pia Di Medio &#8211; sindaco<\/strong><\/p>\n<p style=\"text-align: justify;\"><strong>Maria Levrieri \u2013 responsabile biblioteca Civica Armando Perotti- Cassano <\/strong><\/p>\n<p style=\"text-align: justify;\">Introduce e coordina: &nbsp;<strong>Angela Diceglie<\/strong> \u2013 <strong>presidente assoc. \u201cAmici della Biblioteca\u201d<\/strong><\/p>\n<p style=\"text-align: justify;\">Intervengono:<\/p>\n<p style=\"text-align: justify;\"><strong>Silvia Godelli \u2013 Ass. al Mediterraneo- Cultura \u2013 Turismo Reg. Puglia<\/strong><\/p>\n<p style=\"text-align: justify;\"><strong>Mons. Franco Lanzolla&nbsp; &#8211; Parroco Cattedrale. Bari<\/strong><\/p>\n<p style=\"text-align: justify;\"><strong>Michele Dimonte \u2013 coordinatore attivit\u00e0 e dossier intercultura<\/strong><\/p>\n<p style=\"text-align: justify;\">Intermezzo musicale: <strong>al violino Fratelli Tomaziu<\/strong><\/p>\n<p style=\"text-align: justify;\"><strong>&nbsp;<\/strong><\/p>\n<p style=\"text-align: justify;\"><strong>&nbsp;<\/strong><\/p>\n<p style=\"text-align: justify;\"><strong>Tutta la cittadinanza \u00e8 invitata a partecipare.<\/strong><\/p>\n<p style=\"text-align: justify;\">&nbsp;<\/p>\n","protected":false},"excerpt":{"rendered":"","protected":false},"author":1,"featured_media":9058,"comment_status":"open","ping_status":"closed","sticky":false,"template":"","format":"standard","meta":{"colormag_page_container_layout":"default_layout","colormag_page_sidebar_layout":"default_layout","footnotes":""},"categories":[11],"tags":[],"class_list":["post-9059","post","type-post","status-publish","format-standard","has-post-thumbnail","hentry","category-appuntamenti"],"yoast_head":"<!-- This site is optimized with the Yoast SEO plugin v27.5 - https:\/\/yoast.com\/product\/yoast-seo-wordpress\/ -->\n<title>La Godelli a Cassano presenta il &quot;Dossier Intercultura&quot; - Archivio CassanoWeb<\/title>\n<meta name=\"robots\" content=\"index, follow, max-snippet:-1, max-image-preview:large, max-video-preview:-1\" \/>\n<link rel=\"canonical\" href=\"https:\/\/archiviocassano.lavocedelpaese.info\/index.php\/2014\/05\/05\/lassessore-regionale-godelli-con-gli-qamici-della-bibliotecaq-presenta-il-qdossier-interculturaq\/\" \/>\n<meta property=\"og:locale\" content=\"it_IT\" \/>\n<meta property=\"og:type\" content=\"article\" \/>\n<meta property=\"og:title\" content=\"La Godelli a Cassano presenta il &quot;Dossier Intercultura&quot; - Archivio CassanoWeb\" \/>\n<meta property=\"og:url\" content=\"https:\/\/archiviocassano.lavocedelpaese.info\/index.php\/2014\/05\/05\/lassessore-regionale-godelli-con-gli-qamici-della-bibliotecaq-presenta-il-qdossier-interculturaq\/\" \/>\n<meta property=\"og:site_name\" content=\"Archivio CassanoWeb\" \/>\n<meta property=\"article:publisher\" content=\"https:\/\/www.facebook.com\/redazione.cassanoweb\" \/>\n<meta property=\"article:published_time\" content=\"2014-05-05T06:33:00+00:00\" \/>\n<meta property=\"og:image\" content=\"https:\/\/archiviocassano.lavocedelpaese.info\/wp-content\/uploads\/2014\/05\/silvia_godelli.jpg\" \/>\n\t<meta property=\"og:image:width\" content=\"400\" \/>\n\t<meta property=\"og:image:height\" content=\"288\" \/>\n\t<meta property=\"og:image:type\" content=\"image\/jpeg\" \/>\n<meta name=\"author\" content=\"admin\" \/>\n<meta name=\"twitter:card\" content=\"summary_large_image\" \/>\n<meta name=\"twitter:label1\" content=\"Scritto da\" \/>\n\t<meta name=\"twitter:data1\" content=\"admin\" \/>\n\t<meta name=\"twitter:label2\" content=\"Tempo di lettura stimato\" \/>\n\t<meta name=\"twitter:data2\" content=\"2 minuti\" \/>\n<script type=\"application\/ld+json\" class=\"yoast-schema-graph\">{\"@context\":\"https:\\\/\\\/schema.org\",\"@graph\":[{\"@type\":\"Article\",\"@id\":\"https:\\\/\\\/archiviocassano.lavocedelpaese.info\\\/index.php\\\/2014\\\/05\\\/05\\\/lassessore-regionale-godelli-con-gli-qamici-della-bibliotecaq-presenta-il-qdossier-interculturaq\\\/#article\",\"isPartOf\":{\"@id\":\"https:\\\/\\\/archiviocassano.lavocedelpaese.info\\\/index.php\\\/2014\\\/05\\\/05\\\/lassessore-regionale-godelli-con-gli-qamici-della-bibliotecaq-presenta-il-qdossier-interculturaq\\\/\"},\"author\":{\"name\":\"admin\",\"@id\":\"https:\\\/\\\/archiviocassano.lavocedelpaese.info\\\/#\\\/schema\\\/person\\\/df195bc79a9b4c35127cf005f92e041b\"},\"headline\":\"La Godelli a Cassano presenta il &#8220;Dossier Intercultura&#8221;\",\"datePublished\":\"2014-05-05T06:33:00+00:00\",\"mainEntityOfPage\":{\"@id\":\"https:\\\/\\\/archiviocassano.lavocedelpaese.info\\\/index.php\\\/2014\\\/05\\\/05\\\/lassessore-regionale-godelli-con-gli-qamici-della-bibliotecaq-presenta-il-qdossier-interculturaq\\\/\"},\"wordCount\":334,\"commentCount\":0,\"publisher\":{\"@id\":\"https:\\\/\\\/archiviocassano.lavocedelpaese.info\\\/#organization\"},\"image\":{\"@id\":\"https:\\\/\\\/archiviocassano.lavocedelpaese.info\\\/index.php\\\/2014\\\/05\\\/05\\\/lassessore-regionale-godelli-con-gli-qamici-della-bibliotecaq-presenta-il-qdossier-interculturaq\\\/#primaryimage\"},\"thumbnailUrl\":\"https:\\\/\\\/archiviocassano.lavocedelpaese.info\\\/wp-content\\\/uploads\\\/2014\\\/05\\\/silvia_godelli.jpg\",\"articleSection\":[\"Appuntamenti\"],\"inLanguage\":\"it-IT\",\"potentialAction\":[{\"@type\":\"CommentAction\",\"name\":\"Comment\",\"target\":[\"https:\\\/\\\/archiviocassano.lavocedelpaese.info\\\/index.php\\\/2014\\\/05\\\/05\\\/lassessore-regionale-godelli-con-gli-qamici-della-bibliotecaq-presenta-il-qdossier-interculturaq\\\/#respond\"]}]},{\"@type\":\"WebPage\",\"@id\":\"https:\\\/\\\/archiviocassano.lavocedelpaese.info\\\/index.php\\\/2014\\\/05\\\/05\\\/lassessore-regionale-godelli-con-gli-qamici-della-bibliotecaq-presenta-il-qdossier-interculturaq\\\/\",\"url\":\"https:\\\/\\\/archiviocassano.lavocedelpaese.info\\\/index.php\\\/2014\\\/05\\\/05\\\/lassessore-regionale-godelli-con-gli-qamici-della-bibliotecaq-presenta-il-qdossier-interculturaq\\\/\",\"name\":\"La Godelli a Cassano presenta il \\\"Dossier Intercultura\\\" - Archivio CassanoWeb\",\"isPartOf\":{\"@id\":\"https:\\\/\\\/archiviocassano.lavocedelpaese.info\\\/#website\"},\"primaryImageOfPage\":{\"@id\":\"https:\\\/\\\/archiviocassano.lavocedelpaese.info\\\/index.php\\\/2014\\\/05\\\/05\\\/lassessore-regionale-godelli-con-gli-qamici-della-bibliotecaq-presenta-il-qdossier-interculturaq\\\/#primaryimage\"},\"image\":{\"@id\":\"https:\\\/\\\/archiviocassano.lavocedelpaese.info\\\/index.php\\\/2014\\\/05\\\/05\\\/lassessore-regionale-godelli-con-gli-qamici-della-bibliotecaq-presenta-il-qdossier-interculturaq\\\/#primaryimage\"},\"thumbnailUrl\":\"https:\\\/\\\/archiviocassano.lavocedelpaese.info\\\/wp-content\\\/uploads\\\/2014\\\/05\\\/silvia_godelli.jpg\",\"datePublished\":\"2014-05-05T06:33:00+00:00\",\"breadcrumb\":{\"@id\":\"https:\\\/\\\/archiviocassano.lavocedelpaese.info\\\/index.php\\\/2014\\\/05\\\/05\\\/lassessore-regionale-godelli-con-gli-qamici-della-bibliotecaq-presenta-il-qdossier-interculturaq\\\/#breadcrumb\"},\"inLanguage\":\"it-IT\",\"potentialAction\":[{\"@type\":\"ReadAction\",\"target\":[\"https:\\\/\\\/archiviocassano.lavocedelpaese.info\\\/index.php\\\/2014\\\/05\\\/05\\\/lassessore-regionale-godelli-con-gli-qamici-della-bibliotecaq-presenta-il-qdossier-interculturaq\\\/\"]}]},{\"@type\":\"ImageObject\",\"inLanguage\":\"it-IT\",\"@id\":\"https:\\\/\\\/archiviocassano.lavocedelpaese.info\\\/index.php\\\/2014\\\/05\\\/05\\\/lassessore-regionale-godelli-con-gli-qamici-della-bibliotecaq-presenta-il-qdossier-interculturaq\\\/#primaryimage\",\"url\":\"https:\\\/\\\/archiviocassano.lavocedelpaese.info\\\/wp-content\\\/uploads\\\/2014\\\/05\\\/silvia_godelli.jpg\",\"contentUrl\":\"https:\\\/\\\/archiviocassano.lavocedelpaese.info\\\/wp-content\\\/uploads\\\/2014\\\/05\\\/silvia_godelli.jpg\",\"width\":400,\"height\":288,\"caption\":\"silvia godelli\"},{\"@type\":\"BreadcrumbList\",\"@id\":\"https:\\\/\\\/archiviocassano.lavocedelpaese.info\\\/index.php\\\/2014\\\/05\\\/05\\\/lassessore-regionale-godelli-con-gli-qamici-della-bibliotecaq-presenta-il-qdossier-interculturaq\\\/#breadcrumb\",\"itemListElement\":[{\"@type\":\"ListItem\",\"position\":1,\"name\":\"Home\",\"item\":\"https:\\\/\\\/archiviocassano.lavocedelpaese.info\\\/\"},{\"@type\":\"ListItem\",\"position\":2,\"name\":\"La Godelli a Cassano presenta il &#8220;Dossier Intercultura&#8221;\"}]},{\"@type\":\"WebSite\",\"@id\":\"https:\\\/\\\/archiviocassano.lavocedelpaese.info\\\/#website\",\"url\":\"https:\\\/\\\/archiviocassano.lavocedelpaese.info\\\/\",\"name\":\"Archivio CassanoWeb\",\"description\":\"La Voce del Paese - un network di idee\",\"publisher\":{\"@id\":\"https:\\\/\\\/archiviocassano.lavocedelpaese.info\\\/#organization\"},\"potentialAction\":[{\"@type\":\"SearchAction\",\"target\":{\"@type\":\"EntryPoint\",\"urlTemplate\":\"https:\\\/\\\/archiviocassano.lavocedelpaese.info\\\/?s={search_term_string}\"},\"query-input\":{\"@type\":\"PropertyValueSpecification\",\"valueRequired\":true,\"valueName\":\"search_term_string\"}}],\"inLanguage\":\"it-IT\"},{\"@type\":\"Organization\",\"@id\":\"https:\\\/\\\/archiviocassano.lavocedelpaese.info\\\/#organization\",\"name\":\"Archivio CassanoWeb\",\"url\":\"https:\\\/\\\/archiviocassano.lavocedelpaese.info\\\/\",\"logo\":{\"@type\":\"ImageObject\",\"inLanguage\":\"it-IT\",\"@id\":\"https:\\\/\\\/archiviocassano.lavocedelpaese.info\\\/#\\\/schema\\\/logo\\\/image\\\/\",\"url\":\"https:\\\/\\\/archiviocassano.lavocedelpaese.info\\\/wp-content\\\/uploads\\\/2024\\\/08\\\/logo-rosso-2.png\",\"contentUrl\":\"https:\\\/\\\/archiviocassano.lavocedelpaese.info\\\/wp-content\\\/uploads\\\/2024\\\/08\\\/logo-rosso-2.png\",\"width\":491,\"height\":432,\"caption\":\"Archivio CassanoWeb\"},\"image\":{\"@id\":\"https:\\\/\\\/archiviocassano.lavocedelpaese.info\\\/#\\\/schema\\\/logo\\\/image\\\/\"},\"sameAs\":[\"https:\\\/\\\/www.facebook.com\\\/redazione.cassanoweb\"]},{\"@type\":\"Person\",\"@id\":\"https:\\\/\\\/archiviocassano.lavocedelpaese.info\\\/#\\\/schema\\\/person\\\/df195bc79a9b4c35127cf005f92e041b\",\"name\":\"admin\",\"image\":{\"@type\":\"ImageObject\",\"inLanguage\":\"it-IT\",\"@id\":\"https:\\\/\\\/secure.gravatar.com\\\/avatar\\\/eabba89a432e8eaa1b0207cc55f7e5340b22712b1ed80677efcf63e02ff5b235?s=96&d=mm&r=g\",\"url\":\"https:\\\/\\\/secure.gravatar.com\\\/avatar\\\/eabba89a432e8eaa1b0207cc55f7e5340b22712b1ed80677efcf63e02ff5b235?s=96&d=mm&r=g\",\"contentUrl\":\"https:\\\/\\\/secure.gravatar.com\\\/avatar\\\/eabba89a432e8eaa1b0207cc55f7e5340b22712b1ed80677efcf63e02ff5b235?s=96&d=mm&r=g\",\"caption\":\"admin\"},\"sameAs\":[\"https:\\\/\\\/archiviocassano.lavocedelpaese.info\"],\"url\":\"https:\\\/\\\/archiviocassano.lavocedelpaese.info\\\/index.php\\\/author\\\/admin_0qgz1xdp\\\/\"}]}<\/script>\n<!-- \/ Yoast SEO plugin. -->","yoast_head_json":{"title":"La Godelli a Cassano presenta il \"Dossier Intercultura\" - Archivio CassanoWeb","robots":{"index":"index","follow":"follow","max-snippet":"max-snippet:-1","max-image-preview":"max-image-preview:large","max-video-preview":"max-video-preview:-1"},"canonical":"https:\/\/archiviocassano.lavocedelpaese.info\/index.php\/2014\/05\/05\/lassessore-regionale-godelli-con-gli-qamici-della-bibliotecaq-presenta-il-qdossier-interculturaq\/","og_locale":"it_IT","og_type":"article","og_title":"La Godelli a Cassano presenta il \"Dossier Intercultura\" - Archivio CassanoWeb","og_url":"https:\/\/archiviocassano.lavocedelpaese.info\/index.php\/2014\/05\/05\/lassessore-regionale-godelli-con-gli-qamici-della-bibliotecaq-presenta-il-qdossier-interculturaq\/","og_site_name":"Archivio CassanoWeb","article_publisher":"https:\/\/www.facebook.com\/redazione.cassanoweb","article_published_time":"2014-05-05T06:33:00+00:00","og_image":[{"width":400,"height":288,"url":"https:\/\/archiviocassano.lavocedelpaese.info\/wp-content\/uploads\/2014\/05\/silvia_godelli.jpg","type":"image\/jpeg"}],"author":"admin","twitter_card":"summary_large_image","twitter_misc":{"Scritto da":"admin","Tempo di lettura stimato":"2 minuti"},"schema":{"@context":"https:\/\/schema.org","@graph":[{"@type":"Article","@id":"https:\/\/archiviocassano.lavocedelpaese.info\/index.php\/2014\/05\/05\/lassessore-regionale-godelli-con-gli-qamici-della-bibliotecaq-presenta-il-qdossier-interculturaq\/#article","isPartOf":{"@id":"https:\/\/archiviocassano.lavocedelpaese.info\/index.php\/2014\/05\/05\/lassessore-regionale-godelli-con-gli-qamici-della-bibliotecaq-presenta-il-qdossier-interculturaq\/"},"author":{"name":"admin","@id":"https:\/\/archiviocassano.lavocedelpaese.info\/#\/schema\/person\/df195bc79a9b4c35127cf005f92e041b"},"headline":"La Godelli a Cassano presenta il &#8220;Dossier Intercultura&#8221;","datePublished":"2014-05-05T06:33:00+00:00","mainEntityOfPage":{"@id":"https:\/\/archiviocassano.lavocedelpaese.info\/index.php\/2014\/05\/05\/lassessore-regionale-godelli-con-gli-qamici-della-bibliotecaq-presenta-il-qdossier-interculturaq\/"},"wordCount":334,"commentCount":0,"publisher":{"@id":"https:\/\/archiviocassano.lavocedelpaese.info\/#organization"},"image":{"@id":"https:\/\/archiviocassano.lavocedelpaese.info\/index.php\/2014\/05\/05\/lassessore-regionale-godelli-con-gli-qamici-della-bibliotecaq-presenta-il-qdossier-interculturaq\/#primaryimage"},"thumbnailUrl":"https:\/\/archiviocassano.lavocedelpaese.info\/wp-content\/uploads\/2014\/05\/silvia_godelli.jpg","articleSection":["Appuntamenti"],"inLanguage":"it-IT","potentialAction":[{"@type":"CommentAction","name":"Comment","target":["https:\/\/archiviocassano.lavocedelpaese.info\/index.php\/2014\/05\/05\/lassessore-regionale-godelli-con-gli-qamici-della-bibliotecaq-presenta-il-qdossier-interculturaq\/#respond"]}]},{"@type":"WebPage","@id":"https:\/\/archiviocassano.lavocedelpaese.info\/index.php\/2014\/05\/05\/lassessore-regionale-godelli-con-gli-qamici-della-bibliotecaq-presenta-il-qdossier-interculturaq\/","url":"https:\/\/archiviocassano.lavocedelpaese.info\/index.php\/2014\/05\/05\/lassessore-regionale-godelli-con-gli-qamici-della-bibliotecaq-presenta-il-qdossier-interculturaq\/","name":"La Godelli a Cassano presenta il \"Dossier Intercultura\" - Archivio CassanoWeb","isPartOf":{"@id":"https:\/\/archiviocassano.lavocedelpaese.info\/#website"},"primaryImageOfPage":{"@id":"https:\/\/archiviocassano.lavocedelpaese.info\/index.php\/2014\/05\/05\/lassessore-regionale-godelli-con-gli-qamici-della-bibliotecaq-presenta-il-qdossier-interculturaq\/#primaryimage"},"image":{"@id":"https:\/\/archiviocassano.lavocedelpaese.info\/index.php\/2014\/05\/05\/lassessore-regionale-godelli-con-gli-qamici-della-bibliotecaq-presenta-il-qdossier-interculturaq\/#primaryimage"},"thumbnailUrl":"https:\/\/archiviocassano.lavocedelpaese.info\/wp-content\/uploads\/2014\/05\/silvia_godelli.jpg","datePublished":"2014-05-05T06:33:00+00:00","breadcrumb":{"@id":"https:\/\/archiviocassano.lavocedelpaese.info\/index.php\/2014\/05\/05\/lassessore-regionale-godelli-con-gli-qamici-della-bibliotecaq-presenta-il-qdossier-interculturaq\/#breadcrumb"},"inLanguage":"it-IT","potentialAction":[{"@type":"ReadAction","target":["https:\/\/archiviocassano.lavocedelpaese.info\/index.php\/2014\/05\/05\/lassessore-regionale-godelli-con-gli-qamici-della-bibliotecaq-presenta-il-qdossier-interculturaq\/"]}]},{"@type":"ImageObject","inLanguage":"it-IT","@id":"https:\/\/archiviocassano.lavocedelpaese.info\/index.php\/2014\/05\/05\/lassessore-regionale-godelli-con-gli-qamici-della-bibliotecaq-presenta-il-qdossier-interculturaq\/#primaryimage","url":"https:\/\/archiviocassano.lavocedelpaese.info\/wp-content\/uploads\/2014\/05\/silvia_godelli.jpg","contentUrl":"https:\/\/archiviocassano.lavocedelpaese.info\/wp-content\/uploads\/2014\/05\/silvia_godelli.jpg","width":400,"height":288,"caption":"silvia godelli"},{"@type":"BreadcrumbList","@id":"https:\/\/archiviocassano.lavocedelpaese.info\/index.php\/2014\/05\/05\/lassessore-regionale-godelli-con-gli-qamici-della-bibliotecaq-presenta-il-qdossier-interculturaq\/#breadcrumb","itemListElement":[{"@type":"ListItem","position":1,"name":"Home","item":"https:\/\/archiviocassano.lavocedelpaese.info\/"},{"@type":"ListItem","position":2,"name":"La Godelli a Cassano presenta il &#8220;Dossier Intercultura&#8221;"}]},{"@type":"WebSite","@id":"https:\/\/archiviocassano.lavocedelpaese.info\/#website","url":"https:\/\/archiviocassano.lavocedelpaese.info\/","name":"Archivio CassanoWeb","description":"La Voce del Paese - un network di idee","publisher":{"@id":"https:\/\/archiviocassano.lavocedelpaese.info\/#organization"},"potentialAction":[{"@type":"SearchAction","target":{"@type":"EntryPoint","urlTemplate":"https:\/\/archiviocassano.lavocedelpaese.info\/?s={search_term_string}"},"query-input":{"@type":"PropertyValueSpecification","valueRequired":true,"valueName":"search_term_string"}}],"inLanguage":"it-IT"},{"@type":"Organization","@id":"https:\/\/archiviocassano.lavocedelpaese.info\/#organization","name":"Archivio CassanoWeb","url":"https:\/\/archiviocassano.lavocedelpaese.info\/","logo":{"@type":"ImageObject","inLanguage":"it-IT","@id":"https:\/\/archiviocassano.lavocedelpaese.info\/#\/schema\/logo\/image\/","url":"https:\/\/archiviocassano.lavocedelpaese.info\/wp-content\/uploads\/2024\/08\/logo-rosso-2.png","contentUrl":"https:\/\/archiviocassano.lavocedelpaese.info\/wp-content\/uploads\/2024\/08\/logo-rosso-2.png","width":491,"height":432,"caption":"Archivio CassanoWeb"},"image":{"@id":"https:\/\/archiviocassano.lavocedelpaese.info\/#\/schema\/logo\/image\/"},"sameAs":["https:\/\/www.facebook.com\/redazione.cassanoweb"]},{"@type":"Person","@id":"https:\/\/archiviocassano.lavocedelpaese.info\/#\/schema\/person\/df195bc79a9b4c35127cf005f92e041b","name":"admin","image":{"@type":"ImageObject","inLanguage":"it-IT","@id":"https:\/\/secure.gravatar.com\/avatar\/eabba89a432e8eaa1b0207cc55f7e5340b22712b1ed80677efcf63e02ff5b235?s=96&d=mm&r=g","url":"https:\/\/secure.gravatar.com\/avatar\/eabba89a432e8eaa1b0207cc55f7e5340b22712b1ed80677efcf63e02ff5b235?s=96&d=mm&r=g","contentUrl":"https:\/\/secure.gravatar.com\/avatar\/eabba89a432e8eaa1b0207cc55f7e5340b22712b1ed80677efcf63e02ff5b235?s=96&d=mm&r=g","caption":"admin"},"sameAs":["https:\/\/archiviocassano.lavocedelpaese.info"],"url":"https:\/\/archiviocassano.lavocedelpaese.info\/index.php\/author\/admin_0qgz1xdp\/"}]}},"_links":{"self":[{"href":"https:\/\/archiviocassano.lavocedelpaese.info\/index.php\/wp-json\/wp\/v2\/posts\/9059","targetHints":{"allow":["GET"]}}],"collection":[{"href":"https:\/\/archiviocassano.lavocedelpaese.info\/index.php\/wp-json\/wp\/v2\/posts"}],"about":[{"href":"https:\/\/archiviocassano.lavocedelpaese.info\/index.php\/wp-json\/wp\/v2\/types\/post"}],"author":[{"embeddable":true,"href":"https:\/\/archiviocassano.lavocedelpaese.info\/index.php\/wp-json\/wp\/v2\/users\/1"}],"replies":[{"embeddable":true,"href":"https:\/\/archiviocassano.lavocedelpaese.info\/index.php\/wp-json\/wp\/v2\/comments?post=9059"}],"version-history":[{"count":0,"href":"https:\/\/archiviocassano.lavocedelpaese.info\/index.php\/wp-json\/wp\/v2\/posts\/9059\/revisions"}],"wp:featuredmedia":[{"embeddable":true,"href":"https:\/\/archiviocassano.lavocedelpaese.info\/index.php\/wp-json\/wp\/v2\/media\/9058"}],"wp:attachment":[{"href":"https:\/\/archiviocassano.lavocedelpaese.info\/index.php\/wp-json\/wp\/v2\/media?parent=9059"}],"wp:term":[{"taxonomy":"category","embeddable":true,"href":"https:\/\/archiviocassano.lavocedelpaese.info\/index.php\/wp-json\/wp\/v2\/categories?post=9059"},{"taxonomy":"post_tag","embeddable":true,"href":"https:\/\/archiviocassano.lavocedelpaese.info\/index.php\/wp-json\/wp\/v2\/tags?post=9059"}],"curies":[{"name":"wp","href":"https:\/\/api.w.org\/{rel}","templated":true}]}}