{"id":9132,"date":"2014-05-12T14:56:57","date_gmt":"2014-05-12T14:56:57","guid":{"rendered":"https:\/\/archiviocassano.lavocedelpaese.info\/index.php\/2014\/05\/12\/antonella-laricchia-movimento-5-stelle-basta-con-leuropa-degli-interessi\/"},"modified":"2014-05-12T14:56:57","modified_gmt":"2014-05-12T14:56:57","slug":"antonella-laricchia-movimento-5-stelle-basta-con-leuropa-degli-interessi","status":"publish","type":"post","link":"https:\/\/archiviocassano.lavocedelpaese.info\/index.php\/2014\/05\/12\/antonella-laricchia-movimento-5-stelle-basta-con-leuropa-degli-interessi\/","title":{"rendered":"Laricchia (M5S): \u201cbasta con l\u2019Europa degli interessi\u201d"},"content":{"rendered":"<p style=\"text-align: justify;\"><img loading=\"lazy\" decoding=\"async\" class=\" size-full wp-image-9131\" alt=\"laricchia grande\" src=\"https:\/\/archiviocassano.lavocedelpaese.info\/wp-content\/uploads\/2014\/05\/laricchia_grande.jpg\" height=\"150\" width=\"320\" \/><\/p>\n<p><!--more--><\/p>\n<p><i>\u201cSe 80 euro bastano per fare la spesa per due settimane, dunque con 160 euro si campa un mese, che ci fa la Picerno con uno stipendio mensile da parlamentare di 14mila euro?\u201d.<\/i><\/p>\n<p style=\"text-align: justify;\"><strong>Antonella Laricchia<\/strong>, del Movimento 5 Stelle, sceglie la sua rivale delle liste del Pd &nbsp;e le sue improvvide dichiarazioni per rompere il ghiaccio del comizio che ieri mattina (con forte ritardo) ha tenuto in piazza Garibaldi.<\/p>\n<p style=\"text-align: justify;\">La candidata al Parlamento Europe per le elezioni del 25 maggio, adelfiese, 26enne studentessa di Architettura, comincia cos\u00ec una lunga cavalcata sulle ragioni che l\u2019hanno portata a candidarsi con il Movimento e su quello che far\u00e0, assieme ai suoi colleghi, in caso di vittoria, sempre sottolineando l\u2019importanza di queste elezioni \u201cle pi\u00f9 politiche nella pur breve storia dell\u2019Europa unita\u201d, le ha definite pi\u00f9 d\u2019uno.<\/p>\n<p style=\"text-align: justify;\"><i>\u201cOramai tutto passa dall\u2019Europa<\/i> \u2013 ha detto la Laricchia \u2013 <i>e chi sta alla finestra, chi dice di non&nbsp; volerne sapere nulla, sbaglia d grosso perch\u00e9 ci\u00f2 che Bruxelles decide, ha riflessi diretti sulla nostra vita: dal lavoro alle tasse, dalla scuola al cibo\u201d.<\/i><\/p>\n<p style=\"text-align: justify;\">A tal proposito la candidata del M5S fa un pratico esempio, parlando della \u201c<strong>battaglia del grano\u201d<\/strong> scoppiata in Europa nel novembre scorso. &nbsp;\u201c<em>In Italia, in Europa il grano che contiene <a target=\"_blank\" href=\"http:\/\/www.altroconsumo.it\/alimentazione\/sicurezza-alimentare\/news\/micotossine-il-pericolo-per-la-salute-ce?zanpid=1840854242488124417\" rel=\"noopener\">oltre 1000 micotossine in parti per miliardo viene buttato<\/a>; in Canada tale limite \u00e8 molto pi\u00f9 alto (1750) e attraverso un Regolamento voluto dall\u2019Europa diventa &nbsp;buono per la esportazione: lo portano in Italia, in Europa per produrre pane, pasta e biscotti, anche per i bambini\u201d.<\/em><\/p>\n<p>Chi ha sottoscritto quegli accordi <a target=\"_blank\" href=\"http:\/\/cetri-tires.org\/press\/2013\/le-micotossine-nella-pasta-e-la-questione-del-grano-estero-intervista-ad-angelo-consoli-su-tagpress-it\/?lang=it\" rel=\"noopener\">deleteri per l\u2019agricoltura europea e per la produzione italiana?<\/a> Chi non \u00e8 stato ad ascoltare i produttori di grano del nostro Sud? \u201c<i>Paolo De Castro, pugliese del Pd, &nbsp;Ministro dell\u2019Agricoltura con D\u2019Alema e Commissario all\u2019Agricoltura in UE\u201d<\/i> spiega la Laricchia \u201c<i>che come tanti suoi compari non guarda pi\u00f9 al bene comune ma agli interesse delle grandi multinazionali, delle lobby che infestano il Palazzo, i luoghi dove si decide\u201d.<\/i> &nbsp;De Castro \u00e8 nuovamente candidato in Europa per io Pd.<\/p>\n<p style=\"text-align: justify;\"><i>\u201cCi hanno raccontato un mondo<\/i> \u2013 continua la Laricchia \u2013 <i>in cui destra e sinistra, operai e imprenditori, poveri e ricchi erano su fronti contrapposti: ma si trattava di menzogne: quello in cui \u00e8 davvero diviso il nostro mondo \u00e8 fra cittadini e coloro che detengono il potere di decidere sulla vita di essi\u201d.<\/i><\/p>\n<p style=\"text-align: justify;\">Ecco perch\u00e9 votare alle europee \u00e8 essenziale: diamo all\u2019Europa, come Stato italiano, circa 14 miliardi di euro l\u2019anno e ce ne ritornano, sotto forme di sussidi, aiuti, investimenti, circa 8: \u201c<i>noi vogliamo andare a vedere dove finiscono gli altri 6 miliardi che mancano all\u2019appello\u201d <\/i>dice la Laricchia, auspicando una operazione apriscatole come quella che il Movimento sta compiendo sui Palazzi Romani dove coloro che nulla centrano con la politica decidono, per\u00f2, dei destini del Paese: lobbisti, multinazionali, interessi finanziari.<\/p>\n<p style=\"text-align: justify;\"><i>\u201cLa verit\u00e0<\/i>&nbsp; &#8211; \u00e8 il parere della candidata del Movimento \u2013 <i>\u00e8 che in Europa la voce dei parlamentari italiani \u00e8 sempre stata flebile, a volte non si \u00e8 ascoltata affatto visto che sono tra i pi\u00f9 assenteisti\u2026.e anche quelli che ora si propongono di andare in Europa a portare gli interessi dei cittadini, mentono. Da Raffaele Fitto a Pina Picierno dicono che vogliono andare a ridiscutere il \u201cfiscal-compact\u201d dopo che nell\u2019estate di due anni fa l\u2019hanno approvato e sottoscritto, mentre gli italiani se ne stavano in vacanza, costringendo il nostro Paese ad un futuro di tagli enormi alla spesa pubblica\u2026.e si badi: tagli, non risparmi\u2026..\u201d.<\/i><\/p>\n<p style=\"text-align: justify;\">Antonella Laricchia ha poi concluso invitando i, peraltro pochi, presenti a sostenere il Movimento 5 Stelle ma non solo con il voto: \u201c<i>Basta con le deleghe, basta con il votare e disinteressarsi di quel che avviene: non ci interessa chi vota e basta, vogliamo far s\u00ec che ognuno riprenda il destino fra le proprie mani, quello proprio, quello del suo territorio, quello del suo Paese\u201d.<\/i><\/p>\n<p>&nbsp;<\/p>\n","protected":false},"excerpt":{"rendered":"","protected":false},"author":1,"featured_media":9131,"comment_status":"open","ping_status":"closed","sticky":false,"template":"","format":"standard","meta":{"colormag_page_container_layout":"default_layout","colormag_page_sidebar_layout":"default_layout","footnotes":""},"categories":[4],"tags":[],"class_list":["post-9132","post","type-post","status-publish","format-standard","has-post-thumbnail","hentry","category-politica"],"yoast_head":"<!-- This site is optimized with the Yoast SEO plugin v27.5 - https:\/\/yoast.com\/product\/yoast-seo-wordpress\/ -->\n<title>Laricchia (M5S): \u201cbasta con l\u2019Europa degli interessi\u201d - Archivio CassanoWeb<\/title>\n<meta name=\"robots\" content=\"index, follow, max-snippet:-1, max-image-preview:large, max-video-preview:-1\" \/>\n<link rel=\"canonical\" href=\"https:\/\/archiviocassano.lavocedelpaese.info\/index.php\/2014\/05\/12\/antonella-laricchia-movimento-5-stelle-basta-con-leuropa-degli-interessi\/\" \/>\n<meta property=\"og:locale\" content=\"it_IT\" \/>\n<meta property=\"og:type\" content=\"article\" \/>\n<meta property=\"og:title\" content=\"Laricchia (M5S): \u201cbasta con l\u2019Europa degli interessi\u201d - Archivio CassanoWeb\" \/>\n<meta property=\"og:url\" content=\"https:\/\/archiviocassano.lavocedelpaese.info\/index.php\/2014\/05\/12\/antonella-laricchia-movimento-5-stelle-basta-con-leuropa-degli-interessi\/\" \/>\n<meta property=\"og:site_name\" content=\"Archivio CassanoWeb\" \/>\n<meta property=\"article:publisher\" content=\"https:\/\/www.facebook.com\/redazione.cassanoweb\" \/>\n<meta property=\"article:published_time\" content=\"2014-05-12T14:56:57+00:00\" \/>\n<meta property=\"og:image\" content=\"https:\/\/archiviocassano.lavocedelpaese.info\/wp-content\/uploads\/2014\/05\/laricchia_grande.jpg\" \/>\n\t<meta property=\"og:image:width\" content=\"600\" \/>\n\t<meta property=\"og:image:height\" content=\"450\" \/>\n\t<meta property=\"og:image:type\" content=\"image\/jpeg\" \/>\n<meta name=\"author\" content=\"admin\" \/>\n<meta name=\"twitter:card\" content=\"summary_large_image\" \/>\n<meta name=\"twitter:label1\" content=\"Scritto da\" \/>\n\t<meta name=\"twitter:data1\" content=\"admin\" \/>\n\t<meta name=\"twitter:label2\" content=\"Tempo di lettura stimato\" \/>\n\t<meta name=\"twitter:data2\" content=\"3 minuti\" \/>\n<script type=\"application\/ld+json\" class=\"yoast-schema-graph\">{\"@context\":\"https:\\\/\\\/schema.org\",\"@graph\":[{\"@type\":\"Article\",\"@id\":\"https:\\\/\\\/archiviocassano.lavocedelpaese.info\\\/index.php\\\/2014\\\/05\\\/12\\\/antonella-laricchia-movimento-5-stelle-basta-con-leuropa-degli-interessi\\\/#article\",\"isPartOf\":{\"@id\":\"https:\\\/\\\/archiviocassano.lavocedelpaese.info\\\/index.php\\\/2014\\\/05\\\/12\\\/antonella-laricchia-movimento-5-stelle-basta-con-leuropa-degli-interessi\\\/\"},\"author\":{\"name\":\"admin\",\"@id\":\"https:\\\/\\\/archiviocassano.lavocedelpaese.info\\\/#\\\/schema\\\/person\\\/df195bc79a9b4c35127cf005f92e041b\"},\"headline\":\"Laricchia (M5S): \u201cbasta con l\u2019Europa degli interessi\u201d\",\"datePublished\":\"2014-05-12T14:56:57+00:00\",\"mainEntityOfPage\":{\"@id\":\"https:\\\/\\\/archiviocassano.lavocedelpaese.info\\\/index.php\\\/2014\\\/05\\\/12\\\/antonella-laricchia-movimento-5-stelle-basta-con-leuropa-degli-interessi\\\/\"},\"wordCount\":649,\"commentCount\":0,\"publisher\":{\"@id\":\"https:\\\/\\\/archiviocassano.lavocedelpaese.info\\\/#organization\"},\"image\":{\"@id\":\"https:\\\/\\\/archiviocassano.lavocedelpaese.info\\\/index.php\\\/2014\\\/05\\\/12\\\/antonella-laricchia-movimento-5-stelle-basta-con-leuropa-degli-interessi\\\/#primaryimage\"},\"thumbnailUrl\":\"https:\\\/\\\/archiviocassano.lavocedelpaese.info\\\/wp-content\\\/uploads\\\/2014\\\/05\\\/laricchia_grande.jpg\",\"articleSection\":[\"Politica\"],\"inLanguage\":\"it-IT\",\"potentialAction\":[{\"@type\":\"CommentAction\",\"name\":\"Comment\",\"target\":[\"https:\\\/\\\/archiviocassano.lavocedelpaese.info\\\/index.php\\\/2014\\\/05\\\/12\\\/antonella-laricchia-movimento-5-stelle-basta-con-leuropa-degli-interessi\\\/#respond\"]}]},{\"@type\":\"WebPage\",\"@id\":\"https:\\\/\\\/archiviocassano.lavocedelpaese.info\\\/index.php\\\/2014\\\/05\\\/12\\\/antonella-laricchia-movimento-5-stelle-basta-con-leuropa-degli-interessi\\\/\",\"url\":\"https:\\\/\\\/archiviocassano.lavocedelpaese.info\\\/index.php\\\/2014\\\/05\\\/12\\\/antonella-laricchia-movimento-5-stelle-basta-con-leuropa-degli-interessi\\\/\",\"name\":\"Laricchia (M5S): \u201cbasta con l\u2019Europa degli interessi\u201d - Archivio CassanoWeb\",\"isPartOf\":{\"@id\":\"https:\\\/\\\/archiviocassano.lavocedelpaese.info\\\/#website\"},\"primaryImageOfPage\":{\"@id\":\"https:\\\/\\\/archiviocassano.lavocedelpaese.info\\\/index.php\\\/2014\\\/05\\\/12\\\/antonella-laricchia-movimento-5-stelle-basta-con-leuropa-degli-interessi\\\/#primaryimage\"},\"image\":{\"@id\":\"https:\\\/\\\/archiviocassano.lavocedelpaese.info\\\/index.php\\\/2014\\\/05\\\/12\\\/antonella-laricchia-movimento-5-stelle-basta-con-leuropa-degli-interessi\\\/#primaryimage\"},\"thumbnailUrl\":\"https:\\\/\\\/archiviocassano.lavocedelpaese.info\\\/wp-content\\\/uploads\\\/2014\\\/05\\\/laricchia_grande.jpg\",\"datePublished\":\"2014-05-12T14:56:57+00:00\",\"breadcrumb\":{\"@id\":\"https:\\\/\\\/archiviocassano.lavocedelpaese.info\\\/index.php\\\/2014\\\/05\\\/12\\\/antonella-laricchia-movimento-5-stelle-basta-con-leuropa-degli-interessi\\\/#breadcrumb\"},\"inLanguage\":\"it-IT\",\"potentialAction\":[{\"@type\":\"ReadAction\",\"target\":[\"https:\\\/\\\/archiviocassano.lavocedelpaese.info\\\/index.php\\\/2014\\\/05\\\/12\\\/antonella-laricchia-movimento-5-stelle-basta-con-leuropa-degli-interessi\\\/\"]}]},{\"@type\":\"ImageObject\",\"inLanguage\":\"it-IT\",\"@id\":\"https:\\\/\\\/archiviocassano.lavocedelpaese.info\\\/index.php\\\/2014\\\/05\\\/12\\\/antonella-laricchia-movimento-5-stelle-basta-con-leuropa-degli-interessi\\\/#primaryimage\",\"url\":\"https:\\\/\\\/archiviocassano.lavocedelpaese.info\\\/wp-content\\\/uploads\\\/2014\\\/05\\\/laricchia_grande.jpg\",\"contentUrl\":\"https:\\\/\\\/archiviocassano.lavocedelpaese.info\\\/wp-content\\\/uploads\\\/2014\\\/05\\\/laricchia_grande.jpg\",\"width\":600,\"height\":450,\"caption\":\"laricchia grande\"},{\"@type\":\"BreadcrumbList\",\"@id\":\"https:\\\/\\\/archiviocassano.lavocedelpaese.info\\\/index.php\\\/2014\\\/05\\\/12\\\/antonella-laricchia-movimento-5-stelle-basta-con-leuropa-degli-interessi\\\/#breadcrumb\",\"itemListElement\":[{\"@type\":\"ListItem\",\"position\":1,\"name\":\"Home\",\"item\":\"https:\\\/\\\/archiviocassano.lavocedelpaese.info\\\/\"},{\"@type\":\"ListItem\",\"position\":2,\"name\":\"Laricchia (M5S): \u201cbasta con l\u2019Europa degli interessi\u201d\"}]},{\"@type\":\"WebSite\",\"@id\":\"https:\\\/\\\/archiviocassano.lavocedelpaese.info\\\/#website\",\"url\":\"https:\\\/\\\/archiviocassano.lavocedelpaese.info\\\/\",\"name\":\"Archivio CassanoWeb\",\"description\":\"La Voce del Paese - un network di idee\",\"publisher\":{\"@id\":\"https:\\\/\\\/archiviocassano.lavocedelpaese.info\\\/#organization\"},\"potentialAction\":[{\"@type\":\"SearchAction\",\"target\":{\"@type\":\"EntryPoint\",\"urlTemplate\":\"https:\\\/\\\/archiviocassano.lavocedelpaese.info\\\/?s={search_term_string}\"},\"query-input\":{\"@type\":\"PropertyValueSpecification\",\"valueRequired\":true,\"valueName\":\"search_term_string\"}}],\"inLanguage\":\"it-IT\"},{\"@type\":\"Organization\",\"@id\":\"https:\\\/\\\/archiviocassano.lavocedelpaese.info\\\/#organization\",\"name\":\"Archivio CassanoWeb\",\"url\":\"https:\\\/\\\/archiviocassano.lavocedelpaese.info\\\/\",\"logo\":{\"@type\":\"ImageObject\",\"inLanguage\":\"it-IT\",\"@id\":\"https:\\\/\\\/archiviocassano.lavocedelpaese.info\\\/#\\\/schema\\\/logo\\\/image\\\/\",\"url\":\"https:\\\/\\\/archiviocassano.lavocedelpaese.info\\\/wp-content\\\/uploads\\\/2024\\\/08\\\/logo-rosso-2.png\",\"contentUrl\":\"https:\\\/\\\/archiviocassano.lavocedelpaese.info\\\/wp-content\\\/uploads\\\/2024\\\/08\\\/logo-rosso-2.png\",\"width\":491,\"height\":432,\"caption\":\"Archivio CassanoWeb\"},\"image\":{\"@id\":\"https:\\\/\\\/archiviocassano.lavocedelpaese.info\\\/#\\\/schema\\\/logo\\\/image\\\/\"},\"sameAs\":[\"https:\\\/\\\/www.facebook.com\\\/redazione.cassanoweb\"]},{\"@type\":\"Person\",\"@id\":\"https:\\\/\\\/archiviocassano.lavocedelpaese.info\\\/#\\\/schema\\\/person\\\/df195bc79a9b4c35127cf005f92e041b\",\"name\":\"admin\",\"image\":{\"@type\":\"ImageObject\",\"inLanguage\":\"it-IT\",\"@id\":\"https:\\\/\\\/secure.gravatar.com\\\/avatar\\\/eabba89a432e8eaa1b0207cc55f7e5340b22712b1ed80677efcf63e02ff5b235?s=96&d=mm&r=g\",\"url\":\"https:\\\/\\\/secure.gravatar.com\\\/avatar\\\/eabba89a432e8eaa1b0207cc55f7e5340b22712b1ed80677efcf63e02ff5b235?s=96&d=mm&r=g\",\"contentUrl\":\"https:\\\/\\\/secure.gravatar.com\\\/avatar\\\/eabba89a432e8eaa1b0207cc55f7e5340b22712b1ed80677efcf63e02ff5b235?s=96&d=mm&r=g\",\"caption\":\"admin\"},\"sameAs\":[\"https:\\\/\\\/archiviocassano.lavocedelpaese.info\"],\"url\":\"https:\\\/\\\/archiviocassano.lavocedelpaese.info\\\/index.php\\\/author\\\/admin_0qgz1xdp\\\/\"}]}<\/script>\n<!-- \/ Yoast SEO plugin. -->","yoast_head_json":{"title":"Laricchia (M5S): \u201cbasta con l\u2019Europa degli interessi\u201d - Archivio CassanoWeb","robots":{"index":"index","follow":"follow","max-snippet":"max-snippet:-1","max-image-preview":"max-image-preview:large","max-video-preview":"max-video-preview:-1"},"canonical":"https:\/\/archiviocassano.lavocedelpaese.info\/index.php\/2014\/05\/12\/antonella-laricchia-movimento-5-stelle-basta-con-leuropa-degli-interessi\/","og_locale":"it_IT","og_type":"article","og_title":"Laricchia (M5S): \u201cbasta con l\u2019Europa degli interessi\u201d - Archivio CassanoWeb","og_url":"https:\/\/archiviocassano.lavocedelpaese.info\/index.php\/2014\/05\/12\/antonella-laricchia-movimento-5-stelle-basta-con-leuropa-degli-interessi\/","og_site_name":"Archivio CassanoWeb","article_publisher":"https:\/\/www.facebook.com\/redazione.cassanoweb","article_published_time":"2014-05-12T14:56:57+00:00","og_image":[{"width":600,"height":450,"url":"https:\/\/archiviocassano.lavocedelpaese.info\/wp-content\/uploads\/2014\/05\/laricchia_grande.jpg","type":"image\/jpeg"}],"author":"admin","twitter_card":"summary_large_image","twitter_misc":{"Scritto da":"admin","Tempo di lettura stimato":"3 minuti"},"schema":{"@context":"https:\/\/schema.org","@graph":[{"@type":"Article","@id":"https:\/\/archiviocassano.lavocedelpaese.info\/index.php\/2014\/05\/12\/antonella-laricchia-movimento-5-stelle-basta-con-leuropa-degli-interessi\/#article","isPartOf":{"@id":"https:\/\/archiviocassano.lavocedelpaese.info\/index.php\/2014\/05\/12\/antonella-laricchia-movimento-5-stelle-basta-con-leuropa-degli-interessi\/"},"author":{"name":"admin","@id":"https:\/\/archiviocassano.lavocedelpaese.info\/#\/schema\/person\/df195bc79a9b4c35127cf005f92e041b"},"headline":"Laricchia (M5S): \u201cbasta con l\u2019Europa degli interessi\u201d","datePublished":"2014-05-12T14:56:57+00:00","mainEntityOfPage":{"@id":"https:\/\/archiviocassano.lavocedelpaese.info\/index.php\/2014\/05\/12\/antonella-laricchia-movimento-5-stelle-basta-con-leuropa-degli-interessi\/"},"wordCount":649,"commentCount":0,"publisher":{"@id":"https:\/\/archiviocassano.lavocedelpaese.info\/#organization"},"image":{"@id":"https:\/\/archiviocassano.lavocedelpaese.info\/index.php\/2014\/05\/12\/antonella-laricchia-movimento-5-stelle-basta-con-leuropa-degli-interessi\/#primaryimage"},"thumbnailUrl":"https:\/\/archiviocassano.lavocedelpaese.info\/wp-content\/uploads\/2014\/05\/laricchia_grande.jpg","articleSection":["Politica"],"inLanguage":"it-IT","potentialAction":[{"@type":"CommentAction","name":"Comment","target":["https:\/\/archiviocassano.lavocedelpaese.info\/index.php\/2014\/05\/12\/antonella-laricchia-movimento-5-stelle-basta-con-leuropa-degli-interessi\/#respond"]}]},{"@type":"WebPage","@id":"https:\/\/archiviocassano.lavocedelpaese.info\/index.php\/2014\/05\/12\/antonella-laricchia-movimento-5-stelle-basta-con-leuropa-degli-interessi\/","url":"https:\/\/archiviocassano.lavocedelpaese.info\/index.php\/2014\/05\/12\/antonella-laricchia-movimento-5-stelle-basta-con-leuropa-degli-interessi\/","name":"Laricchia (M5S): \u201cbasta con l\u2019Europa degli interessi\u201d - Archivio CassanoWeb","isPartOf":{"@id":"https:\/\/archiviocassano.lavocedelpaese.info\/#website"},"primaryImageOfPage":{"@id":"https:\/\/archiviocassano.lavocedelpaese.info\/index.php\/2014\/05\/12\/antonella-laricchia-movimento-5-stelle-basta-con-leuropa-degli-interessi\/#primaryimage"},"image":{"@id":"https:\/\/archiviocassano.lavocedelpaese.info\/index.php\/2014\/05\/12\/antonella-laricchia-movimento-5-stelle-basta-con-leuropa-degli-interessi\/#primaryimage"},"thumbnailUrl":"https:\/\/archiviocassano.lavocedelpaese.info\/wp-content\/uploads\/2014\/05\/laricchia_grande.jpg","datePublished":"2014-05-12T14:56:57+00:00","breadcrumb":{"@id":"https:\/\/archiviocassano.lavocedelpaese.info\/index.php\/2014\/05\/12\/antonella-laricchia-movimento-5-stelle-basta-con-leuropa-degli-interessi\/#breadcrumb"},"inLanguage":"it-IT","potentialAction":[{"@type":"ReadAction","target":["https:\/\/archiviocassano.lavocedelpaese.info\/index.php\/2014\/05\/12\/antonella-laricchia-movimento-5-stelle-basta-con-leuropa-degli-interessi\/"]}]},{"@type":"ImageObject","inLanguage":"it-IT","@id":"https:\/\/archiviocassano.lavocedelpaese.info\/index.php\/2014\/05\/12\/antonella-laricchia-movimento-5-stelle-basta-con-leuropa-degli-interessi\/#primaryimage","url":"https:\/\/archiviocassano.lavocedelpaese.info\/wp-content\/uploads\/2014\/05\/laricchia_grande.jpg","contentUrl":"https:\/\/archiviocassano.lavocedelpaese.info\/wp-content\/uploads\/2014\/05\/laricchia_grande.jpg","width":600,"height":450,"caption":"laricchia grande"},{"@type":"BreadcrumbList","@id":"https:\/\/archiviocassano.lavocedelpaese.info\/index.php\/2014\/05\/12\/antonella-laricchia-movimento-5-stelle-basta-con-leuropa-degli-interessi\/#breadcrumb","itemListElement":[{"@type":"ListItem","position":1,"name":"Home","item":"https:\/\/archiviocassano.lavocedelpaese.info\/"},{"@type":"ListItem","position":2,"name":"Laricchia (M5S): \u201cbasta con l\u2019Europa degli interessi\u201d"}]},{"@type":"WebSite","@id":"https:\/\/archiviocassano.lavocedelpaese.info\/#website","url":"https:\/\/archiviocassano.lavocedelpaese.info\/","name":"Archivio CassanoWeb","description":"La Voce del Paese - un network di idee","publisher":{"@id":"https:\/\/archiviocassano.lavocedelpaese.info\/#organization"},"potentialAction":[{"@type":"SearchAction","target":{"@type":"EntryPoint","urlTemplate":"https:\/\/archiviocassano.lavocedelpaese.info\/?s={search_term_string}"},"query-input":{"@type":"PropertyValueSpecification","valueRequired":true,"valueName":"search_term_string"}}],"inLanguage":"it-IT"},{"@type":"Organization","@id":"https:\/\/archiviocassano.lavocedelpaese.info\/#organization","name":"Archivio CassanoWeb","url":"https:\/\/archiviocassano.lavocedelpaese.info\/","logo":{"@type":"ImageObject","inLanguage":"it-IT","@id":"https:\/\/archiviocassano.lavocedelpaese.info\/#\/schema\/logo\/image\/","url":"https:\/\/archiviocassano.lavocedelpaese.info\/wp-content\/uploads\/2024\/08\/logo-rosso-2.png","contentUrl":"https:\/\/archiviocassano.lavocedelpaese.info\/wp-content\/uploads\/2024\/08\/logo-rosso-2.png","width":491,"height":432,"caption":"Archivio CassanoWeb"},"image":{"@id":"https:\/\/archiviocassano.lavocedelpaese.info\/#\/schema\/logo\/image\/"},"sameAs":["https:\/\/www.facebook.com\/redazione.cassanoweb"]},{"@type":"Person","@id":"https:\/\/archiviocassano.lavocedelpaese.info\/#\/schema\/person\/df195bc79a9b4c35127cf005f92e041b","name":"admin","image":{"@type":"ImageObject","inLanguage":"it-IT","@id":"https:\/\/secure.gravatar.com\/avatar\/eabba89a432e8eaa1b0207cc55f7e5340b22712b1ed80677efcf63e02ff5b235?s=96&d=mm&r=g","url":"https:\/\/secure.gravatar.com\/avatar\/eabba89a432e8eaa1b0207cc55f7e5340b22712b1ed80677efcf63e02ff5b235?s=96&d=mm&r=g","contentUrl":"https:\/\/secure.gravatar.com\/avatar\/eabba89a432e8eaa1b0207cc55f7e5340b22712b1ed80677efcf63e02ff5b235?s=96&d=mm&r=g","caption":"admin"},"sameAs":["https:\/\/archiviocassano.lavocedelpaese.info"],"url":"https:\/\/archiviocassano.lavocedelpaese.info\/index.php\/author\/admin_0qgz1xdp\/"}]}},"_links":{"self":[{"href":"https:\/\/archiviocassano.lavocedelpaese.info\/index.php\/wp-json\/wp\/v2\/posts\/9132","targetHints":{"allow":["GET"]}}],"collection":[{"href":"https:\/\/archiviocassano.lavocedelpaese.info\/index.php\/wp-json\/wp\/v2\/posts"}],"about":[{"href":"https:\/\/archiviocassano.lavocedelpaese.info\/index.php\/wp-json\/wp\/v2\/types\/post"}],"author":[{"embeddable":true,"href":"https:\/\/archiviocassano.lavocedelpaese.info\/index.php\/wp-json\/wp\/v2\/users\/1"}],"replies":[{"embeddable":true,"href":"https:\/\/archiviocassano.lavocedelpaese.info\/index.php\/wp-json\/wp\/v2\/comments?post=9132"}],"version-history":[{"count":0,"href":"https:\/\/archiviocassano.lavocedelpaese.info\/index.php\/wp-json\/wp\/v2\/posts\/9132\/revisions"}],"wp:featuredmedia":[{"embeddable":true,"href":"https:\/\/archiviocassano.lavocedelpaese.info\/index.php\/wp-json\/wp\/v2\/media\/9131"}],"wp:attachment":[{"href":"https:\/\/archiviocassano.lavocedelpaese.info\/index.php\/wp-json\/wp\/v2\/media?parent=9132"}],"wp:term":[{"taxonomy":"category","embeddable":true,"href":"https:\/\/archiviocassano.lavocedelpaese.info\/index.php\/wp-json\/wp\/v2\/categories?post=9132"},{"taxonomy":"post_tag","embeddable":true,"href":"https:\/\/archiviocassano.lavocedelpaese.info\/index.php\/wp-json\/wp\/v2\/tags?post=9132"}],"curies":[{"name":"wp","href":"https:\/\/api.w.org\/{rel}","templated":true}]}}