{"id":9152,"date":"2014-05-17T06:00:52","date_gmt":"2014-05-17T06:00:52","guid":{"rendered":"https:\/\/archiviocassano.lavocedelpaese.info\/index.php\/2014\/05\/17\/qviaggio-nella-pedofiliaq-domani-in-piazza-moro\/"},"modified":"2014-05-17T06:00:52","modified_gmt":"2014-05-17T06:00:52","slug":"qviaggio-nella-pedofiliaq-domani-in-piazza-moro","status":"publish","type":"post","link":"https:\/\/archiviocassano.lavocedelpaese.info\/index.php\/2014\/05\/17\/qviaggio-nella-pedofiliaq-domani-in-piazza-moro\/","title":{"rendered":"&#8220;Viaggio nella pedofilia&#8221;: iniziativa in piazza Moro"},"content":{"rendered":"<p style=\"text-align: justify;\"><img loading=\"lazy\" decoding=\"async\" class=\" size-full wp-image-9151\" alt=\"pedofilia piccola copy\" src=\"https:\/\/archiviocassano.lavocedelpaese.info\/wp-content\/uploads\/2014\/05\/pedofilia_piccola_copy.jpg\" height=\"150\" width=\"320\" \/><\/p>\n<p><!--more--><\/p>\n<p style=\"text-align: justify;\">&nbsp;Nasce dall&#8217;incontro fra Rossana Putignano, psicologa, e il geom. Domenico Leccese, Presidente dell&#8217; Associazione Borgo Antico Portasalza Potenza e del Progetto Vittime Sud&nbsp; l&#8217;idea di portare anche&nbsp; a&nbsp; Cassano la testimonianza di Giuseppe Carbone, vittima di due abusi durante l&#8217;infanzia e l&#8217;adolescenza, racchiuso nel libro \u201dParadiso -Inferno Andata e Ritorno-Un viaggio nella pedofilia\u201d. Scrive l&#8217;autore nella prefazione: &#8220;Questo libro \u00e8 dedicato a tutti coloro che si sono ritrovati a scendere nelle viscere pi\u00f9 oscure dell&#8217;Inferno a causa della Pedofilia&#8221; [&#8230;] &#8221; Quest&#8217;opera \u00e8 frutto di un vissuto doloroso che ha segnato per sempre la mia esistenza. Mi rivolgo con affetto a quanti hanno affrontato le mie stesse problematiche, amici virtuali ma amici veri, legati tra di loro da un male oscuro e quasi impronunciabile&#8221;.&nbsp;<\/p>\n<p style=\"text-align: justify;\">L\u2019iniziativa, in collaborazione con Loredana Caporusso, psicologa, e la Pro Loco \u201cLa Murgianella\u201d si terr\u00e0 sabato 17 maggio in piazza Moro a partire dalle ore 10.00 oppure, in caso di maltempo, presso il Cinema \u201cVittoria\u201d<\/p>\n<p style=\"text-align: justify;\">Chi \u00e8 l\u2019autore del libro? Giuseppe Carbone nasce a Tricarico (MT) il 2 Novembre del 1960.Dopo aver ottenuto il diploma al Liceo Linguistico, matura diverse esperienze lavorative in grandi strutture alberghiere a livello mondiale. Vanta un passato di attivista politico: \u00e8 stato consigliere comunale, Presidente di Commissione e Capogruppo di Partito a Potenza.Annovera tra le sue imprese anche la vicepresidenza dei Giovani Imprenditori della Confcommercio. Attualmente \u00e8 un piccolo imprenditore.&nbsp; Dice l&#8217;autore: &#8220;il pedofilo agisce sotto mentite spoglie, carpisce la nostra fiducia, la utilizza a piacimento, lavora al nostro fianco per conquistarsi un lasciapassare con un solo scopo: farci del male&#8221;.<\/p>\n<p style=\"text-align: justify;\">L&#8217;abuso sessuale comporta sempre un abuso psicologico e le ferite che lascia una violenza sessuale sono ben visibili nei nostri ambulatori con una sintomatologia ben precisa, tra cui la diffidenza verso lo psicologo e aspettativa di danno che rende difficile l&#8217;instaurarsi dell&#8217;alleanza terapeutica. Quindi ci rendiamo conto di quanto possa essere arduo anche un percorso di ascolto con le vittime di abuso sessuale. Riteniamo che la prevenzione debba essere soprattutto primaria e rivolta ai bambini e adolescenti la cui personalit\u00e0 non si \u00e8 ancora formata. Nella fattispecie di possibili offese la questione diventa pi\u00f9 complicata, anche perch\u00e9 \u00e8 difficile individuare a priori i casi di pedofilia non conclamati. In questa mattinata ci limiteremo alla divulgazione e all&#8217;informazione, nonch\u00e8 alla diffusione di alcuni numeri verdi utili in caso di bisogno.<\/p>\n<p style=\"text-align: justify;\">\u201cIl tema \u00e8 delicato da discutere \u2013 spiegano le organizzatrici &#8211; soprattutto in presenza dei ragazzi (sono state invitate le scuole medie e i ragazzi del Liceo Scientifico Leonardo da Vinci, le presidi hanno aderito con grande entusiasmo, cosi come l&#8217;amministrazione comunale che si \u00e8 messa da subito a disposizione con il patrocinio dell&#8217;evento). Sono state invitate anche alcune associazioni cassanesi e dei paesi limitrofi. Dal momento che il tema \u00e8 particolare,&nbsp; abbiamo pensato di rendere la mattinata del 17 maggio un po&#8217; pi\u00f9 briosa alternando alla presentazione del libro&nbsp; e all&#8217;intervista di Giuseppe Carbone, alcune esecuzioni canore e strumentali. E&#8217; possibile che ci sia una sorpresa&#8230;&#8230;..Partecipano all&#8217;evento: Angelo de Tommaso con il coro dei bambini della scuola &#8220;Al bosco sonoro&#8221; di Roberto Angiulo, Anna Smaldino e Esmeralda Dibello. Al sax contralto Teresa Cassone; Cinzia Clemente e Doralisa Campanella si cimenteranno nella lettura di alcuni&nbsp; passi del libro. Approfittiamo per ringraziare i commercianti cassanesi per aver aderito con un contributo volontario, per la realizzazione dell&#8217;evento\u201d.<\/p>\n<p style=\"text-align: justify;\">Ci sar\u00e0 anche&nbsp; uno spazio dedicato al &#8220;viaggio nella legalit\u00e0&#8221; con l&#8217;intervista a #damabianca&nbsp; a cura di Maria Giovanna Merola. Partecipano anche Alessio Gravinese e il dj Savio Sanelli alla strumentazione e musica, alla regia Danilo Spagnulo e il cameramen Costantino Freda.<\/p>\n<p style=\"text-align: justify;\">Nel pomeriggio il dibattito proseguir\u00e0, sempre sabato 17 maggio, alle ore 16,00 presso la caffetteria Hansel&amp;Gretel in via Armando Diaz, n. 51.<\/p>\n<p>&nbsp;<\/p>\n","protected":false},"excerpt":{"rendered":"","protected":false},"author":1,"featured_media":9151,"comment_status":"open","ping_status":"closed","sticky":false,"template":"","format":"standard","meta":{"colormag_page_container_layout":"default_layout","colormag_page_sidebar_layout":"default_layout","footnotes":""},"categories":[11],"tags":[],"class_list":["post-9152","post","type-post","status-publish","format-standard","has-post-thumbnail","hentry","category-appuntamenti"],"yoast_head":"<!-- This site is optimized with the Yoast SEO plugin v27.5 - https:\/\/yoast.com\/product\/yoast-seo-wordpress\/ -->\n<title>&quot;Viaggio nella pedofilia&quot;: iniziativa in piazza Moro - Archivio CassanoWeb<\/title>\n<meta name=\"robots\" content=\"index, follow, max-snippet:-1, max-image-preview:large, max-video-preview:-1\" \/>\n<link rel=\"canonical\" href=\"https:\/\/archiviocassano.lavocedelpaese.info\/index.php\/2014\/05\/17\/qviaggio-nella-pedofiliaq-domani-in-piazza-moro\/\" \/>\n<meta property=\"og:locale\" content=\"it_IT\" \/>\n<meta property=\"og:type\" content=\"article\" \/>\n<meta property=\"og:title\" content=\"&quot;Viaggio nella pedofilia&quot;: iniziativa in piazza Moro - Archivio CassanoWeb\" \/>\n<meta property=\"og:url\" content=\"https:\/\/archiviocassano.lavocedelpaese.info\/index.php\/2014\/05\/17\/qviaggio-nella-pedofiliaq-domani-in-piazza-moro\/\" \/>\n<meta property=\"og:site_name\" content=\"Archivio CassanoWeb\" \/>\n<meta property=\"article:publisher\" content=\"https:\/\/www.facebook.com\/redazione.cassanoweb\" \/>\n<meta property=\"article:published_time\" content=\"2014-05-17T06:00:52+00:00\" \/>\n<meta property=\"og:image\" content=\"https:\/\/archiviocassano.lavocedelpaese.info\/wp-content\/uploads\/2014\/05\/pedofilia_piccola_copy.jpg\" \/>\n\t<meta property=\"og:image:width\" content=\"500\" \/>\n\t<meta property=\"og:image:height\" content=\"319\" \/>\n\t<meta property=\"og:image:type\" content=\"image\/jpeg\" \/>\n<meta name=\"author\" content=\"admin\" \/>\n<meta name=\"twitter:card\" content=\"summary_large_image\" \/>\n<meta name=\"twitter:label1\" content=\"Scritto da\" \/>\n\t<meta name=\"twitter:data1\" content=\"admin\" \/>\n\t<meta name=\"twitter:label2\" content=\"Tempo di lettura stimato\" \/>\n\t<meta name=\"twitter:data2\" content=\"3 minuti\" \/>\n<script type=\"application\/ld+json\" class=\"yoast-schema-graph\">{\"@context\":\"https:\\\/\\\/schema.org\",\"@graph\":[{\"@type\":\"Article\",\"@id\":\"https:\\\/\\\/archiviocassano.lavocedelpaese.info\\\/index.php\\\/2014\\\/05\\\/17\\\/qviaggio-nella-pedofiliaq-domani-in-piazza-moro\\\/#article\",\"isPartOf\":{\"@id\":\"https:\\\/\\\/archiviocassano.lavocedelpaese.info\\\/index.php\\\/2014\\\/05\\\/17\\\/qviaggio-nella-pedofiliaq-domani-in-piazza-moro\\\/\"},\"author\":{\"name\":\"admin\",\"@id\":\"https:\\\/\\\/archiviocassano.lavocedelpaese.info\\\/#\\\/schema\\\/person\\\/df195bc79a9b4c35127cf005f92e041b\"},\"headline\":\"&#8220;Viaggio nella pedofilia&#8221;: iniziativa in piazza Moro\",\"datePublished\":\"2014-05-17T06:00:52+00:00\",\"mainEntityOfPage\":{\"@id\":\"https:\\\/\\\/archiviocassano.lavocedelpaese.info\\\/index.php\\\/2014\\\/05\\\/17\\\/qviaggio-nella-pedofiliaq-domani-in-piazza-moro\\\/\"},\"wordCount\":641,\"commentCount\":0,\"publisher\":{\"@id\":\"https:\\\/\\\/archiviocassano.lavocedelpaese.info\\\/#organization\"},\"image\":{\"@id\":\"https:\\\/\\\/archiviocassano.lavocedelpaese.info\\\/index.php\\\/2014\\\/05\\\/17\\\/qviaggio-nella-pedofiliaq-domani-in-piazza-moro\\\/#primaryimage\"},\"thumbnailUrl\":\"https:\\\/\\\/archiviocassano.lavocedelpaese.info\\\/wp-content\\\/uploads\\\/2014\\\/05\\\/pedofilia_piccola_copy.jpg\",\"articleSection\":[\"Appuntamenti\"],\"inLanguage\":\"it-IT\",\"potentialAction\":[{\"@type\":\"CommentAction\",\"name\":\"Comment\",\"target\":[\"https:\\\/\\\/archiviocassano.lavocedelpaese.info\\\/index.php\\\/2014\\\/05\\\/17\\\/qviaggio-nella-pedofiliaq-domani-in-piazza-moro\\\/#respond\"]}]},{\"@type\":\"WebPage\",\"@id\":\"https:\\\/\\\/archiviocassano.lavocedelpaese.info\\\/index.php\\\/2014\\\/05\\\/17\\\/qviaggio-nella-pedofiliaq-domani-in-piazza-moro\\\/\",\"url\":\"https:\\\/\\\/archiviocassano.lavocedelpaese.info\\\/index.php\\\/2014\\\/05\\\/17\\\/qviaggio-nella-pedofiliaq-domani-in-piazza-moro\\\/\",\"name\":\"\\\"Viaggio nella pedofilia\\\": iniziativa in piazza Moro - Archivio CassanoWeb\",\"isPartOf\":{\"@id\":\"https:\\\/\\\/archiviocassano.lavocedelpaese.info\\\/#website\"},\"primaryImageOfPage\":{\"@id\":\"https:\\\/\\\/archiviocassano.lavocedelpaese.info\\\/index.php\\\/2014\\\/05\\\/17\\\/qviaggio-nella-pedofiliaq-domani-in-piazza-moro\\\/#primaryimage\"},\"image\":{\"@id\":\"https:\\\/\\\/archiviocassano.lavocedelpaese.info\\\/index.php\\\/2014\\\/05\\\/17\\\/qviaggio-nella-pedofiliaq-domani-in-piazza-moro\\\/#primaryimage\"},\"thumbnailUrl\":\"https:\\\/\\\/archiviocassano.lavocedelpaese.info\\\/wp-content\\\/uploads\\\/2014\\\/05\\\/pedofilia_piccola_copy.jpg\",\"datePublished\":\"2014-05-17T06:00:52+00:00\",\"breadcrumb\":{\"@id\":\"https:\\\/\\\/archiviocassano.lavocedelpaese.info\\\/index.php\\\/2014\\\/05\\\/17\\\/qviaggio-nella-pedofiliaq-domani-in-piazza-moro\\\/#breadcrumb\"},\"inLanguage\":\"it-IT\",\"potentialAction\":[{\"@type\":\"ReadAction\",\"target\":[\"https:\\\/\\\/archiviocassano.lavocedelpaese.info\\\/index.php\\\/2014\\\/05\\\/17\\\/qviaggio-nella-pedofiliaq-domani-in-piazza-moro\\\/\"]}]},{\"@type\":\"ImageObject\",\"inLanguage\":\"it-IT\",\"@id\":\"https:\\\/\\\/archiviocassano.lavocedelpaese.info\\\/index.php\\\/2014\\\/05\\\/17\\\/qviaggio-nella-pedofiliaq-domani-in-piazza-moro\\\/#primaryimage\",\"url\":\"https:\\\/\\\/archiviocassano.lavocedelpaese.info\\\/wp-content\\\/uploads\\\/2014\\\/05\\\/pedofilia_piccola_copy.jpg\",\"contentUrl\":\"https:\\\/\\\/archiviocassano.lavocedelpaese.info\\\/wp-content\\\/uploads\\\/2014\\\/05\\\/pedofilia_piccola_copy.jpg\",\"width\":500,\"height\":319,\"caption\":\"pedofilia piccola copy\"},{\"@type\":\"BreadcrumbList\",\"@id\":\"https:\\\/\\\/archiviocassano.lavocedelpaese.info\\\/index.php\\\/2014\\\/05\\\/17\\\/qviaggio-nella-pedofiliaq-domani-in-piazza-moro\\\/#breadcrumb\",\"itemListElement\":[{\"@type\":\"ListItem\",\"position\":1,\"name\":\"Home\",\"item\":\"https:\\\/\\\/archiviocassano.lavocedelpaese.info\\\/\"},{\"@type\":\"ListItem\",\"position\":2,\"name\":\"&#8220;Viaggio nella pedofilia&#8221;: iniziativa in piazza Moro\"}]},{\"@type\":\"WebSite\",\"@id\":\"https:\\\/\\\/archiviocassano.lavocedelpaese.info\\\/#website\",\"url\":\"https:\\\/\\\/archiviocassano.lavocedelpaese.info\\\/\",\"name\":\"Archivio CassanoWeb\",\"description\":\"La Voce del Paese - un network di idee\",\"publisher\":{\"@id\":\"https:\\\/\\\/archiviocassano.lavocedelpaese.info\\\/#organization\"},\"potentialAction\":[{\"@type\":\"SearchAction\",\"target\":{\"@type\":\"EntryPoint\",\"urlTemplate\":\"https:\\\/\\\/archiviocassano.lavocedelpaese.info\\\/?s={search_term_string}\"},\"query-input\":{\"@type\":\"PropertyValueSpecification\",\"valueRequired\":true,\"valueName\":\"search_term_string\"}}],\"inLanguage\":\"it-IT\"},{\"@type\":\"Organization\",\"@id\":\"https:\\\/\\\/archiviocassano.lavocedelpaese.info\\\/#organization\",\"name\":\"Archivio CassanoWeb\",\"url\":\"https:\\\/\\\/archiviocassano.lavocedelpaese.info\\\/\",\"logo\":{\"@type\":\"ImageObject\",\"inLanguage\":\"it-IT\",\"@id\":\"https:\\\/\\\/archiviocassano.lavocedelpaese.info\\\/#\\\/schema\\\/logo\\\/image\\\/\",\"url\":\"https:\\\/\\\/archiviocassano.lavocedelpaese.info\\\/wp-content\\\/uploads\\\/2024\\\/08\\\/logo-rosso-2.png\",\"contentUrl\":\"https:\\\/\\\/archiviocassano.lavocedelpaese.info\\\/wp-content\\\/uploads\\\/2024\\\/08\\\/logo-rosso-2.png\",\"width\":491,\"height\":432,\"caption\":\"Archivio CassanoWeb\"},\"image\":{\"@id\":\"https:\\\/\\\/archiviocassano.lavocedelpaese.info\\\/#\\\/schema\\\/logo\\\/image\\\/\"},\"sameAs\":[\"https:\\\/\\\/www.facebook.com\\\/redazione.cassanoweb\"]},{\"@type\":\"Person\",\"@id\":\"https:\\\/\\\/archiviocassano.lavocedelpaese.info\\\/#\\\/schema\\\/person\\\/df195bc79a9b4c35127cf005f92e041b\",\"name\":\"admin\",\"image\":{\"@type\":\"ImageObject\",\"inLanguage\":\"it-IT\",\"@id\":\"https:\\\/\\\/secure.gravatar.com\\\/avatar\\\/eabba89a432e8eaa1b0207cc55f7e5340b22712b1ed80677efcf63e02ff5b235?s=96&d=mm&r=g\",\"url\":\"https:\\\/\\\/secure.gravatar.com\\\/avatar\\\/eabba89a432e8eaa1b0207cc55f7e5340b22712b1ed80677efcf63e02ff5b235?s=96&d=mm&r=g\",\"contentUrl\":\"https:\\\/\\\/secure.gravatar.com\\\/avatar\\\/eabba89a432e8eaa1b0207cc55f7e5340b22712b1ed80677efcf63e02ff5b235?s=96&d=mm&r=g\",\"caption\":\"admin\"},\"sameAs\":[\"https:\\\/\\\/archiviocassano.lavocedelpaese.info\"],\"url\":\"https:\\\/\\\/archiviocassano.lavocedelpaese.info\\\/index.php\\\/author\\\/admin_0qgz1xdp\\\/\"}]}<\/script>\n<!-- \/ Yoast SEO plugin. -->","yoast_head_json":{"title":"\"Viaggio nella pedofilia\": iniziativa in piazza Moro - Archivio CassanoWeb","robots":{"index":"index","follow":"follow","max-snippet":"max-snippet:-1","max-image-preview":"max-image-preview:large","max-video-preview":"max-video-preview:-1"},"canonical":"https:\/\/archiviocassano.lavocedelpaese.info\/index.php\/2014\/05\/17\/qviaggio-nella-pedofiliaq-domani-in-piazza-moro\/","og_locale":"it_IT","og_type":"article","og_title":"\"Viaggio nella pedofilia\": iniziativa in piazza Moro - Archivio CassanoWeb","og_url":"https:\/\/archiviocassano.lavocedelpaese.info\/index.php\/2014\/05\/17\/qviaggio-nella-pedofiliaq-domani-in-piazza-moro\/","og_site_name":"Archivio CassanoWeb","article_publisher":"https:\/\/www.facebook.com\/redazione.cassanoweb","article_published_time":"2014-05-17T06:00:52+00:00","og_image":[{"width":500,"height":319,"url":"https:\/\/archiviocassano.lavocedelpaese.info\/wp-content\/uploads\/2014\/05\/pedofilia_piccola_copy.jpg","type":"image\/jpeg"}],"author":"admin","twitter_card":"summary_large_image","twitter_misc":{"Scritto da":"admin","Tempo di lettura stimato":"3 minuti"},"schema":{"@context":"https:\/\/schema.org","@graph":[{"@type":"Article","@id":"https:\/\/archiviocassano.lavocedelpaese.info\/index.php\/2014\/05\/17\/qviaggio-nella-pedofiliaq-domani-in-piazza-moro\/#article","isPartOf":{"@id":"https:\/\/archiviocassano.lavocedelpaese.info\/index.php\/2014\/05\/17\/qviaggio-nella-pedofiliaq-domani-in-piazza-moro\/"},"author":{"name":"admin","@id":"https:\/\/archiviocassano.lavocedelpaese.info\/#\/schema\/person\/df195bc79a9b4c35127cf005f92e041b"},"headline":"&#8220;Viaggio nella pedofilia&#8221;: iniziativa in piazza Moro","datePublished":"2014-05-17T06:00:52+00:00","mainEntityOfPage":{"@id":"https:\/\/archiviocassano.lavocedelpaese.info\/index.php\/2014\/05\/17\/qviaggio-nella-pedofiliaq-domani-in-piazza-moro\/"},"wordCount":641,"commentCount":0,"publisher":{"@id":"https:\/\/archiviocassano.lavocedelpaese.info\/#organization"},"image":{"@id":"https:\/\/archiviocassano.lavocedelpaese.info\/index.php\/2014\/05\/17\/qviaggio-nella-pedofiliaq-domani-in-piazza-moro\/#primaryimage"},"thumbnailUrl":"https:\/\/archiviocassano.lavocedelpaese.info\/wp-content\/uploads\/2014\/05\/pedofilia_piccola_copy.jpg","articleSection":["Appuntamenti"],"inLanguage":"it-IT","potentialAction":[{"@type":"CommentAction","name":"Comment","target":["https:\/\/archiviocassano.lavocedelpaese.info\/index.php\/2014\/05\/17\/qviaggio-nella-pedofiliaq-domani-in-piazza-moro\/#respond"]}]},{"@type":"WebPage","@id":"https:\/\/archiviocassano.lavocedelpaese.info\/index.php\/2014\/05\/17\/qviaggio-nella-pedofiliaq-domani-in-piazza-moro\/","url":"https:\/\/archiviocassano.lavocedelpaese.info\/index.php\/2014\/05\/17\/qviaggio-nella-pedofiliaq-domani-in-piazza-moro\/","name":"\"Viaggio nella pedofilia\": iniziativa in piazza Moro - Archivio CassanoWeb","isPartOf":{"@id":"https:\/\/archiviocassano.lavocedelpaese.info\/#website"},"primaryImageOfPage":{"@id":"https:\/\/archiviocassano.lavocedelpaese.info\/index.php\/2014\/05\/17\/qviaggio-nella-pedofiliaq-domani-in-piazza-moro\/#primaryimage"},"image":{"@id":"https:\/\/archiviocassano.lavocedelpaese.info\/index.php\/2014\/05\/17\/qviaggio-nella-pedofiliaq-domani-in-piazza-moro\/#primaryimage"},"thumbnailUrl":"https:\/\/archiviocassano.lavocedelpaese.info\/wp-content\/uploads\/2014\/05\/pedofilia_piccola_copy.jpg","datePublished":"2014-05-17T06:00:52+00:00","breadcrumb":{"@id":"https:\/\/archiviocassano.lavocedelpaese.info\/index.php\/2014\/05\/17\/qviaggio-nella-pedofiliaq-domani-in-piazza-moro\/#breadcrumb"},"inLanguage":"it-IT","potentialAction":[{"@type":"ReadAction","target":["https:\/\/archiviocassano.lavocedelpaese.info\/index.php\/2014\/05\/17\/qviaggio-nella-pedofiliaq-domani-in-piazza-moro\/"]}]},{"@type":"ImageObject","inLanguage":"it-IT","@id":"https:\/\/archiviocassano.lavocedelpaese.info\/index.php\/2014\/05\/17\/qviaggio-nella-pedofiliaq-domani-in-piazza-moro\/#primaryimage","url":"https:\/\/archiviocassano.lavocedelpaese.info\/wp-content\/uploads\/2014\/05\/pedofilia_piccola_copy.jpg","contentUrl":"https:\/\/archiviocassano.lavocedelpaese.info\/wp-content\/uploads\/2014\/05\/pedofilia_piccola_copy.jpg","width":500,"height":319,"caption":"pedofilia piccola copy"},{"@type":"BreadcrumbList","@id":"https:\/\/archiviocassano.lavocedelpaese.info\/index.php\/2014\/05\/17\/qviaggio-nella-pedofiliaq-domani-in-piazza-moro\/#breadcrumb","itemListElement":[{"@type":"ListItem","position":1,"name":"Home","item":"https:\/\/archiviocassano.lavocedelpaese.info\/"},{"@type":"ListItem","position":2,"name":"&#8220;Viaggio nella pedofilia&#8221;: iniziativa in piazza Moro"}]},{"@type":"WebSite","@id":"https:\/\/archiviocassano.lavocedelpaese.info\/#website","url":"https:\/\/archiviocassano.lavocedelpaese.info\/","name":"Archivio CassanoWeb","description":"La Voce del Paese - un network di idee","publisher":{"@id":"https:\/\/archiviocassano.lavocedelpaese.info\/#organization"},"potentialAction":[{"@type":"SearchAction","target":{"@type":"EntryPoint","urlTemplate":"https:\/\/archiviocassano.lavocedelpaese.info\/?s={search_term_string}"},"query-input":{"@type":"PropertyValueSpecification","valueRequired":true,"valueName":"search_term_string"}}],"inLanguage":"it-IT"},{"@type":"Organization","@id":"https:\/\/archiviocassano.lavocedelpaese.info\/#organization","name":"Archivio CassanoWeb","url":"https:\/\/archiviocassano.lavocedelpaese.info\/","logo":{"@type":"ImageObject","inLanguage":"it-IT","@id":"https:\/\/archiviocassano.lavocedelpaese.info\/#\/schema\/logo\/image\/","url":"https:\/\/archiviocassano.lavocedelpaese.info\/wp-content\/uploads\/2024\/08\/logo-rosso-2.png","contentUrl":"https:\/\/archiviocassano.lavocedelpaese.info\/wp-content\/uploads\/2024\/08\/logo-rosso-2.png","width":491,"height":432,"caption":"Archivio CassanoWeb"},"image":{"@id":"https:\/\/archiviocassano.lavocedelpaese.info\/#\/schema\/logo\/image\/"},"sameAs":["https:\/\/www.facebook.com\/redazione.cassanoweb"]},{"@type":"Person","@id":"https:\/\/archiviocassano.lavocedelpaese.info\/#\/schema\/person\/df195bc79a9b4c35127cf005f92e041b","name":"admin","image":{"@type":"ImageObject","inLanguage":"it-IT","@id":"https:\/\/secure.gravatar.com\/avatar\/eabba89a432e8eaa1b0207cc55f7e5340b22712b1ed80677efcf63e02ff5b235?s=96&d=mm&r=g","url":"https:\/\/secure.gravatar.com\/avatar\/eabba89a432e8eaa1b0207cc55f7e5340b22712b1ed80677efcf63e02ff5b235?s=96&d=mm&r=g","contentUrl":"https:\/\/secure.gravatar.com\/avatar\/eabba89a432e8eaa1b0207cc55f7e5340b22712b1ed80677efcf63e02ff5b235?s=96&d=mm&r=g","caption":"admin"},"sameAs":["https:\/\/archiviocassano.lavocedelpaese.info"],"url":"https:\/\/archiviocassano.lavocedelpaese.info\/index.php\/author\/admin_0qgz1xdp\/"}]}},"_links":{"self":[{"href":"https:\/\/archiviocassano.lavocedelpaese.info\/index.php\/wp-json\/wp\/v2\/posts\/9152","targetHints":{"allow":["GET"]}}],"collection":[{"href":"https:\/\/archiviocassano.lavocedelpaese.info\/index.php\/wp-json\/wp\/v2\/posts"}],"about":[{"href":"https:\/\/archiviocassano.lavocedelpaese.info\/index.php\/wp-json\/wp\/v2\/types\/post"}],"author":[{"embeddable":true,"href":"https:\/\/archiviocassano.lavocedelpaese.info\/index.php\/wp-json\/wp\/v2\/users\/1"}],"replies":[{"embeddable":true,"href":"https:\/\/archiviocassano.lavocedelpaese.info\/index.php\/wp-json\/wp\/v2\/comments?post=9152"}],"version-history":[{"count":0,"href":"https:\/\/archiviocassano.lavocedelpaese.info\/index.php\/wp-json\/wp\/v2\/posts\/9152\/revisions"}],"wp:featuredmedia":[{"embeddable":true,"href":"https:\/\/archiviocassano.lavocedelpaese.info\/index.php\/wp-json\/wp\/v2\/media\/9151"}],"wp:attachment":[{"href":"https:\/\/archiviocassano.lavocedelpaese.info\/index.php\/wp-json\/wp\/v2\/media?parent=9152"}],"wp:term":[{"taxonomy":"category","embeddable":true,"href":"https:\/\/archiviocassano.lavocedelpaese.info\/index.php\/wp-json\/wp\/v2\/categories?post=9152"},{"taxonomy":"post_tag","embeddable":true,"href":"https:\/\/archiviocassano.lavocedelpaese.info\/index.php\/wp-json\/wp\/v2\/tags?post=9152"}],"curies":[{"name":"wp","href":"https:\/\/api.w.org\/{rel}","templated":true}]}}