{"id":9186,"date":"2014-05-22T07:28:09","date_gmt":"2014-05-22T07:28:09","guid":{"rendered":"https:\/\/archiviocassano.lavocedelpaese.info\/index.php\/2014\/05\/22\/lista-di-medio-qqueste-persone-vogliono-male-a-cassanoq\/"},"modified":"2014-05-22T07:28:09","modified_gmt":"2014-05-22T07:28:09","slug":"lista-di-medio-qqueste-persone-vogliono-male-a-cassanoq","status":"publish","type":"post","link":"https:\/\/archiviocassano.lavocedelpaese.info\/index.php\/2014\/05\/22\/lista-di-medio-qqueste-persone-vogliono-male-a-cassanoq\/","title":{"rendered":"Lista Di Medio: &#8220;queste persone vogliono male a Cassano&#8221;"},"content":{"rendered":"<p><img loading=\"lazy\" decoding=\"async\" style=\"margin-right: auto; margin-left: auto; display: block;\" alt=\"contrassegno ufficiale Di Medio Sindaco - x crederci ancora copy copy copy\" src=\"images\/stories\/archiviofoto\/contrassegno_ufficiale_Di_Medio_Sindaco_-_x_crederci_ancora_copy_copy_copy.png\" height=\"300\" width=\"300\" \/><\/p>\n<p><!--more--><\/p>\n<p><p style=\"text-align: justify;\"><i>\u201cCi abbiamo messo e continueremo a metterci la faccia per altri cinque anni\u201d.<\/i> Cos\u00ec la candidata sindaco <strong>Di Medio<\/strong>, ieri sera in piazza Moro, nel comizio a quattro giorni dal voto, introduce i suoi candidati consiglieri.<\/p>\n<p style=\"text-align: justify;\">Sar\u00e0 il \u201cfilo-rosso\u201d di tutta la serata, una risposta indiretta al comizio di \u201cRinascita\u201d per il sindaco uscente, non ci sono burattinai n\u00e9 eminenze grigie dietro la sua amministrazione ma persone che amano il paese e che in questi anni \u201c<i>hanno fatto grandi sacrifici per soddisfare al meglio le esigenze della popolazione, anche tagliano o non percependo affatto le nostre indennit\u00e0, pure previste per legge\u201d.<\/i><\/p>\n<p style=\"text-align: justify;\">Il tutto in un clima di pacificazione generale: sia la Di Medio che poco dopo <strong>Michele Ruggiero<\/strong>, vicesindaco uscente, hanno pi\u00f9 volte ripetuto che \u201c<i>qui non ci sono pi\u00f9 schedature<\/i> (come ai tempi di Gentile, ndr), <i>n\u00e9 amici degli amici o nemici dei nemici: tutti sono ricevuti e ascoltati perch\u00e9 il Comune \u00e8 dei cittadini, non degli amministratori\u201d.<\/i><\/p>\n<p style=\"text-align: justify;\">Proprio Ruggiero ha dato il via ai diversi interventi e dopo un lungo elenco delle opere realizzate, dei progetti avviati e dei finanziamenti ottenuti (nonch\u00e9 di quelli che verranno) ha contestato quando detto da Michele Maiullaro poco prima, in piazza Garibaldi: \u201c<i>per anni ho chiesto di convocare la Consulta per le attivit\u00e0 produttive, ho chiesto relazioni sulle attivit\u00e0 svolte: mai nulla mi \u00e8 stato dato perch\u00e9 mai nulla questa persona ha fatto\u201d, <\/i>se non percepire finanziamenti comunale per le sagre e le feste con la sua Confartigianato, dir\u00e0 poi Franco Antelmi.<\/p>\n<p style=\"text-align: justify;\"><i>\u201cEmiliano, sindaco di Bari ha detto che Cassano \u00e8 una citt\u00e0 grigia<\/i> \u2013 ha ironizzato Ruggiero \u2013 <i>ed ha ragione: cinque anni fa era nera, dopo anni di buio\u2026.dunque stiamo migliorando\u201d<\/i> e dopo aver chiesto \u201c<i>scusa ai cittadini se tutte le cose fatte sono poca cosa, li ha invitati \u201c<\/i> a verificare che cosa l\u2019amministrazione in cui sedeva Lionetti ha fatto in dieci anni: \u201c<i>a confronto, c\u2019\u00e8 un abisso<\/i>\u201d.<\/p>\n<p style=\"text-align: justify;\">Pi\u00f9 rapido il colloquiare di <strong>Tony Campanale<\/strong> che ha considerato i cinque anni trascorsi <i>\u201cla pi\u00f9 bella esperienza amministrativa della mia carriera, con un sindaco che ascolta e valorizza tutti, una squadra unita e proiettata al bene del paese e dei suoi cittadini, a risolvere i mille problemi quotidiani: voi ci date energia ed entusiasmo e nei prossimi cinque anni, con l\u2019esperienza acquisita, questa compagine andr\u00e0 ancora pi\u00f9 veloce<\/i>\u201d. Campanale, poi, promette la adozione del Piano Urbanistico Generale (che sostituir\u00e0 il vecchio Prg) a cui si arriver\u00e0 in maniera condivisa con la popolazione e superando le inadeguatezze del Prg: \u201c<i>i tempi saranno stretti e immediati\u201d<\/i>. L\u2019ex assessore ha infine lodato la strategia messa in campo dalla Di Medio per risolvere la vicenda del Depuratore: \u201c<i>sono venti anni che tanti sindaci ci provano ma evidentemente le donne hanno una marcia in pi\u00f9, visto che questo sindaco c\u2019\u00e8 finalmente riuscita e si risolver\u00e0 finalmente il problema della depurazione delle acque finalmente non scaricate in falda\u201d.<\/i><\/p>\n<p style=\"text-align: justify;\">Con <strong>Angelo Giustino <\/strong>si \u00e8 tornati ad invocare \u2013 come dicevamo \u2013 il fantasma dei due mandati targati Gentile, nel quale Vito Lionetti fu assessore: \u201c<i>era assessore quando abbattevano piazza Garibaldi, quando &nbsp;costruivano la rotonda su via Sannicandro, fonte di mille contenziosi, quando sbagliavano i conteggi dei passi carrabili, costringendoci a chiedere ai cassanesi il rimborso, quando accumulavano debiti coi rifiuti e se li rivendevano con gli Swap\u2026..e allora: Rinascita di chi? Per che cosa?\u201d <\/i><\/p>\n<p style=\"text-align: justify;\">Per realizzare un programma elettorale sbrindellato<i>: \u201crifare le strade rurali? C\u2019\u00e8 gi\u00e0 un&nbsp; progetto esecutivo, coi soldi pronti. Ristrutturare Sole Blu? \u00c8 privato, il Comune non pu\u00f2 alcunch\u00e8. Accesso agli atti amministrativi? Sono gi\u00e0 pubblici e pubblicati. Rilanciare il Polisportivo? Quando moriva, Lionetti era assessore, se lo ricorda? Diverse elezioni per il Difensore civico? E\u2019 stato abolito 5 anni fa\u2026..\u201d.<\/i><\/p>\n<p style=\"text-align: justify;\"><i>\u201cVi promettono chiacchiere\u201d<\/i> \u00e8 la conclusione di Giustino. E lo fanno in maniera violenta \u201c<i>come lo spot che gira in questi giorni dove chi non \u00e8 d\u2019accordo viene schiaffeggiato e preso a male parole: questo \u00e8 il loro modo di fare politica\u201d.<\/i><\/p>\n<p style=\"text-align: justify;\">Sul palco, subito dopo, il consigliere uscente e candidato <strong>Filippo Panzarea<\/strong> che dispensa consigli ai futuri amministratori che devono caratterizzarsi per tre parole: onest\u00e0, lavoro e umilt\u00e0, consapevoli che <i>\u201cl\u2019onest\u00e0 non sta solo nel non rubare ma anche nel dire la verit\u00e0, anche quelle scomode; che il lavoro \u00e8 sale della vita e va vissuto mettendosi a disposizione degli altri, che l\u2019umilt\u00e0 significa mettersi al livello di chi sta di fronte, senza prevaricarlo\u201d. \u201cValutate le persone, non i titoli\u201d<\/i> l\u2019appello finale di Panzarea.<\/p>\n<p style=\"text-align: justify;\">Chiusura di comizio a <strong>Franco Antelmi<\/strong>, che rintuzza alcune affermazione del comizio precedente: \u201c<i>per Maiullaro la crisi \u00e8 dovuta ai dossi\u2026.diremo a Renzi di toglierli da tutta Italia cos\u00ec sta crisi finir\u00e0\u2026.piuttosto il presidente di Confartigianato elencasse tutti i contributi che ha percepito dal Comune per fare le feste e le sagre\u2026.\u201d.<\/i><\/p>\n<p style=\"text-align: justify;\">Antelmi, poi, da ragione alla Pallavicino: \u201c<i>\u00e8 vero, 15 anni fa il Polisportivo era vivo, poi sono arrivati Gentile e Santorsola e l\u2019hanno distrutto\u2026.noi stiamo cercando di risollevarlo\u2026.\u201d.<\/i><\/p>\n<p style=\"text-align: justify;\">\u201c<i>Che male c\u2019\u00e8<\/i> \u2013 dice ancora Antelmi \u2013 <i>a dire che il candidato consigliere Davide Del Re lavora alla Regione Puglia senza aver fatto un pubblico concorso ma solo per amicizie politiche? Cos\u2019\u00e8, la verit\u00e0 fa male\u201d<\/i> chiede rivolgendosi a Lionetti.<\/p>\n<p style=\"text-align: justify;\">Infine, a difesa del consigliere Ignazio Zullo, l\u2019assessore uscente chiede a Capriulo di spiegargli la differenza fra il vitalizio che prende l\u2019esponente di Forza Italia e quello che percepiranno Loizzo, Vendola, Introna: \u201c<i>per Zullo non v\u00e0 bene, per queste altre cariatidi invece s\u00ec? &nbsp;Questa \u00e8 cattiveria, \u00e8 odio, \u00e8 invidia: queste persone vogliono il male per Cassano\u201d.<\/i><\/p>\n<p>&nbsp;<\/p>\n","protected":false},"excerpt":{"rendered":"","protected":false},"author":1,"featured_media":0,"comment_status":"open","ping_status":"closed","sticky":false,"template":"","format":"standard","meta":{"colormag_page_container_layout":"default_layout","colormag_page_sidebar_layout":"default_layout","footnotes":""},"categories":[4],"tags":[],"class_list":["post-9186","post","type-post","status-publish","format-standard","hentry","category-politica"],"yoast_head":"<!-- This site is optimized with the Yoast SEO plugin v27.5 - https:\/\/yoast.com\/product\/yoast-seo-wordpress\/ -->\n<title>Lista Di Medio: &quot;queste persone vogliono male a Cassano&quot; - Archivio CassanoWeb<\/title>\n<meta name=\"robots\" content=\"index, follow, max-snippet:-1, max-image-preview:large, max-video-preview:-1\" \/>\n<link rel=\"canonical\" href=\"https:\/\/archiviocassano.lavocedelpaese.info\/index.php\/2014\/05\/22\/lista-di-medio-qqueste-persone-vogliono-male-a-cassanoq\/\" \/>\n<meta property=\"og:locale\" content=\"it_IT\" \/>\n<meta property=\"og:type\" content=\"article\" \/>\n<meta property=\"og:title\" content=\"Lista Di Medio: &quot;queste persone vogliono male a Cassano&quot; - Archivio CassanoWeb\" \/>\n<meta property=\"og:url\" content=\"https:\/\/archiviocassano.lavocedelpaese.info\/index.php\/2014\/05\/22\/lista-di-medio-qqueste-persone-vogliono-male-a-cassanoq\/\" \/>\n<meta property=\"og:site_name\" content=\"Archivio CassanoWeb\" \/>\n<meta property=\"article:publisher\" content=\"https:\/\/www.facebook.com\/redazione.cassanoweb\" \/>\n<meta property=\"article:published_time\" content=\"2014-05-22T07:28:09+00:00\" \/>\n<meta name=\"author\" content=\"admin\" \/>\n<meta name=\"twitter:card\" content=\"summary_large_image\" \/>\n<meta name=\"twitter:label1\" content=\"Scritto da\" \/>\n\t<meta name=\"twitter:data1\" content=\"admin\" \/>\n\t<meta name=\"twitter:label2\" content=\"Tempo di lettura stimato\" \/>\n\t<meta name=\"twitter:data2\" content=\"5 minuti\" \/>\n<script type=\"application\/ld+json\" class=\"yoast-schema-graph\">{\"@context\":\"https:\\\/\\\/schema.org\",\"@graph\":[{\"@type\":\"Article\",\"@id\":\"https:\\\/\\\/archiviocassano.lavocedelpaese.info\\\/index.php\\\/2014\\\/05\\\/22\\\/lista-di-medio-qqueste-persone-vogliono-male-a-cassanoq\\\/#article\",\"isPartOf\":{\"@id\":\"https:\\\/\\\/archiviocassano.lavocedelpaese.info\\\/index.php\\\/2014\\\/05\\\/22\\\/lista-di-medio-qqueste-persone-vogliono-male-a-cassanoq\\\/\"},\"author\":{\"name\":\"admin\",\"@id\":\"https:\\\/\\\/archiviocassano.lavocedelpaese.info\\\/#\\\/schema\\\/person\\\/df195bc79a9b4c35127cf005f92e041b\"},\"headline\":\"Lista Di Medio: &#8220;queste persone vogliono male a Cassano&#8221;\",\"datePublished\":\"2014-05-22T07:28:09+00:00\",\"mainEntityOfPage\":{\"@id\":\"https:\\\/\\\/archiviocassano.lavocedelpaese.info\\\/index.php\\\/2014\\\/05\\\/22\\\/lista-di-medio-qqueste-persone-vogliono-male-a-cassanoq\\\/\"},\"wordCount\":925,\"commentCount\":0,\"publisher\":{\"@id\":\"https:\\\/\\\/archiviocassano.lavocedelpaese.info\\\/#organization\"},\"articleSection\":[\"Politica\"],\"inLanguage\":\"it-IT\",\"potentialAction\":[{\"@type\":\"CommentAction\",\"name\":\"Comment\",\"target\":[\"https:\\\/\\\/archiviocassano.lavocedelpaese.info\\\/index.php\\\/2014\\\/05\\\/22\\\/lista-di-medio-qqueste-persone-vogliono-male-a-cassanoq\\\/#respond\"]}]},{\"@type\":\"WebPage\",\"@id\":\"https:\\\/\\\/archiviocassano.lavocedelpaese.info\\\/index.php\\\/2014\\\/05\\\/22\\\/lista-di-medio-qqueste-persone-vogliono-male-a-cassanoq\\\/\",\"url\":\"https:\\\/\\\/archiviocassano.lavocedelpaese.info\\\/index.php\\\/2014\\\/05\\\/22\\\/lista-di-medio-qqueste-persone-vogliono-male-a-cassanoq\\\/\",\"name\":\"Lista Di Medio: \\\"queste persone vogliono male a Cassano\\\" - Archivio CassanoWeb\",\"isPartOf\":{\"@id\":\"https:\\\/\\\/archiviocassano.lavocedelpaese.info\\\/#website\"},\"datePublished\":\"2014-05-22T07:28:09+00:00\",\"breadcrumb\":{\"@id\":\"https:\\\/\\\/archiviocassano.lavocedelpaese.info\\\/index.php\\\/2014\\\/05\\\/22\\\/lista-di-medio-qqueste-persone-vogliono-male-a-cassanoq\\\/#breadcrumb\"},\"inLanguage\":\"it-IT\",\"potentialAction\":[{\"@type\":\"ReadAction\",\"target\":[\"https:\\\/\\\/archiviocassano.lavocedelpaese.info\\\/index.php\\\/2014\\\/05\\\/22\\\/lista-di-medio-qqueste-persone-vogliono-male-a-cassanoq\\\/\"]}]},{\"@type\":\"BreadcrumbList\",\"@id\":\"https:\\\/\\\/archiviocassano.lavocedelpaese.info\\\/index.php\\\/2014\\\/05\\\/22\\\/lista-di-medio-qqueste-persone-vogliono-male-a-cassanoq\\\/#breadcrumb\",\"itemListElement\":[{\"@type\":\"ListItem\",\"position\":1,\"name\":\"Home\",\"item\":\"https:\\\/\\\/archiviocassano.lavocedelpaese.info\\\/\"},{\"@type\":\"ListItem\",\"position\":2,\"name\":\"Lista Di Medio: &#8220;queste persone vogliono male a Cassano&#8221;\"}]},{\"@type\":\"WebSite\",\"@id\":\"https:\\\/\\\/archiviocassano.lavocedelpaese.info\\\/#website\",\"url\":\"https:\\\/\\\/archiviocassano.lavocedelpaese.info\\\/\",\"name\":\"Archivio CassanoWeb\",\"description\":\"La Voce del Paese - un network di idee\",\"publisher\":{\"@id\":\"https:\\\/\\\/archiviocassano.lavocedelpaese.info\\\/#organization\"},\"potentialAction\":[{\"@type\":\"SearchAction\",\"target\":{\"@type\":\"EntryPoint\",\"urlTemplate\":\"https:\\\/\\\/archiviocassano.lavocedelpaese.info\\\/?s={search_term_string}\"},\"query-input\":{\"@type\":\"PropertyValueSpecification\",\"valueRequired\":true,\"valueName\":\"search_term_string\"}}],\"inLanguage\":\"it-IT\"},{\"@type\":\"Organization\",\"@id\":\"https:\\\/\\\/archiviocassano.lavocedelpaese.info\\\/#organization\",\"name\":\"Archivio CassanoWeb\",\"url\":\"https:\\\/\\\/archiviocassano.lavocedelpaese.info\\\/\",\"logo\":{\"@type\":\"ImageObject\",\"inLanguage\":\"it-IT\",\"@id\":\"https:\\\/\\\/archiviocassano.lavocedelpaese.info\\\/#\\\/schema\\\/logo\\\/image\\\/\",\"url\":\"https:\\\/\\\/archiviocassano.lavocedelpaese.info\\\/wp-content\\\/uploads\\\/2024\\\/08\\\/logo-rosso-2.png\",\"contentUrl\":\"https:\\\/\\\/archiviocassano.lavocedelpaese.info\\\/wp-content\\\/uploads\\\/2024\\\/08\\\/logo-rosso-2.png\",\"width\":491,\"height\":432,\"caption\":\"Archivio CassanoWeb\"},\"image\":{\"@id\":\"https:\\\/\\\/archiviocassano.lavocedelpaese.info\\\/#\\\/schema\\\/logo\\\/image\\\/\"},\"sameAs\":[\"https:\\\/\\\/www.facebook.com\\\/redazione.cassanoweb\"]},{\"@type\":\"Person\",\"@id\":\"https:\\\/\\\/archiviocassano.lavocedelpaese.info\\\/#\\\/schema\\\/person\\\/df195bc79a9b4c35127cf005f92e041b\",\"name\":\"admin\",\"image\":{\"@type\":\"ImageObject\",\"inLanguage\":\"it-IT\",\"@id\":\"https:\\\/\\\/secure.gravatar.com\\\/avatar\\\/eabba89a432e8eaa1b0207cc55f7e5340b22712b1ed80677efcf63e02ff5b235?s=96&d=mm&r=g\",\"url\":\"https:\\\/\\\/secure.gravatar.com\\\/avatar\\\/eabba89a432e8eaa1b0207cc55f7e5340b22712b1ed80677efcf63e02ff5b235?s=96&d=mm&r=g\",\"contentUrl\":\"https:\\\/\\\/secure.gravatar.com\\\/avatar\\\/eabba89a432e8eaa1b0207cc55f7e5340b22712b1ed80677efcf63e02ff5b235?s=96&d=mm&r=g\",\"caption\":\"admin\"},\"sameAs\":[\"https:\\\/\\\/archiviocassano.lavocedelpaese.info\"],\"url\":\"https:\\\/\\\/archiviocassano.lavocedelpaese.info\\\/index.php\\\/author\\\/admin_0qgz1xdp\\\/\"}]}<\/script>\n<!-- \/ Yoast SEO plugin. -->","yoast_head_json":{"title":"Lista Di Medio: \"queste persone vogliono male a Cassano\" - Archivio CassanoWeb","robots":{"index":"index","follow":"follow","max-snippet":"max-snippet:-1","max-image-preview":"max-image-preview:large","max-video-preview":"max-video-preview:-1"},"canonical":"https:\/\/archiviocassano.lavocedelpaese.info\/index.php\/2014\/05\/22\/lista-di-medio-qqueste-persone-vogliono-male-a-cassanoq\/","og_locale":"it_IT","og_type":"article","og_title":"Lista Di Medio: \"queste persone vogliono male a Cassano\" - Archivio CassanoWeb","og_url":"https:\/\/archiviocassano.lavocedelpaese.info\/index.php\/2014\/05\/22\/lista-di-medio-qqueste-persone-vogliono-male-a-cassanoq\/","og_site_name":"Archivio CassanoWeb","article_publisher":"https:\/\/www.facebook.com\/redazione.cassanoweb","article_published_time":"2014-05-22T07:28:09+00:00","author":"admin","twitter_card":"summary_large_image","twitter_misc":{"Scritto da":"admin","Tempo di lettura stimato":"5 minuti"},"schema":{"@context":"https:\/\/schema.org","@graph":[{"@type":"Article","@id":"https:\/\/archiviocassano.lavocedelpaese.info\/index.php\/2014\/05\/22\/lista-di-medio-qqueste-persone-vogliono-male-a-cassanoq\/#article","isPartOf":{"@id":"https:\/\/archiviocassano.lavocedelpaese.info\/index.php\/2014\/05\/22\/lista-di-medio-qqueste-persone-vogliono-male-a-cassanoq\/"},"author":{"name":"admin","@id":"https:\/\/archiviocassano.lavocedelpaese.info\/#\/schema\/person\/df195bc79a9b4c35127cf005f92e041b"},"headline":"Lista Di Medio: &#8220;queste persone vogliono male a Cassano&#8221;","datePublished":"2014-05-22T07:28:09+00:00","mainEntityOfPage":{"@id":"https:\/\/archiviocassano.lavocedelpaese.info\/index.php\/2014\/05\/22\/lista-di-medio-qqueste-persone-vogliono-male-a-cassanoq\/"},"wordCount":925,"commentCount":0,"publisher":{"@id":"https:\/\/archiviocassano.lavocedelpaese.info\/#organization"},"articleSection":["Politica"],"inLanguage":"it-IT","potentialAction":[{"@type":"CommentAction","name":"Comment","target":["https:\/\/archiviocassano.lavocedelpaese.info\/index.php\/2014\/05\/22\/lista-di-medio-qqueste-persone-vogliono-male-a-cassanoq\/#respond"]}]},{"@type":"WebPage","@id":"https:\/\/archiviocassano.lavocedelpaese.info\/index.php\/2014\/05\/22\/lista-di-medio-qqueste-persone-vogliono-male-a-cassanoq\/","url":"https:\/\/archiviocassano.lavocedelpaese.info\/index.php\/2014\/05\/22\/lista-di-medio-qqueste-persone-vogliono-male-a-cassanoq\/","name":"Lista Di Medio: \"queste persone vogliono male a Cassano\" - Archivio CassanoWeb","isPartOf":{"@id":"https:\/\/archiviocassano.lavocedelpaese.info\/#website"},"datePublished":"2014-05-22T07:28:09+00:00","breadcrumb":{"@id":"https:\/\/archiviocassano.lavocedelpaese.info\/index.php\/2014\/05\/22\/lista-di-medio-qqueste-persone-vogliono-male-a-cassanoq\/#breadcrumb"},"inLanguage":"it-IT","potentialAction":[{"@type":"ReadAction","target":["https:\/\/archiviocassano.lavocedelpaese.info\/index.php\/2014\/05\/22\/lista-di-medio-qqueste-persone-vogliono-male-a-cassanoq\/"]}]},{"@type":"BreadcrumbList","@id":"https:\/\/archiviocassano.lavocedelpaese.info\/index.php\/2014\/05\/22\/lista-di-medio-qqueste-persone-vogliono-male-a-cassanoq\/#breadcrumb","itemListElement":[{"@type":"ListItem","position":1,"name":"Home","item":"https:\/\/archiviocassano.lavocedelpaese.info\/"},{"@type":"ListItem","position":2,"name":"Lista Di Medio: &#8220;queste persone vogliono male a Cassano&#8221;"}]},{"@type":"WebSite","@id":"https:\/\/archiviocassano.lavocedelpaese.info\/#website","url":"https:\/\/archiviocassano.lavocedelpaese.info\/","name":"Archivio CassanoWeb","description":"La Voce del Paese - un network di idee","publisher":{"@id":"https:\/\/archiviocassano.lavocedelpaese.info\/#organization"},"potentialAction":[{"@type":"SearchAction","target":{"@type":"EntryPoint","urlTemplate":"https:\/\/archiviocassano.lavocedelpaese.info\/?s={search_term_string}"},"query-input":{"@type":"PropertyValueSpecification","valueRequired":true,"valueName":"search_term_string"}}],"inLanguage":"it-IT"},{"@type":"Organization","@id":"https:\/\/archiviocassano.lavocedelpaese.info\/#organization","name":"Archivio CassanoWeb","url":"https:\/\/archiviocassano.lavocedelpaese.info\/","logo":{"@type":"ImageObject","inLanguage":"it-IT","@id":"https:\/\/archiviocassano.lavocedelpaese.info\/#\/schema\/logo\/image\/","url":"https:\/\/archiviocassano.lavocedelpaese.info\/wp-content\/uploads\/2024\/08\/logo-rosso-2.png","contentUrl":"https:\/\/archiviocassano.lavocedelpaese.info\/wp-content\/uploads\/2024\/08\/logo-rosso-2.png","width":491,"height":432,"caption":"Archivio CassanoWeb"},"image":{"@id":"https:\/\/archiviocassano.lavocedelpaese.info\/#\/schema\/logo\/image\/"},"sameAs":["https:\/\/www.facebook.com\/redazione.cassanoweb"]},{"@type":"Person","@id":"https:\/\/archiviocassano.lavocedelpaese.info\/#\/schema\/person\/df195bc79a9b4c35127cf005f92e041b","name":"admin","image":{"@type":"ImageObject","inLanguage":"it-IT","@id":"https:\/\/secure.gravatar.com\/avatar\/eabba89a432e8eaa1b0207cc55f7e5340b22712b1ed80677efcf63e02ff5b235?s=96&d=mm&r=g","url":"https:\/\/secure.gravatar.com\/avatar\/eabba89a432e8eaa1b0207cc55f7e5340b22712b1ed80677efcf63e02ff5b235?s=96&d=mm&r=g","contentUrl":"https:\/\/secure.gravatar.com\/avatar\/eabba89a432e8eaa1b0207cc55f7e5340b22712b1ed80677efcf63e02ff5b235?s=96&d=mm&r=g","caption":"admin"},"sameAs":["https:\/\/archiviocassano.lavocedelpaese.info"],"url":"https:\/\/archiviocassano.lavocedelpaese.info\/index.php\/author\/admin_0qgz1xdp\/"}]}},"_links":{"self":[{"href":"https:\/\/archiviocassano.lavocedelpaese.info\/index.php\/wp-json\/wp\/v2\/posts\/9186","targetHints":{"allow":["GET"]}}],"collection":[{"href":"https:\/\/archiviocassano.lavocedelpaese.info\/index.php\/wp-json\/wp\/v2\/posts"}],"about":[{"href":"https:\/\/archiviocassano.lavocedelpaese.info\/index.php\/wp-json\/wp\/v2\/types\/post"}],"author":[{"embeddable":true,"href":"https:\/\/archiviocassano.lavocedelpaese.info\/index.php\/wp-json\/wp\/v2\/users\/1"}],"replies":[{"embeddable":true,"href":"https:\/\/archiviocassano.lavocedelpaese.info\/index.php\/wp-json\/wp\/v2\/comments?post=9186"}],"version-history":[{"count":0,"href":"https:\/\/archiviocassano.lavocedelpaese.info\/index.php\/wp-json\/wp\/v2\/posts\/9186\/revisions"}],"wp:attachment":[{"href":"https:\/\/archiviocassano.lavocedelpaese.info\/index.php\/wp-json\/wp\/v2\/media?parent=9186"}],"wp:term":[{"taxonomy":"category","embeddable":true,"href":"https:\/\/archiviocassano.lavocedelpaese.info\/index.php\/wp-json\/wp\/v2\/categories?post=9186"},{"taxonomy":"post_tag","embeddable":true,"href":"https:\/\/archiviocassano.lavocedelpaese.info\/index.php\/wp-json\/wp\/v2\/tags?post=9186"}],"curies":[{"name":"wp","href":"https:\/\/api.w.org\/{rel}","templated":true}]}}