{"id":9315,"date":"2014-06-23T03:59:26","date_gmt":"2014-06-23T03:59:26","guid":{"rendered":"https:\/\/archiviocassano.lavocedelpaese.info\/index.php\/2014\/06\/23\/parte-da-cassano-qupq-la-grande-festa-del-parco-dellalta-murgia\/"},"modified":"2014-06-23T03:59:26","modified_gmt":"2014-06-23T03:59:26","slug":"parte-da-cassano-qupq-la-grande-festa-del-parco-dellalta-murgia","status":"publish","type":"post","link":"https:\/\/archiviocassano.lavocedelpaese.info\/index.php\/2014\/06\/23\/parte-da-cassano-qupq-la-grande-festa-del-parco-dellalta-murgia\/","title":{"rendered":"Stasera in piazza c&#8217;\u00e8 &#8220;UP!&#8221;, la grande festa del Parco"},"content":{"rendered":"<p><img loading=\"lazy\" decoding=\"async\" class=\" size-full wp-image-9314\" src=\"https:\/\/archiviocassano.lavocedelpaese.info\/wp-content\/uploads\/2014\/06\/conferenza_stampa_UP.jpg\" alt=\"conferenza stampa UP\" style=\"margin-right: 2px; margin-left: 2px;\" height=\"150\" width=\"320\" \/><\/p>\n<p><!--more--><\/p>\n<p><strong>Partir\u00e0 da Cassano, luned\u00ec 23 giugno, l<\/strong>a terza edizione di <strong>\u201cUP!\u201d la festa del parco nazionale dell\u2019Alta Murgia<\/strong>, il cui programma \u00e8 stato presentato questa mattina a Bari, nel corso di una conferenza stampa.<\/p>\n<p style=\"text-align: justify;\">Tredici giorni di festa con i comuni del Parco dell\u2019Alta Murgia che si stringono in un unico abbraccio, per concludersi con tre grandi eventi a Gravina, Ruvo e Bitonto rispettivamente l\u201911, il 12 e il 14 luglio con&nbsp;<strong>Mama Marjas<\/strong>,&nbsp;&nbsp;<strong>Chiara Civello<\/strong>&nbsp;con&nbsp;<strong>Nicola Conte<\/strong>&nbsp;e&nbsp;<strong>Goran Bregovic<\/strong>. Tra gli ospiti della festa anche lo chef&nbsp;<strong>Almo Bibolotti<\/strong>, protagonista di due cooking show. Conduttori del tour i due comici&nbsp;<strong>Boccasile &amp; Maretti<\/strong>.<\/p>\n<p style=\"text-align: justify;\">La manifestazione itinerante \u2013 che ogni anno vive le sue giornate finali in comuni diversi del Parco &#8211; ha l\u2019obiettivo, sin dalla sua nascita tre anni fa, di creare un connubio fra intrattenimento, formazione e promozione del territorio per aumentare il senso di appartenenza al Parco e ai valori che esso rappresenta.&nbsp;<\/p>\n<p style=\"text-align: justify;\">\u00ab<em>UP<\/em>! \u2013 ha dichiarato il Presidente del Parco&nbsp;<strong>Cesare Veronico<\/strong>&nbsp;&#8211; <em>\u00e8 solo una delle tante iniziative che, in occasione di questo decennale, abbiamo realizzato l&#8217;intento di fidelizzare gli abitanti dei Comuni che fanno parte del Parco e creare una forte empatia tra il parco e i cittadini. Anche per questo, lanciamo un appello alle istituzioni e alla pubblica amministrazione per chiedere di collaborare con noi e aiutarci: non possiamo pi\u00f9 accettare che i cittadini non conoscano realt\u00e0 cos\u00ec belle e vicine. La festa ha questo primario obiettivo: far conoscere il Parco attraverso mostre, escursioni, incontri pubblici. Ciliegina sulla torta di&nbsp;UP!&nbsp;\u00e8 l\u2019intrattenimento che il Festival garantisce attraverso gli eventi proposti: con i concerti, i cooking show e le escursioni vogliamo promuovere ulteriormente il parco nazionale e coinvolgere il maggior numero di persone possibile<\/em>\u00bb.<\/p>\n<p style=\"text-align: justify;\">&nbsp;\u201c<em>UP!&nbsp;\u00e8 una festa importante, porta il parco nei centri urbani ad esso afferenti <\/em>&#8211; aggiunge&nbsp;<strong>Fabio Modesti<\/strong>, direttore dell&#8217;Ente -. <em>Abbiamo sempre cercato di rendere questa festa un\u2019attivit\u00e0 utile e funzionale per il pubblico. I cittadini hanno un grande bisogno di conoscere la nostra realt\u00e0. Per questo i workshop organizzati hanno anche lo scopo di fornire i giusti strumenti per rendere fruibile il Parco. &#8220;Un parco a portata di App&#8221;, per esempio, presenter\u00e0 la prima App del parco: un progetto che non \u00e8 stato finanziato dal parco, ma ci \u00e8 stato commissionato\u00bb.<\/em><\/p>\n<p style=\"text-align: justify;\">Gli altri due workshop in programma saranno dedicati al regolamento sportivo del Parco \u2013 con la presenza di alcuni ospiti di spicco del mondo sportivo \u2013 e alla tutela della fauna dell\u2019area naturale pugliese.&nbsp;<\/p>\n<p style=\"text-align: justify;\">La \u00abfesta\u00bb del Parco inizier\u00e0 il 23 giugno da Cassano delle Murge. Questo il programma, che si svolger\u00e0 in piazza Moro:<\/p>\n<p>Ore 19:00 &#8211; musica con dj \/ mostra fotografica e inizio tornei MURGIA GOAL<\/p>\n<p>Ore 19:30 &#8211; Boccasile&amp;Maretti salutano la piazza<\/p>\n<p>Ore 20:15 &#8211; Proiezione di \u00abParklife &#8211; Il film\u00bb<\/p>\n<p>Ore 21:15 &#8211; Intrattenimento con Boccasile&amp;Maretti<\/p>\n<p>&nbsp;<\/p>\n<p style=\"text-align: justify;\">Il Comune di Cassano ha patrocinato l&#8217;iniziativa, contribuendo con 250 euro per il pagamento delle spese relative alla SIAE.<\/p>\n","protected":false},"excerpt":{"rendered":"","protected":false},"author":1,"featured_media":9314,"comment_status":"open","ping_status":"closed","sticky":false,"template":"","format":"standard","meta":{"colormag_page_container_layout":"default_layout","colormag_page_sidebar_layout":"default_layout","footnotes":""},"categories":[11],"tags":[],"class_list":["post-9315","post","type-post","status-publish","format-standard","has-post-thumbnail","hentry","category-appuntamenti"],"yoast_head":"<!-- This site is optimized with the Yoast SEO plugin v27.5 - https:\/\/yoast.com\/product\/yoast-seo-wordpress\/ -->\n<title>Stasera in piazza c&#039;\u00e8 &quot;UP!&quot;, la grande festa del Parco - Archivio CassanoWeb<\/title>\n<meta name=\"robots\" content=\"index, follow, max-snippet:-1, max-image-preview:large, max-video-preview:-1\" \/>\n<link rel=\"canonical\" href=\"https:\/\/archiviocassano.lavocedelpaese.info\/index.php\/2014\/06\/23\/parte-da-cassano-qupq-la-grande-festa-del-parco-dellalta-murgia\/\" \/>\n<meta property=\"og:locale\" content=\"it_IT\" \/>\n<meta property=\"og:type\" content=\"article\" \/>\n<meta property=\"og:title\" content=\"Stasera in piazza c&#039;\u00e8 &quot;UP!&quot;, la grande festa del Parco - Archivio CassanoWeb\" \/>\n<meta property=\"og:url\" content=\"https:\/\/archiviocassano.lavocedelpaese.info\/index.php\/2014\/06\/23\/parte-da-cassano-qupq-la-grande-festa-del-parco-dellalta-murgia\/\" \/>\n<meta property=\"og:site_name\" content=\"Archivio CassanoWeb\" \/>\n<meta property=\"article:publisher\" content=\"https:\/\/www.facebook.com\/redazione.cassanoweb\" \/>\n<meta property=\"article:published_time\" content=\"2014-06-23T03:59:26+00:00\" \/>\n<meta property=\"og:image\" content=\"https:\/\/archiviocassano.lavocedelpaese.info\/wp-content\/uploads\/2014\/06\/conferenza_stampa_UP.jpg\" \/>\n\t<meta property=\"og:image:width\" content=\"640\" \/>\n\t<meta property=\"og:image:height\" content=\"427\" \/>\n\t<meta property=\"og:image:type\" content=\"image\/jpeg\" \/>\n<meta name=\"author\" content=\"admin\" \/>\n<meta name=\"twitter:card\" content=\"summary_large_image\" \/>\n<meta name=\"twitter:label1\" content=\"Scritto da\" \/>\n\t<meta name=\"twitter:data1\" content=\"admin\" \/>\n\t<meta name=\"twitter:label2\" content=\"Tempo di lettura stimato\" \/>\n\t<meta name=\"twitter:data2\" content=\"3 minuti\" \/>\n<script type=\"application\/ld+json\" class=\"yoast-schema-graph\">{\"@context\":\"https:\\\/\\\/schema.org\",\"@graph\":[{\"@type\":\"Article\",\"@id\":\"https:\\\/\\\/archiviocassano.lavocedelpaese.info\\\/index.php\\\/2014\\\/06\\\/23\\\/parte-da-cassano-qupq-la-grande-festa-del-parco-dellalta-murgia\\\/#article\",\"isPartOf\":{\"@id\":\"https:\\\/\\\/archiviocassano.lavocedelpaese.info\\\/index.php\\\/2014\\\/06\\\/23\\\/parte-da-cassano-qupq-la-grande-festa-del-parco-dellalta-murgia\\\/\"},\"author\":{\"name\":\"admin\",\"@id\":\"https:\\\/\\\/archiviocassano.lavocedelpaese.info\\\/#\\\/schema\\\/person\\\/df195bc79a9b4c35127cf005f92e041b\"},\"headline\":\"Stasera in piazza c&#8217;\u00e8 &#8220;UP!&#8221;, la grande festa del Parco\",\"datePublished\":\"2014-06-23T03:59:26+00:00\",\"mainEntityOfPage\":{\"@id\":\"https:\\\/\\\/archiviocassano.lavocedelpaese.info\\\/index.php\\\/2014\\\/06\\\/23\\\/parte-da-cassano-qupq-la-grande-festa-del-parco-dellalta-murgia\\\/\"},\"wordCount\":518,\"commentCount\":0,\"publisher\":{\"@id\":\"https:\\\/\\\/archiviocassano.lavocedelpaese.info\\\/#organization\"},\"image\":{\"@id\":\"https:\\\/\\\/archiviocassano.lavocedelpaese.info\\\/index.php\\\/2014\\\/06\\\/23\\\/parte-da-cassano-qupq-la-grande-festa-del-parco-dellalta-murgia\\\/#primaryimage\"},\"thumbnailUrl\":\"https:\\\/\\\/archiviocassano.lavocedelpaese.info\\\/wp-content\\\/uploads\\\/2014\\\/06\\\/conferenza_stampa_UP.jpg\",\"articleSection\":[\"Appuntamenti\"],\"inLanguage\":\"it-IT\",\"potentialAction\":[{\"@type\":\"CommentAction\",\"name\":\"Comment\",\"target\":[\"https:\\\/\\\/archiviocassano.lavocedelpaese.info\\\/index.php\\\/2014\\\/06\\\/23\\\/parte-da-cassano-qupq-la-grande-festa-del-parco-dellalta-murgia\\\/#respond\"]}]},{\"@type\":\"WebPage\",\"@id\":\"https:\\\/\\\/archiviocassano.lavocedelpaese.info\\\/index.php\\\/2014\\\/06\\\/23\\\/parte-da-cassano-qupq-la-grande-festa-del-parco-dellalta-murgia\\\/\",\"url\":\"https:\\\/\\\/archiviocassano.lavocedelpaese.info\\\/index.php\\\/2014\\\/06\\\/23\\\/parte-da-cassano-qupq-la-grande-festa-del-parco-dellalta-murgia\\\/\",\"name\":\"Stasera in piazza c'\u00e8 \\\"UP!\\\", la grande festa del Parco - Archivio CassanoWeb\",\"isPartOf\":{\"@id\":\"https:\\\/\\\/archiviocassano.lavocedelpaese.info\\\/#website\"},\"primaryImageOfPage\":{\"@id\":\"https:\\\/\\\/archiviocassano.lavocedelpaese.info\\\/index.php\\\/2014\\\/06\\\/23\\\/parte-da-cassano-qupq-la-grande-festa-del-parco-dellalta-murgia\\\/#primaryimage\"},\"image\":{\"@id\":\"https:\\\/\\\/archiviocassano.lavocedelpaese.info\\\/index.php\\\/2014\\\/06\\\/23\\\/parte-da-cassano-qupq-la-grande-festa-del-parco-dellalta-murgia\\\/#primaryimage\"},\"thumbnailUrl\":\"https:\\\/\\\/archiviocassano.lavocedelpaese.info\\\/wp-content\\\/uploads\\\/2014\\\/06\\\/conferenza_stampa_UP.jpg\",\"datePublished\":\"2014-06-23T03:59:26+00:00\",\"breadcrumb\":{\"@id\":\"https:\\\/\\\/archiviocassano.lavocedelpaese.info\\\/index.php\\\/2014\\\/06\\\/23\\\/parte-da-cassano-qupq-la-grande-festa-del-parco-dellalta-murgia\\\/#breadcrumb\"},\"inLanguage\":\"it-IT\",\"potentialAction\":[{\"@type\":\"ReadAction\",\"target\":[\"https:\\\/\\\/archiviocassano.lavocedelpaese.info\\\/index.php\\\/2014\\\/06\\\/23\\\/parte-da-cassano-qupq-la-grande-festa-del-parco-dellalta-murgia\\\/\"]}]},{\"@type\":\"ImageObject\",\"inLanguage\":\"it-IT\",\"@id\":\"https:\\\/\\\/archiviocassano.lavocedelpaese.info\\\/index.php\\\/2014\\\/06\\\/23\\\/parte-da-cassano-qupq-la-grande-festa-del-parco-dellalta-murgia\\\/#primaryimage\",\"url\":\"https:\\\/\\\/archiviocassano.lavocedelpaese.info\\\/wp-content\\\/uploads\\\/2014\\\/06\\\/conferenza_stampa_UP.jpg\",\"contentUrl\":\"https:\\\/\\\/archiviocassano.lavocedelpaese.info\\\/wp-content\\\/uploads\\\/2014\\\/06\\\/conferenza_stampa_UP.jpg\",\"width\":640,\"height\":427,\"caption\":\"conferenza stampa UP\"},{\"@type\":\"BreadcrumbList\",\"@id\":\"https:\\\/\\\/archiviocassano.lavocedelpaese.info\\\/index.php\\\/2014\\\/06\\\/23\\\/parte-da-cassano-qupq-la-grande-festa-del-parco-dellalta-murgia\\\/#breadcrumb\",\"itemListElement\":[{\"@type\":\"ListItem\",\"position\":1,\"name\":\"Home\",\"item\":\"https:\\\/\\\/archiviocassano.lavocedelpaese.info\\\/\"},{\"@type\":\"ListItem\",\"position\":2,\"name\":\"Stasera in piazza c&#8217;\u00e8 &#8220;UP!&#8221;, la grande festa del Parco\"}]},{\"@type\":\"WebSite\",\"@id\":\"https:\\\/\\\/archiviocassano.lavocedelpaese.info\\\/#website\",\"url\":\"https:\\\/\\\/archiviocassano.lavocedelpaese.info\\\/\",\"name\":\"Archivio CassanoWeb\",\"description\":\"La Voce del Paese - un network di idee\",\"publisher\":{\"@id\":\"https:\\\/\\\/archiviocassano.lavocedelpaese.info\\\/#organization\"},\"potentialAction\":[{\"@type\":\"SearchAction\",\"target\":{\"@type\":\"EntryPoint\",\"urlTemplate\":\"https:\\\/\\\/archiviocassano.lavocedelpaese.info\\\/?s={search_term_string}\"},\"query-input\":{\"@type\":\"PropertyValueSpecification\",\"valueRequired\":true,\"valueName\":\"search_term_string\"}}],\"inLanguage\":\"it-IT\"},{\"@type\":\"Organization\",\"@id\":\"https:\\\/\\\/archiviocassano.lavocedelpaese.info\\\/#organization\",\"name\":\"Archivio CassanoWeb\",\"url\":\"https:\\\/\\\/archiviocassano.lavocedelpaese.info\\\/\",\"logo\":{\"@type\":\"ImageObject\",\"inLanguage\":\"it-IT\",\"@id\":\"https:\\\/\\\/archiviocassano.lavocedelpaese.info\\\/#\\\/schema\\\/logo\\\/image\\\/\",\"url\":\"https:\\\/\\\/archiviocassano.lavocedelpaese.info\\\/wp-content\\\/uploads\\\/2024\\\/08\\\/logo-rosso-2.png\",\"contentUrl\":\"https:\\\/\\\/archiviocassano.lavocedelpaese.info\\\/wp-content\\\/uploads\\\/2024\\\/08\\\/logo-rosso-2.png\",\"width\":491,\"height\":432,\"caption\":\"Archivio CassanoWeb\"},\"image\":{\"@id\":\"https:\\\/\\\/archiviocassano.lavocedelpaese.info\\\/#\\\/schema\\\/logo\\\/image\\\/\"},\"sameAs\":[\"https:\\\/\\\/www.facebook.com\\\/redazione.cassanoweb\"]},{\"@type\":\"Person\",\"@id\":\"https:\\\/\\\/archiviocassano.lavocedelpaese.info\\\/#\\\/schema\\\/person\\\/df195bc79a9b4c35127cf005f92e041b\",\"name\":\"admin\",\"image\":{\"@type\":\"ImageObject\",\"inLanguage\":\"it-IT\",\"@id\":\"https:\\\/\\\/secure.gravatar.com\\\/avatar\\\/eabba89a432e8eaa1b0207cc55f7e5340b22712b1ed80677efcf63e02ff5b235?s=96&d=mm&r=g\",\"url\":\"https:\\\/\\\/secure.gravatar.com\\\/avatar\\\/eabba89a432e8eaa1b0207cc55f7e5340b22712b1ed80677efcf63e02ff5b235?s=96&d=mm&r=g\",\"contentUrl\":\"https:\\\/\\\/secure.gravatar.com\\\/avatar\\\/eabba89a432e8eaa1b0207cc55f7e5340b22712b1ed80677efcf63e02ff5b235?s=96&d=mm&r=g\",\"caption\":\"admin\"},\"sameAs\":[\"https:\\\/\\\/archiviocassano.lavocedelpaese.info\"],\"url\":\"https:\\\/\\\/archiviocassano.lavocedelpaese.info\\\/index.php\\\/author\\\/admin_0qgz1xdp\\\/\"}]}<\/script>\n<!-- \/ Yoast SEO plugin. -->","yoast_head_json":{"title":"Stasera in piazza c'\u00e8 \"UP!\", la grande festa del Parco - Archivio CassanoWeb","robots":{"index":"index","follow":"follow","max-snippet":"max-snippet:-1","max-image-preview":"max-image-preview:large","max-video-preview":"max-video-preview:-1"},"canonical":"https:\/\/archiviocassano.lavocedelpaese.info\/index.php\/2014\/06\/23\/parte-da-cassano-qupq-la-grande-festa-del-parco-dellalta-murgia\/","og_locale":"it_IT","og_type":"article","og_title":"Stasera in piazza c'\u00e8 \"UP!\", la grande festa del Parco - Archivio CassanoWeb","og_url":"https:\/\/archiviocassano.lavocedelpaese.info\/index.php\/2014\/06\/23\/parte-da-cassano-qupq-la-grande-festa-del-parco-dellalta-murgia\/","og_site_name":"Archivio CassanoWeb","article_publisher":"https:\/\/www.facebook.com\/redazione.cassanoweb","article_published_time":"2014-06-23T03:59:26+00:00","og_image":[{"width":640,"height":427,"url":"https:\/\/archiviocassano.lavocedelpaese.info\/wp-content\/uploads\/2014\/06\/conferenza_stampa_UP.jpg","type":"image\/jpeg"}],"author":"admin","twitter_card":"summary_large_image","twitter_misc":{"Scritto da":"admin","Tempo di lettura stimato":"3 minuti"},"schema":{"@context":"https:\/\/schema.org","@graph":[{"@type":"Article","@id":"https:\/\/archiviocassano.lavocedelpaese.info\/index.php\/2014\/06\/23\/parte-da-cassano-qupq-la-grande-festa-del-parco-dellalta-murgia\/#article","isPartOf":{"@id":"https:\/\/archiviocassano.lavocedelpaese.info\/index.php\/2014\/06\/23\/parte-da-cassano-qupq-la-grande-festa-del-parco-dellalta-murgia\/"},"author":{"name":"admin","@id":"https:\/\/archiviocassano.lavocedelpaese.info\/#\/schema\/person\/df195bc79a9b4c35127cf005f92e041b"},"headline":"Stasera in piazza c&#8217;\u00e8 &#8220;UP!&#8221;, la grande festa del Parco","datePublished":"2014-06-23T03:59:26+00:00","mainEntityOfPage":{"@id":"https:\/\/archiviocassano.lavocedelpaese.info\/index.php\/2014\/06\/23\/parte-da-cassano-qupq-la-grande-festa-del-parco-dellalta-murgia\/"},"wordCount":518,"commentCount":0,"publisher":{"@id":"https:\/\/archiviocassano.lavocedelpaese.info\/#organization"},"image":{"@id":"https:\/\/archiviocassano.lavocedelpaese.info\/index.php\/2014\/06\/23\/parte-da-cassano-qupq-la-grande-festa-del-parco-dellalta-murgia\/#primaryimage"},"thumbnailUrl":"https:\/\/archiviocassano.lavocedelpaese.info\/wp-content\/uploads\/2014\/06\/conferenza_stampa_UP.jpg","articleSection":["Appuntamenti"],"inLanguage":"it-IT","potentialAction":[{"@type":"CommentAction","name":"Comment","target":["https:\/\/archiviocassano.lavocedelpaese.info\/index.php\/2014\/06\/23\/parte-da-cassano-qupq-la-grande-festa-del-parco-dellalta-murgia\/#respond"]}]},{"@type":"WebPage","@id":"https:\/\/archiviocassano.lavocedelpaese.info\/index.php\/2014\/06\/23\/parte-da-cassano-qupq-la-grande-festa-del-parco-dellalta-murgia\/","url":"https:\/\/archiviocassano.lavocedelpaese.info\/index.php\/2014\/06\/23\/parte-da-cassano-qupq-la-grande-festa-del-parco-dellalta-murgia\/","name":"Stasera in piazza c'\u00e8 \"UP!\", la grande festa del Parco - Archivio CassanoWeb","isPartOf":{"@id":"https:\/\/archiviocassano.lavocedelpaese.info\/#website"},"primaryImageOfPage":{"@id":"https:\/\/archiviocassano.lavocedelpaese.info\/index.php\/2014\/06\/23\/parte-da-cassano-qupq-la-grande-festa-del-parco-dellalta-murgia\/#primaryimage"},"image":{"@id":"https:\/\/archiviocassano.lavocedelpaese.info\/index.php\/2014\/06\/23\/parte-da-cassano-qupq-la-grande-festa-del-parco-dellalta-murgia\/#primaryimage"},"thumbnailUrl":"https:\/\/archiviocassano.lavocedelpaese.info\/wp-content\/uploads\/2014\/06\/conferenza_stampa_UP.jpg","datePublished":"2014-06-23T03:59:26+00:00","breadcrumb":{"@id":"https:\/\/archiviocassano.lavocedelpaese.info\/index.php\/2014\/06\/23\/parte-da-cassano-qupq-la-grande-festa-del-parco-dellalta-murgia\/#breadcrumb"},"inLanguage":"it-IT","potentialAction":[{"@type":"ReadAction","target":["https:\/\/archiviocassano.lavocedelpaese.info\/index.php\/2014\/06\/23\/parte-da-cassano-qupq-la-grande-festa-del-parco-dellalta-murgia\/"]}]},{"@type":"ImageObject","inLanguage":"it-IT","@id":"https:\/\/archiviocassano.lavocedelpaese.info\/index.php\/2014\/06\/23\/parte-da-cassano-qupq-la-grande-festa-del-parco-dellalta-murgia\/#primaryimage","url":"https:\/\/archiviocassano.lavocedelpaese.info\/wp-content\/uploads\/2014\/06\/conferenza_stampa_UP.jpg","contentUrl":"https:\/\/archiviocassano.lavocedelpaese.info\/wp-content\/uploads\/2014\/06\/conferenza_stampa_UP.jpg","width":640,"height":427,"caption":"conferenza stampa UP"},{"@type":"BreadcrumbList","@id":"https:\/\/archiviocassano.lavocedelpaese.info\/index.php\/2014\/06\/23\/parte-da-cassano-qupq-la-grande-festa-del-parco-dellalta-murgia\/#breadcrumb","itemListElement":[{"@type":"ListItem","position":1,"name":"Home","item":"https:\/\/archiviocassano.lavocedelpaese.info\/"},{"@type":"ListItem","position":2,"name":"Stasera in piazza c&#8217;\u00e8 &#8220;UP!&#8221;, la grande festa del Parco"}]},{"@type":"WebSite","@id":"https:\/\/archiviocassano.lavocedelpaese.info\/#website","url":"https:\/\/archiviocassano.lavocedelpaese.info\/","name":"Archivio CassanoWeb","description":"La Voce del Paese - un network di idee","publisher":{"@id":"https:\/\/archiviocassano.lavocedelpaese.info\/#organization"},"potentialAction":[{"@type":"SearchAction","target":{"@type":"EntryPoint","urlTemplate":"https:\/\/archiviocassano.lavocedelpaese.info\/?s={search_term_string}"},"query-input":{"@type":"PropertyValueSpecification","valueRequired":true,"valueName":"search_term_string"}}],"inLanguage":"it-IT"},{"@type":"Organization","@id":"https:\/\/archiviocassano.lavocedelpaese.info\/#organization","name":"Archivio CassanoWeb","url":"https:\/\/archiviocassano.lavocedelpaese.info\/","logo":{"@type":"ImageObject","inLanguage":"it-IT","@id":"https:\/\/archiviocassano.lavocedelpaese.info\/#\/schema\/logo\/image\/","url":"https:\/\/archiviocassano.lavocedelpaese.info\/wp-content\/uploads\/2024\/08\/logo-rosso-2.png","contentUrl":"https:\/\/archiviocassano.lavocedelpaese.info\/wp-content\/uploads\/2024\/08\/logo-rosso-2.png","width":491,"height":432,"caption":"Archivio CassanoWeb"},"image":{"@id":"https:\/\/archiviocassano.lavocedelpaese.info\/#\/schema\/logo\/image\/"},"sameAs":["https:\/\/www.facebook.com\/redazione.cassanoweb"]},{"@type":"Person","@id":"https:\/\/archiviocassano.lavocedelpaese.info\/#\/schema\/person\/df195bc79a9b4c35127cf005f92e041b","name":"admin","image":{"@type":"ImageObject","inLanguage":"it-IT","@id":"https:\/\/secure.gravatar.com\/avatar\/eabba89a432e8eaa1b0207cc55f7e5340b22712b1ed80677efcf63e02ff5b235?s=96&d=mm&r=g","url":"https:\/\/secure.gravatar.com\/avatar\/eabba89a432e8eaa1b0207cc55f7e5340b22712b1ed80677efcf63e02ff5b235?s=96&d=mm&r=g","contentUrl":"https:\/\/secure.gravatar.com\/avatar\/eabba89a432e8eaa1b0207cc55f7e5340b22712b1ed80677efcf63e02ff5b235?s=96&d=mm&r=g","caption":"admin"},"sameAs":["https:\/\/archiviocassano.lavocedelpaese.info"],"url":"https:\/\/archiviocassano.lavocedelpaese.info\/index.php\/author\/admin_0qgz1xdp\/"}]}},"_links":{"self":[{"href":"https:\/\/archiviocassano.lavocedelpaese.info\/index.php\/wp-json\/wp\/v2\/posts\/9315","targetHints":{"allow":["GET"]}}],"collection":[{"href":"https:\/\/archiviocassano.lavocedelpaese.info\/index.php\/wp-json\/wp\/v2\/posts"}],"about":[{"href":"https:\/\/archiviocassano.lavocedelpaese.info\/index.php\/wp-json\/wp\/v2\/types\/post"}],"author":[{"embeddable":true,"href":"https:\/\/archiviocassano.lavocedelpaese.info\/index.php\/wp-json\/wp\/v2\/users\/1"}],"replies":[{"embeddable":true,"href":"https:\/\/archiviocassano.lavocedelpaese.info\/index.php\/wp-json\/wp\/v2\/comments?post=9315"}],"version-history":[{"count":0,"href":"https:\/\/archiviocassano.lavocedelpaese.info\/index.php\/wp-json\/wp\/v2\/posts\/9315\/revisions"}],"wp:featuredmedia":[{"embeddable":true,"href":"https:\/\/archiviocassano.lavocedelpaese.info\/index.php\/wp-json\/wp\/v2\/media\/9314"}],"wp:attachment":[{"href":"https:\/\/archiviocassano.lavocedelpaese.info\/index.php\/wp-json\/wp\/v2\/media?parent=9315"}],"wp:term":[{"taxonomy":"category","embeddable":true,"href":"https:\/\/archiviocassano.lavocedelpaese.info\/index.php\/wp-json\/wp\/v2\/categories?post=9315"},{"taxonomy":"post_tag","embeddable":true,"href":"https:\/\/archiviocassano.lavocedelpaese.info\/index.php\/wp-json\/wp\/v2\/tags?post=9315"}],"curies":[{"name":"wp","href":"https:\/\/api.w.org\/{rel}","templated":true}]}}