{"id":9316,"date":"2014-06-23T03:58:43","date_gmt":"2014-06-23T03:58:43","guid":{"rendered":"https:\/\/archiviocassano.lavocedelpaese.info\/index.php\/2014\/06\/23\/lunedi-ultimo-consiglio-alla-provincia-di-bari\/"},"modified":"2014-06-23T03:58:43","modified_gmt":"2014-06-23T03:58:43","slug":"lunedi-ultimo-consiglio-alla-provincia-di-bari","status":"publish","type":"post","link":"https:\/\/archiviocassano.lavocedelpaese.info\/index.php\/2014\/06\/23\/lunedi-ultimo-consiglio-alla-provincia-di-bari\/","title":{"rendered":"Stamattina ultimo Consiglio alla Provincia di Bari"},"content":{"rendered":"<p><img loading=\"lazy\" decoding=\"async\" class=\" size-full wp-image-4706\" src=\"https:\/\/archiviocassano.lavocedelpaese.info\/wp-content\/uploads\/2011\/11\/giuseppe_gentile_piccola.jpg\" alt=\"giuseppe gentile piccola\" style=\"margin-right: 2px; margin-left: 2px;\" width=\"320\" height=\"156\" srcset=\"https:\/\/archiviocassano.lavocedelpaese.info\/wp-content\/uploads\/2011\/11\/giuseppe_gentile_piccola.jpg 320w, https:\/\/archiviocassano.lavocedelpaese.info\/wp-content\/uploads\/2011\/11\/giuseppe_gentile_piccola-300x146.jpg 300w\" sizes=\"auto, (max-width: 320px) 100vw, 320px\" \/><\/p>\n<p><!--more--><\/p>\n<p>La Provincia di Bari chiude per sempre i battenti, almeno nella forma istituzionale che finora conoscevamo.<\/p>\n<p style=\"text-align: justify;\"><strong>Luned\u00ec 23 giugno, alle 9.30<\/strong>, \u00e8 convocato l\u2019ultimo Consiglio provinciale per l\u2019approvazione e l\u2019adozione degli ultimi atti amministrativi della consiliatura. La seduta di congedo istituzionale si concluder\u00e0 con gli interventi dei capigruppo, dei presidenti delle commissioni e la relazione del presidente Francesco Schittulli.<\/p>\n<p style=\"text-align: justify;\">Si congeda cos\u00ec definitivamente dalla politica attiva anche il consigliere cassanese <strong>Giuseppe Gentile<\/strong> (<span id=\"_mce_caret\" data-mce-bogus=\"true\"><em>nella foto)<\/em><\/span> eletto nelle fila dell\u2019Italia dei Valori nel 2009 nel collegio \u201cSanteramo-Cassano\u201d.<\/p>\n<p style=\"text-align: justify;\">Ma quale ente sostituir\u00e0 la Provincia di Bari? Dal primo gennaio 2015 ci sar\u00e0 la Citt\u00e0 Metropolitana. Nei prossimi mesi, infatti, Schittulli, in collaborazione con il nuovo sindaco di Bari, Antonio Decaro, traghetter\u00e0 il passaggio da un ente all\u2019altro, con funzioni e compiti diversi e tutti ancora da definire.<\/p>\n<p style=\"text-align: justify;\">L\u2019ultimo giorno di vita della Provincia di Bari \u00e8 caratterizzato da un intenso programma di iniziative istituzionali e culturali.<\/p>\n<p style=\"text-align: justify;\">Alle ore&nbsp;<strong>17.30<\/strong>&nbsp;nella sala consiliare \u201cMatteo Fantasia\u201d il mondo politico, universitario e istituzionale si interrogher\u00e0 sul tema: \u201c<strong>Dalle Province alle Citt\u00e0 Metropolitane: quale futuro?<\/strong>\u201d. Dopo il saluto del presidente del Consiglio provinciale, Pietro Longo, e l\u2019introduzione del presidente Schittulli, a rispondere alle domande del direttore del Corriere del Mezzogiorno, Antonio Polito, saranno il presidente nazionale dell\u2019Upi, e dal 10 giugno scorso assessore alla Sanit\u00e0 della Regione Piemonte, Antonio Saitta, il consigliere di Stato e gi\u00e0 prefetto di Bari, Carlo Schilardi, e il rettore dell\u2019Universit\u00e0 di Bari, Antonio Felice Uricchio.<\/p>\n<p style=\"text-align: justify;\">Dalle ore&nbsp;<strong>20.00<\/strong>&nbsp;porte spalancate alla cultura in tutte le sue forme con la&nbsp;<strong>Notte Bianca della Poesia<\/strong>. Tutti gli spazi del Palazzo della Provincia ospiteranno eventi. L\u2019intitolazione del \u201cCortile della Cultura\u201d dar\u00e0 inizio alla lunga notte. A scoprire la targa sar\u00e0 Giuseppe De Tomaso, direttore de \u201cLa Gazzetta del Mezzogiorn\u201do.<\/p>\n<p style=\"text-align: justify;\">Incontri, poi, ogni mezz&#8217;ora, a partire dalle 20.20.&nbsp; Si comincia con \u201cCrescere con la poesia\u201d con Francesco Carofiglio, Anna Santoliquido, Giovanni Dotoli e Antonio Coppola, moderati dal direttore &nbsp;De Tomaso.<\/p>\n<p style=\"text-align: justify;\">Alle 20.50,&nbsp; \u201cEditoria in Puglia: punto e a capo\u201d, ne discuteranno Carla Palone, Giuseppe Laterza, Luciano Maria Pegorari, Gino Dato e Mimmo Di Marsico, moderati dal direttore del TgNorba, Enzo Magist\u00e0.<\/p>\n<p style=\"text-align: justify;\">Alle 21.30&nbsp; \u201cLa poesia Internazionale\u201d con Daniele Giancane, Chi Trung (poeta vietnamita) e Liubita Raichici (poetessa rumena), moderati dal caporedattore del Tg3 Puglia, Attilio Romita;<\/p>\n<p style=\"text-align: justify;\">alle 22 \u201cDonne e poesia\u201d con Graziella Todisco e Mariapina Santoro, moderate dalla caporedattrice de \u201cLa Gazzetta del Mezzogiorno\u201d, Carmela Formicola.<\/p>\n<p style=\"text-align: justify;\">Chiude la serata di incontri la tavola rotonda delle 22.30 dal titolo \u201cL\u2019attualit\u00e0 della poesia dialettale\u201d; ne discuteranno Felice Giovine, Vito Signorile e Rino Bizzarro, moderati dal direttore di Epolis Bari, Dionisio Ciccarese.<\/p>\n<p>&nbsp;<\/p>\n<p>&nbsp;<\/p>\n","protected":false},"excerpt":{"rendered":"","protected":false},"author":1,"featured_media":4706,"comment_status":"open","ping_status":"closed","sticky":false,"template":"","format":"standard","meta":{"colormag_page_container_layout":"default_layout","colormag_page_sidebar_layout":"default_layout","footnotes":""},"categories":[4],"tags":[],"class_list":["post-9316","post","type-post","status-publish","format-standard","has-post-thumbnail","hentry","category-politica"],"yoast_head":"<!-- This site is optimized with the Yoast SEO plugin v27.5 - https:\/\/yoast.com\/product\/yoast-seo-wordpress\/ -->\n<title>Stamattina ultimo Consiglio alla Provincia di Bari - Archivio CassanoWeb<\/title>\n<meta name=\"robots\" content=\"index, follow, max-snippet:-1, max-image-preview:large, max-video-preview:-1\" \/>\n<link rel=\"canonical\" href=\"https:\/\/archiviocassano.lavocedelpaese.info\/index.php\/2014\/06\/23\/lunedi-ultimo-consiglio-alla-provincia-di-bari\/\" \/>\n<meta property=\"og:locale\" content=\"it_IT\" \/>\n<meta property=\"og:type\" content=\"article\" \/>\n<meta property=\"og:title\" content=\"Stamattina ultimo Consiglio alla Provincia di Bari - Archivio CassanoWeb\" \/>\n<meta property=\"og:url\" content=\"https:\/\/archiviocassano.lavocedelpaese.info\/index.php\/2014\/06\/23\/lunedi-ultimo-consiglio-alla-provincia-di-bari\/\" \/>\n<meta property=\"og:site_name\" content=\"Archivio CassanoWeb\" \/>\n<meta property=\"article:publisher\" content=\"https:\/\/www.facebook.com\/redazione.cassanoweb\" \/>\n<meta property=\"article:published_time\" content=\"2014-06-23T03:58:43+00:00\" \/>\n<meta property=\"og:image\" content=\"https:\/\/archiviocassano.lavocedelpaese.info\/wp-content\/uploads\/2011\/11\/giuseppe_gentile_piccola.jpg\" \/>\n\t<meta property=\"og:image:width\" content=\"320\" \/>\n\t<meta property=\"og:image:height\" content=\"156\" \/>\n\t<meta property=\"og:image:type\" content=\"image\/jpeg\" \/>\n<meta name=\"author\" content=\"admin\" \/>\n<meta name=\"twitter:card\" content=\"summary_large_image\" \/>\n<meta name=\"twitter:label1\" content=\"Scritto da\" \/>\n\t<meta name=\"twitter:data1\" content=\"admin\" \/>\n\t<meta name=\"twitter:label2\" content=\"Tempo di lettura stimato\" \/>\n\t<meta name=\"twitter:data2\" content=\"2 minuti\" \/>\n<script type=\"application\/ld+json\" class=\"yoast-schema-graph\">{\"@context\":\"https:\\\/\\\/schema.org\",\"@graph\":[{\"@type\":\"Article\",\"@id\":\"https:\\\/\\\/archiviocassano.lavocedelpaese.info\\\/index.php\\\/2014\\\/06\\\/23\\\/lunedi-ultimo-consiglio-alla-provincia-di-bari\\\/#article\",\"isPartOf\":{\"@id\":\"https:\\\/\\\/archiviocassano.lavocedelpaese.info\\\/index.php\\\/2014\\\/06\\\/23\\\/lunedi-ultimo-consiglio-alla-provincia-di-bari\\\/\"},\"author\":{\"name\":\"admin\",\"@id\":\"https:\\\/\\\/archiviocassano.lavocedelpaese.info\\\/#\\\/schema\\\/person\\\/df195bc79a9b4c35127cf005f92e041b\"},\"headline\":\"Stamattina ultimo Consiglio alla Provincia di Bari\",\"datePublished\":\"2014-06-23T03:58:43+00:00\",\"mainEntityOfPage\":{\"@id\":\"https:\\\/\\\/archiviocassano.lavocedelpaese.info\\\/index.php\\\/2014\\\/06\\\/23\\\/lunedi-ultimo-consiglio-alla-provincia-di-bari\\\/\"},\"wordCount\":451,\"commentCount\":0,\"publisher\":{\"@id\":\"https:\\\/\\\/archiviocassano.lavocedelpaese.info\\\/#organization\"},\"image\":{\"@id\":\"https:\\\/\\\/archiviocassano.lavocedelpaese.info\\\/index.php\\\/2014\\\/06\\\/23\\\/lunedi-ultimo-consiglio-alla-provincia-di-bari\\\/#primaryimage\"},\"thumbnailUrl\":\"https:\\\/\\\/archiviocassano.lavocedelpaese.info\\\/wp-content\\\/uploads\\\/2011\\\/11\\\/giuseppe_gentile_piccola.jpg\",\"articleSection\":[\"Politica\"],\"inLanguage\":\"it-IT\",\"potentialAction\":[{\"@type\":\"CommentAction\",\"name\":\"Comment\",\"target\":[\"https:\\\/\\\/archiviocassano.lavocedelpaese.info\\\/index.php\\\/2014\\\/06\\\/23\\\/lunedi-ultimo-consiglio-alla-provincia-di-bari\\\/#respond\"]}]},{\"@type\":\"WebPage\",\"@id\":\"https:\\\/\\\/archiviocassano.lavocedelpaese.info\\\/index.php\\\/2014\\\/06\\\/23\\\/lunedi-ultimo-consiglio-alla-provincia-di-bari\\\/\",\"url\":\"https:\\\/\\\/archiviocassano.lavocedelpaese.info\\\/index.php\\\/2014\\\/06\\\/23\\\/lunedi-ultimo-consiglio-alla-provincia-di-bari\\\/\",\"name\":\"Stamattina ultimo Consiglio alla Provincia di Bari - Archivio CassanoWeb\",\"isPartOf\":{\"@id\":\"https:\\\/\\\/archiviocassano.lavocedelpaese.info\\\/#website\"},\"primaryImageOfPage\":{\"@id\":\"https:\\\/\\\/archiviocassano.lavocedelpaese.info\\\/index.php\\\/2014\\\/06\\\/23\\\/lunedi-ultimo-consiglio-alla-provincia-di-bari\\\/#primaryimage\"},\"image\":{\"@id\":\"https:\\\/\\\/archiviocassano.lavocedelpaese.info\\\/index.php\\\/2014\\\/06\\\/23\\\/lunedi-ultimo-consiglio-alla-provincia-di-bari\\\/#primaryimage\"},\"thumbnailUrl\":\"https:\\\/\\\/archiviocassano.lavocedelpaese.info\\\/wp-content\\\/uploads\\\/2011\\\/11\\\/giuseppe_gentile_piccola.jpg\",\"datePublished\":\"2014-06-23T03:58:43+00:00\",\"breadcrumb\":{\"@id\":\"https:\\\/\\\/archiviocassano.lavocedelpaese.info\\\/index.php\\\/2014\\\/06\\\/23\\\/lunedi-ultimo-consiglio-alla-provincia-di-bari\\\/#breadcrumb\"},\"inLanguage\":\"it-IT\",\"potentialAction\":[{\"@type\":\"ReadAction\",\"target\":[\"https:\\\/\\\/archiviocassano.lavocedelpaese.info\\\/index.php\\\/2014\\\/06\\\/23\\\/lunedi-ultimo-consiglio-alla-provincia-di-bari\\\/\"]}]},{\"@type\":\"ImageObject\",\"inLanguage\":\"it-IT\",\"@id\":\"https:\\\/\\\/archiviocassano.lavocedelpaese.info\\\/index.php\\\/2014\\\/06\\\/23\\\/lunedi-ultimo-consiglio-alla-provincia-di-bari\\\/#primaryimage\",\"url\":\"https:\\\/\\\/archiviocassano.lavocedelpaese.info\\\/wp-content\\\/uploads\\\/2011\\\/11\\\/giuseppe_gentile_piccola.jpg\",\"contentUrl\":\"https:\\\/\\\/archiviocassano.lavocedelpaese.info\\\/wp-content\\\/uploads\\\/2011\\\/11\\\/giuseppe_gentile_piccola.jpg\",\"width\":320,\"height\":156,\"caption\":\"giuseppe gentile piccola\"},{\"@type\":\"BreadcrumbList\",\"@id\":\"https:\\\/\\\/archiviocassano.lavocedelpaese.info\\\/index.php\\\/2014\\\/06\\\/23\\\/lunedi-ultimo-consiglio-alla-provincia-di-bari\\\/#breadcrumb\",\"itemListElement\":[{\"@type\":\"ListItem\",\"position\":1,\"name\":\"Home\",\"item\":\"https:\\\/\\\/archiviocassano.lavocedelpaese.info\\\/\"},{\"@type\":\"ListItem\",\"position\":2,\"name\":\"Stamattina ultimo Consiglio alla Provincia di Bari\"}]},{\"@type\":\"WebSite\",\"@id\":\"https:\\\/\\\/archiviocassano.lavocedelpaese.info\\\/#website\",\"url\":\"https:\\\/\\\/archiviocassano.lavocedelpaese.info\\\/\",\"name\":\"Archivio CassanoWeb\",\"description\":\"La Voce del Paese - un network di idee\",\"publisher\":{\"@id\":\"https:\\\/\\\/archiviocassano.lavocedelpaese.info\\\/#organization\"},\"potentialAction\":[{\"@type\":\"SearchAction\",\"target\":{\"@type\":\"EntryPoint\",\"urlTemplate\":\"https:\\\/\\\/archiviocassano.lavocedelpaese.info\\\/?s={search_term_string}\"},\"query-input\":{\"@type\":\"PropertyValueSpecification\",\"valueRequired\":true,\"valueName\":\"search_term_string\"}}],\"inLanguage\":\"it-IT\"},{\"@type\":\"Organization\",\"@id\":\"https:\\\/\\\/archiviocassano.lavocedelpaese.info\\\/#organization\",\"name\":\"Archivio CassanoWeb\",\"url\":\"https:\\\/\\\/archiviocassano.lavocedelpaese.info\\\/\",\"logo\":{\"@type\":\"ImageObject\",\"inLanguage\":\"it-IT\",\"@id\":\"https:\\\/\\\/archiviocassano.lavocedelpaese.info\\\/#\\\/schema\\\/logo\\\/image\\\/\",\"url\":\"https:\\\/\\\/archiviocassano.lavocedelpaese.info\\\/wp-content\\\/uploads\\\/2024\\\/08\\\/logo-rosso-2.png\",\"contentUrl\":\"https:\\\/\\\/archiviocassano.lavocedelpaese.info\\\/wp-content\\\/uploads\\\/2024\\\/08\\\/logo-rosso-2.png\",\"width\":491,\"height\":432,\"caption\":\"Archivio CassanoWeb\"},\"image\":{\"@id\":\"https:\\\/\\\/archiviocassano.lavocedelpaese.info\\\/#\\\/schema\\\/logo\\\/image\\\/\"},\"sameAs\":[\"https:\\\/\\\/www.facebook.com\\\/redazione.cassanoweb\"]},{\"@type\":\"Person\",\"@id\":\"https:\\\/\\\/archiviocassano.lavocedelpaese.info\\\/#\\\/schema\\\/person\\\/df195bc79a9b4c35127cf005f92e041b\",\"name\":\"admin\",\"image\":{\"@type\":\"ImageObject\",\"inLanguage\":\"it-IT\",\"@id\":\"https:\\\/\\\/secure.gravatar.com\\\/avatar\\\/eabba89a432e8eaa1b0207cc55f7e5340b22712b1ed80677efcf63e02ff5b235?s=96&d=mm&r=g\",\"url\":\"https:\\\/\\\/secure.gravatar.com\\\/avatar\\\/eabba89a432e8eaa1b0207cc55f7e5340b22712b1ed80677efcf63e02ff5b235?s=96&d=mm&r=g\",\"contentUrl\":\"https:\\\/\\\/secure.gravatar.com\\\/avatar\\\/eabba89a432e8eaa1b0207cc55f7e5340b22712b1ed80677efcf63e02ff5b235?s=96&d=mm&r=g\",\"caption\":\"admin\"},\"sameAs\":[\"https:\\\/\\\/archiviocassano.lavocedelpaese.info\"],\"url\":\"https:\\\/\\\/archiviocassano.lavocedelpaese.info\\\/index.php\\\/author\\\/admin_0qgz1xdp\\\/\"}]}<\/script>\n<!-- \/ Yoast SEO plugin. -->","yoast_head_json":{"title":"Stamattina ultimo Consiglio alla Provincia di Bari - Archivio CassanoWeb","robots":{"index":"index","follow":"follow","max-snippet":"max-snippet:-1","max-image-preview":"max-image-preview:large","max-video-preview":"max-video-preview:-1"},"canonical":"https:\/\/archiviocassano.lavocedelpaese.info\/index.php\/2014\/06\/23\/lunedi-ultimo-consiglio-alla-provincia-di-bari\/","og_locale":"it_IT","og_type":"article","og_title":"Stamattina ultimo Consiglio alla Provincia di Bari - Archivio CassanoWeb","og_url":"https:\/\/archiviocassano.lavocedelpaese.info\/index.php\/2014\/06\/23\/lunedi-ultimo-consiglio-alla-provincia-di-bari\/","og_site_name":"Archivio CassanoWeb","article_publisher":"https:\/\/www.facebook.com\/redazione.cassanoweb","article_published_time":"2014-06-23T03:58:43+00:00","og_image":[{"width":320,"height":156,"url":"https:\/\/archiviocassano.lavocedelpaese.info\/wp-content\/uploads\/2011\/11\/giuseppe_gentile_piccola.jpg","type":"image\/jpeg"}],"author":"admin","twitter_card":"summary_large_image","twitter_misc":{"Scritto da":"admin","Tempo di lettura stimato":"2 minuti"},"schema":{"@context":"https:\/\/schema.org","@graph":[{"@type":"Article","@id":"https:\/\/archiviocassano.lavocedelpaese.info\/index.php\/2014\/06\/23\/lunedi-ultimo-consiglio-alla-provincia-di-bari\/#article","isPartOf":{"@id":"https:\/\/archiviocassano.lavocedelpaese.info\/index.php\/2014\/06\/23\/lunedi-ultimo-consiglio-alla-provincia-di-bari\/"},"author":{"name":"admin","@id":"https:\/\/archiviocassano.lavocedelpaese.info\/#\/schema\/person\/df195bc79a9b4c35127cf005f92e041b"},"headline":"Stamattina ultimo Consiglio alla Provincia di Bari","datePublished":"2014-06-23T03:58:43+00:00","mainEntityOfPage":{"@id":"https:\/\/archiviocassano.lavocedelpaese.info\/index.php\/2014\/06\/23\/lunedi-ultimo-consiglio-alla-provincia-di-bari\/"},"wordCount":451,"commentCount":0,"publisher":{"@id":"https:\/\/archiviocassano.lavocedelpaese.info\/#organization"},"image":{"@id":"https:\/\/archiviocassano.lavocedelpaese.info\/index.php\/2014\/06\/23\/lunedi-ultimo-consiglio-alla-provincia-di-bari\/#primaryimage"},"thumbnailUrl":"https:\/\/archiviocassano.lavocedelpaese.info\/wp-content\/uploads\/2011\/11\/giuseppe_gentile_piccola.jpg","articleSection":["Politica"],"inLanguage":"it-IT","potentialAction":[{"@type":"CommentAction","name":"Comment","target":["https:\/\/archiviocassano.lavocedelpaese.info\/index.php\/2014\/06\/23\/lunedi-ultimo-consiglio-alla-provincia-di-bari\/#respond"]}]},{"@type":"WebPage","@id":"https:\/\/archiviocassano.lavocedelpaese.info\/index.php\/2014\/06\/23\/lunedi-ultimo-consiglio-alla-provincia-di-bari\/","url":"https:\/\/archiviocassano.lavocedelpaese.info\/index.php\/2014\/06\/23\/lunedi-ultimo-consiglio-alla-provincia-di-bari\/","name":"Stamattina ultimo Consiglio alla Provincia di Bari - Archivio CassanoWeb","isPartOf":{"@id":"https:\/\/archiviocassano.lavocedelpaese.info\/#website"},"primaryImageOfPage":{"@id":"https:\/\/archiviocassano.lavocedelpaese.info\/index.php\/2014\/06\/23\/lunedi-ultimo-consiglio-alla-provincia-di-bari\/#primaryimage"},"image":{"@id":"https:\/\/archiviocassano.lavocedelpaese.info\/index.php\/2014\/06\/23\/lunedi-ultimo-consiglio-alla-provincia-di-bari\/#primaryimage"},"thumbnailUrl":"https:\/\/archiviocassano.lavocedelpaese.info\/wp-content\/uploads\/2011\/11\/giuseppe_gentile_piccola.jpg","datePublished":"2014-06-23T03:58:43+00:00","breadcrumb":{"@id":"https:\/\/archiviocassano.lavocedelpaese.info\/index.php\/2014\/06\/23\/lunedi-ultimo-consiglio-alla-provincia-di-bari\/#breadcrumb"},"inLanguage":"it-IT","potentialAction":[{"@type":"ReadAction","target":["https:\/\/archiviocassano.lavocedelpaese.info\/index.php\/2014\/06\/23\/lunedi-ultimo-consiglio-alla-provincia-di-bari\/"]}]},{"@type":"ImageObject","inLanguage":"it-IT","@id":"https:\/\/archiviocassano.lavocedelpaese.info\/index.php\/2014\/06\/23\/lunedi-ultimo-consiglio-alla-provincia-di-bari\/#primaryimage","url":"https:\/\/archiviocassano.lavocedelpaese.info\/wp-content\/uploads\/2011\/11\/giuseppe_gentile_piccola.jpg","contentUrl":"https:\/\/archiviocassano.lavocedelpaese.info\/wp-content\/uploads\/2011\/11\/giuseppe_gentile_piccola.jpg","width":320,"height":156,"caption":"giuseppe gentile piccola"},{"@type":"BreadcrumbList","@id":"https:\/\/archiviocassano.lavocedelpaese.info\/index.php\/2014\/06\/23\/lunedi-ultimo-consiglio-alla-provincia-di-bari\/#breadcrumb","itemListElement":[{"@type":"ListItem","position":1,"name":"Home","item":"https:\/\/archiviocassano.lavocedelpaese.info\/"},{"@type":"ListItem","position":2,"name":"Stamattina ultimo Consiglio alla Provincia di Bari"}]},{"@type":"WebSite","@id":"https:\/\/archiviocassano.lavocedelpaese.info\/#website","url":"https:\/\/archiviocassano.lavocedelpaese.info\/","name":"Archivio CassanoWeb","description":"La Voce del Paese - un network di idee","publisher":{"@id":"https:\/\/archiviocassano.lavocedelpaese.info\/#organization"},"potentialAction":[{"@type":"SearchAction","target":{"@type":"EntryPoint","urlTemplate":"https:\/\/archiviocassano.lavocedelpaese.info\/?s={search_term_string}"},"query-input":{"@type":"PropertyValueSpecification","valueRequired":true,"valueName":"search_term_string"}}],"inLanguage":"it-IT"},{"@type":"Organization","@id":"https:\/\/archiviocassano.lavocedelpaese.info\/#organization","name":"Archivio CassanoWeb","url":"https:\/\/archiviocassano.lavocedelpaese.info\/","logo":{"@type":"ImageObject","inLanguage":"it-IT","@id":"https:\/\/archiviocassano.lavocedelpaese.info\/#\/schema\/logo\/image\/","url":"https:\/\/archiviocassano.lavocedelpaese.info\/wp-content\/uploads\/2024\/08\/logo-rosso-2.png","contentUrl":"https:\/\/archiviocassano.lavocedelpaese.info\/wp-content\/uploads\/2024\/08\/logo-rosso-2.png","width":491,"height":432,"caption":"Archivio CassanoWeb"},"image":{"@id":"https:\/\/archiviocassano.lavocedelpaese.info\/#\/schema\/logo\/image\/"},"sameAs":["https:\/\/www.facebook.com\/redazione.cassanoweb"]},{"@type":"Person","@id":"https:\/\/archiviocassano.lavocedelpaese.info\/#\/schema\/person\/df195bc79a9b4c35127cf005f92e041b","name":"admin","image":{"@type":"ImageObject","inLanguage":"it-IT","@id":"https:\/\/secure.gravatar.com\/avatar\/eabba89a432e8eaa1b0207cc55f7e5340b22712b1ed80677efcf63e02ff5b235?s=96&d=mm&r=g","url":"https:\/\/secure.gravatar.com\/avatar\/eabba89a432e8eaa1b0207cc55f7e5340b22712b1ed80677efcf63e02ff5b235?s=96&d=mm&r=g","contentUrl":"https:\/\/secure.gravatar.com\/avatar\/eabba89a432e8eaa1b0207cc55f7e5340b22712b1ed80677efcf63e02ff5b235?s=96&d=mm&r=g","caption":"admin"},"sameAs":["https:\/\/archiviocassano.lavocedelpaese.info"],"url":"https:\/\/archiviocassano.lavocedelpaese.info\/index.php\/author\/admin_0qgz1xdp\/"}]}},"_links":{"self":[{"href":"https:\/\/archiviocassano.lavocedelpaese.info\/index.php\/wp-json\/wp\/v2\/posts\/9316","targetHints":{"allow":["GET"]}}],"collection":[{"href":"https:\/\/archiviocassano.lavocedelpaese.info\/index.php\/wp-json\/wp\/v2\/posts"}],"about":[{"href":"https:\/\/archiviocassano.lavocedelpaese.info\/index.php\/wp-json\/wp\/v2\/types\/post"}],"author":[{"embeddable":true,"href":"https:\/\/archiviocassano.lavocedelpaese.info\/index.php\/wp-json\/wp\/v2\/users\/1"}],"replies":[{"embeddable":true,"href":"https:\/\/archiviocassano.lavocedelpaese.info\/index.php\/wp-json\/wp\/v2\/comments?post=9316"}],"version-history":[{"count":0,"href":"https:\/\/archiviocassano.lavocedelpaese.info\/index.php\/wp-json\/wp\/v2\/posts\/9316\/revisions"}],"wp:featuredmedia":[{"embeddable":true,"href":"https:\/\/archiviocassano.lavocedelpaese.info\/index.php\/wp-json\/wp\/v2\/media\/4706"}],"wp:attachment":[{"href":"https:\/\/archiviocassano.lavocedelpaese.info\/index.php\/wp-json\/wp\/v2\/media?parent=9316"}],"wp:term":[{"taxonomy":"category","embeddable":true,"href":"https:\/\/archiviocassano.lavocedelpaese.info\/index.php\/wp-json\/wp\/v2\/categories?post=9316"},{"taxonomy":"post_tag","embeddable":true,"href":"https:\/\/archiviocassano.lavocedelpaese.info\/index.php\/wp-json\/wp\/v2\/tags?post=9316"}],"curies":[{"name":"wp","href":"https:\/\/api.w.org\/{rel}","templated":true}]}}