{"id":9317,"date":"2014-06-21T06:03:23","date_gmt":"2014-06-21T06:03:23","guid":{"rendered":"https:\/\/archiviocassano.lavocedelpaese.info\/index.php\/2014\/06\/21\/solstizio-destate-tutti-gli-appuntamenti-del-fine-settimana\/"},"modified":"2014-06-21T06:03:23","modified_gmt":"2014-06-21T06:03:23","slug":"solstizio-destate-tutti-gli-appuntamenti-del-fine-settimana","status":"publish","type":"post","link":"https:\/\/archiviocassano.lavocedelpaese.info\/index.php\/2014\/06\/21\/solstizio-destate-tutti-gli-appuntamenti-del-fine-settimana\/","title":{"rendered":"Solstizio d&#8217;Estate: tutti gli appuntamenti del fine settimana"},"content":{"rendered":"<p><img loading=\"lazy\" decoding=\"async\" class=\" size-full wp-image-9312\" src=\"https:\/\/archiviocassano.lavocedelpaese.info\/wp-content\/uploads\/2014\/06\/sole.jpg\" width=\"320\" height=\"150\" alt=\"sole\" style=\"margin-right: 2px; margin-left: 2px;\" \/><\/p>\n<p><!--more--><\/p>\n<p><strong>Alle 12,51 ora italiana, di sabato 21 giugno<\/strong>&nbsp;inizia ufficialmente l\u2019estate nelle localit\u00e0 situate a nord dell\u2019equatore, nell\u2019emisfero boreale: il Sole a mezzogiorno raggiunge, in ogni luogo, nel suo moto apparente nel cielo, il punto di massima altezza: \u00e8 il solstizio d\u2019estate. La parola Solstizio, infatti, deriva dal latino \u201csolis stazio\u201d (arresto del Sole) perch\u00e9 in questi giorni il Sole sembra mantenere sempre quella posizione nel cielo. E\u2019 anche il giorno pi\u00f9 lungo dell\u2019anno, il Sole \u00e8 visibile alla nostra latitudine per oltre 15 ore.<\/p>\n<p style=\"text-align: justify;\">Numerosissime le manifestazioni e le iniziative che si terranno per salutare l\u2019estate e nei giorni immediatamente seguenti, nella nostra zona.<\/p>\n<p><strong>&nbsp;<\/strong><\/p>\n<p style=\"text-align: center;\"><span style=\"text-decoration: underline;\"><strong>SABATO 21 GIUGNO<\/strong><\/span><\/p>\n<p><strong>&nbsp;<\/strong><\/p>\n<p><strong>Alla Grotta di Cristo con Legambiente Santeramo.<\/strong><\/p>\n<p style=\"text-align: justify;\">Il circolo&nbsp;Legambiente di Santeramo in Colle&nbsp;vi invita a partecipare ad una serata ricca di esperienze, per rivivere insieme alcune delle antiche attivit\u00e0 agricole legate alla stagione e per riscoprire due veri tesori della nostra murgia: il bosco di Mesola e la grotta di Cristo, al confine fra i comuni di Cassano delle Murge e Santeramo in Colle. Il raduno \u00e8 fissato alle ore 18:30 presso l\u2019\u201dAgriturismo Amicizia\u201d&nbsp;(contrada Cristo Fasano, Cassano delle Murge) dove si comincia alle ore 19:00 con la partecipazione ai laboratori didattici &#8220;mietitura e preparazione covoni&#8221; ed a seguire &#8220;dall&#8217;erba al formaggio&#8221;.<\/p>\n<p style=\"text-align: justify;\">E\u2019 gradita una conferma di partecipazione inviando una mail a:&nbsp;<a href=\"mailto:legambientesanteramo@libero.it\">legambientesanteramo@libero.it<\/a>&nbsp;o&nbsp;&nbsp;<a href=\"mailto:lositoleo@libero.it\">lositoleo@libero.it<\/a>&nbsp;oppure contattando il numero 3283130450 dopo le ore 19.&nbsp;<\/p>\n<p style=\"text-align: justify;\">&nbsp;<\/p>\n<p><strong>Escursione notturna col gruppo Trekking Cassano.<\/strong><\/p>\n<p style=\"text-align: justify;\">Il tracciato proposto per&nbsp;sabato 21 giugno, di circa 9 km, seguir\u00e0 piste sterrate all\u2019interno del folto rimboschimento di Monte Cucco, tra la Mass. Res\u00e8ga, Mass. Scippa,&nbsp; Mass. Gravattale e Mass. Cicaledda, nel territorio di Grumo, a nord del borgo Quadrifoglio.<\/p>\n<p style=\"text-align: justify;\">Appuntamento, ore 19.00 &#8211; 19.30 presso il Liceo Scientifico di Cassano, equipaggiati di scarpe da trekking, pantaloni lunghi, acqua e torcia al seguito, per il successivo trasferimento in c.da Res\u00e8ga, punto di partenza a piedi.&nbsp;<\/p>\n<p style=\"text-align: justify;\">L\u2019escursione si concluder\u00e0 verso le ore 23.30 con l\u2019ormai consueto ed apprezzato spuntino finale, rifornito con le specialit\u00e0 \u2026..culinarie degli amici partecipanti (come dire, ognuno porta qualcosa e non solo\u2026\u2026 l\u2019appetito!)<\/p>\n<p><strong>&nbsp;<\/strong><\/p>\n<p><strong>Festa del Sole a \u201cSolinio\u201d.<\/strong><\/p>\n<p style=\"text-align: justify;\">La Societ\u00e0 Astronomica Pugliese,&nbsp;in collaborazione con The Lunar Society, Cea Solinio, Coelum Astronomia e Salmoiraghi &amp; Vigan\u00f2, nell\u2019ambito dell\u2019iniziativa \u201cViaggia con noi nell\u2019Universo\u201d&nbsp;organizzano la \u201cLa Festa del Sole\u201d&nbsp;con riti e osservazioni astronomiche al telescopio la sera di sabato&nbsp;21 giugno 2014 presso il Cea Solinio di Cassano delle Murge.&nbsp;<\/p>\n<p style=\"text-align: justify;\">Questo il programma: alle ore 18.00 osservazioni al telescopio del Sole, alle 21 conferenza divulgativa su miti e costellazioni del solstizio d\u2019estate a cura di Vincenzo Coppa, a seguire osservazioni al telescopio di pianeti e oggetti celesti e fal\u00f2 del solstizio d\u2019estate\u2026<\/p>\n<p style=\"text-align: justify;\">Osservazioni astronomiche gratuite.<\/p>\n<p style=\"text-align: justify;\">Durante la serata \u00e8 prevista la cena (per prenotare contattare il Cea Solinio, 333-9580990 &#8211; euro 20,00, bimbi 10,00).<\/p>\n<p><strong>&nbsp;<\/strong><\/p>\n<p><strong>Masserie sotto le stelle.<\/strong><\/p>\n<p style=\"text-align: justify;\">Tre le aziende agrituristiche cassanesi coinvolte nell&#8217;iniziativa voluta dalla Regione Puglia:&nbsp;<strong>Ruotolo, Amicizia, Chimienti<\/strong><strong>. <\/strong>Laboratori, degustazioni e musica gli ingredienti principali.<\/p>\n<p style=\"text-align: justify;\">Maggiori info su: <a href=\"http:\/\/www.masseriesottolestelle.com\/\">www.masseriesottolestelle.com<\/a><\/p>\n<p><strong>&nbsp;<\/strong><\/p>\n<p>&nbsp;<strong>Festival del Levante ad Acquaviva.<\/strong><\/p>\n<p style=\"text-align: justify;\">Mario Rosini, Antonio Da Costa, Carmen Martorana e, direttamente da Zelig, il comico Sas\u00e0 Spasiano. Sono gli ospiti d&#8217;eccezione del Festival del Levante, &#8220;Nuovi Talenti in Vetrina&#8221; che inizia sabato 21 giugno ad Acquaviva delle Fonti.<\/p>\n<p style=\"text-align: justify;\">Il concorso canoro si svolger\u00e0 in piazza dei Martiri alle 20,30 e proseguir\u00e0 anche nella serata di domenica.&nbsp;<\/p>\n<p><strong>&nbsp;<\/strong><\/p>\n<p><strong>Il \u201cFestival dei Claustri\u201d ad Altamura.<\/strong><\/p>\n<p>Due giorni per riscoprire uno dei pi\u00f9 belli fra i centri storici della Murgia. Con musica, teatro, danza, arte.<\/p>\n<p>Tutto il programma qui:<\/p>\n<p><a href=\"http:\/\/www.ilcuoredialtamura.it\/daAlessandro\/Programma_manifestazione1.pdf\">http:\/\/www.ilcuoredialtamura.it\/daAlessandro\/Programma_manifestazione1.pdf<\/a><\/p>\n<p><strong>&nbsp;<\/strong><\/p>\n<p><strong>&#8220;Ruvo, Carafa e la leggenda\u201d.<\/strong><strong><\/strong><\/p>\n<p style=\"text-align: justify;\">180 i figuranti che sfileranno per le strade di Ruvo di Puglia, per la seconda edizione di &#8220;Ruvo, Carafa e la leggenda&#8221;, il Corteo storico che sabato 21 giugno a partire dalle 18.30, e domenica 22 giugno, riporter\u00e0 indietro le lancette del tempo, fino al XVIII secolo, con l\u2019intento di spettacolarizzare la leggenda dell\u2019Ottavario del Corpus Domini.<\/p>\n<p style=\"text-align: justify;\">La manifestazione vuole ricordare l\u2019istituzione della Processione dell\u2019Ottavario del Corpus Domini, che pare abbia avuto origine da un episodio increscioso. Il duca di Andria e conte di Ruvo Carafa, tornando da una partita di caccia effettuata nella sua tenuta detta Parco del Conte, nel mentre si svolgeva la processione del Corpus Domini per una impennata della sua cavalcatura (forse premeditata), creava scompiglio nell&#8217;incedere della processione. Il popolo elev\u00f2 forti proteste contro il conte di Ruvo che stava l\u00ec l\u00ec per linciare. Fu allora che il suo cavallo s&#8217;inginocchi\u00f2, cos\u00ec che il duca avrebbe promesso pubblica riparazione istituendo la solennit\u00e0 dell&#8217;Ottavario del Corpus domini, celebrandola con massima solennit\u00e0 e sfarzo. Egli stesso avrebbe retto l&#8217;ombrello accanto al SS Sacramento.<\/p>\n<p><strong>&nbsp;<\/strong><\/p>\n<p><strong>\u201cTatto\u201d a Santeramo. <\/strong><\/p>\n<p style=\"text-align: justify;\">Sabato 21 Giugno a partire dalle ore 21:00 esibizione delle &#8220;Melodie Vegetali&#8221;<br \/> bio-Musica. Le piante hanno un&#8217;intelligenza? a cura del maestro Sabatelli e della dottoressa Amalia Di Leo<\/p>\n<p style=\"text-align: justify;\">Ore 22:00 Concerto live dei Terraross.<\/p>\n<p style=\"text-align: justify;\">Durante la serata sar\u00e0 possibile effettuare del body painting sul corpo di alcuni modelli messi a disposizione dall&#8217;organizzazione&#8230;<\/p>\n<p style=\"text-align: justify;\">Si potranno degustare anche prodotti tipici della nostra Murgia<\/p>\n<p style=\"text-align: justify;\">Il tutto nella splendida cornice dell\u2019atrio di palazzo Marchesale di Santeramo in Colle.<\/p>\n<p><strong>&nbsp;<\/strong><\/p>\n<p style=\"text-align: center;\"><span style=\"text-decoration: underline;\"><strong>DOMENICA 22 GIUGNO<\/strong><\/span><\/p>\n<p><strong>&nbsp;<\/strong><\/p>\n<p><strong>\u201cItineraMurgia\u201d a Santeramo in Colle.<\/strong><\/p>\n<p>Nell\u2019ambito del nono weekend di \u201cItineramurgia\u201d a&nbsp;<strong>Santeramo in Colle<\/strong>&nbsp;il programma prevede&nbsp;<strong>domenica 22 giugno<\/strong>, a partire dalle&nbsp;<strong>8.30<\/strong>, presso <strong>Masseria Grottillo<\/strong>, passeggiate a cavallo e in carrozza e mostra di carrozze d\u2019epoca. E sempre d<strong>omenica alle<\/strong><strong>&nbsp;<\/strong><strong>ore 20.00<\/strong><strong>,<\/strong> presso&nbsp; <strong>Masseria Nuzzi<\/strong><strong>, <\/strong>inaugurazione della rassegna&nbsp;<strong>\u201c<\/strong><strong>Weekend del gusto<\/strong><strong>\u201d<\/strong>&nbsp;dedicata all\u2019enogastronomia e al folklore locale.<\/p>\n<p>Per info <a href=\"mailto:nuzzifiorentino@gmail.com\">nuzzifiorentino@gmail.com<\/a><a href=\"mailto:nuzzifiorentino@gmail.com\"><\/a><\/p>\n<p>&nbsp;<\/p>\n<p><strong>Acquaviva borgo a colori.<\/strong><\/p>\n<p>Il 22 giugno via all\u2019 estemporanea di pittura, \u201cAcquaviva un Borgo a Colori\u201d organizzata dall&#8217;Associazione culturale &#8220;L&#8217;Incontro Onlus&#8221; con il patrocinio del Comune. La manifestazione \u00e8 quest&#8217;anno alla sua quarta edizione.&nbsp;Per le vie del centro antico, piazza dei Martiri 1799 e piazza Vittorio Emanuele, sar\u00e0 possibile ammirare il lavoro di artisti provenienti da ogni parte della Puglia che esclusivamente dal vivo ritrarranno scorci e angoli suggestivi del paese ma con un tema predominante \u201cI colori del nostro cibo\u201d. Il tutto avverr\u00e0 a partire dalla mattina alle 8.30 fino a sera.<\/p>\n<p>Per info: Roberto Tritto 329.82.40.620 &#8211; <a href=\"mailto:associazionelincontro@gmail.com\">associazionelincontro@gmail.com<\/a><\/p>\n<p>&nbsp;<\/p>\n<p><a href=\"mailto:associazionelincontro@gmail.com\"><\/a><strong>Festival \u201cSuoni della Murgia nel Parco\u201d.<\/strong><\/p>\n<p>Alle ore 19 presso la<strong> <\/strong>Neviera di San Magno a Corato, concerto di<strong> <\/strong>Kekko Fornarelli &amp; Roberto Cherillo. Ingresso gratuito.<\/p>\n<p>&nbsp;<\/p>\n","protected":false},"excerpt":{"rendered":"","protected":false},"author":1,"featured_media":9312,"comment_status":"open","ping_status":"closed","sticky":false,"template":"","format":"standard","meta":{"colormag_page_container_layout":"default_layout","colormag_page_sidebar_layout":"default_layout","footnotes":""},"categories":[11],"tags":[],"class_list":["post-9317","post","type-post","status-publish","format-standard","has-post-thumbnail","hentry","category-appuntamenti"],"yoast_head":"<!-- This site is optimized with the Yoast SEO plugin v27.5 - https:\/\/yoast.com\/product\/yoast-seo-wordpress\/ -->\n<title>Solstizio d&#039;Estate: tutti gli appuntamenti del fine settimana - Archivio CassanoWeb<\/title>\n<meta name=\"robots\" content=\"index, follow, max-snippet:-1, max-image-preview:large, max-video-preview:-1\" \/>\n<link rel=\"canonical\" href=\"https:\/\/archiviocassano.lavocedelpaese.info\/index.php\/2014\/06\/21\/solstizio-destate-tutti-gli-appuntamenti-del-fine-settimana\/\" \/>\n<meta property=\"og:locale\" content=\"it_IT\" \/>\n<meta property=\"og:type\" content=\"article\" \/>\n<meta property=\"og:title\" content=\"Solstizio d&#039;Estate: tutti gli appuntamenti del fine settimana - Archivio CassanoWeb\" \/>\n<meta property=\"og:url\" content=\"https:\/\/archiviocassano.lavocedelpaese.info\/index.php\/2014\/06\/21\/solstizio-destate-tutti-gli-appuntamenti-del-fine-settimana\/\" \/>\n<meta property=\"og:site_name\" content=\"Archivio CassanoWeb\" \/>\n<meta property=\"article:publisher\" content=\"https:\/\/www.facebook.com\/redazione.cassanoweb\" \/>\n<meta property=\"article:published_time\" content=\"2014-06-21T06:03:23+00:00\" \/>\n<meta property=\"og:image\" content=\"https:\/\/archiviocassano.lavocedelpaese.info\/wp-content\/uploads\/2014\/06\/sole.jpg\" \/>\n\t<meta property=\"og:image:width\" content=\"599\" \/>\n\t<meta property=\"og:image:height\" content=\"337\" \/>\n\t<meta property=\"og:image:type\" content=\"image\/jpeg\" \/>\n<meta name=\"author\" content=\"admin\" \/>\n<meta name=\"twitter:card\" content=\"summary_large_image\" \/>\n<meta name=\"twitter:label1\" content=\"Scritto da\" \/>\n\t<meta name=\"twitter:data1\" content=\"admin\" \/>\n\t<meta name=\"twitter:label2\" content=\"Tempo di lettura stimato\" \/>\n\t<meta name=\"twitter:data2\" content=\"5 minuti\" \/>\n<script type=\"application\/ld+json\" class=\"yoast-schema-graph\">{\"@context\":\"https:\\\/\\\/schema.org\",\"@graph\":[{\"@type\":\"Article\",\"@id\":\"https:\\\/\\\/archiviocassano.lavocedelpaese.info\\\/index.php\\\/2014\\\/06\\\/21\\\/solstizio-destate-tutti-gli-appuntamenti-del-fine-settimana\\\/#article\",\"isPartOf\":{\"@id\":\"https:\\\/\\\/archiviocassano.lavocedelpaese.info\\\/index.php\\\/2014\\\/06\\\/21\\\/solstizio-destate-tutti-gli-appuntamenti-del-fine-settimana\\\/\"},\"author\":{\"name\":\"admin\",\"@id\":\"https:\\\/\\\/archiviocassano.lavocedelpaese.info\\\/#\\\/schema\\\/person\\\/df195bc79a9b4c35127cf005f92e041b\"},\"headline\":\"Solstizio d&#8217;Estate: tutti gli appuntamenti del fine settimana\",\"datePublished\":\"2014-06-21T06:03:23+00:00\",\"mainEntityOfPage\":{\"@id\":\"https:\\\/\\\/archiviocassano.lavocedelpaese.info\\\/index.php\\\/2014\\\/06\\\/21\\\/solstizio-destate-tutti-gli-appuntamenti-del-fine-settimana\\\/\"},\"wordCount\":1104,\"commentCount\":0,\"publisher\":{\"@id\":\"https:\\\/\\\/archiviocassano.lavocedelpaese.info\\\/#organization\"},\"image\":{\"@id\":\"https:\\\/\\\/archiviocassano.lavocedelpaese.info\\\/index.php\\\/2014\\\/06\\\/21\\\/solstizio-destate-tutti-gli-appuntamenti-del-fine-settimana\\\/#primaryimage\"},\"thumbnailUrl\":\"https:\\\/\\\/archiviocassano.lavocedelpaese.info\\\/wp-content\\\/uploads\\\/2014\\\/06\\\/sole.jpg\",\"articleSection\":[\"Appuntamenti\"],\"inLanguage\":\"it-IT\",\"potentialAction\":[{\"@type\":\"CommentAction\",\"name\":\"Comment\",\"target\":[\"https:\\\/\\\/archiviocassano.lavocedelpaese.info\\\/index.php\\\/2014\\\/06\\\/21\\\/solstizio-destate-tutti-gli-appuntamenti-del-fine-settimana\\\/#respond\"]}]},{\"@type\":\"WebPage\",\"@id\":\"https:\\\/\\\/archiviocassano.lavocedelpaese.info\\\/index.php\\\/2014\\\/06\\\/21\\\/solstizio-destate-tutti-gli-appuntamenti-del-fine-settimana\\\/\",\"url\":\"https:\\\/\\\/archiviocassano.lavocedelpaese.info\\\/index.php\\\/2014\\\/06\\\/21\\\/solstizio-destate-tutti-gli-appuntamenti-del-fine-settimana\\\/\",\"name\":\"Solstizio d'Estate: tutti gli appuntamenti del fine settimana - Archivio CassanoWeb\",\"isPartOf\":{\"@id\":\"https:\\\/\\\/archiviocassano.lavocedelpaese.info\\\/#website\"},\"primaryImageOfPage\":{\"@id\":\"https:\\\/\\\/archiviocassano.lavocedelpaese.info\\\/index.php\\\/2014\\\/06\\\/21\\\/solstizio-destate-tutti-gli-appuntamenti-del-fine-settimana\\\/#primaryimage\"},\"image\":{\"@id\":\"https:\\\/\\\/archiviocassano.lavocedelpaese.info\\\/index.php\\\/2014\\\/06\\\/21\\\/solstizio-destate-tutti-gli-appuntamenti-del-fine-settimana\\\/#primaryimage\"},\"thumbnailUrl\":\"https:\\\/\\\/archiviocassano.lavocedelpaese.info\\\/wp-content\\\/uploads\\\/2014\\\/06\\\/sole.jpg\",\"datePublished\":\"2014-06-21T06:03:23+00:00\",\"breadcrumb\":{\"@id\":\"https:\\\/\\\/archiviocassano.lavocedelpaese.info\\\/index.php\\\/2014\\\/06\\\/21\\\/solstizio-destate-tutti-gli-appuntamenti-del-fine-settimana\\\/#breadcrumb\"},\"inLanguage\":\"it-IT\",\"potentialAction\":[{\"@type\":\"ReadAction\",\"target\":[\"https:\\\/\\\/archiviocassano.lavocedelpaese.info\\\/index.php\\\/2014\\\/06\\\/21\\\/solstizio-destate-tutti-gli-appuntamenti-del-fine-settimana\\\/\"]}]},{\"@type\":\"ImageObject\",\"inLanguage\":\"it-IT\",\"@id\":\"https:\\\/\\\/archiviocassano.lavocedelpaese.info\\\/index.php\\\/2014\\\/06\\\/21\\\/solstizio-destate-tutti-gli-appuntamenti-del-fine-settimana\\\/#primaryimage\",\"url\":\"https:\\\/\\\/archiviocassano.lavocedelpaese.info\\\/wp-content\\\/uploads\\\/2014\\\/06\\\/sole.jpg\",\"contentUrl\":\"https:\\\/\\\/archiviocassano.lavocedelpaese.info\\\/wp-content\\\/uploads\\\/2014\\\/06\\\/sole.jpg\",\"width\":599,\"height\":337,\"caption\":\"sole\"},{\"@type\":\"BreadcrumbList\",\"@id\":\"https:\\\/\\\/archiviocassano.lavocedelpaese.info\\\/index.php\\\/2014\\\/06\\\/21\\\/solstizio-destate-tutti-gli-appuntamenti-del-fine-settimana\\\/#breadcrumb\",\"itemListElement\":[{\"@type\":\"ListItem\",\"position\":1,\"name\":\"Home\",\"item\":\"https:\\\/\\\/archiviocassano.lavocedelpaese.info\\\/\"},{\"@type\":\"ListItem\",\"position\":2,\"name\":\"Solstizio d&#8217;Estate: tutti gli appuntamenti del fine settimana\"}]},{\"@type\":\"WebSite\",\"@id\":\"https:\\\/\\\/archiviocassano.lavocedelpaese.info\\\/#website\",\"url\":\"https:\\\/\\\/archiviocassano.lavocedelpaese.info\\\/\",\"name\":\"Archivio CassanoWeb\",\"description\":\"La Voce del Paese - un network di idee\",\"publisher\":{\"@id\":\"https:\\\/\\\/archiviocassano.lavocedelpaese.info\\\/#organization\"},\"potentialAction\":[{\"@type\":\"SearchAction\",\"target\":{\"@type\":\"EntryPoint\",\"urlTemplate\":\"https:\\\/\\\/archiviocassano.lavocedelpaese.info\\\/?s={search_term_string}\"},\"query-input\":{\"@type\":\"PropertyValueSpecification\",\"valueRequired\":true,\"valueName\":\"search_term_string\"}}],\"inLanguage\":\"it-IT\"},{\"@type\":\"Organization\",\"@id\":\"https:\\\/\\\/archiviocassano.lavocedelpaese.info\\\/#organization\",\"name\":\"Archivio CassanoWeb\",\"url\":\"https:\\\/\\\/archiviocassano.lavocedelpaese.info\\\/\",\"logo\":{\"@type\":\"ImageObject\",\"inLanguage\":\"it-IT\",\"@id\":\"https:\\\/\\\/archiviocassano.lavocedelpaese.info\\\/#\\\/schema\\\/logo\\\/image\\\/\",\"url\":\"https:\\\/\\\/archiviocassano.lavocedelpaese.info\\\/wp-content\\\/uploads\\\/2024\\\/08\\\/logo-rosso-2.png\",\"contentUrl\":\"https:\\\/\\\/archiviocassano.lavocedelpaese.info\\\/wp-content\\\/uploads\\\/2024\\\/08\\\/logo-rosso-2.png\",\"width\":491,\"height\":432,\"caption\":\"Archivio CassanoWeb\"},\"image\":{\"@id\":\"https:\\\/\\\/archiviocassano.lavocedelpaese.info\\\/#\\\/schema\\\/logo\\\/image\\\/\"},\"sameAs\":[\"https:\\\/\\\/www.facebook.com\\\/redazione.cassanoweb\"]},{\"@type\":\"Person\",\"@id\":\"https:\\\/\\\/archiviocassano.lavocedelpaese.info\\\/#\\\/schema\\\/person\\\/df195bc79a9b4c35127cf005f92e041b\",\"name\":\"admin\",\"image\":{\"@type\":\"ImageObject\",\"inLanguage\":\"it-IT\",\"@id\":\"https:\\\/\\\/secure.gravatar.com\\\/avatar\\\/eabba89a432e8eaa1b0207cc55f7e5340b22712b1ed80677efcf63e02ff5b235?s=96&d=mm&r=g\",\"url\":\"https:\\\/\\\/secure.gravatar.com\\\/avatar\\\/eabba89a432e8eaa1b0207cc55f7e5340b22712b1ed80677efcf63e02ff5b235?s=96&d=mm&r=g\",\"contentUrl\":\"https:\\\/\\\/secure.gravatar.com\\\/avatar\\\/eabba89a432e8eaa1b0207cc55f7e5340b22712b1ed80677efcf63e02ff5b235?s=96&d=mm&r=g\",\"caption\":\"admin\"},\"sameAs\":[\"https:\\\/\\\/archiviocassano.lavocedelpaese.info\"],\"url\":\"https:\\\/\\\/archiviocassano.lavocedelpaese.info\\\/index.php\\\/author\\\/admin_0qgz1xdp\\\/\"}]}<\/script>\n<!-- \/ Yoast SEO plugin. -->","yoast_head_json":{"title":"Solstizio d'Estate: tutti gli appuntamenti del fine settimana - Archivio CassanoWeb","robots":{"index":"index","follow":"follow","max-snippet":"max-snippet:-1","max-image-preview":"max-image-preview:large","max-video-preview":"max-video-preview:-1"},"canonical":"https:\/\/archiviocassano.lavocedelpaese.info\/index.php\/2014\/06\/21\/solstizio-destate-tutti-gli-appuntamenti-del-fine-settimana\/","og_locale":"it_IT","og_type":"article","og_title":"Solstizio d'Estate: tutti gli appuntamenti del fine settimana - Archivio CassanoWeb","og_url":"https:\/\/archiviocassano.lavocedelpaese.info\/index.php\/2014\/06\/21\/solstizio-destate-tutti-gli-appuntamenti-del-fine-settimana\/","og_site_name":"Archivio CassanoWeb","article_publisher":"https:\/\/www.facebook.com\/redazione.cassanoweb","article_published_time":"2014-06-21T06:03:23+00:00","og_image":[{"width":599,"height":337,"url":"https:\/\/archiviocassano.lavocedelpaese.info\/wp-content\/uploads\/2014\/06\/sole.jpg","type":"image\/jpeg"}],"author":"admin","twitter_card":"summary_large_image","twitter_misc":{"Scritto da":"admin","Tempo di lettura stimato":"5 minuti"},"schema":{"@context":"https:\/\/schema.org","@graph":[{"@type":"Article","@id":"https:\/\/archiviocassano.lavocedelpaese.info\/index.php\/2014\/06\/21\/solstizio-destate-tutti-gli-appuntamenti-del-fine-settimana\/#article","isPartOf":{"@id":"https:\/\/archiviocassano.lavocedelpaese.info\/index.php\/2014\/06\/21\/solstizio-destate-tutti-gli-appuntamenti-del-fine-settimana\/"},"author":{"name":"admin","@id":"https:\/\/archiviocassano.lavocedelpaese.info\/#\/schema\/person\/df195bc79a9b4c35127cf005f92e041b"},"headline":"Solstizio d&#8217;Estate: tutti gli appuntamenti del fine settimana","datePublished":"2014-06-21T06:03:23+00:00","mainEntityOfPage":{"@id":"https:\/\/archiviocassano.lavocedelpaese.info\/index.php\/2014\/06\/21\/solstizio-destate-tutti-gli-appuntamenti-del-fine-settimana\/"},"wordCount":1104,"commentCount":0,"publisher":{"@id":"https:\/\/archiviocassano.lavocedelpaese.info\/#organization"},"image":{"@id":"https:\/\/archiviocassano.lavocedelpaese.info\/index.php\/2014\/06\/21\/solstizio-destate-tutti-gli-appuntamenti-del-fine-settimana\/#primaryimage"},"thumbnailUrl":"https:\/\/archiviocassano.lavocedelpaese.info\/wp-content\/uploads\/2014\/06\/sole.jpg","articleSection":["Appuntamenti"],"inLanguage":"it-IT","potentialAction":[{"@type":"CommentAction","name":"Comment","target":["https:\/\/archiviocassano.lavocedelpaese.info\/index.php\/2014\/06\/21\/solstizio-destate-tutti-gli-appuntamenti-del-fine-settimana\/#respond"]}]},{"@type":"WebPage","@id":"https:\/\/archiviocassano.lavocedelpaese.info\/index.php\/2014\/06\/21\/solstizio-destate-tutti-gli-appuntamenti-del-fine-settimana\/","url":"https:\/\/archiviocassano.lavocedelpaese.info\/index.php\/2014\/06\/21\/solstizio-destate-tutti-gli-appuntamenti-del-fine-settimana\/","name":"Solstizio d'Estate: tutti gli appuntamenti del fine settimana - Archivio CassanoWeb","isPartOf":{"@id":"https:\/\/archiviocassano.lavocedelpaese.info\/#website"},"primaryImageOfPage":{"@id":"https:\/\/archiviocassano.lavocedelpaese.info\/index.php\/2014\/06\/21\/solstizio-destate-tutti-gli-appuntamenti-del-fine-settimana\/#primaryimage"},"image":{"@id":"https:\/\/archiviocassano.lavocedelpaese.info\/index.php\/2014\/06\/21\/solstizio-destate-tutti-gli-appuntamenti-del-fine-settimana\/#primaryimage"},"thumbnailUrl":"https:\/\/archiviocassano.lavocedelpaese.info\/wp-content\/uploads\/2014\/06\/sole.jpg","datePublished":"2014-06-21T06:03:23+00:00","breadcrumb":{"@id":"https:\/\/archiviocassano.lavocedelpaese.info\/index.php\/2014\/06\/21\/solstizio-destate-tutti-gli-appuntamenti-del-fine-settimana\/#breadcrumb"},"inLanguage":"it-IT","potentialAction":[{"@type":"ReadAction","target":["https:\/\/archiviocassano.lavocedelpaese.info\/index.php\/2014\/06\/21\/solstizio-destate-tutti-gli-appuntamenti-del-fine-settimana\/"]}]},{"@type":"ImageObject","inLanguage":"it-IT","@id":"https:\/\/archiviocassano.lavocedelpaese.info\/index.php\/2014\/06\/21\/solstizio-destate-tutti-gli-appuntamenti-del-fine-settimana\/#primaryimage","url":"https:\/\/archiviocassano.lavocedelpaese.info\/wp-content\/uploads\/2014\/06\/sole.jpg","contentUrl":"https:\/\/archiviocassano.lavocedelpaese.info\/wp-content\/uploads\/2014\/06\/sole.jpg","width":599,"height":337,"caption":"sole"},{"@type":"BreadcrumbList","@id":"https:\/\/archiviocassano.lavocedelpaese.info\/index.php\/2014\/06\/21\/solstizio-destate-tutti-gli-appuntamenti-del-fine-settimana\/#breadcrumb","itemListElement":[{"@type":"ListItem","position":1,"name":"Home","item":"https:\/\/archiviocassano.lavocedelpaese.info\/"},{"@type":"ListItem","position":2,"name":"Solstizio d&#8217;Estate: tutti gli appuntamenti del fine settimana"}]},{"@type":"WebSite","@id":"https:\/\/archiviocassano.lavocedelpaese.info\/#website","url":"https:\/\/archiviocassano.lavocedelpaese.info\/","name":"Archivio CassanoWeb","description":"La Voce del Paese - un network di idee","publisher":{"@id":"https:\/\/archiviocassano.lavocedelpaese.info\/#organization"},"potentialAction":[{"@type":"SearchAction","target":{"@type":"EntryPoint","urlTemplate":"https:\/\/archiviocassano.lavocedelpaese.info\/?s={search_term_string}"},"query-input":{"@type":"PropertyValueSpecification","valueRequired":true,"valueName":"search_term_string"}}],"inLanguage":"it-IT"},{"@type":"Organization","@id":"https:\/\/archiviocassano.lavocedelpaese.info\/#organization","name":"Archivio CassanoWeb","url":"https:\/\/archiviocassano.lavocedelpaese.info\/","logo":{"@type":"ImageObject","inLanguage":"it-IT","@id":"https:\/\/archiviocassano.lavocedelpaese.info\/#\/schema\/logo\/image\/","url":"https:\/\/archiviocassano.lavocedelpaese.info\/wp-content\/uploads\/2024\/08\/logo-rosso-2.png","contentUrl":"https:\/\/archiviocassano.lavocedelpaese.info\/wp-content\/uploads\/2024\/08\/logo-rosso-2.png","width":491,"height":432,"caption":"Archivio CassanoWeb"},"image":{"@id":"https:\/\/archiviocassano.lavocedelpaese.info\/#\/schema\/logo\/image\/"},"sameAs":["https:\/\/www.facebook.com\/redazione.cassanoweb"]},{"@type":"Person","@id":"https:\/\/archiviocassano.lavocedelpaese.info\/#\/schema\/person\/df195bc79a9b4c35127cf005f92e041b","name":"admin","image":{"@type":"ImageObject","inLanguage":"it-IT","@id":"https:\/\/secure.gravatar.com\/avatar\/eabba89a432e8eaa1b0207cc55f7e5340b22712b1ed80677efcf63e02ff5b235?s=96&d=mm&r=g","url":"https:\/\/secure.gravatar.com\/avatar\/eabba89a432e8eaa1b0207cc55f7e5340b22712b1ed80677efcf63e02ff5b235?s=96&d=mm&r=g","contentUrl":"https:\/\/secure.gravatar.com\/avatar\/eabba89a432e8eaa1b0207cc55f7e5340b22712b1ed80677efcf63e02ff5b235?s=96&d=mm&r=g","caption":"admin"},"sameAs":["https:\/\/archiviocassano.lavocedelpaese.info"],"url":"https:\/\/archiviocassano.lavocedelpaese.info\/index.php\/author\/admin_0qgz1xdp\/"}]}},"_links":{"self":[{"href":"https:\/\/archiviocassano.lavocedelpaese.info\/index.php\/wp-json\/wp\/v2\/posts\/9317","targetHints":{"allow":["GET"]}}],"collection":[{"href":"https:\/\/archiviocassano.lavocedelpaese.info\/index.php\/wp-json\/wp\/v2\/posts"}],"about":[{"href":"https:\/\/archiviocassano.lavocedelpaese.info\/index.php\/wp-json\/wp\/v2\/types\/post"}],"author":[{"embeddable":true,"href":"https:\/\/archiviocassano.lavocedelpaese.info\/index.php\/wp-json\/wp\/v2\/users\/1"}],"replies":[{"embeddable":true,"href":"https:\/\/archiviocassano.lavocedelpaese.info\/index.php\/wp-json\/wp\/v2\/comments?post=9317"}],"version-history":[{"count":0,"href":"https:\/\/archiviocassano.lavocedelpaese.info\/index.php\/wp-json\/wp\/v2\/posts\/9317\/revisions"}],"wp:featuredmedia":[{"embeddable":true,"href":"https:\/\/archiviocassano.lavocedelpaese.info\/index.php\/wp-json\/wp\/v2\/media\/9312"}],"wp:attachment":[{"href":"https:\/\/archiviocassano.lavocedelpaese.info\/index.php\/wp-json\/wp\/v2\/media?parent=9317"}],"wp:term":[{"taxonomy":"category","embeddable":true,"href":"https:\/\/archiviocassano.lavocedelpaese.info\/index.php\/wp-json\/wp\/v2\/categories?post=9317"},{"taxonomy":"post_tag","embeddable":true,"href":"https:\/\/archiviocassano.lavocedelpaese.info\/index.php\/wp-json\/wp\/v2\/tags?post=9317"}],"curies":[{"name":"wp","href":"https:\/\/api.w.org\/{rel}","templated":true}]}}