{"id":9485,"date":"2014-07-31T06:13:15","date_gmt":"2014-07-31T06:13:15","guid":{"rendered":"https:\/\/archiviocassano.lavocedelpaese.info\/index.php\/2014\/07\/31\/antonio-giannini-alla-pinacoteca-oggi-linaugurazione\/"},"modified":"2014-07-31T06:13:15","modified_gmt":"2014-07-31T06:13:15","slug":"antonio-giannini-alla-pinacoteca-oggi-linaugurazione","status":"publish","type":"post","link":"https:\/\/archiviocassano.lavocedelpaese.info\/index.php\/2014\/07\/31\/antonio-giannini-alla-pinacoteca-oggi-linaugurazione\/","title":{"rendered":"Antonio Giannini in  mostra alla Pinacoteca: oggi l\u2019inaugurazione"},"content":{"rendered":"<p><img loading=\"lazy\" decoding=\"async\" class=\" size-full wp-image-9484\" src=\"https:\/\/archiviocassano.lavocedelpaese.info\/wp-content\/uploads\/2014\/07\/mostra_stai_in_campana.jpg\" alt=\"mostra stai in campana\" style=\"margin-right: 2px; margin-left: 2px;\" height=\"150\" width=\"320\" \/><\/p>\n<p><!--more--><\/p>\n<p style=\"text-align: justify;\">La Pinacoteca Civica di Cassano delle Murge rinnova il suo appuntamento con l\u2019arte con una nuova mostra, \u201cStai in campana\u201d dell\u2019artista Antonio Giannini.&nbsp;<\/p>\n<p style=\"text-align: justify;\">\u201cAuto d\u2019epoca, libri, televisori a tubo catodico, valigie, vecchi cassetti e nuovi sogni nel cassetto abitano la biografia e la produzione di un autore che accatasta e incastra &#8211; in ardite e provvisorie architetture &#8211; merci e ricordi, feticci e introiezioni, in un flusso continuo, quasi cinematografico. Anche questo dal vago sapore vintage\u201d: cos\u00ec il sociologo Maurizio Brunialti descrive le opere del Giannini come stratificazioni di segni e simboli tutti leggibili: riescono simultaneamente a parlare a ciascuno di noi, a chi siamo ora e a chi eravamo e a rimandare a dimensioni e fenomeni drammaticamente attuali, tanto connaturati nelle tradizioni locali quanto caratteristici dei sistemi sociali dell\u2019era globale.<\/p>\n<p style=\"text-align: justify;\">\u201cIl messaggio di instabilit\u00e0 che il Giannini spesso rappresenta nelle sue opere facendo pensare alla precariet\u00e0 e al momento difficile che la nostra societ\u00e0 sta attraversando e l\u2019abitudine a usare una campana di vetro in cui sostituisce, al Santo Protettore, libri, giocattoli, elettrodomestici, vecchie auto, moto d\u2019epoca\u2026 una serie di effetti personali che l\u2019artista custodisce sotto la campana\u201d sono gli elementi che hanno indotto il curatore, Massimo Nardi, a pensare e proporre il titolo della mostra.<\/p>\n<p style=\"text-align: justify;\">Antonio Giannini, nato nel 1980, vive e lavora a Laterza. Laureato presso l\u2019Accademia di Belle Arti di Bari, ha intrapreso la sua personale ricerca artistica sullo studio dell\u2019oggetto approdando all\u2019uso della tela molto sottile e concentrando la sua attenzione sull\u2019oggetto-valigia. La sua carriera artistica vanta numerose collaborazioni (nel 2008 partecipa ai lavori di restauro del Teatro Petruzzelli di Bari) e mostre personali e collettive: segnalato dalla giuria al Premio Ora (2014), finalista al Premio Arte Mondadori (2014), vincitore per la sezione installazione della Biennale \u201cRocco Dicillo\u201d (2014).<\/p>\n<p style=\"text-align: justify;\"><strong>La Mostra<\/strong> d\u2019Arte Contemporanea \u201cStai in Campana!\u201d di Antonio Giannini <strong>sar\u00e0 inaugurata questa sera, 31 luglio, alle ore 20.00<\/strong>&nbsp;e sar\u00e0 aperta al pubblico fino al 31 agosto 2014 nei seguenti orari: dal luned\u00ec al sabato, ore 9.30 &#8211; 12.30 \/ ore 17.30 &#8211; 21.00; la domenica, ore 17.30 &#8211; 21.00.<\/p>\n<p style=\"text-align: justify;\">&nbsp;<\/p>\n<p>&nbsp;<\/p>\n","protected":false},"excerpt":{"rendered":"","protected":false},"author":1,"featured_media":9484,"comment_status":"open","ping_status":"closed","sticky":false,"template":"","format":"standard","meta":{"colormag_page_container_layout":"default_layout","colormag_page_sidebar_layout":"default_layout","footnotes":""},"categories":[11],"tags":[],"class_list":["post-9485","post","type-post","status-publish","format-standard","has-post-thumbnail","hentry","category-appuntamenti"],"yoast_head":"<!-- This site is optimized with the Yoast SEO plugin v27.5 - https:\/\/yoast.com\/product\/yoast-seo-wordpress\/ -->\n<title>Antonio Giannini in mostra alla Pinacoteca: oggi l\u2019inaugurazione - Archivio CassanoWeb<\/title>\n<meta name=\"robots\" content=\"index, follow, max-snippet:-1, max-image-preview:large, max-video-preview:-1\" \/>\n<link rel=\"canonical\" href=\"https:\/\/archiviocassano.lavocedelpaese.info\/index.php\/2014\/07\/31\/antonio-giannini-alla-pinacoteca-oggi-linaugurazione\/\" \/>\n<meta property=\"og:locale\" content=\"it_IT\" \/>\n<meta property=\"og:type\" content=\"article\" \/>\n<meta property=\"og:title\" content=\"Antonio Giannini in mostra alla Pinacoteca: oggi l\u2019inaugurazione - Archivio CassanoWeb\" \/>\n<meta property=\"og:url\" content=\"https:\/\/archiviocassano.lavocedelpaese.info\/index.php\/2014\/07\/31\/antonio-giannini-alla-pinacoteca-oggi-linaugurazione\/\" \/>\n<meta property=\"og:site_name\" content=\"Archivio CassanoWeb\" \/>\n<meta property=\"article:publisher\" content=\"https:\/\/www.facebook.com\/redazione.cassanoweb\" \/>\n<meta property=\"article:published_time\" content=\"2014-07-31T06:13:15+00:00\" \/>\n<meta property=\"og:image\" content=\"https:\/\/archiviocassano.lavocedelpaese.info\/wp-content\/uploads\/2014\/07\/mostra_stai_in_campana.jpg\" \/>\n\t<meta property=\"og:image:width\" content=\"600\" \/>\n\t<meta property=\"og:image:height\" content=\"294\" \/>\n\t<meta property=\"og:image:type\" content=\"image\/jpeg\" \/>\n<meta name=\"author\" content=\"admin\" \/>\n<meta name=\"twitter:card\" content=\"summary_large_image\" \/>\n<meta name=\"twitter:label1\" content=\"Scritto da\" \/>\n\t<meta name=\"twitter:data1\" content=\"admin\" \/>\n\t<meta name=\"twitter:label2\" content=\"Tempo di lettura stimato\" \/>\n\t<meta name=\"twitter:data2\" content=\"2 minuti\" \/>\n<script type=\"application\/ld+json\" class=\"yoast-schema-graph\">{\"@context\":\"https:\\\/\\\/schema.org\",\"@graph\":[{\"@type\":\"Article\",\"@id\":\"https:\\\/\\\/archiviocassano.lavocedelpaese.info\\\/index.php\\\/2014\\\/07\\\/31\\\/antonio-giannini-alla-pinacoteca-oggi-linaugurazione\\\/#article\",\"isPartOf\":{\"@id\":\"https:\\\/\\\/archiviocassano.lavocedelpaese.info\\\/index.php\\\/2014\\\/07\\\/31\\\/antonio-giannini-alla-pinacoteca-oggi-linaugurazione\\\/\"},\"author\":{\"name\":\"admin\",\"@id\":\"https:\\\/\\\/archiviocassano.lavocedelpaese.info\\\/#\\\/schema\\\/person\\\/df195bc79a9b4c35127cf005f92e041b\"},\"headline\":\"Antonio Giannini in mostra alla Pinacoteca: oggi l\u2019inaugurazione\",\"datePublished\":\"2014-07-31T06:13:15+00:00\",\"mainEntityOfPage\":{\"@id\":\"https:\\\/\\\/archiviocassano.lavocedelpaese.info\\\/index.php\\\/2014\\\/07\\\/31\\\/antonio-giannini-alla-pinacoteca-oggi-linaugurazione\\\/\"},\"wordCount\":354,\"commentCount\":0,\"publisher\":{\"@id\":\"https:\\\/\\\/archiviocassano.lavocedelpaese.info\\\/#organization\"},\"image\":{\"@id\":\"https:\\\/\\\/archiviocassano.lavocedelpaese.info\\\/index.php\\\/2014\\\/07\\\/31\\\/antonio-giannini-alla-pinacoteca-oggi-linaugurazione\\\/#primaryimage\"},\"thumbnailUrl\":\"https:\\\/\\\/archiviocassano.lavocedelpaese.info\\\/wp-content\\\/uploads\\\/2014\\\/07\\\/mostra_stai_in_campana.jpg\",\"articleSection\":[\"Appuntamenti\"],\"inLanguage\":\"it-IT\",\"potentialAction\":[{\"@type\":\"CommentAction\",\"name\":\"Comment\",\"target\":[\"https:\\\/\\\/archiviocassano.lavocedelpaese.info\\\/index.php\\\/2014\\\/07\\\/31\\\/antonio-giannini-alla-pinacoteca-oggi-linaugurazione\\\/#respond\"]}]},{\"@type\":\"WebPage\",\"@id\":\"https:\\\/\\\/archiviocassano.lavocedelpaese.info\\\/index.php\\\/2014\\\/07\\\/31\\\/antonio-giannini-alla-pinacoteca-oggi-linaugurazione\\\/\",\"url\":\"https:\\\/\\\/archiviocassano.lavocedelpaese.info\\\/index.php\\\/2014\\\/07\\\/31\\\/antonio-giannini-alla-pinacoteca-oggi-linaugurazione\\\/\",\"name\":\"Antonio Giannini in mostra alla Pinacoteca: oggi l\u2019inaugurazione - Archivio CassanoWeb\",\"isPartOf\":{\"@id\":\"https:\\\/\\\/archiviocassano.lavocedelpaese.info\\\/#website\"},\"primaryImageOfPage\":{\"@id\":\"https:\\\/\\\/archiviocassano.lavocedelpaese.info\\\/index.php\\\/2014\\\/07\\\/31\\\/antonio-giannini-alla-pinacoteca-oggi-linaugurazione\\\/#primaryimage\"},\"image\":{\"@id\":\"https:\\\/\\\/archiviocassano.lavocedelpaese.info\\\/index.php\\\/2014\\\/07\\\/31\\\/antonio-giannini-alla-pinacoteca-oggi-linaugurazione\\\/#primaryimage\"},\"thumbnailUrl\":\"https:\\\/\\\/archiviocassano.lavocedelpaese.info\\\/wp-content\\\/uploads\\\/2014\\\/07\\\/mostra_stai_in_campana.jpg\",\"datePublished\":\"2014-07-31T06:13:15+00:00\",\"breadcrumb\":{\"@id\":\"https:\\\/\\\/archiviocassano.lavocedelpaese.info\\\/index.php\\\/2014\\\/07\\\/31\\\/antonio-giannini-alla-pinacoteca-oggi-linaugurazione\\\/#breadcrumb\"},\"inLanguage\":\"it-IT\",\"potentialAction\":[{\"@type\":\"ReadAction\",\"target\":[\"https:\\\/\\\/archiviocassano.lavocedelpaese.info\\\/index.php\\\/2014\\\/07\\\/31\\\/antonio-giannini-alla-pinacoteca-oggi-linaugurazione\\\/\"]}]},{\"@type\":\"ImageObject\",\"inLanguage\":\"it-IT\",\"@id\":\"https:\\\/\\\/archiviocassano.lavocedelpaese.info\\\/index.php\\\/2014\\\/07\\\/31\\\/antonio-giannini-alla-pinacoteca-oggi-linaugurazione\\\/#primaryimage\",\"url\":\"https:\\\/\\\/archiviocassano.lavocedelpaese.info\\\/wp-content\\\/uploads\\\/2014\\\/07\\\/mostra_stai_in_campana.jpg\",\"contentUrl\":\"https:\\\/\\\/archiviocassano.lavocedelpaese.info\\\/wp-content\\\/uploads\\\/2014\\\/07\\\/mostra_stai_in_campana.jpg\",\"width\":600,\"height\":294,\"caption\":\"mostra stai in campana\"},{\"@type\":\"BreadcrumbList\",\"@id\":\"https:\\\/\\\/archiviocassano.lavocedelpaese.info\\\/index.php\\\/2014\\\/07\\\/31\\\/antonio-giannini-alla-pinacoteca-oggi-linaugurazione\\\/#breadcrumb\",\"itemListElement\":[{\"@type\":\"ListItem\",\"position\":1,\"name\":\"Home\",\"item\":\"https:\\\/\\\/archiviocassano.lavocedelpaese.info\\\/\"},{\"@type\":\"ListItem\",\"position\":2,\"name\":\"Antonio Giannini in mostra alla Pinacoteca: oggi l\u2019inaugurazione\"}]},{\"@type\":\"WebSite\",\"@id\":\"https:\\\/\\\/archiviocassano.lavocedelpaese.info\\\/#website\",\"url\":\"https:\\\/\\\/archiviocassano.lavocedelpaese.info\\\/\",\"name\":\"Archivio CassanoWeb\",\"description\":\"La Voce del Paese - un network di idee\",\"publisher\":{\"@id\":\"https:\\\/\\\/archiviocassano.lavocedelpaese.info\\\/#organization\"},\"potentialAction\":[{\"@type\":\"SearchAction\",\"target\":{\"@type\":\"EntryPoint\",\"urlTemplate\":\"https:\\\/\\\/archiviocassano.lavocedelpaese.info\\\/?s={search_term_string}\"},\"query-input\":{\"@type\":\"PropertyValueSpecification\",\"valueRequired\":true,\"valueName\":\"search_term_string\"}}],\"inLanguage\":\"it-IT\"},{\"@type\":\"Organization\",\"@id\":\"https:\\\/\\\/archiviocassano.lavocedelpaese.info\\\/#organization\",\"name\":\"Archivio CassanoWeb\",\"url\":\"https:\\\/\\\/archiviocassano.lavocedelpaese.info\\\/\",\"logo\":{\"@type\":\"ImageObject\",\"inLanguage\":\"it-IT\",\"@id\":\"https:\\\/\\\/archiviocassano.lavocedelpaese.info\\\/#\\\/schema\\\/logo\\\/image\\\/\",\"url\":\"https:\\\/\\\/archiviocassano.lavocedelpaese.info\\\/wp-content\\\/uploads\\\/2024\\\/08\\\/logo-rosso-2.png\",\"contentUrl\":\"https:\\\/\\\/archiviocassano.lavocedelpaese.info\\\/wp-content\\\/uploads\\\/2024\\\/08\\\/logo-rosso-2.png\",\"width\":491,\"height\":432,\"caption\":\"Archivio CassanoWeb\"},\"image\":{\"@id\":\"https:\\\/\\\/archiviocassano.lavocedelpaese.info\\\/#\\\/schema\\\/logo\\\/image\\\/\"},\"sameAs\":[\"https:\\\/\\\/www.facebook.com\\\/redazione.cassanoweb\"]},{\"@type\":\"Person\",\"@id\":\"https:\\\/\\\/archiviocassano.lavocedelpaese.info\\\/#\\\/schema\\\/person\\\/df195bc79a9b4c35127cf005f92e041b\",\"name\":\"admin\",\"image\":{\"@type\":\"ImageObject\",\"inLanguage\":\"it-IT\",\"@id\":\"https:\\\/\\\/secure.gravatar.com\\\/avatar\\\/eabba89a432e8eaa1b0207cc55f7e5340b22712b1ed80677efcf63e02ff5b235?s=96&d=mm&r=g\",\"url\":\"https:\\\/\\\/secure.gravatar.com\\\/avatar\\\/eabba89a432e8eaa1b0207cc55f7e5340b22712b1ed80677efcf63e02ff5b235?s=96&d=mm&r=g\",\"contentUrl\":\"https:\\\/\\\/secure.gravatar.com\\\/avatar\\\/eabba89a432e8eaa1b0207cc55f7e5340b22712b1ed80677efcf63e02ff5b235?s=96&d=mm&r=g\",\"caption\":\"admin\"},\"sameAs\":[\"https:\\\/\\\/archiviocassano.lavocedelpaese.info\"],\"url\":\"https:\\\/\\\/archiviocassano.lavocedelpaese.info\\\/index.php\\\/author\\\/admin_0qgz1xdp\\\/\"}]}<\/script>\n<!-- \/ Yoast SEO plugin. -->","yoast_head_json":{"title":"Antonio Giannini in mostra alla Pinacoteca: oggi l\u2019inaugurazione - Archivio CassanoWeb","robots":{"index":"index","follow":"follow","max-snippet":"max-snippet:-1","max-image-preview":"max-image-preview:large","max-video-preview":"max-video-preview:-1"},"canonical":"https:\/\/archiviocassano.lavocedelpaese.info\/index.php\/2014\/07\/31\/antonio-giannini-alla-pinacoteca-oggi-linaugurazione\/","og_locale":"it_IT","og_type":"article","og_title":"Antonio Giannini in mostra alla Pinacoteca: oggi l\u2019inaugurazione - Archivio CassanoWeb","og_url":"https:\/\/archiviocassano.lavocedelpaese.info\/index.php\/2014\/07\/31\/antonio-giannini-alla-pinacoteca-oggi-linaugurazione\/","og_site_name":"Archivio CassanoWeb","article_publisher":"https:\/\/www.facebook.com\/redazione.cassanoweb","article_published_time":"2014-07-31T06:13:15+00:00","og_image":[{"width":600,"height":294,"url":"https:\/\/archiviocassano.lavocedelpaese.info\/wp-content\/uploads\/2014\/07\/mostra_stai_in_campana.jpg","type":"image\/jpeg"}],"author":"admin","twitter_card":"summary_large_image","twitter_misc":{"Scritto da":"admin","Tempo di lettura stimato":"2 minuti"},"schema":{"@context":"https:\/\/schema.org","@graph":[{"@type":"Article","@id":"https:\/\/archiviocassano.lavocedelpaese.info\/index.php\/2014\/07\/31\/antonio-giannini-alla-pinacoteca-oggi-linaugurazione\/#article","isPartOf":{"@id":"https:\/\/archiviocassano.lavocedelpaese.info\/index.php\/2014\/07\/31\/antonio-giannini-alla-pinacoteca-oggi-linaugurazione\/"},"author":{"name":"admin","@id":"https:\/\/archiviocassano.lavocedelpaese.info\/#\/schema\/person\/df195bc79a9b4c35127cf005f92e041b"},"headline":"Antonio Giannini in mostra alla Pinacoteca: oggi l\u2019inaugurazione","datePublished":"2014-07-31T06:13:15+00:00","mainEntityOfPage":{"@id":"https:\/\/archiviocassano.lavocedelpaese.info\/index.php\/2014\/07\/31\/antonio-giannini-alla-pinacoteca-oggi-linaugurazione\/"},"wordCount":354,"commentCount":0,"publisher":{"@id":"https:\/\/archiviocassano.lavocedelpaese.info\/#organization"},"image":{"@id":"https:\/\/archiviocassano.lavocedelpaese.info\/index.php\/2014\/07\/31\/antonio-giannini-alla-pinacoteca-oggi-linaugurazione\/#primaryimage"},"thumbnailUrl":"https:\/\/archiviocassano.lavocedelpaese.info\/wp-content\/uploads\/2014\/07\/mostra_stai_in_campana.jpg","articleSection":["Appuntamenti"],"inLanguage":"it-IT","potentialAction":[{"@type":"CommentAction","name":"Comment","target":["https:\/\/archiviocassano.lavocedelpaese.info\/index.php\/2014\/07\/31\/antonio-giannini-alla-pinacoteca-oggi-linaugurazione\/#respond"]}]},{"@type":"WebPage","@id":"https:\/\/archiviocassano.lavocedelpaese.info\/index.php\/2014\/07\/31\/antonio-giannini-alla-pinacoteca-oggi-linaugurazione\/","url":"https:\/\/archiviocassano.lavocedelpaese.info\/index.php\/2014\/07\/31\/antonio-giannini-alla-pinacoteca-oggi-linaugurazione\/","name":"Antonio Giannini in mostra alla Pinacoteca: oggi l\u2019inaugurazione - Archivio CassanoWeb","isPartOf":{"@id":"https:\/\/archiviocassano.lavocedelpaese.info\/#website"},"primaryImageOfPage":{"@id":"https:\/\/archiviocassano.lavocedelpaese.info\/index.php\/2014\/07\/31\/antonio-giannini-alla-pinacoteca-oggi-linaugurazione\/#primaryimage"},"image":{"@id":"https:\/\/archiviocassano.lavocedelpaese.info\/index.php\/2014\/07\/31\/antonio-giannini-alla-pinacoteca-oggi-linaugurazione\/#primaryimage"},"thumbnailUrl":"https:\/\/archiviocassano.lavocedelpaese.info\/wp-content\/uploads\/2014\/07\/mostra_stai_in_campana.jpg","datePublished":"2014-07-31T06:13:15+00:00","breadcrumb":{"@id":"https:\/\/archiviocassano.lavocedelpaese.info\/index.php\/2014\/07\/31\/antonio-giannini-alla-pinacoteca-oggi-linaugurazione\/#breadcrumb"},"inLanguage":"it-IT","potentialAction":[{"@type":"ReadAction","target":["https:\/\/archiviocassano.lavocedelpaese.info\/index.php\/2014\/07\/31\/antonio-giannini-alla-pinacoteca-oggi-linaugurazione\/"]}]},{"@type":"ImageObject","inLanguage":"it-IT","@id":"https:\/\/archiviocassano.lavocedelpaese.info\/index.php\/2014\/07\/31\/antonio-giannini-alla-pinacoteca-oggi-linaugurazione\/#primaryimage","url":"https:\/\/archiviocassano.lavocedelpaese.info\/wp-content\/uploads\/2014\/07\/mostra_stai_in_campana.jpg","contentUrl":"https:\/\/archiviocassano.lavocedelpaese.info\/wp-content\/uploads\/2014\/07\/mostra_stai_in_campana.jpg","width":600,"height":294,"caption":"mostra stai in campana"},{"@type":"BreadcrumbList","@id":"https:\/\/archiviocassano.lavocedelpaese.info\/index.php\/2014\/07\/31\/antonio-giannini-alla-pinacoteca-oggi-linaugurazione\/#breadcrumb","itemListElement":[{"@type":"ListItem","position":1,"name":"Home","item":"https:\/\/archiviocassano.lavocedelpaese.info\/"},{"@type":"ListItem","position":2,"name":"Antonio Giannini in mostra alla Pinacoteca: oggi l\u2019inaugurazione"}]},{"@type":"WebSite","@id":"https:\/\/archiviocassano.lavocedelpaese.info\/#website","url":"https:\/\/archiviocassano.lavocedelpaese.info\/","name":"Archivio CassanoWeb","description":"La Voce del Paese - un network di idee","publisher":{"@id":"https:\/\/archiviocassano.lavocedelpaese.info\/#organization"},"potentialAction":[{"@type":"SearchAction","target":{"@type":"EntryPoint","urlTemplate":"https:\/\/archiviocassano.lavocedelpaese.info\/?s={search_term_string}"},"query-input":{"@type":"PropertyValueSpecification","valueRequired":true,"valueName":"search_term_string"}}],"inLanguage":"it-IT"},{"@type":"Organization","@id":"https:\/\/archiviocassano.lavocedelpaese.info\/#organization","name":"Archivio CassanoWeb","url":"https:\/\/archiviocassano.lavocedelpaese.info\/","logo":{"@type":"ImageObject","inLanguage":"it-IT","@id":"https:\/\/archiviocassano.lavocedelpaese.info\/#\/schema\/logo\/image\/","url":"https:\/\/archiviocassano.lavocedelpaese.info\/wp-content\/uploads\/2024\/08\/logo-rosso-2.png","contentUrl":"https:\/\/archiviocassano.lavocedelpaese.info\/wp-content\/uploads\/2024\/08\/logo-rosso-2.png","width":491,"height":432,"caption":"Archivio CassanoWeb"},"image":{"@id":"https:\/\/archiviocassano.lavocedelpaese.info\/#\/schema\/logo\/image\/"},"sameAs":["https:\/\/www.facebook.com\/redazione.cassanoweb"]},{"@type":"Person","@id":"https:\/\/archiviocassano.lavocedelpaese.info\/#\/schema\/person\/df195bc79a9b4c35127cf005f92e041b","name":"admin","image":{"@type":"ImageObject","inLanguage":"it-IT","@id":"https:\/\/secure.gravatar.com\/avatar\/eabba89a432e8eaa1b0207cc55f7e5340b22712b1ed80677efcf63e02ff5b235?s=96&d=mm&r=g","url":"https:\/\/secure.gravatar.com\/avatar\/eabba89a432e8eaa1b0207cc55f7e5340b22712b1ed80677efcf63e02ff5b235?s=96&d=mm&r=g","contentUrl":"https:\/\/secure.gravatar.com\/avatar\/eabba89a432e8eaa1b0207cc55f7e5340b22712b1ed80677efcf63e02ff5b235?s=96&d=mm&r=g","caption":"admin"},"sameAs":["https:\/\/archiviocassano.lavocedelpaese.info"],"url":"https:\/\/archiviocassano.lavocedelpaese.info\/index.php\/author\/admin_0qgz1xdp\/"}]}},"_links":{"self":[{"href":"https:\/\/archiviocassano.lavocedelpaese.info\/index.php\/wp-json\/wp\/v2\/posts\/9485","targetHints":{"allow":["GET"]}}],"collection":[{"href":"https:\/\/archiviocassano.lavocedelpaese.info\/index.php\/wp-json\/wp\/v2\/posts"}],"about":[{"href":"https:\/\/archiviocassano.lavocedelpaese.info\/index.php\/wp-json\/wp\/v2\/types\/post"}],"author":[{"embeddable":true,"href":"https:\/\/archiviocassano.lavocedelpaese.info\/index.php\/wp-json\/wp\/v2\/users\/1"}],"replies":[{"embeddable":true,"href":"https:\/\/archiviocassano.lavocedelpaese.info\/index.php\/wp-json\/wp\/v2\/comments?post=9485"}],"version-history":[{"count":0,"href":"https:\/\/archiviocassano.lavocedelpaese.info\/index.php\/wp-json\/wp\/v2\/posts\/9485\/revisions"}],"wp:featuredmedia":[{"embeddable":true,"href":"https:\/\/archiviocassano.lavocedelpaese.info\/index.php\/wp-json\/wp\/v2\/media\/9484"}],"wp:attachment":[{"href":"https:\/\/archiviocassano.lavocedelpaese.info\/index.php\/wp-json\/wp\/v2\/media?parent=9485"}],"wp:term":[{"taxonomy":"category","embeddable":true,"href":"https:\/\/archiviocassano.lavocedelpaese.info\/index.php\/wp-json\/wp\/v2\/categories?post=9485"},{"taxonomy":"post_tag","embeddable":true,"href":"https:\/\/archiviocassano.lavocedelpaese.info\/index.php\/wp-json\/wp\/v2\/tags?post=9485"}],"curies":[{"name":"wp","href":"https:\/\/api.w.org\/{rel}","templated":true}]}}