{"id":9675,"date":"2014-09-05T11:47:50","date_gmt":"2014-09-05T11:47:50","guid":{"rendered":"https:\/\/archiviocassano.lavocedelpaese.info\/index.php\/2014\/09\/05\/lavori-alla-scuola-di-via-gramsci-classe-smistate\/"},"modified":"2014-09-05T11:47:50","modified_gmt":"2014-09-05T11:47:50","slug":"lavori-alla-scuola-di-via-gramsci-classe-smistate","status":"publish","type":"post","link":"https:\/\/archiviocassano.lavocedelpaese.info\/index.php\/2014\/09\/05\/lavori-alla-scuola-di-via-gramsci-classe-smistate\/","title":{"rendered":"Lavori alla scuola di via Gramsci: classi smistate negli altri plessi"},"content":{"rendered":"<p><img loading=\"lazy\" decoding=\"async\" class=\" size-full wp-image-5100\" src=\"https:\/\/archiviocassano.lavocedelpaese.info\/wp-content\/uploads\/2012\/01\/scuola_via_gramsci_picnik.jpg\" alt=\"scuola via gramsci picnik\" style=\"margin-right: 2px; margin-left: 2px;\" height=\"150\" width=\"320\" srcset=\"https:\/\/archiviocassano.lavocedelpaese.info\/wp-content\/uploads\/2012\/01\/scuola_via_gramsci_picnik.jpg 640w, https:\/\/archiviocassano.lavocedelpaese.info\/wp-content\/uploads\/2012\/01\/scuola_via_gramsci_picnik-300x141.jpg 300w\" sizes=\"auto, (max-width: 320px) 100vw, 320px\" \/><\/p>\n<p><!--more--><\/p>\n<p style=\"text-align: justify;\">A causa della ristrutturazione e dei lavori in corso nel plesso, le classi di \u201cVia Gramsci\u201d non&nbsp;potranno iniziare le lezioni nelle aule di appartenenza e saranno ospitate in parte in \u201cVia&nbsp;Mameli\u201d presso la Scuola \u201cRuffo\u201d e in parte in \u201cVia Convento\u201d presso la Scuola Primaria &nbsp;\u201cPerotti\u201d.<\/p>\n<p style=\"text-align: justify;\">Lo spiega una Circolare diffusa oggi dalla Direzione Didattica dell&#8217;Istituto Comprensivo &#8220;Perotti-Ruffo&#8221;.<\/p>\n<p>Le classi saranno disclocate secondo la seguente disposizione:&nbsp;<\/p>\n<p>&nbsp;<\/p>\n<div>\n<table border=\"0\" cellspacing=\"0\" cellpadding=\"0\">\n<tbody>\n<tr>\n<td width=\"356\" valign=\"top\">\n<p align=\"center\">CLASSI<\/p>\n<\/td>\n<td width=\"356\" valign=\"top\">\n<p align=\"center\">UBICAZIONE<\/p>\n<\/td>\n<\/tr>\n<tr>\n<td width=\"356\" valign=\"top\">\n<p>I D \u2013 I E \u2013 I F<\/p>\n<\/td>\n<td width=\"356\" valign=\"top\">\n<p>VIA CONVENTO<\/p>\n<\/td>\n<\/tr>\n<tr>\n<td width=\"356\" valign=\"top\">\n<p>II E \u2013 II F \u2013 II G<\/p>\n<\/td>\n<td width=\"356\" valign=\"top\">\n<p>VIA CONVENTO<\/p>\n<\/td>\n<\/tr>\n<tr>\n<td width=\"356\" valign=\"top\">\n<p>III E \u2013 III F \u2013 III G<\/p>\n<\/td>\n<td width=\"356\" valign=\"top\">\n<p>VIA CONVENTO<\/p>\n<\/td>\n<\/tr>\n<tr>\n<td width=\"356\" valign=\"top\">\n<p>IV D \u2013 IV E<\/p>\n<\/td>\n<td width=\"356\" valign=\"top\">\n<p>VIA MAMELI<\/p>\n<\/td>\n<\/tr>\n<tr>\n<td width=\"356\" valign=\"top\">\n<p>V G \u2013 V E<\/p>\n<\/td>\n<td width=\"356\" valign=\"top\">\n<p>VIA MAMELI<\/p>\n<\/td>\n<\/tr>\n<tr>\n<td width=\"356\" valign=\"top\">\n<p>V F<\/p>\n<\/td>\n<td width=\"356\" valign=\"top\">\n<p>VIA CONVENTO<\/p>\n<\/td>\n<\/tr>\n<\/tbody>\n<\/table>\n<p><strong>I<\/strong><strong>noltre le classi V A, V B e V D di \u201cVia Convento\u201d inizieranno la prima parte dell\u2019a.s. in \u201cVia Mameli\u201d per permettere nel plesso di \u201cVia Convento\u201d l\u2019ospitalit\u00e0 degli alunni pi\u00f9 piccoli di et\u00e0.<\/strong><\/p>\n<p>Tutte &nbsp;le &nbsp;altre &nbsp;classi &nbsp;di &nbsp;\u201cVia &nbsp;Mameli\u201d &nbsp;e &nbsp;di &nbsp;\u201cVia &nbsp;Convento\u201d &nbsp;rimarranno &nbsp;nelle &nbsp;sedi &nbsp;di&nbsp;appartenenza.<\/p>\n<p><strong>I &nbsp;GENITORI,&nbsp; PERTANTO,&nbsp; DAL &nbsp;GIORNO &nbsp;15 &nbsp;SETTEMBRE ACCOMPAGNERANNO GLI ALUNNI NEI PLESSI SOPRA INDICATI SECONDO GLI ORARI PROVVISORI E DEFINITIVI STABILITI DAL CONSIGLIO DI ISTITUTO.<\/strong><\/p>\n<\/div>\n<p>&nbsp;<\/p>\n<p><strong>ORARI &nbsp;DELLE &nbsp;LEZIONI<\/strong><\/p>\n<p><i>&nbsp;SCUOLA &nbsp;\u201cVIA &nbsp;CONVENTO\u201d <\/i><\/p>\n<table border=\"0\" cellspacing=\"0\" cellpadding=\"0\">\n<tbody>\n<tr>\n<td width=\"237\" valign=\"top\">\n<p align=\"center\"><strong>C<\/strong><strong>LASSI<\/strong><\/p>\n<\/td>\n<td width=\"237\" valign=\"top\">\n<p align=\"center\"><strong>ENTRATA<\/strong><\/p>\n<p align=\"center\"><strong>(dal luned\u00ec al venerd\u00ec)<\/strong><\/p>\n<\/td>\n<td width=\"237\" valign=\"top\">\n<p align=\"center\"><strong>U<\/strong><strong>SCITA<\/strong><\/p>\n<p align=\"center\"><strong>(dal luned\u00ec al venerd\u00ec)<\/strong><\/p>\n<\/td>\n<\/tr>\n<tr>\n<td width=\"237\" valign=\"top\">\n<p>II \u2013 III \u2013 IV \u2013 V<\/p>\n<\/td>\n<td width=\"237\" valign=\"top\">\n<p align=\"center\">8.05<\/p>\n<\/td>\n<td width=\"237\" valign=\"top\">\n<p align=\"center\">13.35<\/p>\n<\/td>\n<\/tr>\n<tr>\n<td width=\"237\" valign=\"top\">\n<p align=\"center\">I<\/p>\n<\/td>\n<td width=\"237\" valign=\"top\">\n<p>8.15 (orario provvisorio)*<\/p>\n<\/td>\n<td width=\"237\" valign=\"top\">\n<p>13.25 (orario provvisorio)*<\/p>\n<\/td>\n<\/tr>\n<tr>\n<td width=\"712\" colspan=\"3\" valign=\"top\">\n<p><strong>Solo nei giorni 15 e 16 settembre 2014&nbsp;<\/strong><strong>l<\/strong><strong>e classi II \u2013 III \u2013 IV \u2013 V entreranno alle 8.05 e usciranno alle 12.05 <\/strong><strong>l<\/strong><strong>e classi I entreranno alle 9.00 e usciranno alle 12.15<\/strong><\/p>\n<\/td>\n<\/tr>\n<\/tbody>\n<\/table>\n<p><i>&nbsp;SCUOLA &nbsp;\u201cVIA &nbsp;MAMELI\u201d <\/i><\/p>\n<table border=\"0\" cellspacing=\"0\" cellpadding=\"0\">\n<tbody>\n<tr>\n<td width=\"310\" valign=\"top\">\n<p align=\"center\"><strong>C<\/strong><strong>LASSI<\/strong><\/p>\n<\/td>\n<td width=\"198\" valign=\"top\">\n<p align=\"center\"><strong>ENTRATA<\/strong><\/p>\n<p align=\"center\"><strong>(dal luned\u00ec al venerd\u00ec)<\/strong><\/p>\n<\/td>\n<td width=\"204\" valign=\"top\">\n<p align=\"center\"><strong>U<\/strong><strong>SCITA<\/strong><\/p>\n<p align=\"center\"><strong>(dal luned\u00ec al venerd\u00ec)<\/strong><\/p>\n<\/td>\n<\/tr>\n<tr>\n<td width=\"310\" valign=\"top\">\n<p align=\"center\">I \u2013 II \u2013 III<\/p>\n<p align=\"center\">Scuola Secondaria di 1\u00b0 grado<\/p>\n<\/td>\n<td width=\"198\" valign=\"top\">\n<p align=\"center\">8.00<\/p>\n<\/td>\n<td width=\"204\" valign=\"top\">\n<p align=\"center\">13.42<\/p>\n<\/td>\n<\/tr>\n<tr>\n<td width=\"310\" valign=\"top\">\n<p align=\"center\">V A \u2013 V B \u2013 V D \u2013 V G \u2013 IV D \u2013 IV E<\/p>\n<p align=\"center\">Scuola Primaria<\/p>\n<\/td>\n<td width=\"198\" valign=\"top\">\n<p align=\"center\">8.10<\/p>\n<p align=\"center\">(orario provvisorio)*<\/p>\n<\/td>\n<td width=\"204\" valign=\"top\">\n<p align=\"center\">13.30<\/p>\n<p align=\"center\">(orario provvisorio)*<\/p>\n<\/td>\n<\/tr>\n<tr>\n<td width=\"712\" colspan=\"3\" valign=\"top\">\n<p><strong>Solo nei giorni 15 e 16 settembre 2014<\/strong><\/p>\n<p><strong>l<\/strong><strong>e classi di Scuola Secondaria di 1\u00b0 grado usciranno alle 12.45 <\/strong><strong>l<\/strong><strong>e classi di Scuola Primaria usciranno alle 12.10<\/strong><\/p>\n<\/td>\n<\/tr>\n<\/tbody>\n<\/table>\n<p>*questo orario&nbsp; &nbsp;provvisorio sar\u00e0 in vigore fino al ritorno nei plessi di appartenenza, quando si seguir\u00e0 per tutte le classi della&nbsp;primaria l\u2019orario 8.05 \u2013 13.35.<\/p>\n<p>Per ogni ulteriore informazione i genitori potranno rivolgersi agli uffici di segreteria in Via&nbsp;Convento.<\/p>\n<p>&nbsp;<\/p>\n","protected":false},"excerpt":{"rendered":"","protected":false},"author":1,"featured_media":5100,"comment_status":"open","ping_status":"closed","sticky":false,"template":"","format":"standard","meta":{"colormag_page_container_layout":"default_layout","colormag_page_sidebar_layout":"default_layout","footnotes":""},"categories":[7],"tags":[],"class_list":["post-9675","post","type-post","status-publish","format-standard","has-post-thumbnail","hentry","category-attualita"],"yoast_head":"<!-- This site is optimized with the Yoast SEO plugin v27.5 - https:\/\/yoast.com\/product\/yoast-seo-wordpress\/ -->\n<title>Lavori alla scuola di via Gramsci: classi smistate negli altri plessi - Archivio CassanoWeb<\/title>\n<meta name=\"robots\" content=\"index, follow, max-snippet:-1, max-image-preview:large, max-video-preview:-1\" \/>\n<link rel=\"canonical\" href=\"https:\/\/archiviocassano.lavocedelpaese.info\/index.php\/2014\/09\/05\/lavori-alla-scuola-di-via-gramsci-classe-smistate\/\" \/>\n<meta property=\"og:locale\" content=\"it_IT\" \/>\n<meta property=\"og:type\" content=\"article\" \/>\n<meta property=\"og:title\" content=\"Lavori alla scuola di via Gramsci: classi smistate negli altri plessi - Archivio CassanoWeb\" \/>\n<meta property=\"og:url\" content=\"https:\/\/archiviocassano.lavocedelpaese.info\/index.php\/2014\/09\/05\/lavori-alla-scuola-di-via-gramsci-classe-smistate\/\" \/>\n<meta property=\"og:site_name\" content=\"Archivio CassanoWeb\" \/>\n<meta property=\"article:publisher\" content=\"https:\/\/www.facebook.com\/redazione.cassanoweb\" \/>\n<meta property=\"article:published_time\" content=\"2014-09-05T11:47:50+00:00\" \/>\n<meta property=\"og:image\" content=\"https:\/\/archiviocassano.lavocedelpaese.info\/wp-content\/uploads\/2012\/01\/scuola_via_gramsci_picnik.jpg\" \/>\n\t<meta property=\"og:image:width\" content=\"640\" \/>\n\t<meta property=\"og:image:height\" content=\"300\" \/>\n\t<meta property=\"og:image:type\" content=\"image\/jpeg\" \/>\n<meta name=\"author\" content=\"admin\" \/>\n<meta name=\"twitter:card\" content=\"summary_large_image\" \/>\n<meta name=\"twitter:label1\" content=\"Scritto da\" \/>\n\t<meta name=\"twitter:data1\" content=\"admin\" \/>\n\t<meta name=\"twitter:label2\" content=\"Tempo di lettura stimato\" \/>\n\t<meta name=\"twitter:data2\" content=\"2 minuti\" \/>\n<script type=\"application\/ld+json\" class=\"yoast-schema-graph\">{\"@context\":\"https:\\\/\\\/schema.org\",\"@graph\":[{\"@type\":\"Article\",\"@id\":\"https:\\\/\\\/archiviocassano.lavocedelpaese.info\\\/index.php\\\/2014\\\/09\\\/05\\\/lavori-alla-scuola-di-via-gramsci-classe-smistate\\\/#article\",\"isPartOf\":{\"@id\":\"https:\\\/\\\/archiviocassano.lavocedelpaese.info\\\/index.php\\\/2014\\\/09\\\/05\\\/lavori-alla-scuola-di-via-gramsci-classe-smistate\\\/\"},\"author\":{\"name\":\"admin\",\"@id\":\"https:\\\/\\\/archiviocassano.lavocedelpaese.info\\\/#\\\/schema\\\/person\\\/df195bc79a9b4c35127cf005f92e041b\"},\"headline\":\"Lavori alla scuola di via Gramsci: classi smistate negli altri plessi\",\"datePublished\":\"2014-09-05T11:47:50+00:00\",\"mainEntityOfPage\":{\"@id\":\"https:\\\/\\\/archiviocassano.lavocedelpaese.info\\\/index.php\\\/2014\\\/09\\\/05\\\/lavori-alla-scuola-di-via-gramsci-classe-smistate\\\/\"},\"wordCount\":399,\"commentCount\":0,\"publisher\":{\"@id\":\"https:\\\/\\\/archiviocassano.lavocedelpaese.info\\\/#organization\"},\"image\":{\"@id\":\"https:\\\/\\\/archiviocassano.lavocedelpaese.info\\\/index.php\\\/2014\\\/09\\\/05\\\/lavori-alla-scuola-di-via-gramsci-classe-smistate\\\/#primaryimage\"},\"thumbnailUrl\":\"https:\\\/\\\/archiviocassano.lavocedelpaese.info\\\/wp-content\\\/uploads\\\/2012\\\/01\\\/scuola_via_gramsci_picnik.jpg\",\"articleSection\":[\"Attualit\u00e0\"],\"inLanguage\":\"it-IT\",\"potentialAction\":[{\"@type\":\"CommentAction\",\"name\":\"Comment\",\"target\":[\"https:\\\/\\\/archiviocassano.lavocedelpaese.info\\\/index.php\\\/2014\\\/09\\\/05\\\/lavori-alla-scuola-di-via-gramsci-classe-smistate\\\/#respond\"]}]},{\"@type\":\"WebPage\",\"@id\":\"https:\\\/\\\/archiviocassano.lavocedelpaese.info\\\/index.php\\\/2014\\\/09\\\/05\\\/lavori-alla-scuola-di-via-gramsci-classe-smistate\\\/\",\"url\":\"https:\\\/\\\/archiviocassano.lavocedelpaese.info\\\/index.php\\\/2014\\\/09\\\/05\\\/lavori-alla-scuola-di-via-gramsci-classe-smistate\\\/\",\"name\":\"Lavori alla scuola di via Gramsci: classi smistate negli altri plessi - Archivio CassanoWeb\",\"isPartOf\":{\"@id\":\"https:\\\/\\\/archiviocassano.lavocedelpaese.info\\\/#website\"},\"primaryImageOfPage\":{\"@id\":\"https:\\\/\\\/archiviocassano.lavocedelpaese.info\\\/index.php\\\/2014\\\/09\\\/05\\\/lavori-alla-scuola-di-via-gramsci-classe-smistate\\\/#primaryimage\"},\"image\":{\"@id\":\"https:\\\/\\\/archiviocassano.lavocedelpaese.info\\\/index.php\\\/2014\\\/09\\\/05\\\/lavori-alla-scuola-di-via-gramsci-classe-smistate\\\/#primaryimage\"},\"thumbnailUrl\":\"https:\\\/\\\/archiviocassano.lavocedelpaese.info\\\/wp-content\\\/uploads\\\/2012\\\/01\\\/scuola_via_gramsci_picnik.jpg\",\"datePublished\":\"2014-09-05T11:47:50+00:00\",\"breadcrumb\":{\"@id\":\"https:\\\/\\\/archiviocassano.lavocedelpaese.info\\\/index.php\\\/2014\\\/09\\\/05\\\/lavori-alla-scuola-di-via-gramsci-classe-smistate\\\/#breadcrumb\"},\"inLanguage\":\"it-IT\",\"potentialAction\":[{\"@type\":\"ReadAction\",\"target\":[\"https:\\\/\\\/archiviocassano.lavocedelpaese.info\\\/index.php\\\/2014\\\/09\\\/05\\\/lavori-alla-scuola-di-via-gramsci-classe-smistate\\\/\"]}]},{\"@type\":\"ImageObject\",\"inLanguage\":\"it-IT\",\"@id\":\"https:\\\/\\\/archiviocassano.lavocedelpaese.info\\\/index.php\\\/2014\\\/09\\\/05\\\/lavori-alla-scuola-di-via-gramsci-classe-smistate\\\/#primaryimage\",\"url\":\"https:\\\/\\\/archiviocassano.lavocedelpaese.info\\\/wp-content\\\/uploads\\\/2012\\\/01\\\/scuola_via_gramsci_picnik.jpg\",\"contentUrl\":\"https:\\\/\\\/archiviocassano.lavocedelpaese.info\\\/wp-content\\\/uploads\\\/2012\\\/01\\\/scuola_via_gramsci_picnik.jpg\",\"width\":640,\"height\":300,\"caption\":\"scuola via gramsci picnik\"},{\"@type\":\"BreadcrumbList\",\"@id\":\"https:\\\/\\\/archiviocassano.lavocedelpaese.info\\\/index.php\\\/2014\\\/09\\\/05\\\/lavori-alla-scuola-di-via-gramsci-classe-smistate\\\/#breadcrumb\",\"itemListElement\":[{\"@type\":\"ListItem\",\"position\":1,\"name\":\"Home\",\"item\":\"https:\\\/\\\/archiviocassano.lavocedelpaese.info\\\/\"},{\"@type\":\"ListItem\",\"position\":2,\"name\":\"Lavori alla scuola di via Gramsci: classi smistate negli altri plessi\"}]},{\"@type\":\"WebSite\",\"@id\":\"https:\\\/\\\/archiviocassano.lavocedelpaese.info\\\/#website\",\"url\":\"https:\\\/\\\/archiviocassano.lavocedelpaese.info\\\/\",\"name\":\"Archivio CassanoWeb\",\"description\":\"La Voce del Paese - un network di idee\",\"publisher\":{\"@id\":\"https:\\\/\\\/archiviocassano.lavocedelpaese.info\\\/#organization\"},\"potentialAction\":[{\"@type\":\"SearchAction\",\"target\":{\"@type\":\"EntryPoint\",\"urlTemplate\":\"https:\\\/\\\/archiviocassano.lavocedelpaese.info\\\/?s={search_term_string}\"},\"query-input\":{\"@type\":\"PropertyValueSpecification\",\"valueRequired\":true,\"valueName\":\"search_term_string\"}}],\"inLanguage\":\"it-IT\"},{\"@type\":\"Organization\",\"@id\":\"https:\\\/\\\/archiviocassano.lavocedelpaese.info\\\/#organization\",\"name\":\"Archivio CassanoWeb\",\"url\":\"https:\\\/\\\/archiviocassano.lavocedelpaese.info\\\/\",\"logo\":{\"@type\":\"ImageObject\",\"inLanguage\":\"it-IT\",\"@id\":\"https:\\\/\\\/archiviocassano.lavocedelpaese.info\\\/#\\\/schema\\\/logo\\\/image\\\/\",\"url\":\"https:\\\/\\\/archiviocassano.lavocedelpaese.info\\\/wp-content\\\/uploads\\\/2024\\\/08\\\/logo-rosso-2.png\",\"contentUrl\":\"https:\\\/\\\/archiviocassano.lavocedelpaese.info\\\/wp-content\\\/uploads\\\/2024\\\/08\\\/logo-rosso-2.png\",\"width\":491,\"height\":432,\"caption\":\"Archivio CassanoWeb\"},\"image\":{\"@id\":\"https:\\\/\\\/archiviocassano.lavocedelpaese.info\\\/#\\\/schema\\\/logo\\\/image\\\/\"},\"sameAs\":[\"https:\\\/\\\/www.facebook.com\\\/redazione.cassanoweb\"]},{\"@type\":\"Person\",\"@id\":\"https:\\\/\\\/archiviocassano.lavocedelpaese.info\\\/#\\\/schema\\\/person\\\/df195bc79a9b4c35127cf005f92e041b\",\"name\":\"admin\",\"image\":{\"@type\":\"ImageObject\",\"inLanguage\":\"it-IT\",\"@id\":\"https:\\\/\\\/secure.gravatar.com\\\/avatar\\\/eabba89a432e8eaa1b0207cc55f7e5340b22712b1ed80677efcf63e02ff5b235?s=96&d=mm&r=g\",\"url\":\"https:\\\/\\\/secure.gravatar.com\\\/avatar\\\/eabba89a432e8eaa1b0207cc55f7e5340b22712b1ed80677efcf63e02ff5b235?s=96&d=mm&r=g\",\"contentUrl\":\"https:\\\/\\\/secure.gravatar.com\\\/avatar\\\/eabba89a432e8eaa1b0207cc55f7e5340b22712b1ed80677efcf63e02ff5b235?s=96&d=mm&r=g\",\"caption\":\"admin\"},\"sameAs\":[\"https:\\\/\\\/archiviocassano.lavocedelpaese.info\"],\"url\":\"https:\\\/\\\/archiviocassano.lavocedelpaese.info\\\/index.php\\\/author\\\/admin_0qgz1xdp\\\/\"}]}<\/script>\n<!-- \/ Yoast SEO plugin. -->","yoast_head_json":{"title":"Lavori alla scuola di via Gramsci: classi smistate negli altri plessi - Archivio CassanoWeb","robots":{"index":"index","follow":"follow","max-snippet":"max-snippet:-1","max-image-preview":"max-image-preview:large","max-video-preview":"max-video-preview:-1"},"canonical":"https:\/\/archiviocassano.lavocedelpaese.info\/index.php\/2014\/09\/05\/lavori-alla-scuola-di-via-gramsci-classe-smistate\/","og_locale":"it_IT","og_type":"article","og_title":"Lavori alla scuola di via Gramsci: classi smistate negli altri plessi - Archivio CassanoWeb","og_url":"https:\/\/archiviocassano.lavocedelpaese.info\/index.php\/2014\/09\/05\/lavori-alla-scuola-di-via-gramsci-classe-smistate\/","og_site_name":"Archivio CassanoWeb","article_publisher":"https:\/\/www.facebook.com\/redazione.cassanoweb","article_published_time":"2014-09-05T11:47:50+00:00","og_image":[{"width":640,"height":300,"url":"https:\/\/archiviocassano.lavocedelpaese.info\/wp-content\/uploads\/2012\/01\/scuola_via_gramsci_picnik.jpg","type":"image\/jpeg"}],"author":"admin","twitter_card":"summary_large_image","twitter_misc":{"Scritto da":"admin","Tempo di lettura stimato":"2 minuti"},"schema":{"@context":"https:\/\/schema.org","@graph":[{"@type":"Article","@id":"https:\/\/archiviocassano.lavocedelpaese.info\/index.php\/2014\/09\/05\/lavori-alla-scuola-di-via-gramsci-classe-smistate\/#article","isPartOf":{"@id":"https:\/\/archiviocassano.lavocedelpaese.info\/index.php\/2014\/09\/05\/lavori-alla-scuola-di-via-gramsci-classe-smistate\/"},"author":{"name":"admin","@id":"https:\/\/archiviocassano.lavocedelpaese.info\/#\/schema\/person\/df195bc79a9b4c35127cf005f92e041b"},"headline":"Lavori alla scuola di via Gramsci: classi smistate negli altri plessi","datePublished":"2014-09-05T11:47:50+00:00","mainEntityOfPage":{"@id":"https:\/\/archiviocassano.lavocedelpaese.info\/index.php\/2014\/09\/05\/lavori-alla-scuola-di-via-gramsci-classe-smistate\/"},"wordCount":399,"commentCount":0,"publisher":{"@id":"https:\/\/archiviocassano.lavocedelpaese.info\/#organization"},"image":{"@id":"https:\/\/archiviocassano.lavocedelpaese.info\/index.php\/2014\/09\/05\/lavori-alla-scuola-di-via-gramsci-classe-smistate\/#primaryimage"},"thumbnailUrl":"https:\/\/archiviocassano.lavocedelpaese.info\/wp-content\/uploads\/2012\/01\/scuola_via_gramsci_picnik.jpg","articleSection":["Attualit\u00e0"],"inLanguage":"it-IT","potentialAction":[{"@type":"CommentAction","name":"Comment","target":["https:\/\/archiviocassano.lavocedelpaese.info\/index.php\/2014\/09\/05\/lavori-alla-scuola-di-via-gramsci-classe-smistate\/#respond"]}]},{"@type":"WebPage","@id":"https:\/\/archiviocassano.lavocedelpaese.info\/index.php\/2014\/09\/05\/lavori-alla-scuola-di-via-gramsci-classe-smistate\/","url":"https:\/\/archiviocassano.lavocedelpaese.info\/index.php\/2014\/09\/05\/lavori-alla-scuola-di-via-gramsci-classe-smistate\/","name":"Lavori alla scuola di via Gramsci: classi smistate negli altri plessi - Archivio CassanoWeb","isPartOf":{"@id":"https:\/\/archiviocassano.lavocedelpaese.info\/#website"},"primaryImageOfPage":{"@id":"https:\/\/archiviocassano.lavocedelpaese.info\/index.php\/2014\/09\/05\/lavori-alla-scuola-di-via-gramsci-classe-smistate\/#primaryimage"},"image":{"@id":"https:\/\/archiviocassano.lavocedelpaese.info\/index.php\/2014\/09\/05\/lavori-alla-scuola-di-via-gramsci-classe-smistate\/#primaryimage"},"thumbnailUrl":"https:\/\/archiviocassano.lavocedelpaese.info\/wp-content\/uploads\/2012\/01\/scuola_via_gramsci_picnik.jpg","datePublished":"2014-09-05T11:47:50+00:00","breadcrumb":{"@id":"https:\/\/archiviocassano.lavocedelpaese.info\/index.php\/2014\/09\/05\/lavori-alla-scuola-di-via-gramsci-classe-smistate\/#breadcrumb"},"inLanguage":"it-IT","potentialAction":[{"@type":"ReadAction","target":["https:\/\/archiviocassano.lavocedelpaese.info\/index.php\/2014\/09\/05\/lavori-alla-scuola-di-via-gramsci-classe-smistate\/"]}]},{"@type":"ImageObject","inLanguage":"it-IT","@id":"https:\/\/archiviocassano.lavocedelpaese.info\/index.php\/2014\/09\/05\/lavori-alla-scuola-di-via-gramsci-classe-smistate\/#primaryimage","url":"https:\/\/archiviocassano.lavocedelpaese.info\/wp-content\/uploads\/2012\/01\/scuola_via_gramsci_picnik.jpg","contentUrl":"https:\/\/archiviocassano.lavocedelpaese.info\/wp-content\/uploads\/2012\/01\/scuola_via_gramsci_picnik.jpg","width":640,"height":300,"caption":"scuola via gramsci picnik"},{"@type":"BreadcrumbList","@id":"https:\/\/archiviocassano.lavocedelpaese.info\/index.php\/2014\/09\/05\/lavori-alla-scuola-di-via-gramsci-classe-smistate\/#breadcrumb","itemListElement":[{"@type":"ListItem","position":1,"name":"Home","item":"https:\/\/archiviocassano.lavocedelpaese.info\/"},{"@type":"ListItem","position":2,"name":"Lavori alla scuola di via Gramsci: classi smistate negli altri plessi"}]},{"@type":"WebSite","@id":"https:\/\/archiviocassano.lavocedelpaese.info\/#website","url":"https:\/\/archiviocassano.lavocedelpaese.info\/","name":"Archivio CassanoWeb","description":"La Voce del Paese - un network di idee","publisher":{"@id":"https:\/\/archiviocassano.lavocedelpaese.info\/#organization"},"potentialAction":[{"@type":"SearchAction","target":{"@type":"EntryPoint","urlTemplate":"https:\/\/archiviocassano.lavocedelpaese.info\/?s={search_term_string}"},"query-input":{"@type":"PropertyValueSpecification","valueRequired":true,"valueName":"search_term_string"}}],"inLanguage":"it-IT"},{"@type":"Organization","@id":"https:\/\/archiviocassano.lavocedelpaese.info\/#organization","name":"Archivio CassanoWeb","url":"https:\/\/archiviocassano.lavocedelpaese.info\/","logo":{"@type":"ImageObject","inLanguage":"it-IT","@id":"https:\/\/archiviocassano.lavocedelpaese.info\/#\/schema\/logo\/image\/","url":"https:\/\/archiviocassano.lavocedelpaese.info\/wp-content\/uploads\/2024\/08\/logo-rosso-2.png","contentUrl":"https:\/\/archiviocassano.lavocedelpaese.info\/wp-content\/uploads\/2024\/08\/logo-rosso-2.png","width":491,"height":432,"caption":"Archivio CassanoWeb"},"image":{"@id":"https:\/\/archiviocassano.lavocedelpaese.info\/#\/schema\/logo\/image\/"},"sameAs":["https:\/\/www.facebook.com\/redazione.cassanoweb"]},{"@type":"Person","@id":"https:\/\/archiviocassano.lavocedelpaese.info\/#\/schema\/person\/df195bc79a9b4c35127cf005f92e041b","name":"admin","image":{"@type":"ImageObject","inLanguage":"it-IT","@id":"https:\/\/secure.gravatar.com\/avatar\/eabba89a432e8eaa1b0207cc55f7e5340b22712b1ed80677efcf63e02ff5b235?s=96&d=mm&r=g","url":"https:\/\/secure.gravatar.com\/avatar\/eabba89a432e8eaa1b0207cc55f7e5340b22712b1ed80677efcf63e02ff5b235?s=96&d=mm&r=g","contentUrl":"https:\/\/secure.gravatar.com\/avatar\/eabba89a432e8eaa1b0207cc55f7e5340b22712b1ed80677efcf63e02ff5b235?s=96&d=mm&r=g","caption":"admin"},"sameAs":["https:\/\/archiviocassano.lavocedelpaese.info"],"url":"https:\/\/archiviocassano.lavocedelpaese.info\/index.php\/author\/admin_0qgz1xdp\/"}]}},"_links":{"self":[{"href":"https:\/\/archiviocassano.lavocedelpaese.info\/index.php\/wp-json\/wp\/v2\/posts\/9675","targetHints":{"allow":["GET"]}}],"collection":[{"href":"https:\/\/archiviocassano.lavocedelpaese.info\/index.php\/wp-json\/wp\/v2\/posts"}],"about":[{"href":"https:\/\/archiviocassano.lavocedelpaese.info\/index.php\/wp-json\/wp\/v2\/types\/post"}],"author":[{"embeddable":true,"href":"https:\/\/archiviocassano.lavocedelpaese.info\/index.php\/wp-json\/wp\/v2\/users\/1"}],"replies":[{"embeddable":true,"href":"https:\/\/archiviocassano.lavocedelpaese.info\/index.php\/wp-json\/wp\/v2\/comments?post=9675"}],"version-history":[{"count":0,"href":"https:\/\/archiviocassano.lavocedelpaese.info\/index.php\/wp-json\/wp\/v2\/posts\/9675\/revisions"}],"wp:featuredmedia":[{"embeddable":true,"href":"https:\/\/archiviocassano.lavocedelpaese.info\/index.php\/wp-json\/wp\/v2\/media\/5100"}],"wp:attachment":[{"href":"https:\/\/archiviocassano.lavocedelpaese.info\/index.php\/wp-json\/wp\/v2\/media?parent=9675"}],"wp:term":[{"taxonomy":"category","embeddable":true,"href":"https:\/\/archiviocassano.lavocedelpaese.info\/index.php\/wp-json\/wp\/v2\/categories?post=9675"},{"taxonomy":"post_tag","embeddable":true,"href":"https:\/\/archiviocassano.lavocedelpaese.info\/index.php\/wp-json\/wp\/v2\/tags?post=9675"}],"curies":[{"name":"wp","href":"https:\/\/api.w.org\/{rel}","templated":true}]}}