{"id":9747,"date":"2014-09-29T17:31:05","date_gmt":"2014-09-29T17:31:05","guid":{"rendered":"https:\/\/archiviocassano.lavocedelpaese.info\/index.php\/2014\/09\/29\/consiglio-comunale-convocato-lunedi-29-settembre-su-bilancio-tari-e-opere-pubbliche\/"},"modified":"2014-09-29T17:31:05","modified_gmt":"2014-09-29T17:31:05","slug":"consiglio-comunale-convocato-lunedi-29-settembre-su-bilancio-tari-e-opere-pubbliche","status":"publish","type":"post","link":"https:\/\/archiviocassano.lavocedelpaese.info\/index.php\/2014\/09\/29\/consiglio-comunale-convocato-lunedi-29-settembre-su-bilancio-tari-e-opere-pubbliche\/","title":{"rendered":"Il Consiglio Comunale su CassanoWeb minuto per minuto"},"content":{"rendered":"<p style=\"text-align: justify;\"><img loading=\"lazy\" decoding=\"async\" class=\" size-full wp-image-4776\" src=\"https:\/\/archiviocassano.lavocedelpaese.info\/wp-content\/uploads\/2011\/11\/sala_consiliare.jpg\" alt=\"sala consiliare\" height=\"150\" width=\"320\" srcset=\"https:\/\/archiviocassano.lavocedelpaese.info\/wp-content\/uploads\/2011\/11\/sala_consiliare.jpg 640w, https:\/\/archiviocassano.lavocedelpaese.info\/wp-content\/uploads\/2011\/11\/sala_consiliare-300x141.jpg 300w\" sizes=\"auto, (max-width: 320px) 100vw, 320px\" \/><\/p>\n<p><!--more--><\/p>\n<p style=\"text-align: justify;\">In diretta dalla Sala Consiliare di piazza Rossani, dove sta per cominciare il Consiglio Comunale di Cassano, convocato per le ore 16.00.<\/p>\n<p style=\"text-align: justify;\">CassanoWeb lo seguir\u00e0 minuto per minuto, descrivendo le fasi salienti del dibattito.<\/p>\n<p style=\"text-align: justify;\"><strong>Ore 16.20<\/strong> &#8211; In aula, quasi tutti i consiglieri.<\/p>\n<p style=\"text-align: justify;\">E&#8217; da poco entrato anche il nuovo Segretario Generale del Comune, l&#8217;avv. Alfredo Mignozzi che ha preso il posto, da pochi giorni, della dott.sa Nicassio.<\/p>\n<p style=\"text-align: justify;\">Sono in aula anche il Revisore unico dei Conti, dott. Giovanni Francesco Conte e i Dirigenti del settore Ragioneria (Liguigli), dell&#8217;Ufficio Tecnico (Petruzzellis), dell&#8217;Ufficio Scuola (Viapiano).<\/p>\n<p style=\"text-align: justify;\">Dopo tre sedute di assenza, a partire da questo Consiglio \u00e8 tornato in aula il servizio di registrazione delle sedute.<\/p>\n<p style=\"text-align: justify;\">I lavori non sono ancora cominciati.<\/p>\n<p style=\"text-align: justify;\"><strong>Ore 16.28 &nbsp;<\/strong>&#8211; Tutti i Consiglieri comunali sono presenti. Cominciano i lavori del Consiglio con l&#8217;ascolto, in piedi, dell&#8217;Inno Nazionale.<\/p>\n<p style=\"text-align: justify;\"><strong>Ore 16.31&nbsp;<\/strong>&#8211; Il Presidente Capriulo e la capogruppo Di Medio fanno gli auguri al nuovo Segretario.<\/p>\n<p style=\"text-align: justify;\">La Di Medio, in sede di Comunicazione, riprende la vicenda del plagio della Linee Programmatiche del Comune di Cassano da quello di Massarosa, comunicando che \u00e8 stata inoltrata richiesta di Consiglio Comunale sul fatto da parte della minoranza.<\/p>\n<p><strong>Risposte alla interrogazioni <\/strong><\/p>\n<p style=\"text-align: justify;\"><strong>Sindaco Vito Lionetti.&nbsp;<\/strong>Alla richiesta del consigliere Briano che chiedeva notizie in merito ai sistemi di video sorveglianza, il sindaco dice che sono allo studio la fattibilit\u00e0 degli stessi e che comunque possono essere utilizzati, dalle forze dell&#8217;ordine, i filmati di privati.&nbsp;<\/p>\n<p style=\"text-align: justify;\"><b>L&#8217;assessore Marazia<\/b>. Sempre Briano aveva chiesto notizie in merito agli Ispettori Ambientali. Al momento, dice l&#8217;assessore, sono 5 (su 9) quelli in servizio: si dovr\u00e0 a breve istituire un nuovo bando per incrementare il numero. Due di essi hanno rinunciato per propri motivi, altri due hanno chiesto un rimborso spese per l&#8217;attivit\u00e0, contrariamente al Regolamento, e dunque si sono, di fatto, chiamati fuori.&nbsp;<strong><br \/><\/strong><\/p>\n<p style=\"text-align: justify;\"><strong>Briano.&nbsp;<\/strong>La risposta non soddisfa me ma la popolazione. E&#8217; un default quello degli Ispettori che dipende da chi li coordina (il Comandante della Polizia Municipale): vengono coordinati via sms, senza mai un contatto umano. La verit\u00e0 del fallimento va ricercata nella assoluta mancanza di coordinamento da parte del magg.re De Benedictis.&nbsp;<\/p>\n<p style=\"text-align: justify;\"><strong>L&#8217;assessore Marazia su sporcizia nel centro storico dovuta ai piccioni.&nbsp;<\/strong>L&#8217;assessore si meraviglia che solo ora, con l&#8217;interrogazione di Briano, ci si ricorda del problema che \u00e8 vivo da anni. Si stanno studiando i sistemi pi\u00f9 idonei, in collaborazione con Associazione Centro Storico, Lipu e Asl anche per individuare le case abbandonate dove i piccioni nidificano. I sistemi proposti finora (falchi, poiane, ecc.) sono dispendiosi e non accettati da tutti.&nbsp;<\/p>\n<p style=\"text-align: justify;\"><strong>La Marazia sulla raccolta differenziata.<\/strong>&nbsp;L&#8217;assessore risponde alla terza interpellanza di Briano. La differenziata \u00e8 sostanzialmente uguale a quella dell&#8217;anno scorso, il problema \u00e8 che finora i cittadii dei Borghi non sono mai stati controllati e sanzionati. La nuova amministrazione intende:<\/p>\n<p style=\"text-align: justify;\">&#8211; attivare l&#8217;isola ecologica;<\/p>\n<p style=\"text-align: justify;\">&#8211; diffondere maggiormente l&#8217;uso della compostiera, con sconti sulla tassa rifiuti;<\/p>\n<p style=\"text-align: justify;\">&#8211; progetti nelle scuole di educazione, utilizzo di compostiera;<\/p>\n<p style=\"text-align: justify;\">&#8211; maggiori controlli.<\/p>\n<p style=\"text-align: justify;\">La PM ha sollevato 12 sanzioni per 750 euro e anche la Forestale ha elevato numerose sanzioni nell&#8217;ambito extraurbano. Sono poi in via di definizione le verifiche su coloro che non hanno ancora ritirato il kit della raccolta differenziata.&nbsp;<\/p>\n<p style=\"text-align: justify;\"><strong>Briano.&nbsp;<\/strong>Occorre agire subito, dovevate subito controllarlo il territorio e attivarvi. Isola ecologica: c&#8217;\u00e8 gi\u00e0 la piattaforma, non cambier\u00e0 molto portare su via Mellitto oppure in zona industriali. Compostiere: ne sono state date 300 su 1000 a disposizione perch\u00e8 non c&#8217;\u00e8 disponibilit\u00e0 n\u00e8 volont\u00e0 a utilizzarle. Ancora oggi, nelle villette dove ho girato per la campagna elettorale, le ho viste piene di fiori&#8230;.<\/p>\n<p><strong>INTERPELLANZE<\/strong><\/p>\n<p>La Di Medio interpella l&#8217;amministrazione <a href=\"politica\/24813-rinascita-qma-quali-dimissionila-di-medio-pensi-agli-80mila-euro-da-restituireq.html\" target=\"_blank\" rel=\"noopener\">in merito al Comunicato Stampa che respingeva l&#8217;accusa<\/a> da lei lanciata sul plagio da Massarosa. Chi ha scritto il Comunicato? La Lista Rinascita, che non esiste? O il gruppo consiliare? E il sindaco e gli assessori ne sono sottoscrittori?<\/p>\n<p style=\"text-align: justify;\">Il sindaco ha annunciato riposta scritta.<\/p>\n<p style=\"text-align: justify;\"><strong>16.55 &#8211;&nbsp;<\/strong>Conclusi i preliminari, si comincia a discutere il primo punto all&#8217;ordine del giorno:&nbsp;<em>Commissione Locale per il Paesaggio e per l&#8217;Ambiente- Approvazione della convenzione per il funzionamento della commissione intercomunale locale per il Paesaggio e per l&#8217;Ambiente finalizzata all&#8217;espletamento della Valutazione Ambientale Strategica.<\/em><\/p>\n<p>L&#8217;assessore ai Lavori Pubblici, Del Re spiega che la Commissione (che Cassano fa funzionare in convenzione col Comune di Santeramo) deve ampliare le proprie competenze in virt\u00f9 delle nuove norme, anche per rispondere alle istanze di chi vuole avviare attivit\u00e0 o costruire e che necessita, per esempio, della VAS (Valutazione Ambientale Strategica). A disposizione della Commissione ci sono 5mila euro annue (come spesa massima) che non ricadono sulle casse Comunali ma su coloro che presentano richieste.<\/p>\n<p>Consigliere Ruggiero. Atto di priorit\u00e0 notevole. Non frapporremo alcun ostacolo perch\u00e8 essenziale al territorio.<\/p>\n<p>La delibera \u00e8 stata approvata con voti unanimi.<\/p>\n<p><strong>Ore 17.05&nbsp;<\/strong>&#8211; Secondo punto all&#8217;ordine del giorno:&nbsp;<em>SAC \u201cAlta Murgia\u201d.<\/em><\/p>\n<p style=\"text-align: justify;\">Relaziona Del Re che spiega cos&#8217;\u00e8 il Sistema Ambientale Culturale: quello di cui Cassano fa parte (iniziativa che parte nel 2010) assieme ad altri comuni con capofila l&#8217;Ente Parco Alta Murgia si chiama &#8220;Alta Murgia&#8221; (<a href=\"rubriche\/appuntamenti\/24705-il-4-agosto-incontro-su-sac-alta-murgia.html\" target=\"_blank\" rel=\"noopener\">LEGGI QUI<\/a>). Il vicesindaco spiega che non vi sono costi per i Comuni perch\u00e8 i fondi provengono da programmi europei.<\/p>\n<p style=\"text-align: justify;\">Punto di riferimento per Cassano sar\u00e0 il Palazzo &#8220;Miani-Perotti&#8221;. Si tratta di un progetto da 700mila euro che durer\u00e0 circa 8 anni.<\/p>\n<p style=\"text-align: justify;\">La Di Medio chiede di leggere in aula il parere del Revisore dei Conti su questa proposta di provvedimento.<\/p>\n<p style=\"text-align: justify;\">Il dott. Conte invita, sostanzialmente, ad un continuo e costante monitoraggio sulle voci di spesa e dei costi per quel che riguartda il SAC per non inficiare il Bilancio comunale.<\/p>\n<p style=\"text-align: justify;\"><strong>Ore 17.21<\/strong> &#8211; Si dibatte sulla possibilit\u00e0 o meno che i locali del Palazzo &#8220;Miani-Perotti&#8221; adibiti a laboratori nell&#8217;ambito del SAC debbano essere soggetti ad una specifica assicurazione.<\/p>\n<p style=\"text-align: justify;\">Il consigliere Zullo mette in guardia sul richiamo fatto dal Revisore, perch\u00e8 la convenzione del Sac richiede efficenza, managerialit\u00e0 altrimenti la Regione potrebbe revocare la convenzione col singolo Comune e far ricadere sullo stesso tutti gli oneri, con aggravio di spesa. Bisogna prestare molta attenzione. &nbsp; Per il consigliere Briano occorre verificare se ci sia necessit\u00e0 di una assicurazione specifica, non solo quella che copre tutto il Palazzo ma che si riferisce a incendio, allagamenti, danneggiamenti, ecc.<\/p>\n<p style=\"text-align: justify;\">Stante, tutto questo, la bont\u00e0 del progetto e dell&#8217;iniziativa.<\/p>\n<p style=\"text-align: justify;\">Il sindaco spiega che il Comune di Cassano \u00e8 l&#8217;ultimo di quelli chiamati a sottoscrivere la convenzione dunque bisogna fare in fretta. Lionetti ha comunque accettato le raccomandazioni della minoranza e si controller\u00e0 affinch\u00e8 non vi siano ricadute negative ma \u00e8 comunque una opportunit\u00e0 che il Comune non pu\u00f2 lasciarsi sfuggire.<\/p>\n<p style=\"text-align: justify;\">La Di Medio, nella dichiarazione di voto, fa un excursus sul progetto che parte nel 2010 e che finora ha trovato, data la grande complessit\u00e0, numero bocciature da parte della Regione sulle proposte presentate dall&#8217;ente capofila, il Parco dell&#8217;Alta Murgia. Necessita di grande partecipazione e controllo, soprattutto dalla parte politica.<\/p>\n<p style=\"text-align: justify;\">Del Re sottolinea la valenza e l&#8217;importanza del progetto e invita tutti i consiglieri a votare a favore.<\/p>\n<p style=\"text-align: justify;\">La delibera viene approvata con 12 voti della maggioranza e 5 astenuti della minoranza. &nbsp;<\/p>\n<p><strong>Ore 17.36 &#8211;&nbsp;<\/strong>Si passa al terzo punto all&#8217;ordine del giorno:&nbsp;&nbsp;<em>Piano delle alienazioni e valorizzazioni immobiliari per l&#8217;anno 2014.<\/em><\/p>\n<p>Presentando l&#8217;argomento, l&#8217;assessore al Bilancio Davide Pignatale spiega che ci stratta di &#8220;relitti&#8221; di poco o nessun valore e che il Piano \u00e8 sostanzialmente quello degli anni precedenti.<\/p>\n<p>Il consigliere Ruggiero (minoranza) spiega che il gruppo voter\u00e0 a favore ma chiede a Davi Del Re che cosa \u00e8 cambiato rispetto agli altri anni, quando lui sedeva in minoranza e votava costantemente contro questo provvedimento (obbligatorio in sede di Bilancio preventivo).<\/p>\n<p>Del Re preferisce non &nbsp;rispondere.<\/p>\n<p>La delibera viene approvata all&#8217;unanimit\u00e0.<\/p>\n<p><strong>Ore 17.41 &#8211;&nbsp;<\/strong>Quarto argomento all&#8217;ordine del giorno:<em>&nbsp;Individuazione quantit\u00e0, qualit\u00e0 e determinazione prezzi di cessione delle aree da destinarsi a residenza, attivit\u00e0 produttive e terziari.<\/em><\/p>\n<p>Del Re presenta l&#8217;argomento spiegando che non vi sono sostanziali variazioni rispetto all&#8217;anno scorso.<\/p>\n<p>Ruggiero, cos\u00ec come al punto precedente, sottolinea che nulla \u00e8 cambiato rispetto all&#8217;anno scorso e dunque la ex maggioranza (oggi minoranza) approver\u00e0 l&#8217;argomento &#8220;dimostrando cos\u00ec la nostra diversit\u00e0&#8221; rispetto a chi, come Del Re, negli anni scorsi votava contro.<\/p>\n<p>Non c&#8217;\u00e8 dibattito e l&#8217;argomento viene approvato all&#8217;unanimit\u00e0.<\/p>\n<p style=\"text-align: justify;\"><strong>Ore 17.44 &#8211;&nbsp;<\/strong>Si passa al quinto punto da discutere:&nbsp;<em>Approvazione Piano Triennale ed elenco annuale 2014 Opere Pubbliche- Triennio 2013.<\/em><\/p>\n<p style=\"text-align: justify;\">Il vicesindaco Del Re illustrando l&#8217;argomento, si sofferma sul progetto finanziato con oltre 100mila euro per un tetto fotovoltaico sulla scuola di via Convento, che render\u00e0 autonoma energeticamente la scuola, con energia pulita; un progetto ottenuto con lavoro e abnegazione dall&#8217;amministrazione Lionetti.<\/p>\n<p style=\"text-align: justify;\">Zullo. Il progetto &#8220;Lame&#8221; viene inserito fra le opere. Eppure qualche giorno fa, il vicesindaco in piazza aveva affermato che &#8220;il finanziamento di 4 milioni di euro era sostanzialmente perso&#8221;. Zullo afferma: &#8220;a me non risulta, l&#8217;amministrazione Vendola \u00e8 tutta orientata a salvare quei finanziamenti&#8221;.<\/p>\n<p style=\"text-align: justify;\">&#8220;Se non vi piacciono le soluzioni tecniche del progetto Lame &#8211; afferma Zullo &#8211; cambiatelo, ma non perdete quel finanziamento perch\u00e8 ricadrebbe sulla coscienza di chi oggi \u00e8 al Comune&#8221;.<\/p>\n<p>Di Medio: &#8220;fa piacere che la maggioranza Lionetti, con queso Piano, riconosce tutto il lavoro fatto dalla ex amministrazione nel reperire finanziamenti e cantierizzare progetti. Inaugurerete tante opere quali il progetto di efficientamento energetico per scuole e locali pubblici, con la centrale geotermica; il Museo cittadino; il progetto di pubblica illuminazione, e via di seguito.&nbsp;<\/p>\n<p>&nbsp;<\/p>\n<p>Lionetti. Non si riescono a fare opere pubbliche in poco tempo dunque ogni amministrazione deve programmare per pi\u00f9 anni.<\/p>\n<p>E\u2019 vero, il finanziamento del progetto \u201cLame\u201d \u00e8 l\u00ec ma l\u2019opera \u00e8 complessa e va fatta e rendicontata entro il 31\/12\/2015. Quando diciamo che il finanziamento \u00e8 perso ci riferiamo al fatto del ricorso al Tribunale delle Acque e del tempo perso a rispondere alle contestazioni della Regione.<\/p>\n<p>La diversit\u00e0 sta nel fatto che noi intendiamo aderire alle contestazioni della Regione. Ora dobbiamo dare impulso in modo da concludere il tutto entro la fine del prossimo anno.<\/p>\n<p>Anche sull\u2019impianto geotermico. Non \u00e8 colpa di nessuno ma oggi se la prenderanno con me<\/p>\n<p>Forse slitteranno i tempi di altre 2-3 settimane ma avremo un edificio eccezionale, con \u201caule senza zaino\u201d fra le pi\u00f9 belle d\u2019Italia e ve lo dice chi ne ha viste tantissime.<\/p>\n<p>&nbsp;Il punto passa all\u2019unanimit\u00e0 dei voti.<\/p>\n<p><span id=\"_mce_caret\" data-mce-bogus=\"true\"><strong>Ore 18.00 &#8211;&nbsp;<\/strong><\/span>Sesto punto:&nbsp;<em>Addizionale Comunale all&#8217;Irpef anno 2014.<\/em><\/p>\n<p>Pignatale: \u201cl\u2019addizionale Irpef \u00e8 al massimo ed una rimodulazione sarebbe opportuno ma oltre all\u2019ideale occorre tener presente la realt\u00e0. Ci pesa doverlo confermare allo 0,80 e sappiamo che esso colpisce lavoratori e pensionati ma i tagli dello Stato ci impediscono di rimodulare l\u2019addizionale\u201d.<\/p>\n<p>L\u2019assessore al Bilancio, insomma, spiega che quei 700mila euro che l\u2019Irpef assicura sono essenziale per la macchina comunale.<\/p>\n<p>Restano esenti, come in passato, i redditi da 0 a 15mila euro.<\/p>\n<p>Zullo: \u201cnoi non abbiamo problemi ad approvare questo punto. I problemi sono di Paparella, di Del Re\u2026.che quando proponevano noi ci trattavano come iene, come di chi vuole spolpare i cittadini\u2026.Adesso voi ve ne uscite con parole quali \u201cabbiamo pensato\u201d, \u201cvolevamo\u201d, ecc. ecc.\u201d.<\/p>\n<p>State mettendo in atto una strategia di banalizzazione ma la verit\u00e0 \u00e8 che Pignatale e i suoi amici consiglieri ora ripetono la cantilena della necessit\u00e0 della tassazione, della necessit\u00e0 dei fondi per la macchina comunale. La verit\u00e0 \u00e8 che state ripercorrendo quello che noi abbiamo fatto.<\/p>\n<p>C\u2019\u00e8 una leggera differenza rispetto allo scorso anno ovvero 800mila euro in meno dallo Stato e oltre 500mila euro di rimborso Imu: con quei fondi avremmo rimodulato l\u2019addizionale.<\/p>\n<p>L\u2019argomento passa all\u2019unanimit\u00e0 dei voti.<\/p>\n<p>&nbsp;<\/p>\n<p>Settimo punto: <i>Piano Economico-Finanziario del servizio di Igiene Urbana ai fini TARI 2014. Approvazione.<\/i><\/p>\n<p>L\u2019assessore all\u2019ambiente Marazia illustra il Piano, essenziale ai fini dell\u2019applicazione della nuova tassazione sui rifiuti, la Tari. Si tratta di un Piano previsionale poich\u00e9 solo a fine anno, a consuntivo, ci saranno variazioni dovute a sconti, sanzioni, ecc. Occorre tener conto che con la nuova tassa il servizio deve avere una copertura al 100% da parte dell\u2019utenza (cittadini e imprese).<\/p>\n<p>&nbsp;<\/p>\n<p>Di Medio.<\/p>\n<p>Alcune osservazioni: spiace evidenziare che la raccolta differenziata \u00e8, in percentuale, diminuita nello scorso mese. Bisognava controllare e verificare sin dal primo giorno: sanzionare chi si ostina a comportarsi in maniera non consona. Perch\u00e9 la questione rifiuti\/differenziata necessita di massima, costante attenzione da parte degli uffici e della parte politica e il fatto di vivere in una Regione che in dieci anni non \u00e8 riuscita a gestire in maniera completa il ciclo dei rifiuti non aiuta di certo.<\/p>\n<p>C\u2019\u00e8 qualcuno che ha detto che non vale la pena fare la differenziata tanto l\u2019ecotassa&nbsp; la si pagher\u00e0 ugualmente perch\u00e9 si viene esentati solo se si arriva all\u201980%: voglio che si prendano le distanze nette da questo modo di pensare. All\u201980% si arriva partendo da zero. Voi invece vi siete fermati\u2026.non state seguendo.<\/p>\n<p>Ecopunto: perch\u00e9 l\u2019amministrazione non si muove verso il gestore che deve ritirare le tonnellate di materiale l\u00ec depositati? Quei rifiuti sono \u201coro\u201d per la citt\u00e0 e le casse comunali&#8230;<\/p>\n<p>Zullo.<\/p>\n<p>Atto fondamentale perch\u00e9 mette la prima pietra per il sistema della tassazione per gli anni futuri. Occorre, dunque, farlo bene.<\/p>\n<p>Al di l\u00e0 dei costi fissi, ci sono i costi variabili su cui dobbiamo concentrarci: se si raggiunge il 65% di differenziata si abbassa l\u2019ecotassa fino al 5%;<\/p>\n<p>Zullo fa riferimento alla vicinanza politica della giunta Lionetti rispetto alla Regione Puglia guidata da Vendola; \u201cuna preghiera, ai fini dell\u2019abbattimento dei costi: fategli chiudere il ciclo dei rifiuti\u201d. Non basta punire, occorre sollecitare, invitare perch\u00e9 la raccolta non subisca rallentamenti.<\/p>\n<p>Chiesti chiarimenti: questi sono i costi presentati dal gestore, che voi avete preso come \u201coro colato\u201d. Voci di costo replicate\u2026..in commissione chiesto spiegazioni ma nessuna ne \u00e8 stata data e ora la ripropongo.<\/p>\n<p>Le tasse richieste ai cittadini devono avere destinazione certa, senza ombre. Ma nel Piano economico vi sono duplicazioni di spesa, voci poco chiare e dunque chiedo spiegazioni.<\/p>\n<p>Marazia. L\u2019attenzione verso la differenziata non \u00e8 diminuita e a breve partir\u00e0 una campagna di sensibilizzazione su questi temi. E\u2019 ovvio, ha spiegato l\u2019assessore, che nel passaggio fra una e l\u2019altra amministrazione la \u201ctensione\u201d sul tema forse si \u00e8 un po\u2019 allentata ma ci si sta attrezzando per ripartire con controlli, verifiche e controlli e comunque la differenziata non \u00e8 calata poi di molto.<\/p>\n<p>La Marazia ha poi spiegato che in \u201caltri costi\u201d ci sono la disinfestazione, derattizzazione, bonifiche sul territorio che la ditta effettua annualmente.<\/p>\n<p>Il gruppo di minoranza ha insistito nel reputare il Piano carente in alcuni punti e poco rivolto alle esigenze dei cittadini.<\/p>\n<p>Il sindaco Lionetti si dice concorde con la minoranza con l\u2019attenzionare al massimo la politica sui rifiuti e la loro gestione a livello comunale. \u201cma da questo a voler propagandare capacit\u00e0 taumaturgiche ce ne corre: non \u00e8 che fino al 26 maggio la macchina era perfetta, che c\u2019era superman che si alzava alle 5 di mattina e controllava tutto\u2026.poi qualche giorno dopo tutto si \u00e8 bloccato. E\u2019 una lettura che non accetto. La percentuale \u00e8 calata in estate, per l\u2019arrivo della maggior parte della popolazione sui borghi\u2026.\u00e8 fisiologico\u2026\u201d.<\/p>\n<p>I controlli, ha affermato il sindaco, ci sono stati \u201ce alcuni li abbiamo fatti personalmente. Faremo il bando per nuovi Ispettori volontari ma non si pu\u00f2 dire che sia stata allentata l\u2019attenzione sul territorio\u2026\u201d.<\/p>\n<p>Per quel che riguarda le attivit\u00e0 di informazione e sensibilizzazione, sono state abbastanza fallimentari: \u201cagli incontri del Cea e alle sue iniziative partecipavano in media 5 persone\u2026.fino ad oggi non \u00e8 stato efficace cos\u00ec come le attivit\u00e0 nella scuola, con interventi inefficaci sul piano educativo, formativo e didattico\u201d.<\/p>\n<p>\u201cCon questo \u2013 ha spiegato Lionetti \u2013 non voglio demonizzare quel che \u00e8 stato fatto ma occorre fare altro e con pi\u00f9 efficacia, ad esempio nella scuola\u201d.<\/p>\n<p>Ha concluso il sindaco: \u201cqui non ci sono n\u00e9 superman n\u00e9 interventi miracolosi ma occorre che tutti ci si adoperi per il bene della citt\u00e0\u201d.<\/p>\n<p>La Di Medio ha precisato che l\u2019attivit\u00e0 di animazione e informazione era a cura dell\u2019ATI e non della Tradeco.<\/p>\n<p>In sede di dichiarazione di voto, Zullo ha spiegato che il calcolo del Piano \u00e8 basato su basi sbagliate, con costi fissi e variabili confusi ed errati, con costi che ricadono sui cittadini ma che dovrebbero essere a carico del gestore.<\/p>\n<p>Paparella, invece, ha affermato che il Piano rispetta i termini di legge e la sostanza e che non ha bisogno di supereroi per essere attuato ma di lavoro serio e costante.<\/p>\n<p>La delibera \u00e8 stata approvata a maggioranza con 12 voti a favore; contraria la minoranza.&nbsp;<\/p>\n<p><strong>Ore 19.48<\/strong> &#8211; Ottavo punto in discussione all&#8217;ordine del giorno:&nbsp;<em>Approvazione delle tariffe TA.RI. (Tassa Rifiuti) anno 2014.<\/em><\/p>\n<p>&nbsp;<\/p>\n<p style=\"text-align: justify;\">L\u2019assessore Pignatale spiega il provvedimento, secondo le nuove caratteristiche. Ribadisce che circa 4500 utenze (sulle 8mila che Cassano conta) pagheranno di meno rispetto alla vecchia Tarsu.<\/p>\n<p style=\"text-align: justify;\">Per l\u2019ex sindaco Di Medio, le pi\u00f9 penalizzate saranno le famiglie con 3-4 e pi\u00f9 componenti, ovvero la maggior parte delle famiglie cassanesi nonch\u00e9 quasi tutte le imprese e i negozi cassanesi che pagheranno di pi\u00f9.<\/p>\n<p style=\"text-align: justify;\">\u201cNon siamo favorevoli a questo provvedimento: si poteva fare qualcosa di pi\u00f9 per non caricare sui cittadini e sulle imprese questa tassa\u201d ha concluso la Di Medio.<\/p>\n<p style=\"text-align: justify;\">Per Paparella, invece, \u201cnon si poteva fare pi\u00f9 di cos\u00ec: non ci sono soluzioni diverse n\u00e9 migliori\u201d.<\/p>\n<p style=\"text-align: justify;\">L\u2019argomento passa a maggioranza con 12 voti. Contrari i 5 consiglieri di minoranza.<\/p>\n<p><strong>Ore 19.55<\/strong> &#8211;&nbsp;Nono punto all\u2019ordine del giorno:&nbsp;<i>Bilancio di Previsione Annuale 2014 \u2013 Bilancio Pluriennale e relazione previsionale e programmatica 2014-2016. Approvazione.<\/i><\/p>\n<p>Relaziona l&#8217;assessore al Bilancio Davide Pignatale.&nbsp;\u201cArriveremo nei prossimi anni ad una riduzione della tassazione ma occorre fare scelte non facili\u201d ha detto l\u2019assessore Pignatale che ha definito le casse comunali \u201cin equilibrio precario\u201d, gravato da contenziosi e spese per rimborsi derivanti dalle amministrazioni precedenti.<\/p>\n<p>Ha poi ripercorso quanto gi\u00e0 spiegato nel corso dell\u2019incontro in piazza Moro, lo scorso 24 settembre (<a href=\"politica\/24843-bilancio-2014-la-presentazione-ai-cittadini.html\" target=\"_blank\" rel=\"noopener\">leggi l\u2019articolo<\/a>).<\/p>\n<p>Il consigliere Paparella presenta un emendamento tecnico sul Bilancio Pluriennale &nbsp;(2015 e 2016) che taglia la spesa corrente per circa 120mila euro (su rette per i ricoveri di anziani e minori; randagismo; trasporto disabili nei confronti della Asl, assistenza ai poveri e alle famiglie indigenti).<\/p>\n<p>Questo perch\u00e8 nella redazione del Bilancio non erano state contemplate alcune voci di spesa e le relative somme, a causa di un errore contabile, rilevato dal Revisore dei Conti.<\/p>\n<p>Interviene Zullo: &#8220;vi siete messi una casacca con questo emendamento che va a tagliare parte della spesa sociale, ma contraddite tutto quello che avete detto fin&#8217;ora qui e sulle piazze. &nbsp;Perch\u00e8 invece non ridurre la spesa per gli organi istituzionali?&#8221;. A tal proposito il consigliere di Forza Italia ha spiegato di aver presentato un emendamento poi ritirato, anche perch\u00e8 non ha ricevuto il placet sul piano tecnico da parte degli uffici.<\/p>\n<p>Zullo ha poi insistito sul fatto che &#8220;questo paese si ritrova da una parte con una tassazione elevata e dall&#8217;altra il taglio alla spesa sociale per tante persone: sindaco, questo da lei non me lo sarei aspettato&#8230;.valutate bene quel che fate&#8230;non date questa impronta negativa che contraddice la vostra politica&#8221;.<\/p>\n<p>Interviene la Di Medio che chiede come mai \u00e8 stata rivista da parte dell&#8217;amministrazione la convenzione con l&#8217;Anpa (che gestir\u00e0 il canile municipale) che porta &nbsp;da 1,75 euro a 2,10 euro al giorno per cane. Ci\u00f2 significa 13mila euro in pi\u00f9 all&#8217;anno. &#8220;Ma perch\u00e8 questa azione? perch\u00e8 questo aumento? dove andranno a finire questi soldi?&#8221;. La Di Medio spiega che quel prezzo era prevista da un gara d&#8217;appalto che l&#8217;Anpa ha vinto tempo fa.<\/p>\n<p>Per la Marazia l&#8217;Anpa non ce la faceva a sostenere i costi alle tariffe previste dalla vecchia amministrazione, ecco perch\u00e8 sono stati rivisti.<\/p>\n<p>&#8220;E&#8217; gravissimo questo atto&#8221; hanno detto all&#8217;unisono Zullo e la Di Medio, invitando il Presidente del Consiglio a inviare a organi superiori di controllo questi atti. &#8220;Se la ditta, l&#8217;associazione non ce la fa a stare in quei costi, rinunci all&#8217;appalto e si faccia un&#8217;altra gara ma non pu\u00f2 il Comune andare incontro alle richieste dell&#8217;Anpa o di chiunque altro ente appaltatore&#8230;.&#8221;.<\/p>\n<p>Pignatale spiega, a proposito dell&#8217;emendamento tecnico, che trattasi di mero errore materiale dovuto al software ma &#8220;parliamo di Bilancio Pluriennale su cui si porr\u00e0 rimedio gi\u00e0 nei prossimi mesi&#8221;.<\/p>\n<p>&nbsp;<\/p>\n<p>Del Re.<\/p>\n<p>Canile: stranamente la causa arriva al nostro insediamento e voi parlate di lotta al randagismo su cui non \u00e8 stato fatto nulla; demagogia su spesa sociale: si sta parlando delle prossime annualit\u00e0 non di quest\u2019anno; \u00e8 di natura tecnica l\u2019emendamento. Noi abbiamo appostato pi\u00f9 risorse, ad esempio sugli asili nido o sui servizi di prevenzione o sull\u2019attenzione al verde e alla manutenzione dei parchi.<\/p>\n<p>Se qui si viene per fare campagna elettorale\u2026.questo \u00e8 un luogo sacro\u2026&#8221;.<\/p>\n<p>Sull\u2019emendamento presentato da Paparella si registra il voto favorevole della maggioranza ed il voto contrario della minoranza.<\/p>\n<p>Si torna a parlare di Bilancio e Zullo interviene affermando che \u201cvi trovate di fronte ad un bilancio che non vi permette di fare fronte a tutto quello che avete detto in campagna elettorale\u2026.parlate di crisi, di patto di stabilit\u00e0 che soffoca tutto, di taglio dei trasferimenti, di gestione precedente del bilancio\u2026<\/p>\n<p>Ma queste cose c\u2019erano anche prima\u2026il patto di stabilit\u00e0 \u00e8 in vigore dal 2004; i tagli c\u2019erano anche prima, da anni; la precedente amministrazione ha operato solo per quattro mesi ed a maggio solo per la ordinaria amministrazione\u2026.<\/p>\n<p>Ci chiede di non offendere la professionalit\u00e0 dei nostri tecnici e poi parla di bilancio con equilibro precario? Ma allora, Pignatale, chi offende chi?<\/p>\n<p>Io leggo quello che scrive il Revisore: \u201crendiconto 2013: sono stati salvaguardati gli equilibri di bilancio, rispettato il patto di stabilit\u00e0, rispettato l\u2019obiettivo del contenimento della spesa del personale, risultato un avanzo di oltre 800mila euro di cui 203mila senza vincoli\u2026., la situazione di cassa presentava un saldo di 2.240.000 euro\u2026.e l\u2019ente nel corso del 2013 non aveva fatto ricorso all\u2019anticipazione\u2026per quanto riguarda i vincoli, erano per legge quelle somme oltre che per gli Swap\u2026.oltre a 167mila euro da sfruttare come investimenti\u2026.\u201d<\/p>\n<p>Tutto questo \u00e8 un patrimonio del Comune, si fa torto alla verit\u00e0 se si disegna una amministrazione precedente incapace e incompetente\u2026.non disperdete nella demagogia tutto ci\u00f2\u2026.<\/p>\n<p>Il Bilancio 2014 si innesta in un Bilancio sano, solo in piccola parte attribuibile alla precedente amministrazione e tuttavia intriso di tasse e tagli, per quel che riguarda il Pluriennale, alla spesa sociale.<\/p>\n<p><span id=\"_mce_caret\" data-mce-bogus=\"true\"><strong>Ore 21.16 &#8211;&nbsp;<\/strong><\/span>Replica l\u2019assessore Pignatale.<\/p>\n<p>\u201cCi sono spese su cui non possiamo intervenire\u2026203mila euro all\u2019anno per la pulizia degli immobili; contratti di assicurazione di oltre 100mila euro; 9.900 euro di noleggio e spese telefoniche; 25mila euro di vigilanza\u2026per vigilare sui vigili che vigilano\u2026.chi li ha fatti quei contratti e quelle spese? Non sono state fatte da voi?<\/p>\n<p>Si era diffusa questa convinzione che il bilancio di Cassano aveva un avanzo di amministrazione di 800mila euro\u2026.ma avete messo da parte somme per le spese, come previste da legge.<\/p>\n<p>Noi abbiamo affrontato la scelta di pagare i legali, in cinque anni non avete pagato mai gli avvocati; abbiamo fatto la scelta di pagare le ditte che aveva contenziosi col Comune, cose che voi non avete fatto\u2026.<\/p>\n<p>Siamo protagonisti di scelte difficili: non avete mai subito un taglio di 800 mila euro ovvero il 50% delle risorse che lo Stato trasferiva al Comune&#8221;.&nbsp;<\/p>\n<p>Il sindaco contesta fortemente le affermazioni della minoranza \u201ce rigetto l\u2019idea che state diffondendo per cui stiamo tagliando la spesa sociale. Non \u00e8 vero anzi la spesa l\u2019abbiamo aumentata\u2026.&nbsp;Piuttosto la razionalizzeremo: ad esempio, mantenere in istituto un bambino&nbsp; \u00e8 costoso, noi vedremo come poter inserirli, ad esempio, in una famiglia\u2026.<\/p>\n<p>Canile: noi il 30 giugno dovevamo inaugurare e consegnare il canile che invece non era completo n\u00e9 utilizzabile e corriamo il rischio di dover restituire i soldi alla Regione. Ecco perch\u00e9 abbiamo rivisto la Convenzione con l\u2019Anpa. Questi sono i fatti, le cose reali che dobbiamo affrontare ogni giorno.<\/p>\n<p>Per quel che riguarda il personale, nessuno sar\u00e0 licenziato n\u00e9 mandato via&#8221; ha concluso il sindaco.<\/p>\n<p>&nbsp;<\/p>\n<p>Da Zullo e Del Re arrivano inviti distensivi a collaborare, minoranza e maggioranza.<\/p>\n<p>Di Medio.<\/p>\n<p style=\"text-align: justify;\">\u201cE solo questa amministrazione ha trovato difficolt\u00e0 e problemi? Noi abbiamo trovato 1 milioni di euro di spese legali\u2026.transazioni mai onorate\u2026.120mila euro di oneri di urbanizzazione mai restituiti, da dieci anni; espropri che non venivano pagati da 15 anni prima\u2026.non \u00e8 vero &nbsp;che non \u00e8 stata affrontato il problema delle spese legali: solo l\u2019anno scorso abbiamo pagato 251mila euro.<\/p>\n<p style=\"text-align: justify;\">Telefoni? Non immaginate cosa si pagava prima, con bollette enormi.<\/p>\n<p style=\"text-align: justify;\">Vigilanza? Eliminatela, togliete la vigilanza notturna e lasciate il paese in balia dei ladri. Cassano di notte sarebbe terra di nessuno\u2026.<\/p>\n<p style=\"text-align: justify;\">Se poi trovate il modo di pagare di meno, ben venga, ad esempio per le pulizie\u2026.licenziate, tagliate gli stipendi\u2026.<\/p>\n<p style=\"text-align: justify;\">Randagismo?&nbsp; Fino a tre anni fa la lotta era inesistente.<\/p>\n<p style=\"text-align: justify;\">Abbiamo cercato di fare del nostro meglio e credo che tutta la Giunta abbia operato al meglio delle possibilit\u00e0 se poi voi saprete e vorrete fare di meglio, ben venga ma non potete dire che non \u00e8 stato fatto nulla e quel poco \u00e8 stato fatto male.<\/p>\n<p style=\"text-align: justify;\">In sede di dichiarazione di voto, la capogruppo di minoranza Di Medio ha annunciato il voto contrario di \u201cPer crederci ancora\u201d che aumenta le tasse, non \u00e8 chiaro su alcune voci di spesa e non taglia i costi della politica.<\/p>\n<p style=\"text-align: justify;\">Paparella annuncia il voto favorevole per il Bilancio, con la Tasi ai livelli pi\u00f9 bassi fra i comuni della provincia, con l\u2019attenzione a reperire finanziamenti e costruire progettazioni. Per quel che riguarda i costi della politica, Paparella fa presente che questa Giunta costa di meno che quella degli anni scorsi.<\/p>\n<p style=\"text-align: justify;\">Il punto passa con il voto favorevole della maggioranza e quello contrario dell\u2019opposizione.<\/p>\n<p style=\"text-align: justify;\">Il Consiglio si chiude alle ore 21.54.<\/p>\n<p>&nbsp;<\/p>\n<p>&nbsp;<\/p>\n<p>&nbsp;<\/p>\n","protected":false},"excerpt":{"rendered":"","protected":false},"author":1,"featured_media":4776,"comment_status":"open","ping_status":"closed","sticky":false,"template":"","format":"standard","meta":{"colormag_page_container_layout":"default_layout","colormag_page_sidebar_layout":"default_layout","footnotes":""},"categories":[4],"tags":[],"class_list":["post-9747","post","type-post","status-publish","format-standard","has-post-thumbnail","hentry","category-politica"],"yoast_head":"<!-- This site is optimized with the Yoast SEO plugin v27.5 - https:\/\/yoast.com\/product\/yoast-seo-wordpress\/ -->\n<title>Il Consiglio Comunale su CassanoWeb minuto per minuto - Archivio CassanoWeb<\/title>\n<meta name=\"robots\" content=\"index, follow, max-snippet:-1, max-image-preview:large, max-video-preview:-1\" \/>\n<link rel=\"canonical\" href=\"https:\/\/archiviocassano.lavocedelpaese.info\/index.php\/2014\/09\/29\/consiglio-comunale-convocato-lunedi-29-settembre-su-bilancio-tari-e-opere-pubbliche\/\" \/>\n<meta property=\"og:locale\" content=\"it_IT\" \/>\n<meta property=\"og:type\" content=\"article\" \/>\n<meta property=\"og:title\" content=\"Il Consiglio Comunale su CassanoWeb minuto per minuto - Archivio CassanoWeb\" \/>\n<meta property=\"og:url\" content=\"https:\/\/archiviocassano.lavocedelpaese.info\/index.php\/2014\/09\/29\/consiglio-comunale-convocato-lunedi-29-settembre-su-bilancio-tari-e-opere-pubbliche\/\" \/>\n<meta property=\"og:site_name\" content=\"Archivio CassanoWeb\" \/>\n<meta property=\"article:publisher\" content=\"https:\/\/www.facebook.com\/redazione.cassanoweb\" \/>\n<meta property=\"article:published_time\" content=\"2014-09-29T17:31:05+00:00\" \/>\n<meta property=\"og:image\" content=\"https:\/\/archiviocassano.lavocedelpaese.info\/wp-content\/uploads\/2011\/11\/sala_consiliare.jpg\" \/>\n\t<meta property=\"og:image:width\" content=\"640\" \/>\n\t<meta property=\"og:image:height\" content=\"300\" \/>\n\t<meta property=\"og:image:type\" content=\"image\/jpeg\" \/>\n<meta name=\"author\" content=\"admin\" \/>\n<meta name=\"twitter:card\" content=\"summary_large_image\" \/>\n<meta name=\"twitter:label1\" content=\"Scritto da\" \/>\n\t<meta name=\"twitter:data1\" content=\"admin\" \/>\n\t<meta name=\"twitter:label2\" content=\"Tempo di lettura stimato\" \/>\n\t<meta name=\"twitter:data2\" content=\"21 minuti\" \/>\n<script type=\"application\/ld+json\" class=\"yoast-schema-graph\">{\"@context\":\"https:\\\/\\\/schema.org\",\"@graph\":[{\"@type\":\"Article\",\"@id\":\"https:\\\/\\\/archiviocassano.lavocedelpaese.info\\\/index.php\\\/2014\\\/09\\\/29\\\/consiglio-comunale-convocato-lunedi-29-settembre-su-bilancio-tari-e-opere-pubbliche\\\/#article\",\"isPartOf\":{\"@id\":\"https:\\\/\\\/archiviocassano.lavocedelpaese.info\\\/index.php\\\/2014\\\/09\\\/29\\\/consiglio-comunale-convocato-lunedi-29-settembre-su-bilancio-tari-e-opere-pubbliche\\\/\"},\"author\":{\"name\":\"admin\",\"@id\":\"https:\\\/\\\/archiviocassano.lavocedelpaese.info\\\/#\\\/schema\\\/person\\\/df195bc79a9b4c35127cf005f92e041b\"},\"headline\":\"Il Consiglio Comunale su CassanoWeb minuto per minuto\",\"datePublished\":\"2014-09-29T17:31:05+00:00\",\"mainEntityOfPage\":{\"@id\":\"https:\\\/\\\/archiviocassano.lavocedelpaese.info\\\/index.php\\\/2014\\\/09\\\/29\\\/consiglio-comunale-convocato-lunedi-29-settembre-su-bilancio-tari-e-opere-pubbliche\\\/\"},\"wordCount\":4334,\"commentCount\":0,\"publisher\":{\"@id\":\"https:\\\/\\\/archiviocassano.lavocedelpaese.info\\\/#organization\"},\"image\":{\"@id\":\"https:\\\/\\\/archiviocassano.lavocedelpaese.info\\\/index.php\\\/2014\\\/09\\\/29\\\/consiglio-comunale-convocato-lunedi-29-settembre-su-bilancio-tari-e-opere-pubbliche\\\/#primaryimage\"},\"thumbnailUrl\":\"https:\\\/\\\/archiviocassano.lavocedelpaese.info\\\/wp-content\\\/uploads\\\/2011\\\/11\\\/sala_consiliare.jpg\",\"articleSection\":[\"Politica\"],\"inLanguage\":\"it-IT\",\"potentialAction\":[{\"@type\":\"CommentAction\",\"name\":\"Comment\",\"target\":[\"https:\\\/\\\/archiviocassano.lavocedelpaese.info\\\/index.php\\\/2014\\\/09\\\/29\\\/consiglio-comunale-convocato-lunedi-29-settembre-su-bilancio-tari-e-opere-pubbliche\\\/#respond\"]}]},{\"@type\":\"WebPage\",\"@id\":\"https:\\\/\\\/archiviocassano.lavocedelpaese.info\\\/index.php\\\/2014\\\/09\\\/29\\\/consiglio-comunale-convocato-lunedi-29-settembre-su-bilancio-tari-e-opere-pubbliche\\\/\",\"url\":\"https:\\\/\\\/archiviocassano.lavocedelpaese.info\\\/index.php\\\/2014\\\/09\\\/29\\\/consiglio-comunale-convocato-lunedi-29-settembre-su-bilancio-tari-e-opere-pubbliche\\\/\",\"name\":\"Il Consiglio Comunale su CassanoWeb minuto per minuto - Archivio CassanoWeb\",\"isPartOf\":{\"@id\":\"https:\\\/\\\/archiviocassano.lavocedelpaese.info\\\/#website\"},\"primaryImageOfPage\":{\"@id\":\"https:\\\/\\\/archiviocassano.lavocedelpaese.info\\\/index.php\\\/2014\\\/09\\\/29\\\/consiglio-comunale-convocato-lunedi-29-settembre-su-bilancio-tari-e-opere-pubbliche\\\/#primaryimage\"},\"image\":{\"@id\":\"https:\\\/\\\/archiviocassano.lavocedelpaese.info\\\/index.php\\\/2014\\\/09\\\/29\\\/consiglio-comunale-convocato-lunedi-29-settembre-su-bilancio-tari-e-opere-pubbliche\\\/#primaryimage\"},\"thumbnailUrl\":\"https:\\\/\\\/archiviocassano.lavocedelpaese.info\\\/wp-content\\\/uploads\\\/2011\\\/11\\\/sala_consiliare.jpg\",\"datePublished\":\"2014-09-29T17:31:05+00:00\",\"breadcrumb\":{\"@id\":\"https:\\\/\\\/archiviocassano.lavocedelpaese.info\\\/index.php\\\/2014\\\/09\\\/29\\\/consiglio-comunale-convocato-lunedi-29-settembre-su-bilancio-tari-e-opere-pubbliche\\\/#breadcrumb\"},\"inLanguage\":\"it-IT\",\"potentialAction\":[{\"@type\":\"ReadAction\",\"target\":[\"https:\\\/\\\/archiviocassano.lavocedelpaese.info\\\/index.php\\\/2014\\\/09\\\/29\\\/consiglio-comunale-convocato-lunedi-29-settembre-su-bilancio-tari-e-opere-pubbliche\\\/\"]}]},{\"@type\":\"ImageObject\",\"inLanguage\":\"it-IT\",\"@id\":\"https:\\\/\\\/archiviocassano.lavocedelpaese.info\\\/index.php\\\/2014\\\/09\\\/29\\\/consiglio-comunale-convocato-lunedi-29-settembre-su-bilancio-tari-e-opere-pubbliche\\\/#primaryimage\",\"url\":\"https:\\\/\\\/archiviocassano.lavocedelpaese.info\\\/wp-content\\\/uploads\\\/2011\\\/11\\\/sala_consiliare.jpg\",\"contentUrl\":\"https:\\\/\\\/archiviocassano.lavocedelpaese.info\\\/wp-content\\\/uploads\\\/2011\\\/11\\\/sala_consiliare.jpg\",\"width\":640,\"height\":300,\"caption\":\"sala consiliare\"},{\"@type\":\"BreadcrumbList\",\"@id\":\"https:\\\/\\\/archiviocassano.lavocedelpaese.info\\\/index.php\\\/2014\\\/09\\\/29\\\/consiglio-comunale-convocato-lunedi-29-settembre-su-bilancio-tari-e-opere-pubbliche\\\/#breadcrumb\",\"itemListElement\":[{\"@type\":\"ListItem\",\"position\":1,\"name\":\"Home\",\"item\":\"https:\\\/\\\/archiviocassano.lavocedelpaese.info\\\/\"},{\"@type\":\"ListItem\",\"position\":2,\"name\":\"Il Consiglio Comunale su CassanoWeb minuto per minuto\"}]},{\"@type\":\"WebSite\",\"@id\":\"https:\\\/\\\/archiviocassano.lavocedelpaese.info\\\/#website\",\"url\":\"https:\\\/\\\/archiviocassano.lavocedelpaese.info\\\/\",\"name\":\"Archivio CassanoWeb\",\"description\":\"La Voce del Paese - un network di idee\",\"publisher\":{\"@id\":\"https:\\\/\\\/archiviocassano.lavocedelpaese.info\\\/#organization\"},\"potentialAction\":[{\"@type\":\"SearchAction\",\"target\":{\"@type\":\"EntryPoint\",\"urlTemplate\":\"https:\\\/\\\/archiviocassano.lavocedelpaese.info\\\/?s={search_term_string}\"},\"query-input\":{\"@type\":\"PropertyValueSpecification\",\"valueRequired\":true,\"valueName\":\"search_term_string\"}}],\"inLanguage\":\"it-IT\"},{\"@type\":\"Organization\",\"@id\":\"https:\\\/\\\/archiviocassano.lavocedelpaese.info\\\/#organization\",\"name\":\"Archivio CassanoWeb\",\"url\":\"https:\\\/\\\/archiviocassano.lavocedelpaese.info\\\/\",\"logo\":{\"@type\":\"ImageObject\",\"inLanguage\":\"it-IT\",\"@id\":\"https:\\\/\\\/archiviocassano.lavocedelpaese.info\\\/#\\\/schema\\\/logo\\\/image\\\/\",\"url\":\"https:\\\/\\\/archiviocassano.lavocedelpaese.info\\\/wp-content\\\/uploads\\\/2024\\\/08\\\/logo-rosso-2.png\",\"contentUrl\":\"https:\\\/\\\/archiviocassano.lavocedelpaese.info\\\/wp-content\\\/uploads\\\/2024\\\/08\\\/logo-rosso-2.png\",\"width\":491,\"height\":432,\"caption\":\"Archivio CassanoWeb\"},\"image\":{\"@id\":\"https:\\\/\\\/archiviocassano.lavocedelpaese.info\\\/#\\\/schema\\\/logo\\\/image\\\/\"},\"sameAs\":[\"https:\\\/\\\/www.facebook.com\\\/redazione.cassanoweb\"]},{\"@type\":\"Person\",\"@id\":\"https:\\\/\\\/archiviocassano.lavocedelpaese.info\\\/#\\\/schema\\\/person\\\/df195bc79a9b4c35127cf005f92e041b\",\"name\":\"admin\",\"image\":{\"@type\":\"ImageObject\",\"inLanguage\":\"it-IT\",\"@id\":\"https:\\\/\\\/secure.gravatar.com\\\/avatar\\\/eabba89a432e8eaa1b0207cc55f7e5340b22712b1ed80677efcf63e02ff5b235?s=96&d=mm&r=g\",\"url\":\"https:\\\/\\\/secure.gravatar.com\\\/avatar\\\/eabba89a432e8eaa1b0207cc55f7e5340b22712b1ed80677efcf63e02ff5b235?s=96&d=mm&r=g\",\"contentUrl\":\"https:\\\/\\\/secure.gravatar.com\\\/avatar\\\/eabba89a432e8eaa1b0207cc55f7e5340b22712b1ed80677efcf63e02ff5b235?s=96&d=mm&r=g\",\"caption\":\"admin\"},\"sameAs\":[\"https:\\\/\\\/archiviocassano.lavocedelpaese.info\"],\"url\":\"https:\\\/\\\/archiviocassano.lavocedelpaese.info\\\/index.php\\\/author\\\/admin_0qgz1xdp\\\/\"}]}<\/script>\n<!-- \/ Yoast SEO plugin. -->","yoast_head_json":{"title":"Il Consiglio Comunale su CassanoWeb minuto per minuto - Archivio CassanoWeb","robots":{"index":"index","follow":"follow","max-snippet":"max-snippet:-1","max-image-preview":"max-image-preview:large","max-video-preview":"max-video-preview:-1"},"canonical":"https:\/\/archiviocassano.lavocedelpaese.info\/index.php\/2014\/09\/29\/consiglio-comunale-convocato-lunedi-29-settembre-su-bilancio-tari-e-opere-pubbliche\/","og_locale":"it_IT","og_type":"article","og_title":"Il Consiglio Comunale su CassanoWeb minuto per minuto - Archivio CassanoWeb","og_url":"https:\/\/archiviocassano.lavocedelpaese.info\/index.php\/2014\/09\/29\/consiglio-comunale-convocato-lunedi-29-settembre-su-bilancio-tari-e-opere-pubbliche\/","og_site_name":"Archivio CassanoWeb","article_publisher":"https:\/\/www.facebook.com\/redazione.cassanoweb","article_published_time":"2014-09-29T17:31:05+00:00","og_image":[{"width":640,"height":300,"url":"https:\/\/archiviocassano.lavocedelpaese.info\/wp-content\/uploads\/2011\/11\/sala_consiliare.jpg","type":"image\/jpeg"}],"author":"admin","twitter_card":"summary_large_image","twitter_misc":{"Scritto da":"admin","Tempo di lettura stimato":"21 minuti"},"schema":{"@context":"https:\/\/schema.org","@graph":[{"@type":"Article","@id":"https:\/\/archiviocassano.lavocedelpaese.info\/index.php\/2014\/09\/29\/consiglio-comunale-convocato-lunedi-29-settembre-su-bilancio-tari-e-opere-pubbliche\/#article","isPartOf":{"@id":"https:\/\/archiviocassano.lavocedelpaese.info\/index.php\/2014\/09\/29\/consiglio-comunale-convocato-lunedi-29-settembre-su-bilancio-tari-e-opere-pubbliche\/"},"author":{"name":"admin","@id":"https:\/\/archiviocassano.lavocedelpaese.info\/#\/schema\/person\/df195bc79a9b4c35127cf005f92e041b"},"headline":"Il Consiglio Comunale su CassanoWeb minuto per minuto","datePublished":"2014-09-29T17:31:05+00:00","mainEntityOfPage":{"@id":"https:\/\/archiviocassano.lavocedelpaese.info\/index.php\/2014\/09\/29\/consiglio-comunale-convocato-lunedi-29-settembre-su-bilancio-tari-e-opere-pubbliche\/"},"wordCount":4334,"commentCount":0,"publisher":{"@id":"https:\/\/archiviocassano.lavocedelpaese.info\/#organization"},"image":{"@id":"https:\/\/archiviocassano.lavocedelpaese.info\/index.php\/2014\/09\/29\/consiglio-comunale-convocato-lunedi-29-settembre-su-bilancio-tari-e-opere-pubbliche\/#primaryimage"},"thumbnailUrl":"https:\/\/archiviocassano.lavocedelpaese.info\/wp-content\/uploads\/2011\/11\/sala_consiliare.jpg","articleSection":["Politica"],"inLanguage":"it-IT","potentialAction":[{"@type":"CommentAction","name":"Comment","target":["https:\/\/archiviocassano.lavocedelpaese.info\/index.php\/2014\/09\/29\/consiglio-comunale-convocato-lunedi-29-settembre-su-bilancio-tari-e-opere-pubbliche\/#respond"]}]},{"@type":"WebPage","@id":"https:\/\/archiviocassano.lavocedelpaese.info\/index.php\/2014\/09\/29\/consiglio-comunale-convocato-lunedi-29-settembre-su-bilancio-tari-e-opere-pubbliche\/","url":"https:\/\/archiviocassano.lavocedelpaese.info\/index.php\/2014\/09\/29\/consiglio-comunale-convocato-lunedi-29-settembre-su-bilancio-tari-e-opere-pubbliche\/","name":"Il Consiglio Comunale su CassanoWeb minuto per minuto - Archivio CassanoWeb","isPartOf":{"@id":"https:\/\/archiviocassano.lavocedelpaese.info\/#website"},"primaryImageOfPage":{"@id":"https:\/\/archiviocassano.lavocedelpaese.info\/index.php\/2014\/09\/29\/consiglio-comunale-convocato-lunedi-29-settembre-su-bilancio-tari-e-opere-pubbliche\/#primaryimage"},"image":{"@id":"https:\/\/archiviocassano.lavocedelpaese.info\/index.php\/2014\/09\/29\/consiglio-comunale-convocato-lunedi-29-settembre-su-bilancio-tari-e-opere-pubbliche\/#primaryimage"},"thumbnailUrl":"https:\/\/archiviocassano.lavocedelpaese.info\/wp-content\/uploads\/2011\/11\/sala_consiliare.jpg","datePublished":"2014-09-29T17:31:05+00:00","breadcrumb":{"@id":"https:\/\/archiviocassano.lavocedelpaese.info\/index.php\/2014\/09\/29\/consiglio-comunale-convocato-lunedi-29-settembre-su-bilancio-tari-e-opere-pubbliche\/#breadcrumb"},"inLanguage":"it-IT","potentialAction":[{"@type":"ReadAction","target":["https:\/\/archiviocassano.lavocedelpaese.info\/index.php\/2014\/09\/29\/consiglio-comunale-convocato-lunedi-29-settembre-su-bilancio-tari-e-opere-pubbliche\/"]}]},{"@type":"ImageObject","inLanguage":"it-IT","@id":"https:\/\/archiviocassano.lavocedelpaese.info\/index.php\/2014\/09\/29\/consiglio-comunale-convocato-lunedi-29-settembre-su-bilancio-tari-e-opere-pubbliche\/#primaryimage","url":"https:\/\/archiviocassano.lavocedelpaese.info\/wp-content\/uploads\/2011\/11\/sala_consiliare.jpg","contentUrl":"https:\/\/archiviocassano.lavocedelpaese.info\/wp-content\/uploads\/2011\/11\/sala_consiliare.jpg","width":640,"height":300,"caption":"sala consiliare"},{"@type":"BreadcrumbList","@id":"https:\/\/archiviocassano.lavocedelpaese.info\/index.php\/2014\/09\/29\/consiglio-comunale-convocato-lunedi-29-settembre-su-bilancio-tari-e-opere-pubbliche\/#breadcrumb","itemListElement":[{"@type":"ListItem","position":1,"name":"Home","item":"https:\/\/archiviocassano.lavocedelpaese.info\/"},{"@type":"ListItem","position":2,"name":"Il Consiglio Comunale su CassanoWeb minuto per minuto"}]},{"@type":"WebSite","@id":"https:\/\/archiviocassano.lavocedelpaese.info\/#website","url":"https:\/\/archiviocassano.lavocedelpaese.info\/","name":"Archivio CassanoWeb","description":"La Voce del Paese - un network di idee","publisher":{"@id":"https:\/\/archiviocassano.lavocedelpaese.info\/#organization"},"potentialAction":[{"@type":"SearchAction","target":{"@type":"EntryPoint","urlTemplate":"https:\/\/archiviocassano.lavocedelpaese.info\/?s={search_term_string}"},"query-input":{"@type":"PropertyValueSpecification","valueRequired":true,"valueName":"search_term_string"}}],"inLanguage":"it-IT"},{"@type":"Organization","@id":"https:\/\/archiviocassano.lavocedelpaese.info\/#organization","name":"Archivio CassanoWeb","url":"https:\/\/archiviocassano.lavocedelpaese.info\/","logo":{"@type":"ImageObject","inLanguage":"it-IT","@id":"https:\/\/archiviocassano.lavocedelpaese.info\/#\/schema\/logo\/image\/","url":"https:\/\/archiviocassano.lavocedelpaese.info\/wp-content\/uploads\/2024\/08\/logo-rosso-2.png","contentUrl":"https:\/\/archiviocassano.lavocedelpaese.info\/wp-content\/uploads\/2024\/08\/logo-rosso-2.png","width":491,"height":432,"caption":"Archivio CassanoWeb"},"image":{"@id":"https:\/\/archiviocassano.lavocedelpaese.info\/#\/schema\/logo\/image\/"},"sameAs":["https:\/\/www.facebook.com\/redazione.cassanoweb"]},{"@type":"Person","@id":"https:\/\/archiviocassano.lavocedelpaese.info\/#\/schema\/person\/df195bc79a9b4c35127cf005f92e041b","name":"admin","image":{"@type":"ImageObject","inLanguage":"it-IT","@id":"https:\/\/secure.gravatar.com\/avatar\/eabba89a432e8eaa1b0207cc55f7e5340b22712b1ed80677efcf63e02ff5b235?s=96&d=mm&r=g","url":"https:\/\/secure.gravatar.com\/avatar\/eabba89a432e8eaa1b0207cc55f7e5340b22712b1ed80677efcf63e02ff5b235?s=96&d=mm&r=g","contentUrl":"https:\/\/secure.gravatar.com\/avatar\/eabba89a432e8eaa1b0207cc55f7e5340b22712b1ed80677efcf63e02ff5b235?s=96&d=mm&r=g","caption":"admin"},"sameAs":["https:\/\/archiviocassano.lavocedelpaese.info"],"url":"https:\/\/archiviocassano.lavocedelpaese.info\/index.php\/author\/admin_0qgz1xdp\/"}]}},"_links":{"self":[{"href":"https:\/\/archiviocassano.lavocedelpaese.info\/index.php\/wp-json\/wp\/v2\/posts\/9747","targetHints":{"allow":["GET"]}}],"collection":[{"href":"https:\/\/archiviocassano.lavocedelpaese.info\/index.php\/wp-json\/wp\/v2\/posts"}],"about":[{"href":"https:\/\/archiviocassano.lavocedelpaese.info\/index.php\/wp-json\/wp\/v2\/types\/post"}],"author":[{"embeddable":true,"href":"https:\/\/archiviocassano.lavocedelpaese.info\/index.php\/wp-json\/wp\/v2\/users\/1"}],"replies":[{"embeddable":true,"href":"https:\/\/archiviocassano.lavocedelpaese.info\/index.php\/wp-json\/wp\/v2\/comments?post=9747"}],"version-history":[{"count":0,"href":"https:\/\/archiviocassano.lavocedelpaese.info\/index.php\/wp-json\/wp\/v2\/posts\/9747\/revisions"}],"wp:featuredmedia":[{"embeddable":true,"href":"https:\/\/archiviocassano.lavocedelpaese.info\/index.php\/wp-json\/wp\/v2\/media\/4776"}],"wp:attachment":[{"href":"https:\/\/archiviocassano.lavocedelpaese.info\/index.php\/wp-json\/wp\/v2\/media?parent=9747"}],"wp:term":[{"taxonomy":"category","embeddable":true,"href":"https:\/\/archiviocassano.lavocedelpaese.info\/index.php\/wp-json\/wp\/v2\/categories?post=9747"},{"taxonomy":"post_tag","embeddable":true,"href":"https:\/\/archiviocassano.lavocedelpaese.info\/index.php\/wp-json\/wp\/v2\/tags?post=9747"}],"curies":[{"name":"wp","href":"https:\/\/api.w.org\/{rel}","templated":true}]}}