{"id":9774,"date":"2014-09-29T06:10:54","date_gmt":"2014-09-29T06:10:54","guid":{"rendered":"https:\/\/archiviocassano.lavocedelpaese.info\/index.php\/2014\/09\/29\/qfiliera-cortaq-il-1d-ottobre-incontro-del-gal-in-biblioteca\/"},"modified":"2014-09-29T06:10:54","modified_gmt":"2014-09-29T06:10:54","slug":"qfiliera-cortaq-il-1d-ottobre-incontro-del-gal-in-biblioteca","status":"publish","type":"post","link":"https:\/\/archiviocassano.lavocedelpaese.info\/index.php\/2014\/09\/29\/qfiliera-cortaq-il-1d-ottobre-incontro-del-gal-in-biblioteca\/","title":{"rendered":"&#8220;Filiera corta&#8221;: il 1\u00b0 ottobre incontro del Gal in Biblioteca"},"content":{"rendered":"<p><img loading=\"lazy\" decoding=\"async\" class=\" size-full wp-image-9773\" src=\"https:\/\/archiviocassano.lavocedelpaese.info\/wp-content\/uploads\/2014\/09\/paniere_conca_barese.jpg\" alt=\"paniere conca barese\" style=\"margin-right: 2px; margin-left: 2px;\" width=\"320\" height=\"150\" srcset=\"https:\/\/archiviocassano.lavocedelpaese.info\/wp-content\/uploads\/2014\/09\/paniere_conca_barese.jpg 320w, https:\/\/archiviocassano.lavocedelpaese.info\/wp-content\/uploads\/2014\/09\/paniere_conca_barese-300x141.jpg 300w\" sizes=\"auto, (max-width: 320px) 100vw, 320px\" \/><\/p>\n<p><!--more--><\/p>\n<p style=\"text-align: justify;\">Il Gal &#8220;Conca Barese&#8221;, che opera nei comuni di Adelfia, Binetto, Bitetto, Bitritto, <strong>Cassano delle&nbsp;Murge<\/strong>, Grumo Appula, Palo del colle, Sannicandro di Bari e Toritto, nell\u2019ambito dei progetti &nbsp;di cooperazione interterritoriale \u201cPromuovere il sistema turistico locale sostenibile pugliese\u201d &nbsp;e \u201c Corto Circuito dei Contadini\u201d sta avviando una serie di azioni e &nbsp;iniziative volte all&#8217;acquisizione di dati e informazioni al fine di elaborare una banca dati &nbsp;relativa alle produzioni tipiche locali dell\u2019area \u201cConca Barese\u201d, utile nell&#8217;indirizzare le &nbsp;strategie e gli interventi sul territorio.&nbsp;<\/p>\n<p style=\"text-align: justify;\">L\u2019obiettivo generale dei progetti \u00e8 quello di sostenere il miglioramento della qualit\u00e0 e della quantit\u00e0 dei servizi turistici, in sinergia con le imprese del settore agricolo, commerciale, &nbsp;artigianale, Enti Pubblici, associazioni e altri soggetti, al fine di introdurre servizi al turismo rurale, promuovere sistemi di rete di supporto e accrescere l&#8217;attrattivit\u00e0 dei territori.<\/p>\n<p style=\"text-align: justify;\">I suddetti progetti si propongono altres\u00ec di valorizzare e promuovere i prodotti tipici locali anche attraverso la creazione e sviluppo di forme di filiera corta dei contadini.<\/p>\n<p style=\"text-align: justify;\">Infatti il progetto di filiera a km 0 \u201ccorto circuito\u201d intende promuovere e sostenere quell\u2019insieme di attivit\u00e0 che prevedono un rapporto pi\u00f9 diretto tra produttori agricoli e utilizzatori finali dei prodotti (commercianti, ristoratori, albergatori, consumatori) e far s\u00ec che il valore aggiunto creato sia equamente diviso fra tutti i soggetti interessati ed in particolare dia garanzia del giusto prezzo ai produttori. Attualmente sul nostro territorio ci sono diversi modelli ed esperienze di filiera corta, alcuni dei quali vede protagoniste le organizzazioni di categoria dei nostri territori.<\/p>\n<p style=\"text-align: justify;\">Di tutto questo si parler\u00e0 in un incontro organizzato dal Gal e dal Comune di Cassano che si terr\u00e0&nbsp;<strong>mercoled\u00ec 1\u00b0 ottobre alle ore 18.00 presso la Biblioteca Civica <\/strong>presso il Palazzo &#8220;Miani-Perotti&#8221; in via Miani, a cui sono invitati tutti i produttori locali interessati alla &#8220;filiera corta&#8221;.<\/p>\n<p>&nbsp;<\/p>\n","protected":false},"excerpt":{"rendered":"","protected":false},"author":1,"featured_media":9773,"comment_status":"open","ping_status":"closed","sticky":false,"template":"","format":"standard","meta":{"colormag_page_container_layout":"default_layout","colormag_page_sidebar_layout":"default_layout","footnotes":""},"categories":[11],"tags":[],"class_list":["post-9774","post","type-post","status-publish","format-standard","has-post-thumbnail","hentry","category-appuntamenti"],"yoast_head":"<!-- This site is optimized with the Yoast SEO plugin v27.5 - https:\/\/yoast.com\/product\/yoast-seo-wordpress\/ -->\n<title>&quot;Filiera corta&quot;: il 1\u00b0 ottobre incontro del Gal in Biblioteca - Archivio CassanoWeb<\/title>\n<meta name=\"robots\" content=\"index, follow, max-snippet:-1, max-image-preview:large, max-video-preview:-1\" \/>\n<link rel=\"canonical\" href=\"https:\/\/archiviocassano.lavocedelpaese.info\/index.php\/2014\/09\/29\/qfiliera-cortaq-il-1d-ottobre-incontro-del-gal-in-biblioteca\/\" \/>\n<meta property=\"og:locale\" content=\"it_IT\" \/>\n<meta property=\"og:type\" content=\"article\" \/>\n<meta property=\"og:title\" content=\"&quot;Filiera corta&quot;: il 1\u00b0 ottobre incontro del Gal in Biblioteca - Archivio CassanoWeb\" \/>\n<meta property=\"og:url\" content=\"https:\/\/archiviocassano.lavocedelpaese.info\/index.php\/2014\/09\/29\/qfiliera-cortaq-il-1d-ottobre-incontro-del-gal-in-biblioteca\/\" \/>\n<meta property=\"og:site_name\" content=\"Archivio CassanoWeb\" \/>\n<meta property=\"article:publisher\" content=\"https:\/\/www.facebook.com\/redazione.cassanoweb\" \/>\n<meta property=\"article:published_time\" content=\"2014-09-29T06:10:54+00:00\" \/>\n<meta property=\"og:image\" content=\"https:\/\/archiviocassano.lavocedelpaese.info\/wp-content\/uploads\/2014\/09\/paniere_conca_barese.jpg\" \/>\n\t<meta property=\"og:image:width\" content=\"320\" \/>\n\t<meta property=\"og:image:height\" content=\"150\" \/>\n\t<meta property=\"og:image:type\" content=\"image\/jpeg\" \/>\n<meta name=\"author\" content=\"admin\" \/>\n<meta name=\"twitter:card\" content=\"summary_large_image\" \/>\n<meta name=\"twitter:label1\" content=\"Scritto da\" \/>\n\t<meta name=\"twitter:data1\" content=\"admin\" \/>\n\t<meta name=\"twitter:label2\" content=\"Tempo di lettura stimato\" \/>\n\t<meta name=\"twitter:data2\" content=\"2 minuti\" \/>\n<script type=\"application\/ld+json\" class=\"yoast-schema-graph\">{\"@context\":\"https:\\\/\\\/schema.org\",\"@graph\":[{\"@type\":\"Article\",\"@id\":\"https:\\\/\\\/archiviocassano.lavocedelpaese.info\\\/index.php\\\/2014\\\/09\\\/29\\\/qfiliera-cortaq-il-1d-ottobre-incontro-del-gal-in-biblioteca\\\/#article\",\"isPartOf\":{\"@id\":\"https:\\\/\\\/archiviocassano.lavocedelpaese.info\\\/index.php\\\/2014\\\/09\\\/29\\\/qfiliera-cortaq-il-1d-ottobre-incontro-del-gal-in-biblioteca\\\/\"},\"author\":{\"name\":\"admin\",\"@id\":\"https:\\\/\\\/archiviocassano.lavocedelpaese.info\\\/#\\\/schema\\\/person\\\/df195bc79a9b4c35127cf005f92e041b\"},\"headline\":\"&#8220;Filiera corta&#8221;: il 1\u00b0 ottobre incontro del Gal in Biblioteca\",\"datePublished\":\"2014-09-29T06:10:54+00:00\",\"mainEntityOfPage\":{\"@id\":\"https:\\\/\\\/archiviocassano.lavocedelpaese.info\\\/index.php\\\/2014\\\/09\\\/29\\\/qfiliera-cortaq-il-1d-ottobre-incontro-del-gal-in-biblioteca\\\/\"},\"wordCount\":318,\"commentCount\":0,\"publisher\":{\"@id\":\"https:\\\/\\\/archiviocassano.lavocedelpaese.info\\\/#organization\"},\"image\":{\"@id\":\"https:\\\/\\\/archiviocassano.lavocedelpaese.info\\\/index.php\\\/2014\\\/09\\\/29\\\/qfiliera-cortaq-il-1d-ottobre-incontro-del-gal-in-biblioteca\\\/#primaryimage\"},\"thumbnailUrl\":\"https:\\\/\\\/archiviocassano.lavocedelpaese.info\\\/wp-content\\\/uploads\\\/2014\\\/09\\\/paniere_conca_barese.jpg\",\"articleSection\":[\"Appuntamenti\"],\"inLanguage\":\"it-IT\",\"potentialAction\":[{\"@type\":\"CommentAction\",\"name\":\"Comment\",\"target\":[\"https:\\\/\\\/archiviocassano.lavocedelpaese.info\\\/index.php\\\/2014\\\/09\\\/29\\\/qfiliera-cortaq-il-1d-ottobre-incontro-del-gal-in-biblioteca\\\/#respond\"]}]},{\"@type\":\"WebPage\",\"@id\":\"https:\\\/\\\/archiviocassano.lavocedelpaese.info\\\/index.php\\\/2014\\\/09\\\/29\\\/qfiliera-cortaq-il-1d-ottobre-incontro-del-gal-in-biblioteca\\\/\",\"url\":\"https:\\\/\\\/archiviocassano.lavocedelpaese.info\\\/index.php\\\/2014\\\/09\\\/29\\\/qfiliera-cortaq-il-1d-ottobre-incontro-del-gal-in-biblioteca\\\/\",\"name\":\"\\\"Filiera corta\\\": il 1\u00b0 ottobre incontro del Gal in Biblioteca - Archivio CassanoWeb\",\"isPartOf\":{\"@id\":\"https:\\\/\\\/archiviocassano.lavocedelpaese.info\\\/#website\"},\"primaryImageOfPage\":{\"@id\":\"https:\\\/\\\/archiviocassano.lavocedelpaese.info\\\/index.php\\\/2014\\\/09\\\/29\\\/qfiliera-cortaq-il-1d-ottobre-incontro-del-gal-in-biblioteca\\\/#primaryimage\"},\"image\":{\"@id\":\"https:\\\/\\\/archiviocassano.lavocedelpaese.info\\\/index.php\\\/2014\\\/09\\\/29\\\/qfiliera-cortaq-il-1d-ottobre-incontro-del-gal-in-biblioteca\\\/#primaryimage\"},\"thumbnailUrl\":\"https:\\\/\\\/archiviocassano.lavocedelpaese.info\\\/wp-content\\\/uploads\\\/2014\\\/09\\\/paniere_conca_barese.jpg\",\"datePublished\":\"2014-09-29T06:10:54+00:00\",\"breadcrumb\":{\"@id\":\"https:\\\/\\\/archiviocassano.lavocedelpaese.info\\\/index.php\\\/2014\\\/09\\\/29\\\/qfiliera-cortaq-il-1d-ottobre-incontro-del-gal-in-biblioteca\\\/#breadcrumb\"},\"inLanguage\":\"it-IT\",\"potentialAction\":[{\"@type\":\"ReadAction\",\"target\":[\"https:\\\/\\\/archiviocassano.lavocedelpaese.info\\\/index.php\\\/2014\\\/09\\\/29\\\/qfiliera-cortaq-il-1d-ottobre-incontro-del-gal-in-biblioteca\\\/\"]}]},{\"@type\":\"ImageObject\",\"inLanguage\":\"it-IT\",\"@id\":\"https:\\\/\\\/archiviocassano.lavocedelpaese.info\\\/index.php\\\/2014\\\/09\\\/29\\\/qfiliera-cortaq-il-1d-ottobre-incontro-del-gal-in-biblioteca\\\/#primaryimage\",\"url\":\"https:\\\/\\\/archiviocassano.lavocedelpaese.info\\\/wp-content\\\/uploads\\\/2014\\\/09\\\/paniere_conca_barese.jpg\",\"contentUrl\":\"https:\\\/\\\/archiviocassano.lavocedelpaese.info\\\/wp-content\\\/uploads\\\/2014\\\/09\\\/paniere_conca_barese.jpg\",\"width\":320,\"height\":150,\"caption\":\"paniere conca barese\"},{\"@type\":\"BreadcrumbList\",\"@id\":\"https:\\\/\\\/archiviocassano.lavocedelpaese.info\\\/index.php\\\/2014\\\/09\\\/29\\\/qfiliera-cortaq-il-1d-ottobre-incontro-del-gal-in-biblioteca\\\/#breadcrumb\",\"itemListElement\":[{\"@type\":\"ListItem\",\"position\":1,\"name\":\"Home\",\"item\":\"https:\\\/\\\/archiviocassano.lavocedelpaese.info\\\/\"},{\"@type\":\"ListItem\",\"position\":2,\"name\":\"&#8220;Filiera corta&#8221;: il 1\u00b0 ottobre incontro del Gal in Biblioteca\"}]},{\"@type\":\"WebSite\",\"@id\":\"https:\\\/\\\/archiviocassano.lavocedelpaese.info\\\/#website\",\"url\":\"https:\\\/\\\/archiviocassano.lavocedelpaese.info\\\/\",\"name\":\"Archivio CassanoWeb\",\"description\":\"La Voce del Paese - un network di idee\",\"publisher\":{\"@id\":\"https:\\\/\\\/archiviocassano.lavocedelpaese.info\\\/#organization\"},\"potentialAction\":[{\"@type\":\"SearchAction\",\"target\":{\"@type\":\"EntryPoint\",\"urlTemplate\":\"https:\\\/\\\/archiviocassano.lavocedelpaese.info\\\/?s={search_term_string}\"},\"query-input\":{\"@type\":\"PropertyValueSpecification\",\"valueRequired\":true,\"valueName\":\"search_term_string\"}}],\"inLanguage\":\"it-IT\"},{\"@type\":\"Organization\",\"@id\":\"https:\\\/\\\/archiviocassano.lavocedelpaese.info\\\/#organization\",\"name\":\"Archivio CassanoWeb\",\"url\":\"https:\\\/\\\/archiviocassano.lavocedelpaese.info\\\/\",\"logo\":{\"@type\":\"ImageObject\",\"inLanguage\":\"it-IT\",\"@id\":\"https:\\\/\\\/archiviocassano.lavocedelpaese.info\\\/#\\\/schema\\\/logo\\\/image\\\/\",\"url\":\"https:\\\/\\\/archiviocassano.lavocedelpaese.info\\\/wp-content\\\/uploads\\\/2024\\\/08\\\/logo-rosso-2.png\",\"contentUrl\":\"https:\\\/\\\/archiviocassano.lavocedelpaese.info\\\/wp-content\\\/uploads\\\/2024\\\/08\\\/logo-rosso-2.png\",\"width\":491,\"height\":432,\"caption\":\"Archivio CassanoWeb\"},\"image\":{\"@id\":\"https:\\\/\\\/archiviocassano.lavocedelpaese.info\\\/#\\\/schema\\\/logo\\\/image\\\/\"},\"sameAs\":[\"https:\\\/\\\/www.facebook.com\\\/redazione.cassanoweb\"]},{\"@type\":\"Person\",\"@id\":\"https:\\\/\\\/archiviocassano.lavocedelpaese.info\\\/#\\\/schema\\\/person\\\/df195bc79a9b4c35127cf005f92e041b\",\"name\":\"admin\",\"image\":{\"@type\":\"ImageObject\",\"inLanguage\":\"it-IT\",\"@id\":\"https:\\\/\\\/secure.gravatar.com\\\/avatar\\\/eabba89a432e8eaa1b0207cc55f7e5340b22712b1ed80677efcf63e02ff5b235?s=96&d=mm&r=g\",\"url\":\"https:\\\/\\\/secure.gravatar.com\\\/avatar\\\/eabba89a432e8eaa1b0207cc55f7e5340b22712b1ed80677efcf63e02ff5b235?s=96&d=mm&r=g\",\"contentUrl\":\"https:\\\/\\\/secure.gravatar.com\\\/avatar\\\/eabba89a432e8eaa1b0207cc55f7e5340b22712b1ed80677efcf63e02ff5b235?s=96&d=mm&r=g\",\"caption\":\"admin\"},\"sameAs\":[\"https:\\\/\\\/archiviocassano.lavocedelpaese.info\"],\"url\":\"https:\\\/\\\/archiviocassano.lavocedelpaese.info\\\/index.php\\\/author\\\/admin_0qgz1xdp\\\/\"}]}<\/script>\n<!-- \/ Yoast SEO plugin. -->","yoast_head_json":{"title":"\"Filiera corta\": il 1\u00b0 ottobre incontro del Gal in Biblioteca - Archivio CassanoWeb","robots":{"index":"index","follow":"follow","max-snippet":"max-snippet:-1","max-image-preview":"max-image-preview:large","max-video-preview":"max-video-preview:-1"},"canonical":"https:\/\/archiviocassano.lavocedelpaese.info\/index.php\/2014\/09\/29\/qfiliera-cortaq-il-1d-ottobre-incontro-del-gal-in-biblioteca\/","og_locale":"it_IT","og_type":"article","og_title":"\"Filiera corta\": il 1\u00b0 ottobre incontro del Gal in Biblioteca - Archivio CassanoWeb","og_url":"https:\/\/archiviocassano.lavocedelpaese.info\/index.php\/2014\/09\/29\/qfiliera-cortaq-il-1d-ottobre-incontro-del-gal-in-biblioteca\/","og_site_name":"Archivio CassanoWeb","article_publisher":"https:\/\/www.facebook.com\/redazione.cassanoweb","article_published_time":"2014-09-29T06:10:54+00:00","og_image":[{"width":320,"height":150,"url":"https:\/\/archiviocassano.lavocedelpaese.info\/wp-content\/uploads\/2014\/09\/paniere_conca_barese.jpg","type":"image\/jpeg"}],"author":"admin","twitter_card":"summary_large_image","twitter_misc":{"Scritto da":"admin","Tempo di lettura stimato":"2 minuti"},"schema":{"@context":"https:\/\/schema.org","@graph":[{"@type":"Article","@id":"https:\/\/archiviocassano.lavocedelpaese.info\/index.php\/2014\/09\/29\/qfiliera-cortaq-il-1d-ottobre-incontro-del-gal-in-biblioteca\/#article","isPartOf":{"@id":"https:\/\/archiviocassano.lavocedelpaese.info\/index.php\/2014\/09\/29\/qfiliera-cortaq-il-1d-ottobre-incontro-del-gal-in-biblioteca\/"},"author":{"name":"admin","@id":"https:\/\/archiviocassano.lavocedelpaese.info\/#\/schema\/person\/df195bc79a9b4c35127cf005f92e041b"},"headline":"&#8220;Filiera corta&#8221;: il 1\u00b0 ottobre incontro del Gal in Biblioteca","datePublished":"2014-09-29T06:10:54+00:00","mainEntityOfPage":{"@id":"https:\/\/archiviocassano.lavocedelpaese.info\/index.php\/2014\/09\/29\/qfiliera-cortaq-il-1d-ottobre-incontro-del-gal-in-biblioteca\/"},"wordCount":318,"commentCount":0,"publisher":{"@id":"https:\/\/archiviocassano.lavocedelpaese.info\/#organization"},"image":{"@id":"https:\/\/archiviocassano.lavocedelpaese.info\/index.php\/2014\/09\/29\/qfiliera-cortaq-il-1d-ottobre-incontro-del-gal-in-biblioteca\/#primaryimage"},"thumbnailUrl":"https:\/\/archiviocassano.lavocedelpaese.info\/wp-content\/uploads\/2014\/09\/paniere_conca_barese.jpg","articleSection":["Appuntamenti"],"inLanguage":"it-IT","potentialAction":[{"@type":"CommentAction","name":"Comment","target":["https:\/\/archiviocassano.lavocedelpaese.info\/index.php\/2014\/09\/29\/qfiliera-cortaq-il-1d-ottobre-incontro-del-gal-in-biblioteca\/#respond"]}]},{"@type":"WebPage","@id":"https:\/\/archiviocassano.lavocedelpaese.info\/index.php\/2014\/09\/29\/qfiliera-cortaq-il-1d-ottobre-incontro-del-gal-in-biblioteca\/","url":"https:\/\/archiviocassano.lavocedelpaese.info\/index.php\/2014\/09\/29\/qfiliera-cortaq-il-1d-ottobre-incontro-del-gal-in-biblioteca\/","name":"\"Filiera corta\": il 1\u00b0 ottobre incontro del Gal in Biblioteca - Archivio CassanoWeb","isPartOf":{"@id":"https:\/\/archiviocassano.lavocedelpaese.info\/#website"},"primaryImageOfPage":{"@id":"https:\/\/archiviocassano.lavocedelpaese.info\/index.php\/2014\/09\/29\/qfiliera-cortaq-il-1d-ottobre-incontro-del-gal-in-biblioteca\/#primaryimage"},"image":{"@id":"https:\/\/archiviocassano.lavocedelpaese.info\/index.php\/2014\/09\/29\/qfiliera-cortaq-il-1d-ottobre-incontro-del-gal-in-biblioteca\/#primaryimage"},"thumbnailUrl":"https:\/\/archiviocassano.lavocedelpaese.info\/wp-content\/uploads\/2014\/09\/paniere_conca_barese.jpg","datePublished":"2014-09-29T06:10:54+00:00","breadcrumb":{"@id":"https:\/\/archiviocassano.lavocedelpaese.info\/index.php\/2014\/09\/29\/qfiliera-cortaq-il-1d-ottobre-incontro-del-gal-in-biblioteca\/#breadcrumb"},"inLanguage":"it-IT","potentialAction":[{"@type":"ReadAction","target":["https:\/\/archiviocassano.lavocedelpaese.info\/index.php\/2014\/09\/29\/qfiliera-cortaq-il-1d-ottobre-incontro-del-gal-in-biblioteca\/"]}]},{"@type":"ImageObject","inLanguage":"it-IT","@id":"https:\/\/archiviocassano.lavocedelpaese.info\/index.php\/2014\/09\/29\/qfiliera-cortaq-il-1d-ottobre-incontro-del-gal-in-biblioteca\/#primaryimage","url":"https:\/\/archiviocassano.lavocedelpaese.info\/wp-content\/uploads\/2014\/09\/paniere_conca_barese.jpg","contentUrl":"https:\/\/archiviocassano.lavocedelpaese.info\/wp-content\/uploads\/2014\/09\/paniere_conca_barese.jpg","width":320,"height":150,"caption":"paniere conca barese"},{"@type":"BreadcrumbList","@id":"https:\/\/archiviocassano.lavocedelpaese.info\/index.php\/2014\/09\/29\/qfiliera-cortaq-il-1d-ottobre-incontro-del-gal-in-biblioteca\/#breadcrumb","itemListElement":[{"@type":"ListItem","position":1,"name":"Home","item":"https:\/\/archiviocassano.lavocedelpaese.info\/"},{"@type":"ListItem","position":2,"name":"&#8220;Filiera corta&#8221;: il 1\u00b0 ottobre incontro del Gal in Biblioteca"}]},{"@type":"WebSite","@id":"https:\/\/archiviocassano.lavocedelpaese.info\/#website","url":"https:\/\/archiviocassano.lavocedelpaese.info\/","name":"Archivio CassanoWeb","description":"La Voce del Paese - un network di idee","publisher":{"@id":"https:\/\/archiviocassano.lavocedelpaese.info\/#organization"},"potentialAction":[{"@type":"SearchAction","target":{"@type":"EntryPoint","urlTemplate":"https:\/\/archiviocassano.lavocedelpaese.info\/?s={search_term_string}"},"query-input":{"@type":"PropertyValueSpecification","valueRequired":true,"valueName":"search_term_string"}}],"inLanguage":"it-IT"},{"@type":"Organization","@id":"https:\/\/archiviocassano.lavocedelpaese.info\/#organization","name":"Archivio CassanoWeb","url":"https:\/\/archiviocassano.lavocedelpaese.info\/","logo":{"@type":"ImageObject","inLanguage":"it-IT","@id":"https:\/\/archiviocassano.lavocedelpaese.info\/#\/schema\/logo\/image\/","url":"https:\/\/archiviocassano.lavocedelpaese.info\/wp-content\/uploads\/2024\/08\/logo-rosso-2.png","contentUrl":"https:\/\/archiviocassano.lavocedelpaese.info\/wp-content\/uploads\/2024\/08\/logo-rosso-2.png","width":491,"height":432,"caption":"Archivio CassanoWeb"},"image":{"@id":"https:\/\/archiviocassano.lavocedelpaese.info\/#\/schema\/logo\/image\/"},"sameAs":["https:\/\/www.facebook.com\/redazione.cassanoweb"]},{"@type":"Person","@id":"https:\/\/archiviocassano.lavocedelpaese.info\/#\/schema\/person\/df195bc79a9b4c35127cf005f92e041b","name":"admin","image":{"@type":"ImageObject","inLanguage":"it-IT","@id":"https:\/\/secure.gravatar.com\/avatar\/eabba89a432e8eaa1b0207cc55f7e5340b22712b1ed80677efcf63e02ff5b235?s=96&d=mm&r=g","url":"https:\/\/secure.gravatar.com\/avatar\/eabba89a432e8eaa1b0207cc55f7e5340b22712b1ed80677efcf63e02ff5b235?s=96&d=mm&r=g","contentUrl":"https:\/\/secure.gravatar.com\/avatar\/eabba89a432e8eaa1b0207cc55f7e5340b22712b1ed80677efcf63e02ff5b235?s=96&d=mm&r=g","caption":"admin"},"sameAs":["https:\/\/archiviocassano.lavocedelpaese.info"],"url":"https:\/\/archiviocassano.lavocedelpaese.info\/index.php\/author\/admin_0qgz1xdp\/"}]}},"_links":{"self":[{"href":"https:\/\/archiviocassano.lavocedelpaese.info\/index.php\/wp-json\/wp\/v2\/posts\/9774","targetHints":{"allow":["GET"]}}],"collection":[{"href":"https:\/\/archiviocassano.lavocedelpaese.info\/index.php\/wp-json\/wp\/v2\/posts"}],"about":[{"href":"https:\/\/archiviocassano.lavocedelpaese.info\/index.php\/wp-json\/wp\/v2\/types\/post"}],"author":[{"embeddable":true,"href":"https:\/\/archiviocassano.lavocedelpaese.info\/index.php\/wp-json\/wp\/v2\/users\/1"}],"replies":[{"embeddable":true,"href":"https:\/\/archiviocassano.lavocedelpaese.info\/index.php\/wp-json\/wp\/v2\/comments?post=9774"}],"version-history":[{"count":0,"href":"https:\/\/archiviocassano.lavocedelpaese.info\/index.php\/wp-json\/wp\/v2\/posts\/9774\/revisions"}],"wp:featuredmedia":[{"embeddable":true,"href":"https:\/\/archiviocassano.lavocedelpaese.info\/index.php\/wp-json\/wp\/v2\/media\/9773"}],"wp:attachment":[{"href":"https:\/\/archiviocassano.lavocedelpaese.info\/index.php\/wp-json\/wp\/v2\/media?parent=9774"}],"wp:term":[{"taxonomy":"category","embeddable":true,"href":"https:\/\/archiviocassano.lavocedelpaese.info\/index.php\/wp-json\/wp\/v2\/categories?post=9774"},{"taxonomy":"post_tag","embeddable":true,"href":"https:\/\/archiviocassano.lavocedelpaese.info\/index.php\/wp-json\/wp\/v2\/tags?post=9774"}],"curies":[{"name":"wp","href":"https:\/\/api.w.org\/{rel}","templated":true}]}}