{"id":9843,"date":"2014-10-14T13:47:58","date_gmt":"2014-10-14T13:47:58","guid":{"rendered":"https:\/\/archiviocassano.lavocedelpaese.info\/index.php\/2014\/10\/14\/le-qcitta-pugliesi-dellolioq-riunite-a-cassano\/"},"modified":"2014-10-14T13:47:58","modified_gmt":"2014-10-14T13:47:58","slug":"le-qcitta-pugliesi-dellolioq-riunite-a-cassano","status":"publish","type":"post","link":"https:\/\/archiviocassano.lavocedelpaese.info\/index.php\/2014\/10\/14\/le-qcitta-pugliesi-dellolioq-riunite-a-cassano\/","title":{"rendered":"Le &#8220;citt\u00e0 pugliesi dell&#8217;olio&#8221; riunite a Cassano"},"content":{"rendered":"<p><img loading=\"lazy\" decoding=\"async\" class=\" size-full wp-image-9842\" src=\"https:\/\/archiviocassano.lavocedelpaese.info\/wp-content\/uploads\/2014\/10\/Olio_1.jpg\" alt=\"Olio 1\" style=\"margin-right: 2px; margin-left: 2px;\" height=\"150\" width=\"320\" \/><\/p>\n<p><!--more--><\/p>\n<p>Dal Gargano al Salento, passando per le terre di Castel del Monte e della Murgia barese, tutte le citt\u00e0 pugliesi aderenti al circuito delle \u201cCitt\u00e0 dell\u2019Olio\u201d si sono riunite sabato 11 ottobre a Cassano, presso la sala convegni del palazzo Miani Perotti, per il 48\u00b0 Coordinamento regionale.<\/p>\n<p style=\"text-align: justify;\">Sono intervenuti &#8211; spiega una nota diffusa dal Comune di Cassano &#8211; i rappresentanti delle amministrazioni di Vieste, Presicce, Canosa, Trinitapoli, Andria, Corato, Ruvo di Puglia, Bitonto, Giovinazzo, Cassano delle Murge, Bitritto, Sannicandro di Bari, Castellana Grotte, Fasano e della Provincia di Bari.<\/p>\n<p style=\"text-align: justify;\">Un viaggio compiuto idealmente lungo tutta la Puglia, per sottolineare la fitta rete di collegamenti tra le citt\u00e0 dell&#8217;olio, insieme impegnate a tutelare il proprio patrimonio olivicolo, importante risorsa non soltanto economica, ma anche culturale, sociale, paesaggistica e soprattutto turistica.<\/p>\n<p style=\"text-align: justify;\">\u00ab<i>Questa numerosa partecipazione<\/i>&nbsp;&#8211; dichiarano il neo assessore all&#8217;agricoltura Maria Luisa Marazia e il sindaco Vito Lionetti &#8211;<i>oltre che onorarci per la presenza di rappresentanti provenienti da numerose citt\u00e0 pugliesi, anche molto importanti, mette in vetrina tutta la nostra comunit\u00e0 locale, che punta a far conoscere la propria realt\u00e0 ed i suoi prodotti, non soltanto in Puglia, ma anche a livello nazionale ed internazionale<\/i>\u00bb.<\/p>\n<p style=\"text-align: justify;\">Numerosi i temi all&#8217;ordine del giorno trattati dal Coordinatore Regionale Mimmo Incantalupo, assessore del Comune di Bitonto, dal vice presidente nazionale, Benedetto Miscioscia, assessore del Comune di Andria e dal segretario del coordinamento regionale Fabio Attimonelli.<\/p>\n<p style=\"text-align: justify;\">In primo luogo il progetto \u201cBimboil\u201d, realizzato in collaborazione col Ministero delle Politiche Agricole e Forestali, che vedr\u00e0 i ragazzi delle scuole elementari impegnati in un programma didattico ed educativo, basato sulla conoscenza del mondo degli oli extravergini italiani attraverso la reinterpretazione e riscrittura di una fiaba sul cibo e sull&#8217;olio, tratta dalla tradizione regionale italiana e dalle tradizioni dei paesi produttori di olio presenti ad expo 2015, sottolineando cos\u00ec l&#8217;importanza del confronto fra culture, tradizioni e popoli diversi. Un evento completamente gratuito per scuole e comuni.<\/p>\n<p style=\"text-align: justify;\">Importante l&#8217;opportunit\u00e0 presentata dall&#8217;associazione riservata ai produttori olivicoli di partecipare alla \u201cIX Fiera Olio Capitale\u201d che si terr\u00e0 a Trieste dal 7 al 10 marzo 2015, la pi\u00f9 importante fiera interamente dedicata all&#8217;olio extravergine di oliva, evento che presenta le migliori produzioni nazionali ed estere, un&#8217;importante vetrina per tutti i produttori locali alla quale il Comune di Cassano delle Murge auspica di partecipare.<\/p>\n<p style=\"text-align: justify;\">L\u2019amministrazione Comunale di Cassano delle Murge e tutte le altre amministrazioni pugliesi, sono state invitate a partecipare al ventennale dell&#8217;Associazione che si terr\u00e0 il 29 novembre prossimo a Siena, contestualmente alla tappa del \u201cGirolio d&#8217;Italia\u201d per la Toscana.<\/p>\n<p style=\"text-align: justify;\">A fine lavori i partecipanti hanno fatto un piccolo viaggio fra le tipicit\u00e0 della nostra tradizione locale, a cura dell&#8217;associazione per la promozione del territorio \u201cFerventazione\u201d, ricevendo una selezione di vini e di oli dei produttori locali.<\/p>\n<p>&nbsp;<\/p>\n","protected":false},"excerpt":{"rendered":"","protected":false},"author":1,"featured_media":9842,"comment_status":"open","ping_status":"closed","sticky":false,"template":"","format":"standard","meta":{"colormag_page_container_layout":"default_layout","colormag_page_sidebar_layout":"default_layout","footnotes":""},"categories":[7],"tags":[],"class_list":["post-9843","post","type-post","status-publish","format-standard","has-post-thumbnail","hentry","category-attualita"],"yoast_head":"<!-- This site is optimized with the Yoast SEO plugin v27.5 - https:\/\/yoast.com\/product\/yoast-seo-wordpress\/ -->\n<title>Le &quot;citt\u00e0 pugliesi dell&#039;olio&quot; riunite a Cassano - Archivio CassanoWeb<\/title>\n<meta name=\"robots\" content=\"index, follow, max-snippet:-1, max-image-preview:large, max-video-preview:-1\" \/>\n<link rel=\"canonical\" href=\"https:\/\/archiviocassano.lavocedelpaese.info\/index.php\/2014\/10\/14\/le-qcitta-pugliesi-dellolioq-riunite-a-cassano\/\" \/>\n<meta property=\"og:locale\" content=\"it_IT\" \/>\n<meta property=\"og:type\" content=\"article\" \/>\n<meta property=\"og:title\" content=\"Le &quot;citt\u00e0 pugliesi dell&#039;olio&quot; riunite a Cassano - Archivio CassanoWeb\" \/>\n<meta property=\"og:url\" content=\"https:\/\/archiviocassano.lavocedelpaese.info\/index.php\/2014\/10\/14\/le-qcitta-pugliesi-dellolioq-riunite-a-cassano\/\" \/>\n<meta property=\"og:site_name\" content=\"Archivio CassanoWeb\" \/>\n<meta property=\"article:publisher\" content=\"https:\/\/www.facebook.com\/redazione.cassanoweb\" \/>\n<meta property=\"article:published_time\" content=\"2014-10-14T13:47:58+00:00\" \/>\n<meta property=\"og:image\" content=\"https:\/\/archiviocassano.lavocedelpaese.info\/wp-content\/uploads\/2014\/10\/Olio_1.jpg\" \/>\n\t<meta property=\"og:image:width\" content=\"600\" \/>\n\t<meta property=\"og:image:height\" content=\"450\" \/>\n\t<meta property=\"og:image:type\" content=\"image\/jpeg\" \/>\n<meta name=\"author\" content=\"admin\" \/>\n<meta name=\"twitter:card\" content=\"summary_large_image\" \/>\n<meta name=\"twitter:label1\" content=\"Scritto da\" \/>\n\t<meta name=\"twitter:data1\" content=\"admin\" \/>\n\t<meta name=\"twitter:label2\" content=\"Tempo di lettura stimato\" \/>\n\t<meta name=\"twitter:data2\" content=\"2 minuti\" \/>\n<script type=\"application\/ld+json\" class=\"yoast-schema-graph\">{\"@context\":\"https:\\\/\\\/schema.org\",\"@graph\":[{\"@type\":\"Article\",\"@id\":\"https:\\\/\\\/archiviocassano.lavocedelpaese.info\\\/index.php\\\/2014\\\/10\\\/14\\\/le-qcitta-pugliesi-dellolioq-riunite-a-cassano\\\/#article\",\"isPartOf\":{\"@id\":\"https:\\\/\\\/archiviocassano.lavocedelpaese.info\\\/index.php\\\/2014\\\/10\\\/14\\\/le-qcitta-pugliesi-dellolioq-riunite-a-cassano\\\/\"},\"author\":{\"name\":\"admin\",\"@id\":\"https:\\\/\\\/archiviocassano.lavocedelpaese.info\\\/#\\\/schema\\\/person\\\/df195bc79a9b4c35127cf005f92e041b\"},\"headline\":\"Le &#8220;citt\u00e0 pugliesi dell&#8217;olio&#8221; riunite a Cassano\",\"datePublished\":\"2014-10-14T13:47:58+00:00\",\"mainEntityOfPage\":{\"@id\":\"https:\\\/\\\/archiviocassano.lavocedelpaese.info\\\/index.php\\\/2014\\\/10\\\/14\\\/le-qcitta-pugliesi-dellolioq-riunite-a-cassano\\\/\"},\"wordCount\":472,\"commentCount\":0,\"publisher\":{\"@id\":\"https:\\\/\\\/archiviocassano.lavocedelpaese.info\\\/#organization\"},\"image\":{\"@id\":\"https:\\\/\\\/archiviocassano.lavocedelpaese.info\\\/index.php\\\/2014\\\/10\\\/14\\\/le-qcitta-pugliesi-dellolioq-riunite-a-cassano\\\/#primaryimage\"},\"thumbnailUrl\":\"https:\\\/\\\/archiviocassano.lavocedelpaese.info\\\/wp-content\\\/uploads\\\/2014\\\/10\\\/Olio_1.jpg\",\"articleSection\":[\"Attualit\u00e0\"],\"inLanguage\":\"it-IT\",\"potentialAction\":[{\"@type\":\"CommentAction\",\"name\":\"Comment\",\"target\":[\"https:\\\/\\\/archiviocassano.lavocedelpaese.info\\\/index.php\\\/2014\\\/10\\\/14\\\/le-qcitta-pugliesi-dellolioq-riunite-a-cassano\\\/#respond\"]}]},{\"@type\":\"WebPage\",\"@id\":\"https:\\\/\\\/archiviocassano.lavocedelpaese.info\\\/index.php\\\/2014\\\/10\\\/14\\\/le-qcitta-pugliesi-dellolioq-riunite-a-cassano\\\/\",\"url\":\"https:\\\/\\\/archiviocassano.lavocedelpaese.info\\\/index.php\\\/2014\\\/10\\\/14\\\/le-qcitta-pugliesi-dellolioq-riunite-a-cassano\\\/\",\"name\":\"Le \\\"citt\u00e0 pugliesi dell'olio\\\" riunite a Cassano - Archivio CassanoWeb\",\"isPartOf\":{\"@id\":\"https:\\\/\\\/archiviocassano.lavocedelpaese.info\\\/#website\"},\"primaryImageOfPage\":{\"@id\":\"https:\\\/\\\/archiviocassano.lavocedelpaese.info\\\/index.php\\\/2014\\\/10\\\/14\\\/le-qcitta-pugliesi-dellolioq-riunite-a-cassano\\\/#primaryimage\"},\"image\":{\"@id\":\"https:\\\/\\\/archiviocassano.lavocedelpaese.info\\\/index.php\\\/2014\\\/10\\\/14\\\/le-qcitta-pugliesi-dellolioq-riunite-a-cassano\\\/#primaryimage\"},\"thumbnailUrl\":\"https:\\\/\\\/archiviocassano.lavocedelpaese.info\\\/wp-content\\\/uploads\\\/2014\\\/10\\\/Olio_1.jpg\",\"datePublished\":\"2014-10-14T13:47:58+00:00\",\"breadcrumb\":{\"@id\":\"https:\\\/\\\/archiviocassano.lavocedelpaese.info\\\/index.php\\\/2014\\\/10\\\/14\\\/le-qcitta-pugliesi-dellolioq-riunite-a-cassano\\\/#breadcrumb\"},\"inLanguage\":\"it-IT\",\"potentialAction\":[{\"@type\":\"ReadAction\",\"target\":[\"https:\\\/\\\/archiviocassano.lavocedelpaese.info\\\/index.php\\\/2014\\\/10\\\/14\\\/le-qcitta-pugliesi-dellolioq-riunite-a-cassano\\\/\"]}]},{\"@type\":\"ImageObject\",\"inLanguage\":\"it-IT\",\"@id\":\"https:\\\/\\\/archiviocassano.lavocedelpaese.info\\\/index.php\\\/2014\\\/10\\\/14\\\/le-qcitta-pugliesi-dellolioq-riunite-a-cassano\\\/#primaryimage\",\"url\":\"https:\\\/\\\/archiviocassano.lavocedelpaese.info\\\/wp-content\\\/uploads\\\/2014\\\/10\\\/Olio_1.jpg\",\"contentUrl\":\"https:\\\/\\\/archiviocassano.lavocedelpaese.info\\\/wp-content\\\/uploads\\\/2014\\\/10\\\/Olio_1.jpg\",\"width\":600,\"height\":450,\"caption\":\"Olio 1\"},{\"@type\":\"BreadcrumbList\",\"@id\":\"https:\\\/\\\/archiviocassano.lavocedelpaese.info\\\/index.php\\\/2014\\\/10\\\/14\\\/le-qcitta-pugliesi-dellolioq-riunite-a-cassano\\\/#breadcrumb\",\"itemListElement\":[{\"@type\":\"ListItem\",\"position\":1,\"name\":\"Home\",\"item\":\"https:\\\/\\\/archiviocassano.lavocedelpaese.info\\\/\"},{\"@type\":\"ListItem\",\"position\":2,\"name\":\"Le &#8220;citt\u00e0 pugliesi dell&#8217;olio&#8221; riunite a Cassano\"}]},{\"@type\":\"WebSite\",\"@id\":\"https:\\\/\\\/archiviocassano.lavocedelpaese.info\\\/#website\",\"url\":\"https:\\\/\\\/archiviocassano.lavocedelpaese.info\\\/\",\"name\":\"Archivio CassanoWeb\",\"description\":\"La Voce del Paese - un network di idee\",\"publisher\":{\"@id\":\"https:\\\/\\\/archiviocassano.lavocedelpaese.info\\\/#organization\"},\"potentialAction\":[{\"@type\":\"SearchAction\",\"target\":{\"@type\":\"EntryPoint\",\"urlTemplate\":\"https:\\\/\\\/archiviocassano.lavocedelpaese.info\\\/?s={search_term_string}\"},\"query-input\":{\"@type\":\"PropertyValueSpecification\",\"valueRequired\":true,\"valueName\":\"search_term_string\"}}],\"inLanguage\":\"it-IT\"},{\"@type\":\"Organization\",\"@id\":\"https:\\\/\\\/archiviocassano.lavocedelpaese.info\\\/#organization\",\"name\":\"Archivio CassanoWeb\",\"url\":\"https:\\\/\\\/archiviocassano.lavocedelpaese.info\\\/\",\"logo\":{\"@type\":\"ImageObject\",\"inLanguage\":\"it-IT\",\"@id\":\"https:\\\/\\\/archiviocassano.lavocedelpaese.info\\\/#\\\/schema\\\/logo\\\/image\\\/\",\"url\":\"https:\\\/\\\/archiviocassano.lavocedelpaese.info\\\/wp-content\\\/uploads\\\/2024\\\/08\\\/logo-rosso-2.png\",\"contentUrl\":\"https:\\\/\\\/archiviocassano.lavocedelpaese.info\\\/wp-content\\\/uploads\\\/2024\\\/08\\\/logo-rosso-2.png\",\"width\":491,\"height\":432,\"caption\":\"Archivio CassanoWeb\"},\"image\":{\"@id\":\"https:\\\/\\\/archiviocassano.lavocedelpaese.info\\\/#\\\/schema\\\/logo\\\/image\\\/\"},\"sameAs\":[\"https:\\\/\\\/www.facebook.com\\\/redazione.cassanoweb\"]},{\"@type\":\"Person\",\"@id\":\"https:\\\/\\\/archiviocassano.lavocedelpaese.info\\\/#\\\/schema\\\/person\\\/df195bc79a9b4c35127cf005f92e041b\",\"name\":\"admin\",\"image\":{\"@type\":\"ImageObject\",\"inLanguage\":\"it-IT\",\"@id\":\"https:\\\/\\\/secure.gravatar.com\\\/avatar\\\/eabba89a432e8eaa1b0207cc55f7e5340b22712b1ed80677efcf63e02ff5b235?s=96&d=mm&r=g\",\"url\":\"https:\\\/\\\/secure.gravatar.com\\\/avatar\\\/eabba89a432e8eaa1b0207cc55f7e5340b22712b1ed80677efcf63e02ff5b235?s=96&d=mm&r=g\",\"contentUrl\":\"https:\\\/\\\/secure.gravatar.com\\\/avatar\\\/eabba89a432e8eaa1b0207cc55f7e5340b22712b1ed80677efcf63e02ff5b235?s=96&d=mm&r=g\",\"caption\":\"admin\"},\"sameAs\":[\"https:\\\/\\\/archiviocassano.lavocedelpaese.info\"],\"url\":\"https:\\\/\\\/archiviocassano.lavocedelpaese.info\\\/index.php\\\/author\\\/admin_0qgz1xdp\\\/\"}]}<\/script>\n<!-- \/ Yoast SEO plugin. -->","yoast_head_json":{"title":"Le \"citt\u00e0 pugliesi dell'olio\" riunite a Cassano - Archivio CassanoWeb","robots":{"index":"index","follow":"follow","max-snippet":"max-snippet:-1","max-image-preview":"max-image-preview:large","max-video-preview":"max-video-preview:-1"},"canonical":"https:\/\/archiviocassano.lavocedelpaese.info\/index.php\/2014\/10\/14\/le-qcitta-pugliesi-dellolioq-riunite-a-cassano\/","og_locale":"it_IT","og_type":"article","og_title":"Le \"citt\u00e0 pugliesi dell'olio\" riunite a Cassano - Archivio CassanoWeb","og_url":"https:\/\/archiviocassano.lavocedelpaese.info\/index.php\/2014\/10\/14\/le-qcitta-pugliesi-dellolioq-riunite-a-cassano\/","og_site_name":"Archivio CassanoWeb","article_publisher":"https:\/\/www.facebook.com\/redazione.cassanoweb","article_published_time":"2014-10-14T13:47:58+00:00","og_image":[{"width":600,"height":450,"url":"https:\/\/archiviocassano.lavocedelpaese.info\/wp-content\/uploads\/2014\/10\/Olio_1.jpg","type":"image\/jpeg"}],"author":"admin","twitter_card":"summary_large_image","twitter_misc":{"Scritto da":"admin","Tempo di lettura stimato":"2 minuti"},"schema":{"@context":"https:\/\/schema.org","@graph":[{"@type":"Article","@id":"https:\/\/archiviocassano.lavocedelpaese.info\/index.php\/2014\/10\/14\/le-qcitta-pugliesi-dellolioq-riunite-a-cassano\/#article","isPartOf":{"@id":"https:\/\/archiviocassano.lavocedelpaese.info\/index.php\/2014\/10\/14\/le-qcitta-pugliesi-dellolioq-riunite-a-cassano\/"},"author":{"name":"admin","@id":"https:\/\/archiviocassano.lavocedelpaese.info\/#\/schema\/person\/df195bc79a9b4c35127cf005f92e041b"},"headline":"Le &#8220;citt\u00e0 pugliesi dell&#8217;olio&#8221; riunite a Cassano","datePublished":"2014-10-14T13:47:58+00:00","mainEntityOfPage":{"@id":"https:\/\/archiviocassano.lavocedelpaese.info\/index.php\/2014\/10\/14\/le-qcitta-pugliesi-dellolioq-riunite-a-cassano\/"},"wordCount":472,"commentCount":0,"publisher":{"@id":"https:\/\/archiviocassano.lavocedelpaese.info\/#organization"},"image":{"@id":"https:\/\/archiviocassano.lavocedelpaese.info\/index.php\/2014\/10\/14\/le-qcitta-pugliesi-dellolioq-riunite-a-cassano\/#primaryimage"},"thumbnailUrl":"https:\/\/archiviocassano.lavocedelpaese.info\/wp-content\/uploads\/2014\/10\/Olio_1.jpg","articleSection":["Attualit\u00e0"],"inLanguage":"it-IT","potentialAction":[{"@type":"CommentAction","name":"Comment","target":["https:\/\/archiviocassano.lavocedelpaese.info\/index.php\/2014\/10\/14\/le-qcitta-pugliesi-dellolioq-riunite-a-cassano\/#respond"]}]},{"@type":"WebPage","@id":"https:\/\/archiviocassano.lavocedelpaese.info\/index.php\/2014\/10\/14\/le-qcitta-pugliesi-dellolioq-riunite-a-cassano\/","url":"https:\/\/archiviocassano.lavocedelpaese.info\/index.php\/2014\/10\/14\/le-qcitta-pugliesi-dellolioq-riunite-a-cassano\/","name":"Le \"citt\u00e0 pugliesi dell'olio\" riunite a Cassano - Archivio CassanoWeb","isPartOf":{"@id":"https:\/\/archiviocassano.lavocedelpaese.info\/#website"},"primaryImageOfPage":{"@id":"https:\/\/archiviocassano.lavocedelpaese.info\/index.php\/2014\/10\/14\/le-qcitta-pugliesi-dellolioq-riunite-a-cassano\/#primaryimage"},"image":{"@id":"https:\/\/archiviocassano.lavocedelpaese.info\/index.php\/2014\/10\/14\/le-qcitta-pugliesi-dellolioq-riunite-a-cassano\/#primaryimage"},"thumbnailUrl":"https:\/\/archiviocassano.lavocedelpaese.info\/wp-content\/uploads\/2014\/10\/Olio_1.jpg","datePublished":"2014-10-14T13:47:58+00:00","breadcrumb":{"@id":"https:\/\/archiviocassano.lavocedelpaese.info\/index.php\/2014\/10\/14\/le-qcitta-pugliesi-dellolioq-riunite-a-cassano\/#breadcrumb"},"inLanguage":"it-IT","potentialAction":[{"@type":"ReadAction","target":["https:\/\/archiviocassano.lavocedelpaese.info\/index.php\/2014\/10\/14\/le-qcitta-pugliesi-dellolioq-riunite-a-cassano\/"]}]},{"@type":"ImageObject","inLanguage":"it-IT","@id":"https:\/\/archiviocassano.lavocedelpaese.info\/index.php\/2014\/10\/14\/le-qcitta-pugliesi-dellolioq-riunite-a-cassano\/#primaryimage","url":"https:\/\/archiviocassano.lavocedelpaese.info\/wp-content\/uploads\/2014\/10\/Olio_1.jpg","contentUrl":"https:\/\/archiviocassano.lavocedelpaese.info\/wp-content\/uploads\/2014\/10\/Olio_1.jpg","width":600,"height":450,"caption":"Olio 1"},{"@type":"BreadcrumbList","@id":"https:\/\/archiviocassano.lavocedelpaese.info\/index.php\/2014\/10\/14\/le-qcitta-pugliesi-dellolioq-riunite-a-cassano\/#breadcrumb","itemListElement":[{"@type":"ListItem","position":1,"name":"Home","item":"https:\/\/archiviocassano.lavocedelpaese.info\/"},{"@type":"ListItem","position":2,"name":"Le &#8220;citt\u00e0 pugliesi dell&#8217;olio&#8221; riunite a Cassano"}]},{"@type":"WebSite","@id":"https:\/\/archiviocassano.lavocedelpaese.info\/#website","url":"https:\/\/archiviocassano.lavocedelpaese.info\/","name":"Archivio CassanoWeb","description":"La Voce del Paese - un network di idee","publisher":{"@id":"https:\/\/archiviocassano.lavocedelpaese.info\/#organization"},"potentialAction":[{"@type":"SearchAction","target":{"@type":"EntryPoint","urlTemplate":"https:\/\/archiviocassano.lavocedelpaese.info\/?s={search_term_string}"},"query-input":{"@type":"PropertyValueSpecification","valueRequired":true,"valueName":"search_term_string"}}],"inLanguage":"it-IT"},{"@type":"Organization","@id":"https:\/\/archiviocassano.lavocedelpaese.info\/#organization","name":"Archivio CassanoWeb","url":"https:\/\/archiviocassano.lavocedelpaese.info\/","logo":{"@type":"ImageObject","inLanguage":"it-IT","@id":"https:\/\/archiviocassano.lavocedelpaese.info\/#\/schema\/logo\/image\/","url":"https:\/\/archiviocassano.lavocedelpaese.info\/wp-content\/uploads\/2024\/08\/logo-rosso-2.png","contentUrl":"https:\/\/archiviocassano.lavocedelpaese.info\/wp-content\/uploads\/2024\/08\/logo-rosso-2.png","width":491,"height":432,"caption":"Archivio CassanoWeb"},"image":{"@id":"https:\/\/archiviocassano.lavocedelpaese.info\/#\/schema\/logo\/image\/"},"sameAs":["https:\/\/www.facebook.com\/redazione.cassanoweb"]},{"@type":"Person","@id":"https:\/\/archiviocassano.lavocedelpaese.info\/#\/schema\/person\/df195bc79a9b4c35127cf005f92e041b","name":"admin","image":{"@type":"ImageObject","inLanguage":"it-IT","@id":"https:\/\/secure.gravatar.com\/avatar\/eabba89a432e8eaa1b0207cc55f7e5340b22712b1ed80677efcf63e02ff5b235?s=96&d=mm&r=g","url":"https:\/\/secure.gravatar.com\/avatar\/eabba89a432e8eaa1b0207cc55f7e5340b22712b1ed80677efcf63e02ff5b235?s=96&d=mm&r=g","contentUrl":"https:\/\/secure.gravatar.com\/avatar\/eabba89a432e8eaa1b0207cc55f7e5340b22712b1ed80677efcf63e02ff5b235?s=96&d=mm&r=g","caption":"admin"},"sameAs":["https:\/\/archiviocassano.lavocedelpaese.info"],"url":"https:\/\/archiviocassano.lavocedelpaese.info\/index.php\/author\/admin_0qgz1xdp\/"}]}},"_links":{"self":[{"href":"https:\/\/archiviocassano.lavocedelpaese.info\/index.php\/wp-json\/wp\/v2\/posts\/9843","targetHints":{"allow":["GET"]}}],"collection":[{"href":"https:\/\/archiviocassano.lavocedelpaese.info\/index.php\/wp-json\/wp\/v2\/posts"}],"about":[{"href":"https:\/\/archiviocassano.lavocedelpaese.info\/index.php\/wp-json\/wp\/v2\/types\/post"}],"author":[{"embeddable":true,"href":"https:\/\/archiviocassano.lavocedelpaese.info\/index.php\/wp-json\/wp\/v2\/users\/1"}],"replies":[{"embeddable":true,"href":"https:\/\/archiviocassano.lavocedelpaese.info\/index.php\/wp-json\/wp\/v2\/comments?post=9843"}],"version-history":[{"count":0,"href":"https:\/\/archiviocassano.lavocedelpaese.info\/index.php\/wp-json\/wp\/v2\/posts\/9843\/revisions"}],"wp:featuredmedia":[{"embeddable":true,"href":"https:\/\/archiviocassano.lavocedelpaese.info\/index.php\/wp-json\/wp\/v2\/media\/9842"}],"wp:attachment":[{"href":"https:\/\/archiviocassano.lavocedelpaese.info\/index.php\/wp-json\/wp\/v2\/media?parent=9843"}],"wp:term":[{"taxonomy":"category","embeddable":true,"href":"https:\/\/archiviocassano.lavocedelpaese.info\/index.php\/wp-json\/wp\/v2\/categories?post=9843"},{"taxonomy":"post_tag","embeddable":true,"href":"https:\/\/archiviocassano.lavocedelpaese.info\/index.php\/wp-json\/wp\/v2\/tags?post=9843"}],"curies":[{"name":"wp","href":"https:\/\/api.w.org\/{rel}","templated":true}]}}