{"id":9994,"date":"2014-11-21T14:03:33","date_gmt":"2014-11-21T14:03:33","guid":{"rendered":"https:\/\/archiviocassano.lavocedelpaese.info\/index.php\/2014\/11\/21\/i-dissidenti-del-pd-qecco-perche-ce-ne-andiamoq\/"},"modified":"2014-11-21T14:03:33","modified_gmt":"2014-11-21T14:03:33","slug":"i-dissidenti-del-pd-qecco-perche-ce-ne-andiamoq","status":"publish","type":"post","link":"https:\/\/archiviocassano.lavocedelpaese.info\/index.php\/2014\/11\/21\/i-dissidenti-del-pd-qecco-perche-ce-ne-andiamoq\/","title":{"rendered":"I dissidenti del PD: &#8220;ecco perch\u00e8 ce ne andiamo&#8221;"},"content":{"rendered":"<p><img loading=\"lazy\" decoding=\"async\" class=\" size-full wp-image-5933\" src=\"https:\/\/archiviocassano.lavocedelpaese.info\/wp-content\/uploads\/2012\/06\/logo_pd.jpg\" alt=\"logo pd\" style=\"margin-right: 2px; margin-left: 2px;\" height=\"150\" width=\"320\" \/><\/p>\n<p><!--more--><\/p>\n<p style=\"text-align: justify;\"><em>Sulla vicenda dei cinque dissidenti del Pd cassanese (due amministratori e tre membri del Direttivo cittadino), riceviamo e pubblichiamo una nota degli interessati ovvero&nbsp;Maria De Grandi, Simeone Paparella, Nicola Surico, Giovanni Barbone, Annamaria Colonna.<\/em><\/p>\n<p>&nbsp;<\/p>\n<p style=\"text-align: justify;\">Esattamente un anno fa all\u2019interno del locale Partito Democratico, in sede precongressuale e congressuale, fu operata una scelta, politica, per affrontare la futura campagna amministrativa con l\u2019autorevolezza del maggiore partito del centrosinistra e con l\u2019appeal necessario per costruire una compagine vincente. Possiamo ben dire che i risultati hanno arriso a questa scelta, consegnandoci la vittoria, l\u2019elezione del sindaco e di cinque consiglieri (che avrebbero potuto anche essere sette!), di cui ben tre assessori, al termine di una difficile competizione elettorale.<\/p>\n<div>\n<p style=\"text-align: justify;\">Sul piano squisitamente politico, per\u00f2, il duro confronto interno per la composizione della lista ha lasciato cicatrici che non si sono risanate; n\u00e9 la successiva gestione del partito e la linea tenuta dal segretario hanno in alcun modo portato ad una ricucitura o alla riduzione delle tensioni interne, anzi&#8230;<\/p>\n<p style=\"text-align: justify;\">Preso atto della impossibilit\u00e0 odierna di un sereno confronto, per evitare il protrarsi di diatribe e conflitti che nulla hanno a che fare con la sana dialettica politica e che nulla di buono possono produrre per la collettivit\u00e0, e ritenendo che il partito stia subendo una nuova involuzione, dovuta anche al doppio ruolo del segretario-assessore, (ruoli tra l\u2019altro incompatibili secondo quanto disposto dal comma d dell\u2019art. 21 dello statuto nazionale che recita testualmente:&nbsp;<i>\u201cLa carica di segretario di circolo o di segretario cittadino \u00e8 incompatibile con quella di sindaco o di assessore\u201d<\/i>), gi\u00e0 stigmatizzato da altri esponenti del partito, al quale occorre aggiungere la mancata discussione all\u2019interno del partito di importanti decisioni (come ad esempio il bilancio) che si ripercuotono pesantemente sulla vita della nostra comunit\u00e0, con apposita nota consegnata personalmente al segretario locale ed al segretario provinciale, l\u2019assessore Maria De Grandi, il capogruppo di \u201cRinascita\u201d Simeone Paparella, i componenti del direttivo Nicola Surico, Giovanni Barbone, Annamaria Colonna ed altri amici di area hanno comunicato il loro disimpegno dal locale Partito Democratico. La stessa nota \u00e8 stata anche trasmessa al segretario provinciale Ubaldo Pagano, che abbiamo successivamente incontrato e col quale abbiamo avuto un confronto sereno e decisamente pi\u00f9 politico, giacch\u00e9 si \u00e8 reso subito disponibile alla verifica di quanto accaduto e promotore di una eventuale mediazione nell\u2019interesse del Partito Democratico. Richiesta cui abbiamo dato la nostra disponibilit\u00e0 costruttiva, e di cui attendiamo gli sviluppi secondo i tempi richiesti dal segretario provinciale, anche in funzione delle imminenti primarie, e per questo abbiamo anche evitato comunicati stampa (al massimo ne avremmo fatto uno congiunto con la segreteria, come concordato con lo stesso Pignatale).<\/p>\n<p style=\"text-align: justify;\">Notiamo, per\u00f2, che chi scrive per il partito ha fretta di liquidare la vicenda: abbiamo letto una notizia apparsa sulla pagina facebook del Partito Democratico, dai toni certamente soft, che anche noi vorremmo conservare a lungo. Ci permettiamo di far notare due cose che a noi risultano difformi da quanto scritto e che \u00e8 bene i cittadini sappiano: la nostra nota, come dianzi detto, non \u00e8 stata inviata ma consegnata personalmente con un sereno confronto al sig. Pignatale (che forse non aspettava altro); quanto poi al sindaco di cui oggi si dicono orgogliosi, e questo ci fa piacere, ci permettiamo di rammentargli soltanto che loro volevano un altro candidato sindaco (che noi ritenevamo non potesse condurci alla vittoria), e se oggi Cassano ha Vito Lionetti sindaco lo si deve al coraggio che noi abbiamo avuto imponendo, s\u00ec, imponendo la sua candidatura. E questo lo diciamo non per prenderci meriti, ma per amore di verit\u00e0.<\/p>\n<p style=\"text-align: justify;\">In attesa degli sviluppi, augurando al circolo locale di ritrovare la sua bussola, il nostro gruppo proseguir\u00e0 il proprio cammino politico-amministrativo per garantire il mantenimento degli impegni assunti con la collettivit\u00e0 e per costruire progetti di crescita sociale ed economica, senza disperdere tempo ed energie in inutili faide e\/o demotivanti servilismi.<\/p>\n<p align=\"right\"><strong>Maria De Grandi, Simeone Paparella, Nicola Surico, Giovanni Barbone, Annamaria Colonna<\/strong><\/p>\n<\/div>\n<p>&nbsp;<\/p>\n","protected":false},"excerpt":{"rendered":"","protected":false},"author":1,"featured_media":5933,"comment_status":"open","ping_status":"closed","sticky":false,"template":"","format":"standard","meta":{"colormag_page_container_layout":"default_layout","colormag_page_sidebar_layout":"default_layout","footnotes":""},"categories":[4],"tags":[],"class_list":["post-9994","post","type-post","status-publish","format-standard","has-post-thumbnail","hentry","category-politica"],"yoast_head":"<!-- This site is optimized with the Yoast SEO plugin v27.4 - https:\/\/yoast.com\/product\/yoast-seo-wordpress\/ -->\n<title>I dissidenti del PD: &quot;ecco perch\u00e8 ce ne andiamo&quot; - Archivio CassanoWeb<\/title>\n<meta name=\"robots\" content=\"index, follow, max-snippet:-1, max-image-preview:large, max-video-preview:-1\" \/>\n<link rel=\"canonical\" href=\"https:\/\/archiviocassano.lavocedelpaese.info\/index.php\/2014\/11\/21\/i-dissidenti-del-pd-qecco-perche-ce-ne-andiamoq\/\" \/>\n<meta property=\"og:locale\" content=\"it_IT\" \/>\n<meta property=\"og:type\" content=\"article\" \/>\n<meta property=\"og:title\" content=\"I dissidenti del PD: &quot;ecco perch\u00e8 ce ne andiamo&quot; - Archivio CassanoWeb\" \/>\n<meta property=\"og:url\" content=\"https:\/\/archiviocassano.lavocedelpaese.info\/index.php\/2014\/11\/21\/i-dissidenti-del-pd-qecco-perche-ce-ne-andiamoq\/\" \/>\n<meta property=\"og:site_name\" content=\"Archivio CassanoWeb\" \/>\n<meta property=\"article:publisher\" content=\"https:\/\/www.facebook.com\/redazione.cassanoweb\" \/>\n<meta property=\"article:published_time\" content=\"2014-11-21T14:03:33+00:00\" \/>\n<meta property=\"og:image\" content=\"https:\/\/archiviocassano.lavocedelpaese.info\/wp-content\/uploads\/2012\/06\/logo_pd.jpg\" \/>\n\t<meta property=\"og:image:width\" content=\"410\" \/>\n\t<meta property=\"og:image:height\" content=\"200\" \/>\n\t<meta property=\"og:image:type\" content=\"image\/jpeg\" \/>\n<meta name=\"author\" content=\"admin\" \/>\n<meta name=\"twitter:card\" content=\"summary_large_image\" \/>\n<meta name=\"twitter:label1\" content=\"Scritto da\" \/>\n\t<meta name=\"twitter:data1\" content=\"admin\" \/>\n\t<meta name=\"twitter:label2\" content=\"Tempo di lettura stimato\" \/>\n\t<meta name=\"twitter:data2\" content=\"3 minuti\" \/>\n<script type=\"application\/ld+json\" class=\"yoast-schema-graph\">{\"@context\":\"https:\\\/\\\/schema.org\",\"@graph\":[{\"@type\":\"Article\",\"@id\":\"https:\\\/\\\/archiviocassano.lavocedelpaese.info\\\/index.php\\\/2014\\\/11\\\/21\\\/i-dissidenti-del-pd-qecco-perche-ce-ne-andiamoq\\\/#article\",\"isPartOf\":{\"@id\":\"https:\\\/\\\/archiviocassano.lavocedelpaese.info\\\/index.php\\\/2014\\\/11\\\/21\\\/i-dissidenti-del-pd-qecco-perche-ce-ne-andiamoq\\\/\"},\"author\":{\"name\":\"admin\",\"@id\":\"https:\\\/\\\/archiviocassano.lavocedelpaese.info\\\/#\\\/schema\\\/person\\\/df195bc79a9b4c35127cf005f92e041b\"},\"headline\":\"I dissidenti del PD: &#8220;ecco perch\u00e8 ce ne andiamo&#8221;\",\"datePublished\":\"2014-11-21T14:03:33+00:00\",\"mainEntityOfPage\":{\"@id\":\"https:\\\/\\\/archiviocassano.lavocedelpaese.info\\\/index.php\\\/2014\\\/11\\\/21\\\/i-dissidenti-del-pd-qecco-perche-ce-ne-andiamoq\\\/\"},\"wordCount\":669,\"commentCount\":0,\"publisher\":{\"@id\":\"https:\\\/\\\/archiviocassano.lavocedelpaese.info\\\/#organization\"},\"image\":{\"@id\":\"https:\\\/\\\/archiviocassano.lavocedelpaese.info\\\/index.php\\\/2014\\\/11\\\/21\\\/i-dissidenti-del-pd-qecco-perche-ce-ne-andiamoq\\\/#primaryimage\"},\"thumbnailUrl\":\"https:\\\/\\\/archiviocassano.lavocedelpaese.info\\\/wp-content\\\/uploads\\\/2012\\\/06\\\/logo_pd.jpg\",\"articleSection\":[\"Politica\"],\"inLanguage\":\"it-IT\",\"potentialAction\":[{\"@type\":\"CommentAction\",\"name\":\"Comment\",\"target\":[\"https:\\\/\\\/archiviocassano.lavocedelpaese.info\\\/index.php\\\/2014\\\/11\\\/21\\\/i-dissidenti-del-pd-qecco-perche-ce-ne-andiamoq\\\/#respond\"]}]},{\"@type\":\"WebPage\",\"@id\":\"https:\\\/\\\/archiviocassano.lavocedelpaese.info\\\/index.php\\\/2014\\\/11\\\/21\\\/i-dissidenti-del-pd-qecco-perche-ce-ne-andiamoq\\\/\",\"url\":\"https:\\\/\\\/archiviocassano.lavocedelpaese.info\\\/index.php\\\/2014\\\/11\\\/21\\\/i-dissidenti-del-pd-qecco-perche-ce-ne-andiamoq\\\/\",\"name\":\"I dissidenti del PD: \\\"ecco perch\u00e8 ce ne andiamo\\\" - Archivio CassanoWeb\",\"isPartOf\":{\"@id\":\"https:\\\/\\\/archiviocassano.lavocedelpaese.info\\\/#website\"},\"primaryImageOfPage\":{\"@id\":\"https:\\\/\\\/archiviocassano.lavocedelpaese.info\\\/index.php\\\/2014\\\/11\\\/21\\\/i-dissidenti-del-pd-qecco-perche-ce-ne-andiamoq\\\/#primaryimage\"},\"image\":{\"@id\":\"https:\\\/\\\/archiviocassano.lavocedelpaese.info\\\/index.php\\\/2014\\\/11\\\/21\\\/i-dissidenti-del-pd-qecco-perche-ce-ne-andiamoq\\\/#primaryimage\"},\"thumbnailUrl\":\"https:\\\/\\\/archiviocassano.lavocedelpaese.info\\\/wp-content\\\/uploads\\\/2012\\\/06\\\/logo_pd.jpg\",\"datePublished\":\"2014-11-21T14:03:33+00:00\",\"breadcrumb\":{\"@id\":\"https:\\\/\\\/archiviocassano.lavocedelpaese.info\\\/index.php\\\/2014\\\/11\\\/21\\\/i-dissidenti-del-pd-qecco-perche-ce-ne-andiamoq\\\/#breadcrumb\"},\"inLanguage\":\"it-IT\",\"potentialAction\":[{\"@type\":\"ReadAction\",\"target\":[\"https:\\\/\\\/archiviocassano.lavocedelpaese.info\\\/index.php\\\/2014\\\/11\\\/21\\\/i-dissidenti-del-pd-qecco-perche-ce-ne-andiamoq\\\/\"]}]},{\"@type\":\"ImageObject\",\"inLanguage\":\"it-IT\",\"@id\":\"https:\\\/\\\/archiviocassano.lavocedelpaese.info\\\/index.php\\\/2014\\\/11\\\/21\\\/i-dissidenti-del-pd-qecco-perche-ce-ne-andiamoq\\\/#primaryimage\",\"url\":\"https:\\\/\\\/archiviocassano.lavocedelpaese.info\\\/wp-content\\\/uploads\\\/2012\\\/06\\\/logo_pd.jpg\",\"contentUrl\":\"https:\\\/\\\/archiviocassano.lavocedelpaese.info\\\/wp-content\\\/uploads\\\/2012\\\/06\\\/logo_pd.jpg\",\"width\":410,\"height\":200,\"caption\":\"logo pd\"},{\"@type\":\"BreadcrumbList\",\"@id\":\"https:\\\/\\\/archiviocassano.lavocedelpaese.info\\\/index.php\\\/2014\\\/11\\\/21\\\/i-dissidenti-del-pd-qecco-perche-ce-ne-andiamoq\\\/#breadcrumb\",\"itemListElement\":[{\"@type\":\"ListItem\",\"position\":1,\"name\":\"Home\",\"item\":\"https:\\\/\\\/archiviocassano.lavocedelpaese.info\\\/\"},{\"@type\":\"ListItem\",\"position\":2,\"name\":\"I dissidenti del PD: &#8220;ecco perch\u00e8 ce ne andiamo&#8221;\"}]},{\"@type\":\"WebSite\",\"@id\":\"https:\\\/\\\/archiviocassano.lavocedelpaese.info\\\/#website\",\"url\":\"https:\\\/\\\/archiviocassano.lavocedelpaese.info\\\/\",\"name\":\"Archivio CassanoWeb\",\"description\":\"La Voce del Paese - un network di idee\",\"publisher\":{\"@id\":\"https:\\\/\\\/archiviocassano.lavocedelpaese.info\\\/#organization\"},\"potentialAction\":[{\"@type\":\"SearchAction\",\"target\":{\"@type\":\"EntryPoint\",\"urlTemplate\":\"https:\\\/\\\/archiviocassano.lavocedelpaese.info\\\/?s={search_term_string}\"},\"query-input\":{\"@type\":\"PropertyValueSpecification\",\"valueRequired\":true,\"valueName\":\"search_term_string\"}}],\"inLanguage\":\"it-IT\"},{\"@type\":\"Organization\",\"@id\":\"https:\\\/\\\/archiviocassano.lavocedelpaese.info\\\/#organization\",\"name\":\"Archivio CassanoWeb\",\"url\":\"https:\\\/\\\/archiviocassano.lavocedelpaese.info\\\/\",\"logo\":{\"@type\":\"ImageObject\",\"inLanguage\":\"it-IT\",\"@id\":\"https:\\\/\\\/archiviocassano.lavocedelpaese.info\\\/#\\\/schema\\\/logo\\\/image\\\/\",\"url\":\"https:\\\/\\\/archiviocassano.lavocedelpaese.info\\\/wp-content\\\/uploads\\\/2024\\\/08\\\/logo-rosso-2.png\",\"contentUrl\":\"https:\\\/\\\/archiviocassano.lavocedelpaese.info\\\/wp-content\\\/uploads\\\/2024\\\/08\\\/logo-rosso-2.png\",\"width\":491,\"height\":432,\"caption\":\"Archivio CassanoWeb\"},\"image\":{\"@id\":\"https:\\\/\\\/archiviocassano.lavocedelpaese.info\\\/#\\\/schema\\\/logo\\\/image\\\/\"},\"sameAs\":[\"https:\\\/\\\/www.facebook.com\\\/redazione.cassanoweb\"]},{\"@type\":\"Person\",\"@id\":\"https:\\\/\\\/archiviocassano.lavocedelpaese.info\\\/#\\\/schema\\\/person\\\/df195bc79a9b4c35127cf005f92e041b\",\"name\":\"admin\",\"image\":{\"@type\":\"ImageObject\",\"inLanguage\":\"it-IT\",\"@id\":\"https:\\\/\\\/secure.gravatar.com\\\/avatar\\\/eabba89a432e8eaa1b0207cc55f7e5340b22712b1ed80677efcf63e02ff5b235?s=96&d=mm&r=g\",\"url\":\"https:\\\/\\\/secure.gravatar.com\\\/avatar\\\/eabba89a432e8eaa1b0207cc55f7e5340b22712b1ed80677efcf63e02ff5b235?s=96&d=mm&r=g\",\"contentUrl\":\"https:\\\/\\\/secure.gravatar.com\\\/avatar\\\/eabba89a432e8eaa1b0207cc55f7e5340b22712b1ed80677efcf63e02ff5b235?s=96&d=mm&r=g\",\"caption\":\"admin\"},\"sameAs\":[\"https:\\\/\\\/archiviocassano.lavocedelpaese.info\"],\"url\":\"https:\\\/\\\/archiviocassano.lavocedelpaese.info\\\/index.php\\\/author\\\/admin_0qgz1xdp\\\/\"}]}<\/script>\n<!-- \/ Yoast SEO plugin. -->","yoast_head_json":{"title":"I dissidenti del PD: \"ecco perch\u00e8 ce ne andiamo\" - Archivio CassanoWeb","robots":{"index":"index","follow":"follow","max-snippet":"max-snippet:-1","max-image-preview":"max-image-preview:large","max-video-preview":"max-video-preview:-1"},"canonical":"https:\/\/archiviocassano.lavocedelpaese.info\/index.php\/2014\/11\/21\/i-dissidenti-del-pd-qecco-perche-ce-ne-andiamoq\/","og_locale":"it_IT","og_type":"article","og_title":"I dissidenti del PD: \"ecco perch\u00e8 ce ne andiamo\" - Archivio CassanoWeb","og_url":"https:\/\/archiviocassano.lavocedelpaese.info\/index.php\/2014\/11\/21\/i-dissidenti-del-pd-qecco-perche-ce-ne-andiamoq\/","og_site_name":"Archivio CassanoWeb","article_publisher":"https:\/\/www.facebook.com\/redazione.cassanoweb","article_published_time":"2014-11-21T14:03:33+00:00","og_image":[{"width":410,"height":200,"url":"https:\/\/archiviocassano.lavocedelpaese.info\/wp-content\/uploads\/2012\/06\/logo_pd.jpg","type":"image\/jpeg"}],"author":"admin","twitter_card":"summary_large_image","twitter_misc":{"Scritto da":"admin","Tempo di lettura stimato":"3 minuti"},"schema":{"@context":"https:\/\/schema.org","@graph":[{"@type":"Article","@id":"https:\/\/archiviocassano.lavocedelpaese.info\/index.php\/2014\/11\/21\/i-dissidenti-del-pd-qecco-perche-ce-ne-andiamoq\/#article","isPartOf":{"@id":"https:\/\/archiviocassano.lavocedelpaese.info\/index.php\/2014\/11\/21\/i-dissidenti-del-pd-qecco-perche-ce-ne-andiamoq\/"},"author":{"name":"admin","@id":"https:\/\/archiviocassano.lavocedelpaese.info\/#\/schema\/person\/df195bc79a9b4c35127cf005f92e041b"},"headline":"I dissidenti del PD: &#8220;ecco perch\u00e8 ce ne andiamo&#8221;","datePublished":"2014-11-21T14:03:33+00:00","mainEntityOfPage":{"@id":"https:\/\/archiviocassano.lavocedelpaese.info\/index.php\/2014\/11\/21\/i-dissidenti-del-pd-qecco-perche-ce-ne-andiamoq\/"},"wordCount":669,"commentCount":0,"publisher":{"@id":"https:\/\/archiviocassano.lavocedelpaese.info\/#organization"},"image":{"@id":"https:\/\/archiviocassano.lavocedelpaese.info\/index.php\/2014\/11\/21\/i-dissidenti-del-pd-qecco-perche-ce-ne-andiamoq\/#primaryimage"},"thumbnailUrl":"https:\/\/archiviocassano.lavocedelpaese.info\/wp-content\/uploads\/2012\/06\/logo_pd.jpg","articleSection":["Politica"],"inLanguage":"it-IT","potentialAction":[{"@type":"CommentAction","name":"Comment","target":["https:\/\/archiviocassano.lavocedelpaese.info\/index.php\/2014\/11\/21\/i-dissidenti-del-pd-qecco-perche-ce-ne-andiamoq\/#respond"]}]},{"@type":"WebPage","@id":"https:\/\/archiviocassano.lavocedelpaese.info\/index.php\/2014\/11\/21\/i-dissidenti-del-pd-qecco-perche-ce-ne-andiamoq\/","url":"https:\/\/archiviocassano.lavocedelpaese.info\/index.php\/2014\/11\/21\/i-dissidenti-del-pd-qecco-perche-ce-ne-andiamoq\/","name":"I dissidenti del PD: \"ecco perch\u00e8 ce ne andiamo\" - Archivio CassanoWeb","isPartOf":{"@id":"https:\/\/archiviocassano.lavocedelpaese.info\/#website"},"primaryImageOfPage":{"@id":"https:\/\/archiviocassano.lavocedelpaese.info\/index.php\/2014\/11\/21\/i-dissidenti-del-pd-qecco-perche-ce-ne-andiamoq\/#primaryimage"},"image":{"@id":"https:\/\/archiviocassano.lavocedelpaese.info\/index.php\/2014\/11\/21\/i-dissidenti-del-pd-qecco-perche-ce-ne-andiamoq\/#primaryimage"},"thumbnailUrl":"https:\/\/archiviocassano.lavocedelpaese.info\/wp-content\/uploads\/2012\/06\/logo_pd.jpg","datePublished":"2014-11-21T14:03:33+00:00","breadcrumb":{"@id":"https:\/\/archiviocassano.lavocedelpaese.info\/index.php\/2014\/11\/21\/i-dissidenti-del-pd-qecco-perche-ce-ne-andiamoq\/#breadcrumb"},"inLanguage":"it-IT","potentialAction":[{"@type":"ReadAction","target":["https:\/\/archiviocassano.lavocedelpaese.info\/index.php\/2014\/11\/21\/i-dissidenti-del-pd-qecco-perche-ce-ne-andiamoq\/"]}]},{"@type":"ImageObject","inLanguage":"it-IT","@id":"https:\/\/archiviocassano.lavocedelpaese.info\/index.php\/2014\/11\/21\/i-dissidenti-del-pd-qecco-perche-ce-ne-andiamoq\/#primaryimage","url":"https:\/\/archiviocassano.lavocedelpaese.info\/wp-content\/uploads\/2012\/06\/logo_pd.jpg","contentUrl":"https:\/\/archiviocassano.lavocedelpaese.info\/wp-content\/uploads\/2012\/06\/logo_pd.jpg","width":410,"height":200,"caption":"logo pd"},{"@type":"BreadcrumbList","@id":"https:\/\/archiviocassano.lavocedelpaese.info\/index.php\/2014\/11\/21\/i-dissidenti-del-pd-qecco-perche-ce-ne-andiamoq\/#breadcrumb","itemListElement":[{"@type":"ListItem","position":1,"name":"Home","item":"https:\/\/archiviocassano.lavocedelpaese.info\/"},{"@type":"ListItem","position":2,"name":"I dissidenti del PD: &#8220;ecco perch\u00e8 ce ne andiamo&#8221;"}]},{"@type":"WebSite","@id":"https:\/\/archiviocassano.lavocedelpaese.info\/#website","url":"https:\/\/archiviocassano.lavocedelpaese.info\/","name":"Archivio CassanoWeb","description":"La Voce del Paese - un network di idee","publisher":{"@id":"https:\/\/archiviocassano.lavocedelpaese.info\/#organization"},"potentialAction":[{"@type":"SearchAction","target":{"@type":"EntryPoint","urlTemplate":"https:\/\/archiviocassano.lavocedelpaese.info\/?s={search_term_string}"},"query-input":{"@type":"PropertyValueSpecification","valueRequired":true,"valueName":"search_term_string"}}],"inLanguage":"it-IT"},{"@type":"Organization","@id":"https:\/\/archiviocassano.lavocedelpaese.info\/#organization","name":"Archivio CassanoWeb","url":"https:\/\/archiviocassano.lavocedelpaese.info\/","logo":{"@type":"ImageObject","inLanguage":"it-IT","@id":"https:\/\/archiviocassano.lavocedelpaese.info\/#\/schema\/logo\/image\/","url":"https:\/\/archiviocassano.lavocedelpaese.info\/wp-content\/uploads\/2024\/08\/logo-rosso-2.png","contentUrl":"https:\/\/archiviocassano.lavocedelpaese.info\/wp-content\/uploads\/2024\/08\/logo-rosso-2.png","width":491,"height":432,"caption":"Archivio CassanoWeb"},"image":{"@id":"https:\/\/archiviocassano.lavocedelpaese.info\/#\/schema\/logo\/image\/"},"sameAs":["https:\/\/www.facebook.com\/redazione.cassanoweb"]},{"@type":"Person","@id":"https:\/\/archiviocassano.lavocedelpaese.info\/#\/schema\/person\/df195bc79a9b4c35127cf005f92e041b","name":"admin","image":{"@type":"ImageObject","inLanguage":"it-IT","@id":"https:\/\/secure.gravatar.com\/avatar\/eabba89a432e8eaa1b0207cc55f7e5340b22712b1ed80677efcf63e02ff5b235?s=96&d=mm&r=g","url":"https:\/\/secure.gravatar.com\/avatar\/eabba89a432e8eaa1b0207cc55f7e5340b22712b1ed80677efcf63e02ff5b235?s=96&d=mm&r=g","contentUrl":"https:\/\/secure.gravatar.com\/avatar\/eabba89a432e8eaa1b0207cc55f7e5340b22712b1ed80677efcf63e02ff5b235?s=96&d=mm&r=g","caption":"admin"},"sameAs":["https:\/\/archiviocassano.lavocedelpaese.info"],"url":"https:\/\/archiviocassano.lavocedelpaese.info\/index.php\/author\/admin_0qgz1xdp\/"}]}},"_links":{"self":[{"href":"https:\/\/archiviocassano.lavocedelpaese.info\/index.php\/wp-json\/wp\/v2\/posts\/9994","targetHints":{"allow":["GET"]}}],"collection":[{"href":"https:\/\/archiviocassano.lavocedelpaese.info\/index.php\/wp-json\/wp\/v2\/posts"}],"about":[{"href":"https:\/\/archiviocassano.lavocedelpaese.info\/index.php\/wp-json\/wp\/v2\/types\/post"}],"author":[{"embeddable":true,"href":"https:\/\/archiviocassano.lavocedelpaese.info\/index.php\/wp-json\/wp\/v2\/users\/1"}],"replies":[{"embeddable":true,"href":"https:\/\/archiviocassano.lavocedelpaese.info\/index.php\/wp-json\/wp\/v2\/comments?post=9994"}],"version-history":[{"count":0,"href":"https:\/\/archiviocassano.lavocedelpaese.info\/index.php\/wp-json\/wp\/v2\/posts\/9994\/revisions"}],"wp:featuredmedia":[{"embeddable":true,"href":"https:\/\/archiviocassano.lavocedelpaese.info\/index.php\/wp-json\/wp\/v2\/media\/5933"}],"wp:attachment":[{"href":"https:\/\/archiviocassano.lavocedelpaese.info\/index.php\/wp-json\/wp\/v2\/media?parent=9994"}],"wp:term":[{"taxonomy":"category","embeddable":true,"href":"https:\/\/archiviocassano.lavocedelpaese.info\/index.php\/wp-json\/wp\/v2\/categories?post=9994"},{"taxonomy":"post_tag","embeddable":true,"href":"https:\/\/archiviocassano.lavocedelpaese.info\/index.php\/wp-json\/wp\/v2\/tags?post=9994"}],"curies":[{"name":"wp","href":"https:\/\/api.w.org\/{rel}","templated":true}]}}